{"id":44862,"date":"2023-01-24T19:06:35","date_gmt":"2023-01-25T00:06:35","guid":{"rendered":"https:\/\/luchonoticias.com\/?p=44862"},"modified":"2023-01-24T19:06:36","modified_gmt":"2023-01-25T00:06:36","slug":"se-nos-fue-una-guerrera-fallecio-paula-duran","status":"publish","type":"post","link":"https:\/\/luchonoticias.com\/editor\/se-nos-fue-una-guerrera-fallecio-paula-duran\/","title":{"rendered":"\u00a1Se nos fue una guerrera!, falleci\u00f3 Paula Duran"},"content":{"rendered":"\n<p>Paula Dur\u00e1n, la huilense que conmovi\u00f3 al mundo con su historia, falleci\u00f3 en la tarde de este martes 24 de enero, as\u00ed lo confirmaron el Diario El Universal, que inform\u00f3 que la mujer hab\u00eda disminuido sus funciones vitales en las \u00faltimas 24 horas.<\/p>\n\n\n\n<p>\u201cTodos los d\u00edas rezamos el Santo Rosario, yo dar\u00eda mi vida por ella, para que viera crecer a nuestro peque\u00f1o Juan Jos\u00e9, pero el destino fue otro\u201d, sostuvo Sergio Vega poco antes de la muerte de su esposa al medio internacional.<\/p>\n\n\n\n<p>De momento, se sabe que su cuerpo ser\u00e1 cremado y sus restos trasladados hasta su natal departamento del Huila.<\/p>\n\n\n\n<p>\u201cSolo respiraba paulatinamente, no respond\u00eda a est\u00edmulos. Sus padres y esposo le hablaban al o\u00eddo\u201d, concluy\u00f3 un familiar.<\/p>\n","protected":false},"excerpt":{"rendered":"<p>Paula Dur\u00e1n, la huilense que conmovi\u00f3 al mundo con su historia, falleci\u00f3 en la tarde de este martes 24 de enero, as\u00ed lo confirmaron el Diario El Universal, que inform\u00f3 que la mujer hab\u00eda disminuido sus funciones vitales en las \u00faltimas 24 horas. \u201cTodos los d\u00edas rezamos el Santo Rosario, yo dar\u00eda mi vida por [&hellip;]<\/p>\n","protected":false},"author":2,"featured_media":0,"comment_status":"open","ping_status":"open","sticky":false,"template":"","format":"standard","meta":{"footnotes":""},"categories":[28,36],"tags":[],"class_list":["post-44862","post","type-post","status-publish","format-standard","hentry","category-actualidad","category-destacado"],"yoast_head":"<!-- This site is optimized with the Yoast SEO plugin v26.6 - https:\/\/yoast.com\/wordpress\/plugins\/seo\/ -->\n<title>\u00a1Se nos fue una guerrera!, falleci\u00f3 Paula Duran -<\/title>\n<meta name=\"robots\" content=\"index, follow, max-snippet:-1, max-image-preview:large, max-video-preview:-1\" \/>\n<link rel=\"canonical\" href=\"https:\/\/luchonoticias.com\/editor\/se-nos-fue-una-guerrera-fallecio-paula-duran\/\" \/>\n<meta property=\"og:locale\" content=\"es_ES\" \/>\n<meta property=\"og:type\" content=\"article\" \/>\n<meta property=\"og:title\" content=\"\u00a1Se nos fue una guerrera!, falleci\u00f3 Paula Duran -\" \/>\n<meta property=\"og:url\" content=\"https:\/\/luchonoticias.com\/editor\/se-nos-fue-una-guerrera-fallecio-paula-duran\/\" \/>\n<meta property=\"article:publisher\" content=\"https:\/\/www.facebook.com\/luchonoticiasneiva\" \/>\n<meta property=\"article:published_time\" content=\"2023-01-25T00:06:35+00:00\" \/>\n<meta property=\"article:modified_time\" content=\"2023-01-25T00:06:36+00:00\" \/>\n<meta name=\"author\" content=\"Editor General\" \/>\n<meta name=\"twitter:card\" content=\"summary_large_image\" \/>\n<meta name=\"twitter:label1\" content=\"Escrito por\" \/>\n\t<meta name=\"twitter:data1\" content=\"Editor General\" \/>\n\t<meta name=\"twitter:label2\" content=\"Tiempo de lectura\" \/>\n\t<meta name=\"twitter:data2\" content=\"1 minuto\" \/>\n<script type=\"application\/ld+json\" class=\"yoast-schema-graph\">{\"@context\":\"https:\/\/schema.org\",\"@graph\":[{\"@type\":\"Article\",\"@id\":\"https:\/\/luchonoticias.com\/editor\/se-nos-fue-una-guerrera-fallecio-paula-duran\/#article\",\"isPartOf\":{\"@id\":\"https:\/\/luchonoticias.com\/editor\/se-nos-fue-una-guerrera-fallecio-paula-duran\/\"},\"author\":{\"name\":\"Editor General\",\"@id\":\"https:\/\/luchonoticias.com\/editor\/#\/schema\/person\/29217990ddf6f14e35912b2866d591fb\"},\"headline\":\"\u00a1Se nos fue una guerrera!, falleci\u00f3 Paula Duran\",\"datePublished\":\"2023-01-25T00:06:35+00:00\",\"dateModified\":\"2023-01-25T00:06:36+00:00\",\"mainEntityOfPage\":{\"@id\":\"https:\/\/luchonoticias.com\/editor\/se-nos-fue-una-guerrera-fallecio-paula-duran\/\"},\"wordCount\":135,\"commentCount\":0,\"publisher\":{\"@id\":\"https:\/\/luchonoticias.com\/editor\/#\/schema\/person\/7a7fd911f58561fd056dbac7b55af9cd\"},\"articleSection\":[\"Actualidad\",\"Destacado\"],\"inLanguage\":\"es\",\"potentialAction\":[{\"@type\":\"CommentAction\",\"name\":\"Comment\",\"target\":[\"https:\/\/luchonoticias.com\/editor\/se-nos-fue-una-guerrera-fallecio-paula-duran\/#respond\"]}]},{\"@type\":\"WebPage\",\"@id\":\"https:\/\/luchonoticias.com\/editor\/se-nos-fue-una-guerrera-fallecio-paula-duran\/\",\"url\":\"https:\/\/luchonoticias.com\/editor\/se-nos-fue-una-guerrera-fallecio-paula-duran\/\",\"name\":\"\u00a1Se nos fue una guerrera!, falleci\u00f3 Paula Duran -\",\"isPartOf\":{\"@id\":\"https:\/\/luchonoticias.com\/editor\/#website\"},\"datePublished\":\"2023-01-25T00:06:35+00:00\",\"dateModified\":\"2023-01-25T00:06:36+00:00\",\"breadcrumb\":{\"@id\":\"https:\/\/luchonoticias.com\/editor\/se-nos-fue-una-guerrera-fallecio-paula-duran\/#breadcrumb\"},\"inLanguage\":\"es\",\"potentialAction\":[{\"@type\":\"ReadAction\",\"target\":[\"https:\/\/luchonoticias.com\/editor\/se-nos-fue-una-guerrera-fallecio-paula-duran\/\"]}]},{\"@type\":\"BreadcrumbList\",\"@id\":\"https:\/\/luchonoticias.com\/editor\/se-nos-fue-una-guerrera-fallecio-paula-duran\/#breadcrumb\",\"itemListElement\":[{\"@type\":\"ListItem\",\"position\":1,\"name\":\"Portada\",\"item\":\"https:\/\/luchonoticias.com\/editor\/\"},{\"@type\":\"ListItem\",\"position\":2,\"name\":\"\u00a1Se nos fue una guerrera!, falleci\u00f3 Paula Duran\"}]},{\"@type\":\"WebSite\",\"@id\":\"https:\/\/luchonoticias.com\/editor\/#website\",\"url\":\"https:\/\/luchonoticias.com\/editor\/\",\"name\":\"\",\"description\":\"\",\"publisher\":{\"@id\":\"https:\/\/luchonoticias.com\/editor\/#\/schema\/person\/7a7fd911f58561fd056dbac7b55af9cd\"},\"potentialAction\":[{\"@type\":\"SearchAction\",\"target\":{\"@type\":\"EntryPoint\",\"urlTemplate\":\"https:\/\/luchonoticias.com\/editor\/?s={search_term_string}\"},\"query-input\":{\"@type\":\"PropertyValueSpecification\",\"valueRequired\":true,\"valueName\":\"search_term_string\"}}],\"inLanguage\":\"es\"},{\"@type\":[\"Person\",\"Organization\"],\"@id\":\"https:\/\/luchonoticias.com\/editor\/#\/schema\/person\/7a7fd911f58561fd056dbac7b55af9cd\",\"name\":\"admin\",\"image\":{\"@type\":\"ImageObject\",\"inLanguage\":\"es\",\"@id\":\"https:\/\/luchonoticias.com\/editor\/#\/schema\/person\/image\/\",\"url\":\"https:\/\/luchonoticias.com\/editor\/wp-content\/uploads\/2024\/02\/cropped-cropped-logolu.webp\",\"contentUrl\":\"https:\/\/luchonoticias.com\/editor\/wp-content\/uploads\/2024\/02\/cropped-cropped-logolu.webp\",\"width\":382,\"height\":170,\"caption\":\"admin\"},\"logo\":{\"@id\":\"https:\/\/luchonoticias.com\/editor\/#\/schema\/person\/image\/\"},\"sameAs\":[\"https:\/\/www.facebook.com\/luchonoticiasneiva\"]},{\"@type\":\"Person\",\"@id\":\"https:\/\/luchonoticias.com\/editor\/#\/schema\/person\/29217990ddf6f14e35912b2866d591fb\",\"name\":\"Editor General\",\"image\":{\"@type\":\"ImageObject\",\"inLanguage\":\"es\",\"@id\":\"https:\/\/luchonoticias.com\/editor\/#\/schema\/person\/image\/\",\"url\":\"https:\/\/luchonoticias.com\/editor\/wp-content\/uploads\/2024\/02\/cropped-cropped-logolu-150x150.webp\",\"contentUrl\":\"https:\/\/luchonoticias.com\/editor\/wp-content\/uploads\/2024\/02\/cropped-cropped-logolu-150x150.webp\",\"caption\":\"Editor General\"},\"sameAs\":[\"https:\/\/luchonoticias.com\/\"],\"url\":\"https:\/\/luchonoticias.com\/editor\/author\/editor-general\/\"}]}<\/script>\n<!-- \/ Yoast SEO plugin. -->","yoast_head_json":{"title":"\u00a1Se nos fue una guerrera!, falleci\u00f3 Paula Duran -","robots":{"index":"index","follow":"follow","max-snippet":"max-snippet:-1","max-image-preview":"max-image-preview:large","max-video-preview":"max-video-preview:-1"},"canonical":"https:\/\/luchonoticias.com\/editor\/se-nos-fue-una-guerrera-fallecio-paula-duran\/","og_locale":"es_ES","og_type":"article","og_title":"\u00a1Se nos fue una guerrera!, falleci\u00f3 Paula Duran -","og_url":"https:\/\/luchonoticias.com\/editor\/se-nos-fue-una-guerrera-fallecio-paula-duran\/","article_publisher":"https:\/\/www.facebook.com\/luchonoticiasneiva","article_published_time":"2023-01-25T00:06:35+00:00","article_modified_time":"2023-01-25T00:06:36+00:00","author":"Editor General","twitter_card":"summary_large_image","twitter_misc":{"Escrito por":"Editor General","Tiempo de lectura":"1 minuto"},"schema":{"@context":"https:\/\/schema.org","@graph":[{"@type":"Article","@id":"https:\/\/luchonoticias.com\/editor\/se-nos-fue-una-guerrera-fallecio-paula-duran\/#article","isPartOf":{"@id":"https:\/\/luchonoticias.com\/editor\/se-nos-fue-una-guerrera-fallecio-paula-duran\/"},"author":{"name":"Editor General","@id":"https:\/\/luchonoticias.com\/editor\/#\/schema\/person\/29217990ddf6f14e35912b2866d591fb"},"headline":"\u00a1Se nos fue una guerrera!, falleci\u00f3 Paula Duran","datePublished":"2023-01-25T00:06:35+00:00","dateModified":"2023-01-25T00:06:36+00:00","mainEntityOfPage":{"@id":"https:\/\/luchonoticias.com\/editor\/se-nos-fue-una-guerrera-fallecio-paula-duran\/"},"wordCount":135,"commentCount":0,"publisher":{"@id":"https:\/\/luchonoticias.com\/editor\/#\/schema\/person\/7a7fd911f58561fd056dbac7b55af9cd"},"articleSection":["Actualidad","Destacado"],"inLanguage":"es","potentialAction":[{"@type":"CommentAction","name":"Comment","target":["https:\/\/luchonoticias.com\/editor\/se-nos-fue-una-guerrera-fallecio-paula-duran\/#respond"]}]},{"@type":"WebPage","@id":"https:\/\/luchonoticias.com\/editor\/se-nos-fue-una-guerrera-fallecio-paula-duran\/","url":"https:\/\/luchonoticias.com\/editor\/se-nos-fue-una-guerrera-fallecio-paula-duran\/","name":"\u00a1Se nos fue una guerrera!, falleci\u00f3 Paula Duran -","isPartOf":{"@id":"https:\/\/luchonoticias.com\/editor\/#website"},"datePublished":"2023-01-25T00:06:35+00:00","dateModified":"2023-01-25T00:06:36+00:00","breadcrumb":{"@id":"https:\/\/luchonoticias.com\/editor\/se-nos-fue-una-guerrera-fallecio-paula-duran\/#breadcrumb"},"inLanguage":"es","potentialAction":[{"@type":"ReadAction","target":["https:\/\/luchonoticias.com\/editor\/se-nos-fue-una-guerrera-fallecio-paula-duran\/"]}]},{"@type":"BreadcrumbList","@id":"https:\/\/luchonoticias.com\/editor\/se-nos-fue-una-guerrera-fallecio-paula-duran\/#breadcrumb","itemListElement":[{"@type":"ListItem","position":1,"name":"Portada","item":"https:\/\/luchonoticias.com\/editor\/"},{"@type":"ListItem","position":2,"name":"\u00a1Se nos fue una guerrera!, falleci\u00f3 Paula Duran"}]},{"@type":"WebSite","@id":"https:\/\/luchonoticias.com\/editor\/#website","url":"https:\/\/luchonoticias.com\/editor\/","name":"","description":"","publisher":{"@id":"https:\/\/luchonoticias.com\/editor\/#\/schema\/person\/7a7fd911f58561fd056dbac7b55af9cd"},"potentialAction":[{"@type":"SearchAction","target":{"@type":"EntryPoint","urlTemplate":"https:\/\/luchonoticias.com\/editor\/?s={search_term_string}"},"query-input":{"@type":"PropertyValueSpecification","valueRequired":true,"valueName":"search_term_string"}}],"inLanguage":"es"},{"@type":["Person","Organization"],"@id":"https:\/\/luchonoticias.com\/editor\/#\/schema\/person\/7a7fd911f58561fd056dbac7b55af9cd","name":"admin","image":{"@type":"ImageObject","inLanguage":"es","@id":"https:\/\/luchonoticias.com\/editor\/#\/schema\/person\/image\/","url":"https:\/\/luchonoticias.com\/editor\/wp-content\/uploads\/2024\/02\/cropped-cropped-logolu.webp","contentUrl":"https:\/\/luchonoticias.com\/editor\/wp-content\/uploads\/2024\/02\/cropped-cropped-logolu.webp","width":382,"height":170,"caption":"admin"},"logo":{"@id":"https:\/\/luchonoticias.com\/editor\/#\/schema\/person\/image\/"},"sameAs":["https:\/\/www.facebook.com\/luchonoticiasneiva"]},{"@type":"Person","@id":"https:\/\/luchonoticias.com\/editor\/#\/schema\/person\/29217990ddf6f14e35912b2866d591fb","name":"Editor General","image":{"@type":"ImageObject","inLanguage":"es","@id":"https:\/\/luchonoticias.com\/editor\/#\/schema\/person\/image\/","url":"https:\/\/luchonoticias.com\/editor\/wp-content\/uploads\/2024\/02\/cropped-cropped-logolu-150x150.webp","contentUrl":"https:\/\/luchonoticias.com\/editor\/wp-content\/uploads\/2024\/02\/cropped-cropped-logolu-150x150.webp","caption":"Editor General"},"sameAs":["https:\/\/luchonoticias.com\/"],"url":"https:\/\/luchonoticias.com\/editor\/author\/editor-general\/"}]}},"_links":{"self":[{"href":"https:\/\/luchonoticias.com\/editor\/wp-json\/wp\/v2\/posts\/44862","targetHints":{"allow":["GET"]}}],"collection":[{"href":"https:\/\/luchonoticias.com\/editor\/wp-json\/wp\/v2\/posts"}],"about":[{"href":"https:\/\/luchonoticias.com\/editor\/wp-json\/wp\/v2\/types\/post"}],"author":[{"embeddable":true,"href":"https:\/\/luchonoticias.com\/editor\/wp-json\/wp\/v2\/users\/2"}],"replies":[{"embeddable":true,"href":"https:\/\/luchonoticias.com\/editor\/wp-json\/wp\/v2\/comments?post=44862"}],"version-history":[{"count":0,"href":"https:\/\/luchonoticias.com\/editor\/wp-json\/wp\/v2\/posts\/44862\/revisions"}],"wp:attachment":[{"href":"https:\/\/luchonoticias.com\/editor\/wp-json\/wp\/v2\/media?parent=44862"}],"wp:term":[{"taxonomy":"category","embeddable":true,"href":"https:\/\/luchonoticias.com\/editor\/wp-json\/wp\/v2\/categories?post=44862"},{"taxonomy":"post_tag","embeddable":true,"href":"https:\/\/luchonoticias.com\/editor\/wp-json\/wp\/v2\/tags?post=44862"}],"curies":[{"name":"wp","href":"https:\/\/api.w.org\/{rel}","templated":true}]}}