{"id":44868,"date":"2023-01-25T04:59:17","date_gmt":"2023-01-25T09:59:17","guid":{"rendered":"https:\/\/luchonoticias.com\/?p=44868"},"modified":"2023-01-25T04:59:17","modified_gmt":"2023-01-25T09:59:17","slug":"vuelven-las-acciones-de-la-primera-division-para-el-atletico-huila","status":"publish","type":"post","link":"https:\/\/luchonoticias.com\/editor\/vuelven-las-acciones-de-la-primera-division-para-el-atletico-huila\/","title":{"rendered":"Vuelven las acciones de la Primera Divisi\u00f3n para el Atl\u00e9tico Huila"},"content":{"rendered":"\n<p>Hoy en horas de la tarde el&nbsp;<strong>Atl\u00e9tico Huila retorna a la Primera Divisi\u00f3n<\/strong>&nbsp;del f\u00fatbol colombiano, visitando en Santa Marta al&nbsp;<strong>Uni\u00f3n Magdalena<\/strong>.<\/p>\n\n\n\n<p>El conjunto dirigido por N\u00e9stor Craviotto\u00a0<strong>tendr\u00e1 su primera gran prueba<\/strong>\u00a0luego de poco m\u00e1s de medio mes de pretemporada, con la llegada de ocho jugadores incluidos, si bien no est\u00e1 confirmada la titularidad, se ha conocido de que para este juego\u00a0<strong>se echar\u00e1 mano de la n\u00f3mina base<\/strong>\u00a0con la que se logr\u00f3 el ascenso.<\/p>\n\n\n\n<p>\u00abSiempre es dif\u00edcil en una cancha complicada, el clima no nos deber\u00eda afectar\u2026ellos querr\u00e1n comenzar ganando, nosotros tambi\u00e9n\u2026<strong>hay que ser inteligentes, manejar los tiempos,<\/strong>&nbsp;sabemos que (Ricardo) M\u00e1rquez anda lesionado y que es un jugador importante, que se fue Hinojoza, por lo que estamos pendientes de c\u00f3mo lo suplantan\u00bb, se\u00f1al\u00f3 el entrenador.<\/p>\n","protected":false},"excerpt":{"rendered":"<p>Hoy en horas de la tarde el&nbsp;Atl\u00e9tico Huila retorna a la Primera Divisi\u00f3n&nbsp;del f\u00fatbol colombiano, visitando en Santa Marta al&nbsp;Uni\u00f3n Magdalena. El conjunto dirigido por N\u00e9stor Craviotto\u00a0tendr\u00e1 su primera gran prueba\u00a0luego de poco m\u00e1s de medio mes de pretemporada, con la llegada de ocho jugadores incluidos, si bien no est\u00e1 confirmada la titularidad, se ha [&hellip;]<\/p>\n","protected":false},"author":2,"featured_media":0,"comment_status":"open","ping_status":"open","sticky":false,"template":"","format":"standard","meta":{"footnotes":""},"categories":[34],"tags":[],"class_list":["post-44868","post","type-post","status-publish","format-standard","hentry","category-deportes"],"yoast_head":"<!-- This site is optimized with the Yoast SEO plugin v26.6 - https:\/\/yoast.com\/wordpress\/plugins\/seo\/ -->\n<title>Vuelven las acciones de la Primera Divisi\u00f3n para el Atl\u00e9tico Huila -<\/title>\n<meta name=\"robots\" content=\"index, follow, max-snippet:-1, max-image-preview:large, max-video-preview:-1\" \/>\n<link rel=\"canonical\" href=\"https:\/\/luchonoticias.com\/editor\/vuelven-las-acciones-de-la-primera-division-para-el-atletico-huila\/\" \/>\n<meta property=\"og:locale\" content=\"es_ES\" \/>\n<meta property=\"og:type\" content=\"article\" \/>\n<meta property=\"og:title\" content=\"Vuelven las acciones de la Primera Divisi\u00f3n para el Atl\u00e9tico Huila -\" \/>\n<meta property=\"og:url\" content=\"https:\/\/luchonoticias.com\/editor\/vuelven-las-acciones-de-la-primera-division-para-el-atletico-huila\/\" \/>\n<meta property=\"article:publisher\" content=\"https:\/\/www.facebook.com\/luchonoticiasneiva\" \/>\n<meta property=\"article:published_time\" content=\"2023-01-25T09:59:17+00:00\" \/>\n<meta name=\"author\" content=\"Editor General\" \/>\n<meta name=\"twitter:card\" content=\"summary_large_image\" \/>\n<meta name=\"twitter:label1\" content=\"Escrito por\" \/>\n\t<meta name=\"twitter:data1\" content=\"Editor General\" \/>\n\t<meta name=\"twitter:label2\" content=\"Tiempo de lectura\" \/>\n\t<meta name=\"twitter:data2\" content=\"1 minuto\" \/>\n<script type=\"application\/ld+json\" class=\"yoast-schema-graph\">{\"@context\":\"https:\/\/schema.org\",\"@graph\":[{\"@type\":\"Article\",\"@id\":\"https:\/\/luchonoticias.com\/editor\/vuelven-las-acciones-de-la-primera-division-para-el-atletico-huila\/#article\",\"isPartOf\":{\"@id\":\"https:\/\/luchonoticias.com\/editor\/vuelven-las-acciones-de-la-primera-division-para-el-atletico-huila\/\"},\"author\":{\"name\":\"Editor General\",\"@id\":\"https:\/\/luchonoticias.com\/editor\/#\/schema\/person\/29217990ddf6f14e35912b2866d591fb\"},\"headline\":\"Vuelven las acciones de la Primera Divisi\u00f3n para el Atl\u00e9tico Huila\",\"datePublished\":\"2023-01-25T09:59:17+00:00\",\"mainEntityOfPage\":{\"@id\":\"https:\/\/luchonoticias.com\/editor\/vuelven-las-acciones-de-la-primera-division-para-el-atletico-huila\/\"},\"wordCount\":165,\"commentCount\":0,\"publisher\":{\"@id\":\"https:\/\/luchonoticias.com\/editor\/#\/schema\/person\/7a7fd911f58561fd056dbac7b55af9cd\"},\"articleSection\":[\"Deportes\"],\"inLanguage\":\"es\",\"potentialAction\":[{\"@type\":\"CommentAction\",\"name\":\"Comment\",\"target\":[\"https:\/\/luchonoticias.com\/editor\/vuelven-las-acciones-de-la-primera-division-para-el-atletico-huila\/#respond\"]}]},{\"@type\":\"WebPage\",\"@id\":\"https:\/\/luchonoticias.com\/editor\/vuelven-las-acciones-de-la-primera-division-para-el-atletico-huila\/\",\"url\":\"https:\/\/luchonoticias.com\/editor\/vuelven-las-acciones-de-la-primera-division-para-el-atletico-huila\/\",\"name\":\"Vuelven las acciones de la Primera Divisi\u00f3n para el Atl\u00e9tico Huila -\",\"isPartOf\":{\"@id\":\"https:\/\/luchonoticias.com\/editor\/#website\"},\"datePublished\":\"2023-01-25T09:59:17+00:00\",\"breadcrumb\":{\"@id\":\"https:\/\/luchonoticias.com\/editor\/vuelven-las-acciones-de-la-primera-division-para-el-atletico-huila\/#breadcrumb\"},\"inLanguage\":\"es\",\"potentialAction\":[{\"@type\":\"ReadAction\",\"target\":[\"https:\/\/luchonoticias.com\/editor\/vuelven-las-acciones-de-la-primera-division-para-el-atletico-huila\/\"]}]},{\"@type\":\"BreadcrumbList\",\"@id\":\"https:\/\/luchonoticias.com\/editor\/vuelven-las-acciones-de-la-primera-division-para-el-atletico-huila\/#breadcrumb\",\"itemListElement\":[{\"@type\":\"ListItem\",\"position\":1,\"name\":\"Portada\",\"item\":\"https:\/\/luchonoticias.com\/editor\/\"},{\"@type\":\"ListItem\",\"position\":2,\"name\":\"Vuelven las acciones de la Primera Divisi\u00f3n para el Atl\u00e9tico Huila\"}]},{\"@type\":\"WebSite\",\"@id\":\"https:\/\/luchonoticias.com\/editor\/#website\",\"url\":\"https:\/\/luchonoticias.com\/editor\/\",\"name\":\"\",\"description\":\"\",\"publisher\":{\"@id\":\"https:\/\/luchonoticias.com\/editor\/#\/schema\/person\/7a7fd911f58561fd056dbac7b55af9cd\"},\"potentialAction\":[{\"@type\":\"SearchAction\",\"target\":{\"@type\":\"EntryPoint\",\"urlTemplate\":\"https:\/\/luchonoticias.com\/editor\/?s={search_term_string}\"},\"query-input\":{\"@type\":\"PropertyValueSpecification\",\"valueRequired\":true,\"valueName\":\"search_term_string\"}}],\"inLanguage\":\"es\"},{\"@type\":[\"Person\",\"Organization\"],\"@id\":\"https:\/\/luchonoticias.com\/editor\/#\/schema\/person\/7a7fd911f58561fd056dbac7b55af9cd\",\"name\":\"admin\",\"image\":{\"@type\":\"ImageObject\",\"inLanguage\":\"es\",\"@id\":\"https:\/\/luchonoticias.com\/editor\/#\/schema\/person\/image\/\",\"url\":\"https:\/\/luchonoticias.com\/editor\/wp-content\/uploads\/2024\/02\/cropped-cropped-logolu.webp\",\"contentUrl\":\"https:\/\/luchonoticias.com\/editor\/wp-content\/uploads\/2024\/02\/cropped-cropped-logolu.webp\",\"width\":382,\"height\":170,\"caption\":\"admin\"},\"logo\":{\"@id\":\"https:\/\/luchonoticias.com\/editor\/#\/schema\/person\/image\/\"},\"sameAs\":[\"https:\/\/www.facebook.com\/luchonoticiasneiva\"]},{\"@type\":\"Person\",\"@id\":\"https:\/\/luchonoticias.com\/editor\/#\/schema\/person\/29217990ddf6f14e35912b2866d591fb\",\"name\":\"Editor General\",\"image\":{\"@type\":\"ImageObject\",\"inLanguage\":\"es\",\"@id\":\"https:\/\/luchonoticias.com\/editor\/#\/schema\/person\/image\/\",\"url\":\"https:\/\/luchonoticias.com\/editor\/wp-content\/uploads\/2024\/02\/cropped-cropped-logolu-150x150.webp\",\"contentUrl\":\"https:\/\/luchonoticias.com\/editor\/wp-content\/uploads\/2024\/02\/cropped-cropped-logolu-150x150.webp\",\"caption\":\"Editor General\"},\"sameAs\":[\"https:\/\/luchonoticias.com\/\"],\"url\":\"https:\/\/luchonoticias.com\/editor\/author\/editor-general\/\"}]}<\/script>\n<!-- \/ Yoast SEO plugin. -->","yoast_head_json":{"title":"Vuelven las acciones de la Primera Divisi\u00f3n para el Atl\u00e9tico Huila -","robots":{"index":"index","follow":"follow","max-snippet":"max-snippet:-1","max-image-preview":"max-image-preview:large","max-video-preview":"max-video-preview:-1"},"canonical":"https:\/\/luchonoticias.com\/editor\/vuelven-las-acciones-de-la-primera-division-para-el-atletico-huila\/","og_locale":"es_ES","og_type":"article","og_title":"Vuelven las acciones de la Primera Divisi\u00f3n para el Atl\u00e9tico Huila -","og_url":"https:\/\/luchonoticias.com\/editor\/vuelven-las-acciones-de-la-primera-division-para-el-atletico-huila\/","article_publisher":"https:\/\/www.facebook.com\/luchonoticiasneiva","article_published_time":"2023-01-25T09:59:17+00:00","author":"Editor General","twitter_card":"summary_large_image","twitter_misc":{"Escrito por":"Editor General","Tiempo de lectura":"1 minuto"},"schema":{"@context":"https:\/\/schema.org","@graph":[{"@type":"Article","@id":"https:\/\/luchonoticias.com\/editor\/vuelven-las-acciones-de-la-primera-division-para-el-atletico-huila\/#article","isPartOf":{"@id":"https:\/\/luchonoticias.com\/editor\/vuelven-las-acciones-de-la-primera-division-para-el-atletico-huila\/"},"author":{"name":"Editor General","@id":"https:\/\/luchonoticias.com\/editor\/#\/schema\/person\/29217990ddf6f14e35912b2866d591fb"},"headline":"Vuelven las acciones de la Primera Divisi\u00f3n para el Atl\u00e9tico Huila","datePublished":"2023-01-25T09:59:17+00:00","mainEntityOfPage":{"@id":"https:\/\/luchonoticias.com\/editor\/vuelven-las-acciones-de-la-primera-division-para-el-atletico-huila\/"},"wordCount":165,"commentCount":0,"publisher":{"@id":"https:\/\/luchonoticias.com\/editor\/#\/schema\/person\/7a7fd911f58561fd056dbac7b55af9cd"},"articleSection":["Deportes"],"inLanguage":"es","potentialAction":[{"@type":"CommentAction","name":"Comment","target":["https:\/\/luchonoticias.com\/editor\/vuelven-las-acciones-de-la-primera-division-para-el-atletico-huila\/#respond"]}]},{"@type":"WebPage","@id":"https:\/\/luchonoticias.com\/editor\/vuelven-las-acciones-de-la-primera-division-para-el-atletico-huila\/","url":"https:\/\/luchonoticias.com\/editor\/vuelven-las-acciones-de-la-primera-division-para-el-atletico-huila\/","name":"Vuelven las acciones de la Primera Divisi\u00f3n para el Atl\u00e9tico Huila -","isPartOf":{"@id":"https:\/\/luchonoticias.com\/editor\/#website"},"datePublished":"2023-01-25T09:59:17+00:00","breadcrumb":{"@id":"https:\/\/luchonoticias.com\/editor\/vuelven-las-acciones-de-la-primera-division-para-el-atletico-huila\/#breadcrumb"},"inLanguage":"es","potentialAction":[{"@type":"ReadAction","target":["https:\/\/luchonoticias.com\/editor\/vuelven-las-acciones-de-la-primera-division-para-el-atletico-huila\/"]}]},{"@type":"BreadcrumbList","@id":"https:\/\/luchonoticias.com\/editor\/vuelven-las-acciones-de-la-primera-division-para-el-atletico-huila\/#breadcrumb","itemListElement":[{"@type":"ListItem","position":1,"name":"Portada","item":"https:\/\/luchonoticias.com\/editor\/"},{"@type":"ListItem","position":2,"name":"Vuelven las acciones de la Primera Divisi\u00f3n para el Atl\u00e9tico Huila"}]},{"@type":"WebSite","@id":"https:\/\/luchonoticias.com\/editor\/#website","url":"https:\/\/luchonoticias.com\/editor\/","name":"","description":"","publisher":{"@id":"https:\/\/luchonoticias.com\/editor\/#\/schema\/person\/7a7fd911f58561fd056dbac7b55af9cd"},"potentialAction":[{"@type":"SearchAction","target":{"@type":"EntryPoint","urlTemplate":"https:\/\/luchonoticias.com\/editor\/?s={search_term_string}"},"query-input":{"@type":"PropertyValueSpecification","valueRequired":true,"valueName":"search_term_string"}}],"inLanguage":"es"},{"@type":["Person","Organization"],"@id":"https:\/\/luchonoticias.com\/editor\/#\/schema\/person\/7a7fd911f58561fd056dbac7b55af9cd","name":"admin","image":{"@type":"ImageObject","inLanguage":"es","@id":"https:\/\/luchonoticias.com\/editor\/#\/schema\/person\/image\/","url":"https:\/\/luchonoticias.com\/editor\/wp-content\/uploads\/2024\/02\/cropped-cropped-logolu.webp","contentUrl":"https:\/\/luchonoticias.com\/editor\/wp-content\/uploads\/2024\/02\/cropped-cropped-logolu.webp","width":382,"height":170,"caption":"admin"},"logo":{"@id":"https:\/\/luchonoticias.com\/editor\/#\/schema\/person\/image\/"},"sameAs":["https:\/\/www.facebook.com\/luchonoticiasneiva"]},{"@type":"Person","@id":"https:\/\/luchonoticias.com\/editor\/#\/schema\/person\/29217990ddf6f14e35912b2866d591fb","name":"Editor General","image":{"@type":"ImageObject","inLanguage":"es","@id":"https:\/\/luchonoticias.com\/editor\/#\/schema\/person\/image\/","url":"https:\/\/luchonoticias.com\/editor\/wp-content\/uploads\/2024\/02\/cropped-cropped-logolu-150x150.webp","contentUrl":"https:\/\/luchonoticias.com\/editor\/wp-content\/uploads\/2024\/02\/cropped-cropped-logolu-150x150.webp","caption":"Editor General"},"sameAs":["https:\/\/luchonoticias.com\/"],"url":"https:\/\/luchonoticias.com\/editor\/author\/editor-general\/"}]}},"_links":{"self":[{"href":"https:\/\/luchonoticias.com\/editor\/wp-json\/wp\/v2\/posts\/44868","targetHints":{"allow":["GET"]}}],"collection":[{"href":"https:\/\/luchonoticias.com\/editor\/wp-json\/wp\/v2\/posts"}],"about":[{"href":"https:\/\/luchonoticias.com\/editor\/wp-json\/wp\/v2\/types\/post"}],"author":[{"embeddable":true,"href":"https:\/\/luchonoticias.com\/editor\/wp-json\/wp\/v2\/users\/2"}],"replies":[{"embeddable":true,"href":"https:\/\/luchonoticias.com\/editor\/wp-json\/wp\/v2\/comments?post=44868"}],"version-history":[{"count":0,"href":"https:\/\/luchonoticias.com\/editor\/wp-json\/wp\/v2\/posts\/44868\/revisions"}],"wp:attachment":[{"href":"https:\/\/luchonoticias.com\/editor\/wp-json\/wp\/v2\/media?parent=44868"}],"wp:term":[{"taxonomy":"category","embeddable":true,"href":"https:\/\/luchonoticias.com\/editor\/wp-json\/wp\/v2\/categories?post=44868"},{"taxonomy":"post_tag","embeddable":true,"href":"https:\/\/luchonoticias.com\/editor\/wp-json\/wp\/v2\/tags?post=44868"}],"curies":[{"name":"wp","href":"https:\/\/api.w.org\/{rel}","templated":true}]}}