{"id":44901,"date":"2023-01-25T13:56:18","date_gmt":"2023-01-25T18:56:18","guid":{"rendered":"https:\/\/luchonoticias.com\/?p=44901"},"modified":"2023-01-25T13:56:19","modified_gmt":"2023-01-25T18:56:19","slug":"plan-de-accion-para-mitigar-problemas-por-colapsos-del-sistema-de-recoleccion-de-aguas-lluvias-de-neiva","status":"publish","type":"post","link":"https:\/\/luchonoticias.com\/editor\/plan-de-accion-para-mitigar-problemas-por-colapsos-del-sistema-de-recoleccion-de-aguas-lluvias-de-neiva\/","title":{"rendered":"Plan de acci\u00f3n para mitigar problemas por colapsos del sistema de recolecci\u00f3n de aguas lluvias de Neiva"},"content":{"rendered":"\n<p>El Secretario de Medio Ambiente, Hernando Duarte, delegados de Las Ceibas \u2013 Empresas P\u00fablicas de Neiva, Secretar\u00eda de Gesti\u00f3n del Riesgo y representantes de las principales empresas urbanizadoras, a\u00fanan esfuerzos para evitar futuras y grandes inundaciones, o el posible colapso de colectores de aguas lluvias de la ciudad.<\/p>\n\n\n\n<p>\u201cEstamos adelantando convenios de alianzas p\u00fablico-privadas, para prevenir y mitigar a corto, mediano y largo plazo, los graves problemas que a futuro pueden presentarse en el sistema central y en los colectores por saturaci\u00f3n con basuras y p\u00e9rdida de los drenajes naturales de los afluentes\u201d, dijo el Secretario de Medio Ambiente, Hernando Duarte.<\/p>\n\n\n\n<p>El funcionario, asimismo se\u00f1al\u00f3 que las quebradas \u2018El Salado\u2019 y \u2018Matamundo\u2019, presentan mayor ocupaci\u00f3n e invasi\u00f3n de las rondas y cauces por parte de asentamientos informales, y en algunos sectores se ha evidenciado construcciones de porquerizas y puentes artesanales para suplir necesidades de acortamiento de caminos y su altura obstruye el caudal que supera el nivel de las corrientes durante las fuertes lluvias.<\/p>\n\n\n\n<figure class=\"wp-block-gallery has-nested-images columns-default is-cropped wp-block-gallery-1 is-layout-flex wp-block-gallery-is-layout-flex\">\n<figure class=\"wp-block-image size-large\"><img decoding=\"async\" data-id=\"44904\" src=\"https:\/\/luchonoticias.com\/wp-content\/uploads\/2023\/01\/WhatsApp-Image-2023-01-25-at-10.14.17-AM.jpeg\" alt=\"\" class=\"wp-image-44904\"\/><\/figure>\n\n\n\n<figure class=\"wp-block-image size-large\"><img decoding=\"async\" data-id=\"44906\" src=\"https:\/\/luchonoticias.com\/wp-content\/uploads\/2023\/01\/WhatsApp-Image-2023-01-25-at-10.13.53-AM-1024x768.jpeg\" alt=\"\" class=\"wp-image-44906\"\/><\/figure>\n\n\n\n<figure class=\"wp-block-image size-large\"><img decoding=\"async\" data-id=\"44905\" src=\"https:\/\/luchonoticias.com\/wp-content\/uploads\/2023\/01\/WhatsApp-Image-2023-01-25-at-10.13.52-AM-1-1-1024x576.jpeg\" alt=\"\" class=\"wp-image-44905\"\/><\/figure>\n<\/figure>\n\n\n\n<p><strong>Preocupaci\u00f3n por residuos<\/strong><\/p>\n\n\n\n<p>Sumado a las problem\u00e1ticas anteriores, Hernando Duarte Rodr\u00edguez, reiter\u00f3 su preocupaci\u00f3n por los miles de metros c\u00fabicos de residuos de construcci\u00f3n y demolici\u00f3n, arrojados durante a\u00f1os en los afluentes de la ciudad, logrando desviarlas y obstruirlas.<\/p>\n\n\n\n<p>Las reuniones que pretenden buscar soluciones \u00f3ptimas y de manera articulada con las instituciones implicadas, se seguir\u00e1n realizando con el objetivo principal de velar por la seguridad de las familias de los asentamientos entre estos \u2018La Isla\u2019, \u2018Los Lagos\u2019 y \u00b4La Primavera\u2019 adem\u00e1s de los barrios afectados por inundaci\u00f3n de v\u00edas.<\/p>\n","protected":false},"excerpt":{"rendered":"<p>El Secretario de Medio Ambiente, Hernando Duarte, delegados de Las Ceibas \u2013 Empresas P\u00fablicas de Neiva, Secretar\u00eda de Gesti\u00f3n del Riesgo y representantes de las principales empresas urbanizadoras, a\u00fanan esfuerzos para evitar futuras y grandes inundaciones, o el posible colapso de colectores de aguas lluvias de la ciudad. \u201cEstamos adelantando convenios de alianzas p\u00fablico-privadas, para [&hellip;]<\/p>\n","protected":false},"author":2,"featured_media":0,"comment_status":"open","ping_status":"open","sticky":false,"template":"","format":"standard","meta":{"footnotes":""},"categories":[36,53],"tags":[],"class_list":["post-44901","post","type-post","status-publish","format-standard","hentry","category-destacado","category-neiva"],"yoast_head":"<!-- This site is optimized with the Yoast SEO plugin v26.6 - https:\/\/yoast.com\/wordpress\/plugins\/seo\/ -->\n<title>Plan de acci\u00f3n para mitigar problemas por colapsos del sistema de recolecci\u00f3n de aguas lluvias de Neiva -<\/title>\n<meta name=\"robots\" content=\"index, follow, max-snippet:-1, max-image-preview:large, max-video-preview:-1\" \/>\n<link rel=\"canonical\" href=\"https:\/\/luchonoticias.com\/editor\/plan-de-accion-para-mitigar-problemas-por-colapsos-del-sistema-de-recoleccion-de-aguas-lluvias-de-neiva\/\" \/>\n<meta property=\"og:locale\" content=\"es_ES\" \/>\n<meta property=\"og:type\" content=\"article\" \/>\n<meta property=\"og:title\" content=\"Plan de acci\u00f3n para mitigar problemas por colapsos del sistema de recolecci\u00f3n de aguas lluvias de Neiva -\" \/>\n<meta property=\"og:url\" content=\"https:\/\/luchonoticias.com\/editor\/plan-de-accion-para-mitigar-problemas-por-colapsos-del-sistema-de-recoleccion-de-aguas-lluvias-de-neiva\/\" \/>\n<meta property=\"article:publisher\" content=\"https:\/\/www.facebook.com\/luchonoticiasneiva\" \/>\n<meta property=\"article:published_time\" content=\"2023-01-25T18:56:18+00:00\" \/>\n<meta property=\"article:modified_time\" content=\"2023-01-25T18:56:19+00:00\" \/>\n<meta property=\"og:image\" content=\"https:\/\/luchonoticias.com\/wp-content\/uploads\/2023\/01\/WhatsApp-Image-2023-01-25-at-10.14.17-AM.jpeg\" \/>\n<meta name=\"author\" content=\"Editor General\" \/>\n<meta name=\"twitter:card\" content=\"summary_large_image\" \/>\n<meta name=\"twitter:label1\" content=\"Escrito por\" \/>\n\t<meta name=\"twitter:data1\" content=\"Editor General\" \/>\n\t<meta name=\"twitter:label2\" content=\"Tiempo de lectura\" \/>\n\t<meta name=\"twitter:data2\" content=\"1 minuto\" \/>\n<script type=\"application\/ld+json\" class=\"yoast-schema-graph\">{\"@context\":\"https:\/\/schema.org\",\"@graph\":[{\"@type\":\"Article\",\"@id\":\"https:\/\/luchonoticias.com\/editor\/plan-de-accion-para-mitigar-problemas-por-colapsos-del-sistema-de-recoleccion-de-aguas-lluvias-de-neiva\/#article\",\"isPartOf\":{\"@id\":\"https:\/\/luchonoticias.com\/editor\/plan-de-accion-para-mitigar-problemas-por-colapsos-del-sistema-de-recoleccion-de-aguas-lluvias-de-neiva\/\"},\"author\":{\"name\":\"Editor General\",\"@id\":\"https:\/\/luchonoticias.com\/editor\/#\/schema\/person\/29217990ddf6f14e35912b2866d591fb\"},\"headline\":\"Plan de acci\u00f3n para mitigar problemas por colapsos del sistema de recolecci\u00f3n de aguas lluvias de Neiva\",\"datePublished\":\"2023-01-25T18:56:18+00:00\",\"dateModified\":\"2023-01-25T18:56:19+00:00\",\"mainEntityOfPage\":{\"@id\":\"https:\/\/luchonoticias.com\/editor\/plan-de-accion-para-mitigar-problemas-por-colapsos-del-sistema-de-recoleccion-de-aguas-lluvias-de-neiva\/\"},\"wordCount\":294,\"commentCount\":0,\"publisher\":{\"@id\":\"https:\/\/luchonoticias.com\/editor\/#\/schema\/person\/7a7fd911f58561fd056dbac7b55af9cd\"},\"image\":{\"@id\":\"https:\/\/luchonoticias.com\/editor\/plan-de-accion-para-mitigar-problemas-por-colapsos-del-sistema-de-recoleccion-de-aguas-lluvias-de-neiva\/#primaryimage\"},\"thumbnailUrl\":\"https:\/\/luchonoticias.com\/wp-content\/uploads\/2023\/01\/WhatsApp-Image-2023-01-25-at-10.14.17-AM.jpeg\",\"articleSection\":[\"Destacado\",\"Neiva\"],\"inLanguage\":\"es\",\"potentialAction\":[{\"@type\":\"CommentAction\",\"name\":\"Comment\",\"target\":[\"https:\/\/luchonoticias.com\/editor\/plan-de-accion-para-mitigar-problemas-por-colapsos-del-sistema-de-recoleccion-de-aguas-lluvias-de-neiva\/#respond\"]}]},{\"@type\":\"WebPage\",\"@id\":\"https:\/\/luchonoticias.com\/editor\/plan-de-accion-para-mitigar-problemas-por-colapsos-del-sistema-de-recoleccion-de-aguas-lluvias-de-neiva\/\",\"url\":\"https:\/\/luchonoticias.com\/editor\/plan-de-accion-para-mitigar-problemas-por-colapsos-del-sistema-de-recoleccion-de-aguas-lluvias-de-neiva\/\",\"name\":\"Plan de acci\u00f3n para mitigar problemas por colapsos del sistema de recolecci\u00f3n de aguas lluvias de Neiva -\",\"isPartOf\":{\"@id\":\"https:\/\/luchonoticias.com\/editor\/#website\"},\"primaryImageOfPage\":{\"@id\":\"https:\/\/luchonoticias.com\/editor\/plan-de-accion-para-mitigar-problemas-por-colapsos-del-sistema-de-recoleccion-de-aguas-lluvias-de-neiva\/#primaryimage\"},\"image\":{\"@id\":\"https:\/\/luchonoticias.com\/editor\/plan-de-accion-para-mitigar-problemas-por-colapsos-del-sistema-de-recoleccion-de-aguas-lluvias-de-neiva\/#primaryimage\"},\"thumbnailUrl\":\"https:\/\/luchonoticias.com\/wp-content\/uploads\/2023\/01\/WhatsApp-Image-2023-01-25-at-10.14.17-AM.jpeg\",\"datePublished\":\"2023-01-25T18:56:18+00:00\",\"dateModified\":\"2023-01-25T18:56:19+00:00\",\"breadcrumb\":{\"@id\":\"https:\/\/luchonoticias.com\/editor\/plan-de-accion-para-mitigar-problemas-por-colapsos-del-sistema-de-recoleccion-de-aguas-lluvias-de-neiva\/#breadcrumb\"},\"inLanguage\":\"es\",\"potentialAction\":[{\"@type\":\"ReadAction\",\"target\":[\"https:\/\/luchonoticias.com\/editor\/plan-de-accion-para-mitigar-problemas-por-colapsos-del-sistema-de-recoleccion-de-aguas-lluvias-de-neiva\/\"]}]},{\"@type\":\"ImageObject\",\"inLanguage\":\"es\",\"@id\":\"https:\/\/luchonoticias.com\/editor\/plan-de-accion-para-mitigar-problemas-por-colapsos-del-sistema-de-recoleccion-de-aguas-lluvias-de-neiva\/#primaryimage\",\"url\":\"https:\/\/luchonoticias.com\/wp-content\/uploads\/2023\/01\/WhatsApp-Image-2023-01-25-at-10.14.17-AM.jpeg\",\"contentUrl\":\"https:\/\/luchonoticias.com\/wp-content\/uploads\/2023\/01\/WhatsApp-Image-2023-01-25-at-10.14.17-AM.jpeg\"},{\"@type\":\"BreadcrumbList\",\"@id\":\"https:\/\/luchonoticias.com\/editor\/plan-de-accion-para-mitigar-problemas-por-colapsos-del-sistema-de-recoleccion-de-aguas-lluvias-de-neiva\/#breadcrumb\",\"itemListElement\":[{\"@type\":\"ListItem\",\"position\":1,\"name\":\"Portada\",\"item\":\"https:\/\/luchonoticias.com\/editor\/\"},{\"@type\":\"ListItem\",\"position\":2,\"name\":\"Plan de acci\u00f3n para mitigar problemas por colapsos del sistema de recolecci\u00f3n de aguas lluvias de Neiva\"}]},{\"@type\":\"WebSite\",\"@id\":\"https:\/\/luchonoticias.com\/editor\/#website\",\"url\":\"https:\/\/luchonoticias.com\/editor\/\",\"name\":\"\",\"description\":\"\",\"publisher\":{\"@id\":\"https:\/\/luchonoticias.com\/editor\/#\/schema\/person\/7a7fd911f58561fd056dbac7b55af9cd\"},\"potentialAction\":[{\"@type\":\"SearchAction\",\"target\":{\"@type\":\"EntryPoint\",\"urlTemplate\":\"https:\/\/luchonoticias.com\/editor\/?s={search_term_string}\"},\"query-input\":{\"@type\":\"PropertyValueSpecification\",\"valueRequired\":true,\"valueName\":\"search_term_string\"}}],\"inLanguage\":\"es\"},{\"@type\":[\"Person\",\"Organization\"],\"@id\":\"https:\/\/luchonoticias.com\/editor\/#\/schema\/person\/7a7fd911f58561fd056dbac7b55af9cd\",\"name\":\"admin\",\"image\":{\"@type\":\"ImageObject\",\"inLanguage\":\"es\",\"@id\":\"https:\/\/luchonoticias.com\/editor\/#\/schema\/person\/image\/\",\"url\":\"https:\/\/luchonoticias.com\/editor\/wp-content\/uploads\/2024\/02\/cropped-cropped-logolu.webp\",\"contentUrl\":\"https:\/\/luchonoticias.com\/editor\/wp-content\/uploads\/2024\/02\/cropped-cropped-logolu.webp\",\"width\":382,\"height\":170,\"caption\":\"admin\"},\"logo\":{\"@id\":\"https:\/\/luchonoticias.com\/editor\/#\/schema\/person\/image\/\"},\"sameAs\":[\"https:\/\/www.facebook.com\/luchonoticiasneiva\"]},{\"@type\":\"Person\",\"@id\":\"https:\/\/luchonoticias.com\/editor\/#\/schema\/person\/29217990ddf6f14e35912b2866d591fb\",\"name\":\"Editor General\",\"image\":{\"@type\":\"ImageObject\",\"inLanguage\":\"es\",\"@id\":\"https:\/\/luchonoticias.com\/editor\/#\/schema\/person\/image\/\",\"url\":\"https:\/\/luchonoticias.com\/editor\/wp-content\/uploads\/2024\/02\/cropped-cropped-logolu-150x150.webp\",\"contentUrl\":\"https:\/\/luchonoticias.com\/editor\/wp-content\/uploads\/2024\/02\/cropped-cropped-logolu-150x150.webp\",\"caption\":\"Editor General\"},\"sameAs\":[\"https:\/\/luchonoticias.com\/\"],\"url\":\"https:\/\/luchonoticias.com\/editor\/author\/editor-general\/\"}]}<\/script>\n<!-- \/ Yoast SEO plugin. -->","yoast_head_json":{"title":"Plan de acci\u00f3n para mitigar problemas por colapsos del sistema de recolecci\u00f3n de aguas lluvias de Neiva -","robots":{"index":"index","follow":"follow","max-snippet":"max-snippet:-1","max-image-preview":"max-image-preview:large","max-video-preview":"max-video-preview:-1"},"canonical":"https:\/\/luchonoticias.com\/editor\/plan-de-accion-para-mitigar-problemas-por-colapsos-del-sistema-de-recoleccion-de-aguas-lluvias-de-neiva\/","og_locale":"es_ES","og_type":"article","og_title":"Plan de acci\u00f3n para mitigar problemas por colapsos del sistema de recolecci\u00f3n de aguas lluvias de Neiva -","og_url":"https:\/\/luchonoticias.com\/editor\/plan-de-accion-para-mitigar-problemas-por-colapsos-del-sistema-de-recoleccion-de-aguas-lluvias-de-neiva\/","article_publisher":"https:\/\/www.facebook.com\/luchonoticiasneiva","article_published_time":"2023-01-25T18:56:18+00:00","article_modified_time":"2023-01-25T18:56:19+00:00","og_image":[{"url":"https:\/\/luchonoticias.com\/wp-content\/uploads\/2023\/01\/WhatsApp-Image-2023-01-25-at-10.14.17-AM.jpeg","type":"","width":"","height":""}],"author":"Editor General","twitter_card":"summary_large_image","twitter_misc":{"Escrito por":"Editor General","Tiempo de lectura":"1 minuto"},"schema":{"@context":"https:\/\/schema.org","@graph":[{"@type":"Article","@id":"https:\/\/luchonoticias.com\/editor\/plan-de-accion-para-mitigar-problemas-por-colapsos-del-sistema-de-recoleccion-de-aguas-lluvias-de-neiva\/#article","isPartOf":{"@id":"https:\/\/luchonoticias.com\/editor\/plan-de-accion-para-mitigar-problemas-por-colapsos-del-sistema-de-recoleccion-de-aguas-lluvias-de-neiva\/"},"author":{"name":"Editor General","@id":"https:\/\/luchonoticias.com\/editor\/#\/schema\/person\/29217990ddf6f14e35912b2866d591fb"},"headline":"Plan de acci\u00f3n para mitigar problemas por colapsos del sistema de recolecci\u00f3n de aguas lluvias de Neiva","datePublished":"2023-01-25T18:56:18+00:00","dateModified":"2023-01-25T18:56:19+00:00","mainEntityOfPage":{"@id":"https:\/\/luchonoticias.com\/editor\/plan-de-accion-para-mitigar-problemas-por-colapsos-del-sistema-de-recoleccion-de-aguas-lluvias-de-neiva\/"},"wordCount":294,"commentCount":0,"publisher":{"@id":"https:\/\/luchonoticias.com\/editor\/#\/schema\/person\/7a7fd911f58561fd056dbac7b55af9cd"},"image":{"@id":"https:\/\/luchonoticias.com\/editor\/plan-de-accion-para-mitigar-problemas-por-colapsos-del-sistema-de-recoleccion-de-aguas-lluvias-de-neiva\/#primaryimage"},"thumbnailUrl":"https:\/\/luchonoticias.com\/wp-content\/uploads\/2023\/01\/WhatsApp-Image-2023-01-25-at-10.14.17-AM.jpeg","articleSection":["Destacado","Neiva"],"inLanguage":"es","potentialAction":[{"@type":"CommentAction","name":"Comment","target":["https:\/\/luchonoticias.com\/editor\/plan-de-accion-para-mitigar-problemas-por-colapsos-del-sistema-de-recoleccion-de-aguas-lluvias-de-neiva\/#respond"]}]},{"@type":"WebPage","@id":"https:\/\/luchonoticias.com\/editor\/plan-de-accion-para-mitigar-problemas-por-colapsos-del-sistema-de-recoleccion-de-aguas-lluvias-de-neiva\/","url":"https:\/\/luchonoticias.com\/editor\/plan-de-accion-para-mitigar-problemas-por-colapsos-del-sistema-de-recoleccion-de-aguas-lluvias-de-neiva\/","name":"Plan de acci\u00f3n para mitigar problemas por colapsos del sistema de recolecci\u00f3n de aguas lluvias de Neiva -","isPartOf":{"@id":"https:\/\/luchonoticias.com\/editor\/#website"},"primaryImageOfPage":{"@id":"https:\/\/luchonoticias.com\/editor\/plan-de-accion-para-mitigar-problemas-por-colapsos-del-sistema-de-recoleccion-de-aguas-lluvias-de-neiva\/#primaryimage"},"image":{"@id":"https:\/\/luchonoticias.com\/editor\/plan-de-accion-para-mitigar-problemas-por-colapsos-del-sistema-de-recoleccion-de-aguas-lluvias-de-neiva\/#primaryimage"},"thumbnailUrl":"https:\/\/luchonoticias.com\/wp-content\/uploads\/2023\/01\/WhatsApp-Image-2023-01-25-at-10.14.17-AM.jpeg","datePublished":"2023-01-25T18:56:18+00:00","dateModified":"2023-01-25T18:56:19+00:00","breadcrumb":{"@id":"https:\/\/luchonoticias.com\/editor\/plan-de-accion-para-mitigar-problemas-por-colapsos-del-sistema-de-recoleccion-de-aguas-lluvias-de-neiva\/#breadcrumb"},"inLanguage":"es","potentialAction":[{"@type":"ReadAction","target":["https:\/\/luchonoticias.com\/editor\/plan-de-accion-para-mitigar-problemas-por-colapsos-del-sistema-de-recoleccion-de-aguas-lluvias-de-neiva\/"]}]},{"@type":"ImageObject","inLanguage":"es","@id":"https:\/\/luchonoticias.com\/editor\/plan-de-accion-para-mitigar-problemas-por-colapsos-del-sistema-de-recoleccion-de-aguas-lluvias-de-neiva\/#primaryimage","url":"https:\/\/luchonoticias.com\/wp-content\/uploads\/2023\/01\/WhatsApp-Image-2023-01-25-at-10.14.17-AM.jpeg","contentUrl":"https:\/\/luchonoticias.com\/wp-content\/uploads\/2023\/01\/WhatsApp-Image-2023-01-25-at-10.14.17-AM.jpeg"},{"@type":"BreadcrumbList","@id":"https:\/\/luchonoticias.com\/editor\/plan-de-accion-para-mitigar-problemas-por-colapsos-del-sistema-de-recoleccion-de-aguas-lluvias-de-neiva\/#breadcrumb","itemListElement":[{"@type":"ListItem","position":1,"name":"Portada","item":"https:\/\/luchonoticias.com\/editor\/"},{"@type":"ListItem","position":2,"name":"Plan de acci\u00f3n para mitigar problemas por colapsos del sistema de recolecci\u00f3n de aguas lluvias de Neiva"}]},{"@type":"WebSite","@id":"https:\/\/luchonoticias.com\/editor\/#website","url":"https:\/\/luchonoticias.com\/editor\/","name":"","description":"","publisher":{"@id":"https:\/\/luchonoticias.com\/editor\/#\/schema\/person\/7a7fd911f58561fd056dbac7b55af9cd"},"potentialAction":[{"@type":"SearchAction","target":{"@type":"EntryPoint","urlTemplate":"https:\/\/luchonoticias.com\/editor\/?s={search_term_string}"},"query-input":{"@type":"PropertyValueSpecification","valueRequired":true,"valueName":"search_term_string"}}],"inLanguage":"es"},{"@type":["Person","Organization"],"@id":"https:\/\/luchonoticias.com\/editor\/#\/schema\/person\/7a7fd911f58561fd056dbac7b55af9cd","name":"admin","image":{"@type":"ImageObject","inLanguage":"es","@id":"https:\/\/luchonoticias.com\/editor\/#\/schema\/person\/image\/","url":"https:\/\/luchonoticias.com\/editor\/wp-content\/uploads\/2024\/02\/cropped-cropped-logolu.webp","contentUrl":"https:\/\/luchonoticias.com\/editor\/wp-content\/uploads\/2024\/02\/cropped-cropped-logolu.webp","width":382,"height":170,"caption":"admin"},"logo":{"@id":"https:\/\/luchonoticias.com\/editor\/#\/schema\/person\/image\/"},"sameAs":["https:\/\/www.facebook.com\/luchonoticiasneiva"]},{"@type":"Person","@id":"https:\/\/luchonoticias.com\/editor\/#\/schema\/person\/29217990ddf6f14e35912b2866d591fb","name":"Editor General","image":{"@type":"ImageObject","inLanguage":"es","@id":"https:\/\/luchonoticias.com\/editor\/#\/schema\/person\/image\/","url":"https:\/\/luchonoticias.com\/editor\/wp-content\/uploads\/2024\/02\/cropped-cropped-logolu-150x150.webp","contentUrl":"https:\/\/luchonoticias.com\/editor\/wp-content\/uploads\/2024\/02\/cropped-cropped-logolu-150x150.webp","caption":"Editor General"},"sameAs":["https:\/\/luchonoticias.com\/"],"url":"https:\/\/luchonoticias.com\/editor\/author\/editor-general\/"}]}},"_links":{"self":[{"href":"https:\/\/luchonoticias.com\/editor\/wp-json\/wp\/v2\/posts\/44901","targetHints":{"allow":["GET"]}}],"collection":[{"href":"https:\/\/luchonoticias.com\/editor\/wp-json\/wp\/v2\/posts"}],"about":[{"href":"https:\/\/luchonoticias.com\/editor\/wp-json\/wp\/v2\/types\/post"}],"author":[{"embeddable":true,"href":"https:\/\/luchonoticias.com\/editor\/wp-json\/wp\/v2\/users\/2"}],"replies":[{"embeddable":true,"href":"https:\/\/luchonoticias.com\/editor\/wp-json\/wp\/v2\/comments?post=44901"}],"version-history":[{"count":0,"href":"https:\/\/luchonoticias.com\/editor\/wp-json\/wp\/v2\/posts\/44901\/revisions"}],"wp:attachment":[{"href":"https:\/\/luchonoticias.com\/editor\/wp-json\/wp\/v2\/media?parent=44901"}],"wp:term":[{"taxonomy":"category","embeddable":true,"href":"https:\/\/luchonoticias.com\/editor\/wp-json\/wp\/v2\/categories?post=44901"},{"taxonomy":"post_tag","embeddable":true,"href":"https:\/\/luchonoticias.com\/editor\/wp-json\/wp\/v2\/tags?post=44901"}],"curies":[{"name":"wp","href":"https:\/\/api.w.org\/{rel}","templated":true}]}}