{"id":44908,"date":"2023-01-25T13:58:24","date_gmt":"2023-01-25T18:58:24","guid":{"rendered":"https:\/\/luchonoticias.com\/?p=44908"},"modified":"2023-01-25T13:58:26","modified_gmt":"2023-01-25T18:58:26","slug":"campesino-herido-con-guadana-fue-auxiliado-por-soldados-de-desminado","status":"publish","type":"post","link":"https:\/\/luchonoticias.com\/editor\/campesino-herido-con-guadana-fue-auxiliado-por-soldados-de-desminado\/","title":{"rendered":"Campesino herido con guada\u00f1a fue auxiliado por soldados de desminado"},"content":{"rendered":"\n<p>El hecho ocurri\u00f3 al norte del departamento del Huila, cuando los desminadores adelantaban trabajos en la zona y fueron alertados por los habitantes de la vereda Los Laureles, quienes se\u00f1alaron que uno de sus vecinos result\u00f3 gravemente herido cuando manipulaba una guada\u00f1a.<\/p>\n\n\n\n<p>Al acudir al lugar, los uniformados observan que el hombre de 30 a\u00f1os de edad, ten\u00eda comprometido uno de sus pies y que deb\u00eda ser estabilizado y evacuado r\u00e1pidamente, pues presentaba hemorragia.<\/p>\n\n\n\n<p>Es as\u00ed como los soldados lo trasladan a un centro asistencial del municipio de Baraya, para valoraci\u00f3n y atenci\u00f3n especializada.<\/p>\n\n\n\n<figure class=\"wp-block-gallery has-nested-images columns-default is-cropped wp-block-gallery-1 is-layout-flex wp-block-gallery-is-layout-flex\">\n<figure class=\"wp-block-image size-large\"><img decoding=\"async\" data-id=\"44911\" src=\"https:\/\/luchonoticias.com\/wp-content\/uploads\/2023\/01\/WhatsApp-Image-2023-01-25-at-10.56.47-AM-1024x461.jpeg\" alt=\"\" class=\"wp-image-44911\"\/><\/figure>\n\n\n\n<figure class=\"wp-block-image size-large\"><img decoding=\"async\" data-id=\"44912\" src=\"https:\/\/luchonoticias.com\/wp-content\/uploads\/2023\/01\/WhatsApp-Image-2023-01-25-at-10.56.43-AM-1024x461.jpeg\" alt=\"\" class=\"wp-image-44912\"\/><\/figure>\n\n\n\n<figure class=\"wp-block-image size-large\"><img decoding=\"async\" data-id=\"44910\" src=\"https:\/\/luchonoticias.com\/wp-content\/uploads\/2023\/01\/WhatsApp-Image-2023-01-25-at-10.56.46-AM-1024x461.jpeg\" alt=\"\" class=\"wp-image-44910\"\/><\/figure>\n<\/figure>\n\n\n\n<p>Es de mencionar que las Unidades que adelantan el desminado humanitario en las regiones, cuentan con soldados socorristas quienes no solo est\u00e1n capacitados para apoyar a sus compa\u00f1eros, tambi\u00e9n a la poblaci\u00f3n en caso que se presente alguna eventualidad.<\/p>\n\n\n\n<p>Con acciones como esta, los hombres y mujeres del Ej\u00e9rcito Nacional ratifican su compromiso y misi\u00f3n, salvar vidas.<\/p>\n","protected":false},"excerpt":{"rendered":"<p>El hecho ocurri\u00f3 al norte del departamento del Huila, cuando los desminadores adelantaban trabajos en la zona y fueron alertados por los habitantes de la vereda Los Laureles, quienes se\u00f1alaron que uno de sus vecinos result\u00f3 gravemente herido cuando manipulaba una guada\u00f1a. Al acudir al lugar, los uniformados observan que el hombre de 30 a\u00f1os [&hellip;]<\/p>\n","protected":false},"author":2,"featured_media":0,"comment_status":"open","ping_status":"open","sticky":false,"template":"","format":"standard","meta":{"footnotes":""},"categories":[36,29],"tags":[],"class_list":["post-44908","post","type-post","status-publish","format-standard","hentry","category-destacado","category-judicial"],"yoast_head":"<!-- This site is optimized with the Yoast SEO plugin v26.6 - https:\/\/yoast.com\/wordpress\/plugins\/seo\/ -->\n<title>Campesino herido con guada\u00f1a fue auxiliado por soldados de desminado -<\/title>\n<meta name=\"robots\" content=\"index, follow, max-snippet:-1, max-image-preview:large, max-video-preview:-1\" \/>\n<link rel=\"canonical\" href=\"https:\/\/luchonoticias.com\/editor\/campesino-herido-con-guadana-fue-auxiliado-por-soldados-de-desminado\/\" \/>\n<meta property=\"og:locale\" content=\"es_ES\" \/>\n<meta property=\"og:type\" content=\"article\" \/>\n<meta property=\"og:title\" content=\"Campesino herido con guada\u00f1a fue auxiliado por soldados de desminado -\" \/>\n<meta property=\"og:url\" content=\"https:\/\/luchonoticias.com\/editor\/campesino-herido-con-guadana-fue-auxiliado-por-soldados-de-desminado\/\" \/>\n<meta property=\"article:publisher\" content=\"https:\/\/www.facebook.com\/luchonoticiasneiva\" \/>\n<meta property=\"article:published_time\" content=\"2023-01-25T18:58:24+00:00\" \/>\n<meta property=\"article:modified_time\" content=\"2023-01-25T18:58:26+00:00\" \/>\n<meta property=\"og:image\" content=\"https:\/\/luchonoticias.com\/wp-content\/uploads\/2023\/01\/WhatsApp-Image-2023-01-25-at-10.56.47-AM-1024x461.jpeg\" \/>\n<meta name=\"author\" content=\"Editor General\" \/>\n<meta name=\"twitter:card\" content=\"summary_large_image\" \/>\n<meta name=\"twitter:label1\" content=\"Escrito por\" \/>\n\t<meta name=\"twitter:data1\" content=\"Editor General\" \/>\n\t<meta name=\"twitter:label2\" content=\"Tiempo de lectura\" \/>\n\t<meta name=\"twitter:data2\" content=\"1 minuto\" \/>\n<script type=\"application\/ld+json\" class=\"yoast-schema-graph\">{\"@context\":\"https:\/\/schema.org\",\"@graph\":[{\"@type\":\"Article\",\"@id\":\"https:\/\/luchonoticias.com\/editor\/campesino-herido-con-guadana-fue-auxiliado-por-soldados-de-desminado\/#article\",\"isPartOf\":{\"@id\":\"https:\/\/luchonoticias.com\/editor\/campesino-herido-con-guadana-fue-auxiliado-por-soldados-de-desminado\/\"},\"author\":{\"name\":\"Editor General\",\"@id\":\"https:\/\/luchonoticias.com\/editor\/#\/schema\/person\/29217990ddf6f14e35912b2866d591fb\"},\"headline\":\"Campesino herido con guada\u00f1a fue auxiliado por soldados de desminado\",\"datePublished\":\"2023-01-25T18:58:24+00:00\",\"dateModified\":\"2023-01-25T18:58:26+00:00\",\"mainEntityOfPage\":{\"@id\":\"https:\/\/luchonoticias.com\/editor\/campesino-herido-con-guadana-fue-auxiliado-por-soldados-de-desminado\/\"},\"wordCount\":175,\"commentCount\":0,\"publisher\":{\"@id\":\"https:\/\/luchonoticias.com\/editor\/#\/schema\/person\/7a7fd911f58561fd056dbac7b55af9cd\"},\"image\":{\"@id\":\"https:\/\/luchonoticias.com\/editor\/campesino-herido-con-guadana-fue-auxiliado-por-soldados-de-desminado\/#primaryimage\"},\"thumbnailUrl\":\"https:\/\/luchonoticias.com\/wp-content\/uploads\/2023\/01\/WhatsApp-Image-2023-01-25-at-10.56.47-AM-1024x461.jpeg\",\"articleSection\":[\"Destacado\",\"Judicial\"],\"inLanguage\":\"es\",\"potentialAction\":[{\"@type\":\"CommentAction\",\"name\":\"Comment\",\"target\":[\"https:\/\/luchonoticias.com\/editor\/campesino-herido-con-guadana-fue-auxiliado-por-soldados-de-desminado\/#respond\"]}]},{\"@type\":\"WebPage\",\"@id\":\"https:\/\/luchonoticias.com\/editor\/campesino-herido-con-guadana-fue-auxiliado-por-soldados-de-desminado\/\",\"url\":\"https:\/\/luchonoticias.com\/editor\/campesino-herido-con-guadana-fue-auxiliado-por-soldados-de-desminado\/\",\"name\":\"Campesino herido con guada\u00f1a fue auxiliado por soldados de desminado -\",\"isPartOf\":{\"@id\":\"https:\/\/luchonoticias.com\/editor\/#website\"},\"primaryImageOfPage\":{\"@id\":\"https:\/\/luchonoticias.com\/editor\/campesino-herido-con-guadana-fue-auxiliado-por-soldados-de-desminado\/#primaryimage\"},\"image\":{\"@id\":\"https:\/\/luchonoticias.com\/editor\/campesino-herido-con-guadana-fue-auxiliado-por-soldados-de-desminado\/#primaryimage\"},\"thumbnailUrl\":\"https:\/\/luchonoticias.com\/wp-content\/uploads\/2023\/01\/WhatsApp-Image-2023-01-25-at-10.56.47-AM-1024x461.jpeg\",\"datePublished\":\"2023-01-25T18:58:24+00:00\",\"dateModified\":\"2023-01-25T18:58:26+00:00\",\"breadcrumb\":{\"@id\":\"https:\/\/luchonoticias.com\/editor\/campesino-herido-con-guadana-fue-auxiliado-por-soldados-de-desminado\/#breadcrumb\"},\"inLanguage\":\"es\",\"potentialAction\":[{\"@type\":\"ReadAction\",\"target\":[\"https:\/\/luchonoticias.com\/editor\/campesino-herido-con-guadana-fue-auxiliado-por-soldados-de-desminado\/\"]}]},{\"@type\":\"ImageObject\",\"inLanguage\":\"es\",\"@id\":\"https:\/\/luchonoticias.com\/editor\/campesino-herido-con-guadana-fue-auxiliado-por-soldados-de-desminado\/#primaryimage\",\"url\":\"https:\/\/luchonoticias.com\/wp-content\/uploads\/2023\/01\/WhatsApp-Image-2023-01-25-at-10.56.47-AM-1024x461.jpeg\",\"contentUrl\":\"https:\/\/luchonoticias.com\/wp-content\/uploads\/2023\/01\/WhatsApp-Image-2023-01-25-at-10.56.47-AM-1024x461.jpeg\"},{\"@type\":\"BreadcrumbList\",\"@id\":\"https:\/\/luchonoticias.com\/editor\/campesino-herido-con-guadana-fue-auxiliado-por-soldados-de-desminado\/#breadcrumb\",\"itemListElement\":[{\"@type\":\"ListItem\",\"position\":1,\"name\":\"Portada\",\"item\":\"https:\/\/luchonoticias.com\/editor\/\"},{\"@type\":\"ListItem\",\"position\":2,\"name\":\"Campesino herido con guada\u00f1a fue auxiliado por soldados de desminado\"}]},{\"@type\":\"WebSite\",\"@id\":\"https:\/\/luchonoticias.com\/editor\/#website\",\"url\":\"https:\/\/luchonoticias.com\/editor\/\",\"name\":\"\",\"description\":\"\",\"publisher\":{\"@id\":\"https:\/\/luchonoticias.com\/editor\/#\/schema\/person\/7a7fd911f58561fd056dbac7b55af9cd\"},\"potentialAction\":[{\"@type\":\"SearchAction\",\"target\":{\"@type\":\"EntryPoint\",\"urlTemplate\":\"https:\/\/luchonoticias.com\/editor\/?s={search_term_string}\"},\"query-input\":{\"@type\":\"PropertyValueSpecification\",\"valueRequired\":true,\"valueName\":\"search_term_string\"}}],\"inLanguage\":\"es\"},{\"@type\":[\"Person\",\"Organization\"],\"@id\":\"https:\/\/luchonoticias.com\/editor\/#\/schema\/person\/7a7fd911f58561fd056dbac7b55af9cd\",\"name\":\"admin\",\"image\":{\"@type\":\"ImageObject\",\"inLanguage\":\"es\",\"@id\":\"https:\/\/luchonoticias.com\/editor\/#\/schema\/person\/image\/\",\"url\":\"https:\/\/luchonoticias.com\/editor\/wp-content\/uploads\/2024\/02\/cropped-cropped-logolu.webp\",\"contentUrl\":\"https:\/\/luchonoticias.com\/editor\/wp-content\/uploads\/2024\/02\/cropped-cropped-logolu.webp\",\"width\":382,\"height\":170,\"caption\":\"admin\"},\"logo\":{\"@id\":\"https:\/\/luchonoticias.com\/editor\/#\/schema\/person\/image\/\"},\"sameAs\":[\"https:\/\/www.facebook.com\/luchonoticiasneiva\"]},{\"@type\":\"Person\",\"@id\":\"https:\/\/luchonoticias.com\/editor\/#\/schema\/person\/29217990ddf6f14e35912b2866d591fb\",\"name\":\"Editor General\",\"image\":{\"@type\":\"ImageObject\",\"inLanguage\":\"es\",\"@id\":\"https:\/\/luchonoticias.com\/editor\/#\/schema\/person\/image\/\",\"url\":\"https:\/\/luchonoticias.com\/editor\/wp-content\/uploads\/2024\/02\/cropped-cropped-logolu-150x150.webp\",\"contentUrl\":\"https:\/\/luchonoticias.com\/editor\/wp-content\/uploads\/2024\/02\/cropped-cropped-logolu-150x150.webp\",\"caption\":\"Editor General\"},\"sameAs\":[\"https:\/\/luchonoticias.com\/\"],\"url\":\"https:\/\/luchonoticias.com\/editor\/author\/editor-general\/\"}]}<\/script>\n<!-- \/ Yoast SEO plugin. -->","yoast_head_json":{"title":"Campesino herido con guada\u00f1a fue auxiliado por soldados de desminado -","robots":{"index":"index","follow":"follow","max-snippet":"max-snippet:-1","max-image-preview":"max-image-preview:large","max-video-preview":"max-video-preview:-1"},"canonical":"https:\/\/luchonoticias.com\/editor\/campesino-herido-con-guadana-fue-auxiliado-por-soldados-de-desminado\/","og_locale":"es_ES","og_type":"article","og_title":"Campesino herido con guada\u00f1a fue auxiliado por soldados de desminado -","og_url":"https:\/\/luchonoticias.com\/editor\/campesino-herido-con-guadana-fue-auxiliado-por-soldados-de-desminado\/","article_publisher":"https:\/\/www.facebook.com\/luchonoticiasneiva","article_published_time":"2023-01-25T18:58:24+00:00","article_modified_time":"2023-01-25T18:58:26+00:00","og_image":[{"url":"https:\/\/luchonoticias.com\/wp-content\/uploads\/2023\/01\/WhatsApp-Image-2023-01-25-at-10.56.47-AM-1024x461.jpeg","type":"","width":"","height":""}],"author":"Editor General","twitter_card":"summary_large_image","twitter_misc":{"Escrito por":"Editor General","Tiempo de lectura":"1 minuto"},"schema":{"@context":"https:\/\/schema.org","@graph":[{"@type":"Article","@id":"https:\/\/luchonoticias.com\/editor\/campesino-herido-con-guadana-fue-auxiliado-por-soldados-de-desminado\/#article","isPartOf":{"@id":"https:\/\/luchonoticias.com\/editor\/campesino-herido-con-guadana-fue-auxiliado-por-soldados-de-desminado\/"},"author":{"name":"Editor General","@id":"https:\/\/luchonoticias.com\/editor\/#\/schema\/person\/29217990ddf6f14e35912b2866d591fb"},"headline":"Campesino herido con guada\u00f1a fue auxiliado por soldados de desminado","datePublished":"2023-01-25T18:58:24+00:00","dateModified":"2023-01-25T18:58:26+00:00","mainEntityOfPage":{"@id":"https:\/\/luchonoticias.com\/editor\/campesino-herido-con-guadana-fue-auxiliado-por-soldados-de-desminado\/"},"wordCount":175,"commentCount":0,"publisher":{"@id":"https:\/\/luchonoticias.com\/editor\/#\/schema\/person\/7a7fd911f58561fd056dbac7b55af9cd"},"image":{"@id":"https:\/\/luchonoticias.com\/editor\/campesino-herido-con-guadana-fue-auxiliado-por-soldados-de-desminado\/#primaryimage"},"thumbnailUrl":"https:\/\/luchonoticias.com\/wp-content\/uploads\/2023\/01\/WhatsApp-Image-2023-01-25-at-10.56.47-AM-1024x461.jpeg","articleSection":["Destacado","Judicial"],"inLanguage":"es","potentialAction":[{"@type":"CommentAction","name":"Comment","target":["https:\/\/luchonoticias.com\/editor\/campesino-herido-con-guadana-fue-auxiliado-por-soldados-de-desminado\/#respond"]}]},{"@type":"WebPage","@id":"https:\/\/luchonoticias.com\/editor\/campesino-herido-con-guadana-fue-auxiliado-por-soldados-de-desminado\/","url":"https:\/\/luchonoticias.com\/editor\/campesino-herido-con-guadana-fue-auxiliado-por-soldados-de-desminado\/","name":"Campesino herido con guada\u00f1a fue auxiliado por soldados de desminado -","isPartOf":{"@id":"https:\/\/luchonoticias.com\/editor\/#website"},"primaryImageOfPage":{"@id":"https:\/\/luchonoticias.com\/editor\/campesino-herido-con-guadana-fue-auxiliado-por-soldados-de-desminado\/#primaryimage"},"image":{"@id":"https:\/\/luchonoticias.com\/editor\/campesino-herido-con-guadana-fue-auxiliado-por-soldados-de-desminado\/#primaryimage"},"thumbnailUrl":"https:\/\/luchonoticias.com\/wp-content\/uploads\/2023\/01\/WhatsApp-Image-2023-01-25-at-10.56.47-AM-1024x461.jpeg","datePublished":"2023-01-25T18:58:24+00:00","dateModified":"2023-01-25T18:58:26+00:00","breadcrumb":{"@id":"https:\/\/luchonoticias.com\/editor\/campesino-herido-con-guadana-fue-auxiliado-por-soldados-de-desminado\/#breadcrumb"},"inLanguage":"es","potentialAction":[{"@type":"ReadAction","target":["https:\/\/luchonoticias.com\/editor\/campesino-herido-con-guadana-fue-auxiliado-por-soldados-de-desminado\/"]}]},{"@type":"ImageObject","inLanguage":"es","@id":"https:\/\/luchonoticias.com\/editor\/campesino-herido-con-guadana-fue-auxiliado-por-soldados-de-desminado\/#primaryimage","url":"https:\/\/luchonoticias.com\/wp-content\/uploads\/2023\/01\/WhatsApp-Image-2023-01-25-at-10.56.47-AM-1024x461.jpeg","contentUrl":"https:\/\/luchonoticias.com\/wp-content\/uploads\/2023\/01\/WhatsApp-Image-2023-01-25-at-10.56.47-AM-1024x461.jpeg"},{"@type":"BreadcrumbList","@id":"https:\/\/luchonoticias.com\/editor\/campesino-herido-con-guadana-fue-auxiliado-por-soldados-de-desminado\/#breadcrumb","itemListElement":[{"@type":"ListItem","position":1,"name":"Portada","item":"https:\/\/luchonoticias.com\/editor\/"},{"@type":"ListItem","position":2,"name":"Campesino herido con guada\u00f1a fue auxiliado por soldados de desminado"}]},{"@type":"WebSite","@id":"https:\/\/luchonoticias.com\/editor\/#website","url":"https:\/\/luchonoticias.com\/editor\/","name":"","description":"","publisher":{"@id":"https:\/\/luchonoticias.com\/editor\/#\/schema\/person\/7a7fd911f58561fd056dbac7b55af9cd"},"potentialAction":[{"@type":"SearchAction","target":{"@type":"EntryPoint","urlTemplate":"https:\/\/luchonoticias.com\/editor\/?s={search_term_string}"},"query-input":{"@type":"PropertyValueSpecification","valueRequired":true,"valueName":"search_term_string"}}],"inLanguage":"es"},{"@type":["Person","Organization"],"@id":"https:\/\/luchonoticias.com\/editor\/#\/schema\/person\/7a7fd911f58561fd056dbac7b55af9cd","name":"admin","image":{"@type":"ImageObject","inLanguage":"es","@id":"https:\/\/luchonoticias.com\/editor\/#\/schema\/person\/image\/","url":"https:\/\/luchonoticias.com\/editor\/wp-content\/uploads\/2024\/02\/cropped-cropped-logolu.webp","contentUrl":"https:\/\/luchonoticias.com\/editor\/wp-content\/uploads\/2024\/02\/cropped-cropped-logolu.webp","width":382,"height":170,"caption":"admin"},"logo":{"@id":"https:\/\/luchonoticias.com\/editor\/#\/schema\/person\/image\/"},"sameAs":["https:\/\/www.facebook.com\/luchonoticiasneiva"]},{"@type":"Person","@id":"https:\/\/luchonoticias.com\/editor\/#\/schema\/person\/29217990ddf6f14e35912b2866d591fb","name":"Editor General","image":{"@type":"ImageObject","inLanguage":"es","@id":"https:\/\/luchonoticias.com\/editor\/#\/schema\/person\/image\/","url":"https:\/\/luchonoticias.com\/editor\/wp-content\/uploads\/2024\/02\/cropped-cropped-logolu-150x150.webp","contentUrl":"https:\/\/luchonoticias.com\/editor\/wp-content\/uploads\/2024\/02\/cropped-cropped-logolu-150x150.webp","caption":"Editor General"},"sameAs":["https:\/\/luchonoticias.com\/"],"url":"https:\/\/luchonoticias.com\/editor\/author\/editor-general\/"}]}},"_links":{"self":[{"href":"https:\/\/luchonoticias.com\/editor\/wp-json\/wp\/v2\/posts\/44908","targetHints":{"allow":["GET"]}}],"collection":[{"href":"https:\/\/luchonoticias.com\/editor\/wp-json\/wp\/v2\/posts"}],"about":[{"href":"https:\/\/luchonoticias.com\/editor\/wp-json\/wp\/v2\/types\/post"}],"author":[{"embeddable":true,"href":"https:\/\/luchonoticias.com\/editor\/wp-json\/wp\/v2\/users\/2"}],"replies":[{"embeddable":true,"href":"https:\/\/luchonoticias.com\/editor\/wp-json\/wp\/v2\/comments?post=44908"}],"version-history":[{"count":0,"href":"https:\/\/luchonoticias.com\/editor\/wp-json\/wp\/v2\/posts\/44908\/revisions"}],"wp:attachment":[{"href":"https:\/\/luchonoticias.com\/editor\/wp-json\/wp\/v2\/media?parent=44908"}],"wp:term":[{"taxonomy":"category","embeddable":true,"href":"https:\/\/luchonoticias.com\/editor\/wp-json\/wp\/v2\/categories?post=44908"},{"taxonomy":"post_tag","embeddable":true,"href":"https:\/\/luchonoticias.com\/editor\/wp-json\/wp\/v2\/tags?post=44908"}],"curies":[{"name":"wp","href":"https:\/\/api.w.org\/{rel}","templated":true}]}}