{"id":44921,"date":"2023-01-25T14:03:43","date_gmt":"2023-01-25T19:03:43","guid":{"rendered":"https:\/\/luchonoticias.com\/?p=44921"},"modified":"2023-01-25T14:03:44","modified_gmt":"2023-01-25T19:03:44","slug":"siguen-los-operativos-contra-el-hurto-de-vehiculos-en-el-huila","status":"publish","type":"post","link":"https:\/\/luchonoticias.com\/editor\/siguen-los-operativos-contra-el-hurto-de-vehiculos-en-el-huila\/","title":{"rendered":"Siguen los operativos contra el hurto de veh\u00edculos en el Huila"},"content":{"rendered":"\n<p>En los primeros 25 d\u00edas del a\u00f1o, el Departamento de Polic\u00eda Huila ha recuperado 32 motocicletas, 28% m\u00e1s que el a\u00f1o anterior y 6 veh\u00edculos, 50% m\u00e1s que en el mismo periodo de 2022.<\/p>\n\n\n\n<p>Entre tanto,&nbsp; en labores de verificaci\u00f3n a veh\u00edculos y motocicletas por parte de la Seccional de Investigaci\u00f3n Criminal en el municipio de Pitalito, se logr\u00f3 la recuperaci\u00f3n de una motocicleta en inmediaciones del barrio Lara Bonilla, la cual habr\u00eda sido hurtada en capital opita durante los primeros d\u00edas del presente a\u00f1o.<\/p>\n\n\n\n<p>Asi mismo, en el barrio Centro, se inmoviliz\u00f3 un automovil el cual presenta sus sistemas de identificaci\u00f3n alterados. Por esta raz\u00f3n deber\u00e1 ser sometido a un procedimientos de revenido qu\u00edmico por parte de los peritos, para determinar su verdadera procedencia.<\/p>\n\n\n\n<p>Los automotores fueron puestos a disposici\u00f3n de la Fiscal\u00eda General de la Naci\u00f3n para adelantar el respectivo proceso y que sean devueltos a sus propietarios leg\u00edtimos.<\/p>\n\n\n\n<p>Cabe destacar que, en lo corrido del presente a\u00f1o el hurto automotores presenta una disminuci\u00f3n del -100% y a motocicletas del -14%.<\/p>\n","protected":false},"excerpt":{"rendered":"<p>En los primeros 25 d\u00edas del a\u00f1o, el Departamento de Polic\u00eda Huila ha recuperado 32 motocicletas, 28% m\u00e1s que el a\u00f1o anterior y 6 veh\u00edculos, 50% m\u00e1s que en el mismo periodo de 2022. Entre tanto,&nbsp; en labores de verificaci\u00f3n a veh\u00edculos y motocicletas por parte de la Seccional de Investigaci\u00f3n Criminal en el municipio [&hellip;]<\/p>\n","protected":false},"author":2,"featured_media":0,"comment_status":"open","ping_status":"open","sticky":false,"template":"","format":"standard","meta":{"footnotes":""},"categories":[36,29],"tags":[],"class_list":["post-44921","post","type-post","status-publish","format-standard","hentry","category-destacado","category-judicial"],"yoast_head":"<!-- This site is optimized with the Yoast SEO plugin v26.6 - https:\/\/yoast.com\/wordpress\/plugins\/seo\/ -->\n<title>Siguen los operativos contra el hurto de veh\u00edculos en el Huila -<\/title>\n<meta name=\"robots\" content=\"index, follow, max-snippet:-1, max-image-preview:large, max-video-preview:-1\" \/>\n<link rel=\"canonical\" href=\"https:\/\/luchonoticias.com\/editor\/siguen-los-operativos-contra-el-hurto-de-vehiculos-en-el-huila\/\" \/>\n<meta property=\"og:locale\" content=\"es_ES\" \/>\n<meta property=\"og:type\" content=\"article\" \/>\n<meta property=\"og:title\" content=\"Siguen los operativos contra el hurto de veh\u00edculos en el Huila -\" \/>\n<meta property=\"og:url\" content=\"https:\/\/luchonoticias.com\/editor\/siguen-los-operativos-contra-el-hurto-de-vehiculos-en-el-huila\/\" \/>\n<meta property=\"article:publisher\" content=\"https:\/\/www.facebook.com\/luchonoticiasneiva\" \/>\n<meta property=\"article:published_time\" content=\"2023-01-25T19:03:43+00:00\" \/>\n<meta property=\"article:modified_time\" content=\"2023-01-25T19:03:44+00:00\" \/>\n<meta name=\"author\" content=\"Editor General\" \/>\n<meta name=\"twitter:card\" content=\"summary_large_image\" \/>\n<meta name=\"twitter:label1\" content=\"Escrito por\" \/>\n\t<meta name=\"twitter:data1\" content=\"Editor General\" \/>\n\t<meta name=\"twitter:label2\" content=\"Tiempo de lectura\" \/>\n\t<meta name=\"twitter:data2\" content=\"1 minuto\" \/>\n<script type=\"application\/ld+json\" class=\"yoast-schema-graph\">{\"@context\":\"https:\/\/schema.org\",\"@graph\":[{\"@type\":\"Article\",\"@id\":\"https:\/\/luchonoticias.com\/editor\/siguen-los-operativos-contra-el-hurto-de-vehiculos-en-el-huila\/#article\",\"isPartOf\":{\"@id\":\"https:\/\/luchonoticias.com\/editor\/siguen-los-operativos-contra-el-hurto-de-vehiculos-en-el-huila\/\"},\"author\":{\"name\":\"Editor General\",\"@id\":\"https:\/\/luchonoticias.com\/editor\/#\/schema\/person\/29217990ddf6f14e35912b2866d591fb\"},\"headline\":\"Siguen los operativos contra el hurto de veh\u00edculos en el Huila\",\"datePublished\":\"2023-01-25T19:03:43+00:00\",\"dateModified\":\"2023-01-25T19:03:44+00:00\",\"mainEntityOfPage\":{\"@id\":\"https:\/\/luchonoticias.com\/editor\/siguen-los-operativos-contra-el-hurto-de-vehiculos-en-el-huila\/\"},\"wordCount\":203,\"commentCount\":0,\"publisher\":{\"@id\":\"https:\/\/luchonoticias.com\/editor\/#\/schema\/person\/7a7fd911f58561fd056dbac7b55af9cd\"},\"articleSection\":[\"Destacado\",\"Judicial\"],\"inLanguage\":\"es\",\"potentialAction\":[{\"@type\":\"CommentAction\",\"name\":\"Comment\",\"target\":[\"https:\/\/luchonoticias.com\/editor\/siguen-los-operativos-contra-el-hurto-de-vehiculos-en-el-huila\/#respond\"]}]},{\"@type\":\"WebPage\",\"@id\":\"https:\/\/luchonoticias.com\/editor\/siguen-los-operativos-contra-el-hurto-de-vehiculos-en-el-huila\/\",\"url\":\"https:\/\/luchonoticias.com\/editor\/siguen-los-operativos-contra-el-hurto-de-vehiculos-en-el-huila\/\",\"name\":\"Siguen los operativos contra el hurto de veh\u00edculos en el Huila -\",\"isPartOf\":{\"@id\":\"https:\/\/luchonoticias.com\/editor\/#website\"},\"datePublished\":\"2023-01-25T19:03:43+00:00\",\"dateModified\":\"2023-01-25T19:03:44+00:00\",\"breadcrumb\":{\"@id\":\"https:\/\/luchonoticias.com\/editor\/siguen-los-operativos-contra-el-hurto-de-vehiculos-en-el-huila\/#breadcrumb\"},\"inLanguage\":\"es\",\"potentialAction\":[{\"@type\":\"ReadAction\",\"target\":[\"https:\/\/luchonoticias.com\/editor\/siguen-los-operativos-contra-el-hurto-de-vehiculos-en-el-huila\/\"]}]},{\"@type\":\"BreadcrumbList\",\"@id\":\"https:\/\/luchonoticias.com\/editor\/siguen-los-operativos-contra-el-hurto-de-vehiculos-en-el-huila\/#breadcrumb\",\"itemListElement\":[{\"@type\":\"ListItem\",\"position\":1,\"name\":\"Portada\",\"item\":\"https:\/\/luchonoticias.com\/editor\/\"},{\"@type\":\"ListItem\",\"position\":2,\"name\":\"Siguen los operativos contra el hurto de veh\u00edculos en el Huila\"}]},{\"@type\":\"WebSite\",\"@id\":\"https:\/\/luchonoticias.com\/editor\/#website\",\"url\":\"https:\/\/luchonoticias.com\/editor\/\",\"name\":\"\",\"description\":\"\",\"publisher\":{\"@id\":\"https:\/\/luchonoticias.com\/editor\/#\/schema\/person\/7a7fd911f58561fd056dbac7b55af9cd\"},\"potentialAction\":[{\"@type\":\"SearchAction\",\"target\":{\"@type\":\"EntryPoint\",\"urlTemplate\":\"https:\/\/luchonoticias.com\/editor\/?s={search_term_string}\"},\"query-input\":{\"@type\":\"PropertyValueSpecification\",\"valueRequired\":true,\"valueName\":\"search_term_string\"}}],\"inLanguage\":\"es\"},{\"@type\":[\"Person\",\"Organization\"],\"@id\":\"https:\/\/luchonoticias.com\/editor\/#\/schema\/person\/7a7fd911f58561fd056dbac7b55af9cd\",\"name\":\"admin\",\"image\":{\"@type\":\"ImageObject\",\"inLanguage\":\"es\",\"@id\":\"https:\/\/luchonoticias.com\/editor\/#\/schema\/person\/image\/\",\"url\":\"https:\/\/luchonoticias.com\/editor\/wp-content\/uploads\/2024\/02\/cropped-cropped-logolu.webp\",\"contentUrl\":\"https:\/\/luchonoticias.com\/editor\/wp-content\/uploads\/2024\/02\/cropped-cropped-logolu.webp\",\"width\":382,\"height\":170,\"caption\":\"admin\"},\"logo\":{\"@id\":\"https:\/\/luchonoticias.com\/editor\/#\/schema\/person\/image\/\"},\"sameAs\":[\"https:\/\/www.facebook.com\/luchonoticiasneiva\"]},{\"@type\":\"Person\",\"@id\":\"https:\/\/luchonoticias.com\/editor\/#\/schema\/person\/29217990ddf6f14e35912b2866d591fb\",\"name\":\"Editor General\",\"image\":{\"@type\":\"ImageObject\",\"inLanguage\":\"es\",\"@id\":\"https:\/\/luchonoticias.com\/editor\/#\/schema\/person\/image\/\",\"url\":\"https:\/\/luchonoticias.com\/editor\/wp-content\/uploads\/2024\/02\/cropped-cropped-logolu-150x150.webp\",\"contentUrl\":\"https:\/\/luchonoticias.com\/editor\/wp-content\/uploads\/2024\/02\/cropped-cropped-logolu-150x150.webp\",\"caption\":\"Editor General\"},\"sameAs\":[\"https:\/\/luchonoticias.com\/\"],\"url\":\"https:\/\/luchonoticias.com\/editor\/author\/editor-general\/\"}]}<\/script>\n<!-- \/ Yoast SEO plugin. -->","yoast_head_json":{"title":"Siguen los operativos contra el hurto de veh\u00edculos en el Huila -","robots":{"index":"index","follow":"follow","max-snippet":"max-snippet:-1","max-image-preview":"max-image-preview:large","max-video-preview":"max-video-preview:-1"},"canonical":"https:\/\/luchonoticias.com\/editor\/siguen-los-operativos-contra-el-hurto-de-vehiculos-en-el-huila\/","og_locale":"es_ES","og_type":"article","og_title":"Siguen los operativos contra el hurto de veh\u00edculos en el Huila -","og_url":"https:\/\/luchonoticias.com\/editor\/siguen-los-operativos-contra-el-hurto-de-vehiculos-en-el-huila\/","article_publisher":"https:\/\/www.facebook.com\/luchonoticiasneiva","article_published_time":"2023-01-25T19:03:43+00:00","article_modified_time":"2023-01-25T19:03:44+00:00","author":"Editor General","twitter_card":"summary_large_image","twitter_misc":{"Escrito por":"Editor General","Tiempo de lectura":"1 minuto"},"schema":{"@context":"https:\/\/schema.org","@graph":[{"@type":"Article","@id":"https:\/\/luchonoticias.com\/editor\/siguen-los-operativos-contra-el-hurto-de-vehiculos-en-el-huila\/#article","isPartOf":{"@id":"https:\/\/luchonoticias.com\/editor\/siguen-los-operativos-contra-el-hurto-de-vehiculos-en-el-huila\/"},"author":{"name":"Editor General","@id":"https:\/\/luchonoticias.com\/editor\/#\/schema\/person\/29217990ddf6f14e35912b2866d591fb"},"headline":"Siguen los operativos contra el hurto de veh\u00edculos en el Huila","datePublished":"2023-01-25T19:03:43+00:00","dateModified":"2023-01-25T19:03:44+00:00","mainEntityOfPage":{"@id":"https:\/\/luchonoticias.com\/editor\/siguen-los-operativos-contra-el-hurto-de-vehiculos-en-el-huila\/"},"wordCount":203,"commentCount":0,"publisher":{"@id":"https:\/\/luchonoticias.com\/editor\/#\/schema\/person\/7a7fd911f58561fd056dbac7b55af9cd"},"articleSection":["Destacado","Judicial"],"inLanguage":"es","potentialAction":[{"@type":"CommentAction","name":"Comment","target":["https:\/\/luchonoticias.com\/editor\/siguen-los-operativos-contra-el-hurto-de-vehiculos-en-el-huila\/#respond"]}]},{"@type":"WebPage","@id":"https:\/\/luchonoticias.com\/editor\/siguen-los-operativos-contra-el-hurto-de-vehiculos-en-el-huila\/","url":"https:\/\/luchonoticias.com\/editor\/siguen-los-operativos-contra-el-hurto-de-vehiculos-en-el-huila\/","name":"Siguen los operativos contra el hurto de veh\u00edculos en el Huila -","isPartOf":{"@id":"https:\/\/luchonoticias.com\/editor\/#website"},"datePublished":"2023-01-25T19:03:43+00:00","dateModified":"2023-01-25T19:03:44+00:00","breadcrumb":{"@id":"https:\/\/luchonoticias.com\/editor\/siguen-los-operativos-contra-el-hurto-de-vehiculos-en-el-huila\/#breadcrumb"},"inLanguage":"es","potentialAction":[{"@type":"ReadAction","target":["https:\/\/luchonoticias.com\/editor\/siguen-los-operativos-contra-el-hurto-de-vehiculos-en-el-huila\/"]}]},{"@type":"BreadcrumbList","@id":"https:\/\/luchonoticias.com\/editor\/siguen-los-operativos-contra-el-hurto-de-vehiculos-en-el-huila\/#breadcrumb","itemListElement":[{"@type":"ListItem","position":1,"name":"Portada","item":"https:\/\/luchonoticias.com\/editor\/"},{"@type":"ListItem","position":2,"name":"Siguen los operativos contra el hurto de veh\u00edculos en el Huila"}]},{"@type":"WebSite","@id":"https:\/\/luchonoticias.com\/editor\/#website","url":"https:\/\/luchonoticias.com\/editor\/","name":"","description":"","publisher":{"@id":"https:\/\/luchonoticias.com\/editor\/#\/schema\/person\/7a7fd911f58561fd056dbac7b55af9cd"},"potentialAction":[{"@type":"SearchAction","target":{"@type":"EntryPoint","urlTemplate":"https:\/\/luchonoticias.com\/editor\/?s={search_term_string}"},"query-input":{"@type":"PropertyValueSpecification","valueRequired":true,"valueName":"search_term_string"}}],"inLanguage":"es"},{"@type":["Person","Organization"],"@id":"https:\/\/luchonoticias.com\/editor\/#\/schema\/person\/7a7fd911f58561fd056dbac7b55af9cd","name":"admin","image":{"@type":"ImageObject","inLanguage":"es","@id":"https:\/\/luchonoticias.com\/editor\/#\/schema\/person\/image\/","url":"https:\/\/luchonoticias.com\/editor\/wp-content\/uploads\/2024\/02\/cropped-cropped-logolu.webp","contentUrl":"https:\/\/luchonoticias.com\/editor\/wp-content\/uploads\/2024\/02\/cropped-cropped-logolu.webp","width":382,"height":170,"caption":"admin"},"logo":{"@id":"https:\/\/luchonoticias.com\/editor\/#\/schema\/person\/image\/"},"sameAs":["https:\/\/www.facebook.com\/luchonoticiasneiva"]},{"@type":"Person","@id":"https:\/\/luchonoticias.com\/editor\/#\/schema\/person\/29217990ddf6f14e35912b2866d591fb","name":"Editor General","image":{"@type":"ImageObject","inLanguage":"es","@id":"https:\/\/luchonoticias.com\/editor\/#\/schema\/person\/image\/","url":"https:\/\/luchonoticias.com\/editor\/wp-content\/uploads\/2024\/02\/cropped-cropped-logolu-150x150.webp","contentUrl":"https:\/\/luchonoticias.com\/editor\/wp-content\/uploads\/2024\/02\/cropped-cropped-logolu-150x150.webp","caption":"Editor General"},"sameAs":["https:\/\/luchonoticias.com\/"],"url":"https:\/\/luchonoticias.com\/editor\/author\/editor-general\/"}]}},"_links":{"self":[{"href":"https:\/\/luchonoticias.com\/editor\/wp-json\/wp\/v2\/posts\/44921","targetHints":{"allow":["GET"]}}],"collection":[{"href":"https:\/\/luchonoticias.com\/editor\/wp-json\/wp\/v2\/posts"}],"about":[{"href":"https:\/\/luchonoticias.com\/editor\/wp-json\/wp\/v2\/types\/post"}],"author":[{"embeddable":true,"href":"https:\/\/luchonoticias.com\/editor\/wp-json\/wp\/v2\/users\/2"}],"replies":[{"embeddable":true,"href":"https:\/\/luchonoticias.com\/editor\/wp-json\/wp\/v2\/comments?post=44921"}],"version-history":[{"count":0,"href":"https:\/\/luchonoticias.com\/editor\/wp-json\/wp\/v2\/posts\/44921\/revisions"}],"wp:attachment":[{"href":"https:\/\/luchonoticias.com\/editor\/wp-json\/wp\/v2\/media?parent=44921"}],"wp:term":[{"taxonomy":"category","embeddable":true,"href":"https:\/\/luchonoticias.com\/editor\/wp-json\/wp\/v2\/categories?post=44921"},{"taxonomy":"post_tag","embeddable":true,"href":"https:\/\/luchonoticias.com\/editor\/wp-json\/wp\/v2\/tags?post=44921"}],"curies":[{"name":"wp","href":"https:\/\/api.w.org\/{rel}","templated":true}]}}