{"id":44953,"date":"2023-01-26T07:24:16","date_gmt":"2023-01-26T12:24:16","guid":{"rendered":"https:\/\/luchonoticias.com\/?p=44953"},"modified":"2023-01-26T07:24:17","modified_gmt":"2023-01-26T12:24:17","slug":"dos-menores-aprehendidos-por-trafico-de-estupefacientes","status":"publish","type":"post","link":"https:\/\/luchonoticias.com\/editor\/dos-menores-aprehendidos-por-trafico-de-estupefacientes\/","title":{"rendered":"Dos menores aprehendidos por trafico de estupefacientes"},"content":{"rendered":"\n<p>La Polic\u00eda Metropolitana de Neiva, dieron a conocer mediante un comunicado, que en las ultimas horas lograron la aprehensi\u00f3n de dos menores de edad, el cual ten\u00edan en su poder varias cantidades de sustancias alucin\u00f3genas.<\/p>\n\n\n\n<p>El primer operativo, fue llevado en el barrio La Amistad del oriente de la capital huilense, donde unidades adscritas al CAI Palmas, al parecer sorprendieron a un menor de 17 a\u00f1os que tenia en su poder una bolsas cuyo interior tenia varias dosis de bazuco lista para comercializar.<\/p>\n\n\n\n<p>\u201cEn el barrio La Amistad, observan a un sujeto quienes al notar la presencia policial emprende la huida, inmediatamente el cuadrante, es alertado y logran en&nbsp; inmediaciones de la calle 29 con carrera 51 d la aprehensi\u00f3n de un menor de 17 a\u00f1os de edad, a quien mediante registro preventivo se le halla en su poder 25 papeletas de Bazuco listas para ser comercializadas\u201d, indicaron las fuentes oficiales.<\/p>\n\n\n\n<p><strong>Segunda aprehensi\u00f3n<\/strong><\/p>\n\n\n\n<p>&nbsp;La segunda acci\u00f3n policial, fue realizada en inmediaciones del Parque de Los Ni\u00f1os del centro de Neiva. Donde unidades adscritas al CAI Leesburg, sorprendieron a un menor de 16 a\u00f1os que al parecer tenia en su poder 111 dosis de marihuana.<\/p>\n\n\n\n<p>\u201cEn desarrollo de actividades de control y prevenci\u00f3n del delito, en el Parque de los ni\u00f1os, observan a un sujeto quienes al notar la presencia policial emprende la huida, logrando la aprehensi\u00f3n de un menor de 16 a\u00f1os de edad, a quien mediante registro preventivo se le halla en su poder 111 dosis de Marihuana listas para ser comercializadas en este sector\u201d, agregaron las autoridades.<\/p>\n\n\n\n<p>Finalmente, la Polic\u00eda Metropolitana de Neiva, revelaron que los dos mejores fueron dejados a disposici\u00f3n de las autoridades competentes por el delito de Porte, Tr\u00e1fico y Fabricaci\u00f3n de Estupefacientes, donde un juez de menores definir\u00e1 sus situaciones Judiciales.<\/p>\n","protected":false},"excerpt":{"rendered":"<p>La Polic\u00eda Metropolitana de Neiva, dieron a conocer mediante un comunicado, que en las ultimas horas lograron la aprehensi\u00f3n de dos menores de edad, el cual ten\u00edan en su poder varias cantidades de sustancias alucin\u00f3genas. El primer operativo, fue llevado en el barrio La Amistad del oriente de la capital huilense, donde unidades adscritas al [&hellip;]<\/p>\n","protected":false},"author":2,"featured_media":0,"comment_status":"open","ping_status":"open","sticky":false,"template":"","format":"standard","meta":{"footnotes":""},"categories":[36,29],"tags":[],"class_list":["post-44953","post","type-post","status-publish","format-standard","hentry","category-destacado","category-judicial"],"yoast_head":"<!-- This site is optimized with the Yoast SEO plugin v26.6 - https:\/\/yoast.com\/wordpress\/plugins\/seo\/ -->\n<title>Dos menores aprehendidos por trafico de estupefacientes -<\/title>\n<meta name=\"robots\" content=\"index, follow, max-snippet:-1, max-image-preview:large, max-video-preview:-1\" \/>\n<link rel=\"canonical\" href=\"https:\/\/luchonoticias.com\/editor\/dos-menores-aprehendidos-por-trafico-de-estupefacientes\/\" \/>\n<meta property=\"og:locale\" content=\"es_ES\" \/>\n<meta property=\"og:type\" content=\"article\" \/>\n<meta property=\"og:title\" content=\"Dos menores aprehendidos por trafico de estupefacientes -\" \/>\n<meta property=\"og:url\" content=\"https:\/\/luchonoticias.com\/editor\/dos-menores-aprehendidos-por-trafico-de-estupefacientes\/\" \/>\n<meta property=\"article:publisher\" content=\"https:\/\/www.facebook.com\/luchonoticiasneiva\" \/>\n<meta property=\"article:published_time\" content=\"2023-01-26T12:24:16+00:00\" \/>\n<meta property=\"article:modified_time\" content=\"2023-01-26T12:24:17+00:00\" \/>\n<meta name=\"author\" content=\"Editor General\" \/>\n<meta name=\"twitter:card\" content=\"summary_large_image\" \/>\n<meta name=\"twitter:label1\" content=\"Escrito por\" \/>\n\t<meta name=\"twitter:data1\" content=\"Editor General\" \/>\n\t<meta name=\"twitter:label2\" content=\"Tiempo de lectura\" \/>\n\t<meta name=\"twitter:data2\" content=\"2 minutos\" \/>\n<script type=\"application\/ld+json\" class=\"yoast-schema-graph\">{\"@context\":\"https:\/\/schema.org\",\"@graph\":[{\"@type\":\"Article\",\"@id\":\"https:\/\/luchonoticias.com\/editor\/dos-menores-aprehendidos-por-trafico-de-estupefacientes\/#article\",\"isPartOf\":{\"@id\":\"https:\/\/luchonoticias.com\/editor\/dos-menores-aprehendidos-por-trafico-de-estupefacientes\/\"},\"author\":{\"name\":\"Editor General\",\"@id\":\"https:\/\/luchonoticias.com\/editor\/#\/schema\/person\/29217990ddf6f14e35912b2866d591fb\"},\"headline\":\"Dos menores aprehendidos por trafico de estupefacientes\",\"datePublished\":\"2023-01-26T12:24:16+00:00\",\"dateModified\":\"2023-01-26T12:24:17+00:00\",\"mainEntityOfPage\":{\"@id\":\"https:\/\/luchonoticias.com\/editor\/dos-menores-aprehendidos-por-trafico-de-estupefacientes\/\"},\"wordCount\":316,\"commentCount\":0,\"publisher\":{\"@id\":\"https:\/\/luchonoticias.com\/editor\/#\/schema\/person\/7a7fd911f58561fd056dbac7b55af9cd\"},\"articleSection\":[\"Destacado\",\"Judicial\"],\"inLanguage\":\"es\",\"potentialAction\":[{\"@type\":\"CommentAction\",\"name\":\"Comment\",\"target\":[\"https:\/\/luchonoticias.com\/editor\/dos-menores-aprehendidos-por-trafico-de-estupefacientes\/#respond\"]}]},{\"@type\":\"WebPage\",\"@id\":\"https:\/\/luchonoticias.com\/editor\/dos-menores-aprehendidos-por-trafico-de-estupefacientes\/\",\"url\":\"https:\/\/luchonoticias.com\/editor\/dos-menores-aprehendidos-por-trafico-de-estupefacientes\/\",\"name\":\"Dos menores aprehendidos por trafico de estupefacientes -\",\"isPartOf\":{\"@id\":\"https:\/\/luchonoticias.com\/editor\/#website\"},\"datePublished\":\"2023-01-26T12:24:16+00:00\",\"dateModified\":\"2023-01-26T12:24:17+00:00\",\"breadcrumb\":{\"@id\":\"https:\/\/luchonoticias.com\/editor\/dos-menores-aprehendidos-por-trafico-de-estupefacientes\/#breadcrumb\"},\"inLanguage\":\"es\",\"potentialAction\":[{\"@type\":\"ReadAction\",\"target\":[\"https:\/\/luchonoticias.com\/editor\/dos-menores-aprehendidos-por-trafico-de-estupefacientes\/\"]}]},{\"@type\":\"BreadcrumbList\",\"@id\":\"https:\/\/luchonoticias.com\/editor\/dos-menores-aprehendidos-por-trafico-de-estupefacientes\/#breadcrumb\",\"itemListElement\":[{\"@type\":\"ListItem\",\"position\":1,\"name\":\"Portada\",\"item\":\"https:\/\/luchonoticias.com\/editor\/\"},{\"@type\":\"ListItem\",\"position\":2,\"name\":\"Dos menores aprehendidos por trafico de estupefacientes\"}]},{\"@type\":\"WebSite\",\"@id\":\"https:\/\/luchonoticias.com\/editor\/#website\",\"url\":\"https:\/\/luchonoticias.com\/editor\/\",\"name\":\"\",\"description\":\"\",\"publisher\":{\"@id\":\"https:\/\/luchonoticias.com\/editor\/#\/schema\/person\/7a7fd911f58561fd056dbac7b55af9cd\"},\"potentialAction\":[{\"@type\":\"SearchAction\",\"target\":{\"@type\":\"EntryPoint\",\"urlTemplate\":\"https:\/\/luchonoticias.com\/editor\/?s={search_term_string}\"},\"query-input\":{\"@type\":\"PropertyValueSpecification\",\"valueRequired\":true,\"valueName\":\"search_term_string\"}}],\"inLanguage\":\"es\"},{\"@type\":[\"Person\",\"Organization\"],\"@id\":\"https:\/\/luchonoticias.com\/editor\/#\/schema\/person\/7a7fd911f58561fd056dbac7b55af9cd\",\"name\":\"admin\",\"image\":{\"@type\":\"ImageObject\",\"inLanguage\":\"es\",\"@id\":\"https:\/\/luchonoticias.com\/editor\/#\/schema\/person\/image\/\",\"url\":\"https:\/\/luchonoticias.com\/editor\/wp-content\/uploads\/2024\/02\/cropped-cropped-logolu.webp\",\"contentUrl\":\"https:\/\/luchonoticias.com\/editor\/wp-content\/uploads\/2024\/02\/cropped-cropped-logolu.webp\",\"width\":382,\"height\":170,\"caption\":\"admin\"},\"logo\":{\"@id\":\"https:\/\/luchonoticias.com\/editor\/#\/schema\/person\/image\/\"},\"sameAs\":[\"https:\/\/www.facebook.com\/luchonoticiasneiva\"]},{\"@type\":\"Person\",\"@id\":\"https:\/\/luchonoticias.com\/editor\/#\/schema\/person\/29217990ddf6f14e35912b2866d591fb\",\"name\":\"Editor General\",\"image\":{\"@type\":\"ImageObject\",\"inLanguage\":\"es\",\"@id\":\"https:\/\/luchonoticias.com\/editor\/#\/schema\/person\/image\/\",\"url\":\"https:\/\/luchonoticias.com\/editor\/wp-content\/uploads\/2024\/02\/cropped-cropped-logolu-150x150.webp\",\"contentUrl\":\"https:\/\/luchonoticias.com\/editor\/wp-content\/uploads\/2024\/02\/cropped-cropped-logolu-150x150.webp\",\"caption\":\"Editor General\"},\"sameAs\":[\"https:\/\/luchonoticias.com\/\"],\"url\":\"https:\/\/luchonoticias.com\/editor\/author\/editor-general\/\"}]}<\/script>\n<!-- \/ Yoast SEO plugin. -->","yoast_head_json":{"title":"Dos menores aprehendidos por trafico de estupefacientes -","robots":{"index":"index","follow":"follow","max-snippet":"max-snippet:-1","max-image-preview":"max-image-preview:large","max-video-preview":"max-video-preview:-1"},"canonical":"https:\/\/luchonoticias.com\/editor\/dos-menores-aprehendidos-por-trafico-de-estupefacientes\/","og_locale":"es_ES","og_type":"article","og_title":"Dos menores aprehendidos por trafico de estupefacientes -","og_url":"https:\/\/luchonoticias.com\/editor\/dos-menores-aprehendidos-por-trafico-de-estupefacientes\/","article_publisher":"https:\/\/www.facebook.com\/luchonoticiasneiva","article_published_time":"2023-01-26T12:24:16+00:00","article_modified_time":"2023-01-26T12:24:17+00:00","author":"Editor General","twitter_card":"summary_large_image","twitter_misc":{"Escrito por":"Editor General","Tiempo de lectura":"2 minutos"},"schema":{"@context":"https:\/\/schema.org","@graph":[{"@type":"Article","@id":"https:\/\/luchonoticias.com\/editor\/dos-menores-aprehendidos-por-trafico-de-estupefacientes\/#article","isPartOf":{"@id":"https:\/\/luchonoticias.com\/editor\/dos-menores-aprehendidos-por-trafico-de-estupefacientes\/"},"author":{"name":"Editor General","@id":"https:\/\/luchonoticias.com\/editor\/#\/schema\/person\/29217990ddf6f14e35912b2866d591fb"},"headline":"Dos menores aprehendidos por trafico de estupefacientes","datePublished":"2023-01-26T12:24:16+00:00","dateModified":"2023-01-26T12:24:17+00:00","mainEntityOfPage":{"@id":"https:\/\/luchonoticias.com\/editor\/dos-menores-aprehendidos-por-trafico-de-estupefacientes\/"},"wordCount":316,"commentCount":0,"publisher":{"@id":"https:\/\/luchonoticias.com\/editor\/#\/schema\/person\/7a7fd911f58561fd056dbac7b55af9cd"},"articleSection":["Destacado","Judicial"],"inLanguage":"es","potentialAction":[{"@type":"CommentAction","name":"Comment","target":["https:\/\/luchonoticias.com\/editor\/dos-menores-aprehendidos-por-trafico-de-estupefacientes\/#respond"]}]},{"@type":"WebPage","@id":"https:\/\/luchonoticias.com\/editor\/dos-menores-aprehendidos-por-trafico-de-estupefacientes\/","url":"https:\/\/luchonoticias.com\/editor\/dos-menores-aprehendidos-por-trafico-de-estupefacientes\/","name":"Dos menores aprehendidos por trafico de estupefacientes -","isPartOf":{"@id":"https:\/\/luchonoticias.com\/editor\/#website"},"datePublished":"2023-01-26T12:24:16+00:00","dateModified":"2023-01-26T12:24:17+00:00","breadcrumb":{"@id":"https:\/\/luchonoticias.com\/editor\/dos-menores-aprehendidos-por-trafico-de-estupefacientes\/#breadcrumb"},"inLanguage":"es","potentialAction":[{"@type":"ReadAction","target":["https:\/\/luchonoticias.com\/editor\/dos-menores-aprehendidos-por-trafico-de-estupefacientes\/"]}]},{"@type":"BreadcrumbList","@id":"https:\/\/luchonoticias.com\/editor\/dos-menores-aprehendidos-por-trafico-de-estupefacientes\/#breadcrumb","itemListElement":[{"@type":"ListItem","position":1,"name":"Portada","item":"https:\/\/luchonoticias.com\/editor\/"},{"@type":"ListItem","position":2,"name":"Dos menores aprehendidos por trafico de estupefacientes"}]},{"@type":"WebSite","@id":"https:\/\/luchonoticias.com\/editor\/#website","url":"https:\/\/luchonoticias.com\/editor\/","name":"","description":"","publisher":{"@id":"https:\/\/luchonoticias.com\/editor\/#\/schema\/person\/7a7fd911f58561fd056dbac7b55af9cd"},"potentialAction":[{"@type":"SearchAction","target":{"@type":"EntryPoint","urlTemplate":"https:\/\/luchonoticias.com\/editor\/?s={search_term_string}"},"query-input":{"@type":"PropertyValueSpecification","valueRequired":true,"valueName":"search_term_string"}}],"inLanguage":"es"},{"@type":["Person","Organization"],"@id":"https:\/\/luchonoticias.com\/editor\/#\/schema\/person\/7a7fd911f58561fd056dbac7b55af9cd","name":"admin","image":{"@type":"ImageObject","inLanguage":"es","@id":"https:\/\/luchonoticias.com\/editor\/#\/schema\/person\/image\/","url":"https:\/\/luchonoticias.com\/editor\/wp-content\/uploads\/2024\/02\/cropped-cropped-logolu.webp","contentUrl":"https:\/\/luchonoticias.com\/editor\/wp-content\/uploads\/2024\/02\/cropped-cropped-logolu.webp","width":382,"height":170,"caption":"admin"},"logo":{"@id":"https:\/\/luchonoticias.com\/editor\/#\/schema\/person\/image\/"},"sameAs":["https:\/\/www.facebook.com\/luchonoticiasneiva"]},{"@type":"Person","@id":"https:\/\/luchonoticias.com\/editor\/#\/schema\/person\/29217990ddf6f14e35912b2866d591fb","name":"Editor General","image":{"@type":"ImageObject","inLanguage":"es","@id":"https:\/\/luchonoticias.com\/editor\/#\/schema\/person\/image\/","url":"https:\/\/luchonoticias.com\/editor\/wp-content\/uploads\/2024\/02\/cropped-cropped-logolu-150x150.webp","contentUrl":"https:\/\/luchonoticias.com\/editor\/wp-content\/uploads\/2024\/02\/cropped-cropped-logolu-150x150.webp","caption":"Editor General"},"sameAs":["https:\/\/luchonoticias.com\/"],"url":"https:\/\/luchonoticias.com\/editor\/author\/editor-general\/"}]}},"_links":{"self":[{"href":"https:\/\/luchonoticias.com\/editor\/wp-json\/wp\/v2\/posts\/44953","targetHints":{"allow":["GET"]}}],"collection":[{"href":"https:\/\/luchonoticias.com\/editor\/wp-json\/wp\/v2\/posts"}],"about":[{"href":"https:\/\/luchonoticias.com\/editor\/wp-json\/wp\/v2\/types\/post"}],"author":[{"embeddable":true,"href":"https:\/\/luchonoticias.com\/editor\/wp-json\/wp\/v2\/users\/2"}],"replies":[{"embeddable":true,"href":"https:\/\/luchonoticias.com\/editor\/wp-json\/wp\/v2\/comments?post=44953"}],"version-history":[{"count":0,"href":"https:\/\/luchonoticias.com\/editor\/wp-json\/wp\/v2\/posts\/44953\/revisions"}],"wp:attachment":[{"href":"https:\/\/luchonoticias.com\/editor\/wp-json\/wp\/v2\/media?parent=44953"}],"wp:term":[{"taxonomy":"category","embeddable":true,"href":"https:\/\/luchonoticias.com\/editor\/wp-json\/wp\/v2\/categories?post=44953"},{"taxonomy":"post_tag","embeddable":true,"href":"https:\/\/luchonoticias.com\/editor\/wp-json\/wp\/v2\/tags?post=44953"}],"curies":[{"name":"wp","href":"https:\/\/api.w.org\/{rel}","templated":true}]}}