{"id":45073,"date":"2023-01-28T03:54:39","date_gmt":"2023-01-28T08:54:39","guid":{"rendered":"https:\/\/luchonoticias.com\/?p=45073"},"modified":"2023-01-28T03:54:40","modified_gmt":"2023-01-28T08:54:40","slug":"nestle-anuncio-inversion-de-100-millones-de-dolares-en-colombia","status":"publish","type":"post","link":"https:\/\/luchonoticias.com\/editor\/nestle-anuncio-inversion-de-100-millones-de-dolares-en-colombia\/","title":{"rendered":"Nestl\u00e9 anunci\u00f3 inversi\u00f3n de 100 millones de d\u00f3lares en Colombia"},"content":{"rendered":"\n<p>Durante un evento en su f\u00e1brica de Bugalagrande, en compa\u00f1\u00eda del Presidente de la Rep\u00fablica, Gustavo Petro, Nestl\u00e9 anunci\u00f3 que para 2026 invertir\u00e1 $100 millones de d\u00f3lares en Colombia.<\/p>\n\n\n\n<p>Se trata de la materializaci\u00f3n de un acuerdo logrado entre el Gobierno Nacional y Nestl\u00e9, en el marco de la participaci\u00f3n del Presidente Gustavo Petro en la Cumbre del Foro Econ\u00f3mico Mundial de Davos, Suiza.<\/p>\n\n\n\n<p>Con estos recursos, la multinacional espera contribuir a la construcci\u00f3n de una sociedad m\u00e1s pr\u00f3spera, aline\u00e1ndose a las prioridades del Gobierno Nacional en materia de generaci\u00f3n de oportunidades para los j\u00f3venes, construcci\u00f3n de comunidades m\u00e1s pac\u00edficas y la protecci\u00f3n del medioambiente.<\/p>\n\n\n\n<p>Adicionalmente, desde el frente operacional, Nestl\u00e9 buscar\u00e1 ampliar su capacidad de producci\u00f3n, avanzar en materia de transformaci\u00f3n cultural e innovaci\u00f3n, y garantizar la sostenibilidad de su negocio.<\/p>\n\n\n\n<p>La inversi\u00f3n ser\u00e1 distribuida entre las diferentes sociedades en las que Nestl\u00e9 S.A. tiene participaci\u00f3n mayoritaria, lo que le permitir\u00e1 a la compa\u00f1\u00eda localizar los recursos en ciudades como Bugalagrande, Valledupar, Dosquebradas y Mosquera, adem\u00e1s de ampliar el impacto de los programas de Creaci\u00f3n de Valor Compartido que desarrolla a lo largo del pa\u00eds, especialmente en regiones afectadas hist\u00f3ricamente por el conflicto.<\/p>\n\n\n\n<p>Por su parte, el Presidente Gustavo Petro, durante su intervenci\u00f3n, afirm\u00f3: \u2018\u2018Lo que hemos inaugurado es una inversi\u00f3n de 13 millones de d\u00f3lares y un anuncio de 100 millones de d\u00f3lares m\u00e1s. Eso significa, en estos d\u00edas, una demostraci\u00f3n de confianza en Colombia, en su futuro, indudablemente, porque estas inversiones no son de corto plazo; son para permanecer\u2019\u2019.<\/p>\n\n\n\n<p>\u201cEl anuncio de nuestra estrategia de inversi\u00f3n para los pr\u00f3ximos tres a\u00f1os solo tiene un significado: creemos en Colombia y su potencial de desarrollo. Esta decisi\u00f3n nos permitir\u00e1 no solo seguir fortaleciendo nuestro portafolio de productos y la industria, sino que est\u00e1 pensado como una estrategia que trasciende nuestro negocio y que logra alinearse con algunos de los puntos prioritarios del gobierno en materia de empleabilidad juvenil, fomento de los derechos humanos y construcci\u00f3n de comunidades pac\u00edficas, y le apuesta a desarrollar iniciativas concretas para reducir las emisiones contaminantes y cuidar el planeta\u201d, asegur\u00f3 Laurent Freixe, CEO de Nestl\u00e9 para las Am\u00e9ricas.<\/p>\n\n\n\n<p>El plan de inversi\u00f3n de Nestl\u00e9 para los pr\u00f3ximos tres a\u00f1os estar\u00e1 concentrado en tres frentes principales: el aumento de su capacidad de producci\u00f3n, a trav\u00e9s de la inauguraci\u00f3n de 13 nuevas l\u00edneas para las categor\u00edas de mayor demanda; la renovaci\u00f3n de sus tecnolog\u00edas y mejora de procesos para garantizar su sustentabilidad operacional, y finalmente la aceleraci\u00f3n digital, para lo cual ser\u00e1 fundamental avanzar en la transformaci\u00f3n cultural y formaci\u00f3n de su talento, al mismo tiempo que se implementan procesos y herramientas digitales en beneficios de la optimizaci\u00f3n y eficiencia de la compa\u00f1\u00eda.<\/p>\n\n\n\n<p>\u201cEste es el tipo de inversiones que buscamos desde el Ministerio de Comercio, Industria y Turismo y ProColombia para el desarrollo y competitividad de Colombia, aquella que como en el caso de Nestl\u00e9 promueve la innovaci\u00f3n y transferencia tecnol\u00f3gica, para una mayor producci\u00f3n con criterios de innovaci\u00f3n y sostenibilidad,&nbsp; contribuyendo a la generaci\u00f3n de exportaciones con valor agregado y permitiendo el desarrollo de la capacidad humana del pa\u00eds\u201d, se\u00f1ala Carmen Caballero, presidenta de ProColombia.<\/p>\n\n\n\n<p><strong>Inversi\u00f3n por 10 millones de d\u00f3lares en la nueva l\u00ednea de producci\u00f3n de Milo<\/strong><\/p>\n\n\n\n<p>El anuncio se realiz\u00f3 durante la inauguraci\u00f3n de una nueva l\u00ednea de producci\u00f3n de la compa\u00f1\u00eda para su marca MILO, un hito que se convierte en el primer paso de la compa\u00f1\u00eda en su plan de inversi\u00f3n para 2026. Esta nueva l\u00ednea de producci\u00f3n cont\u00f3 con una inversi\u00f3n de $10 millones de d\u00f3lares, que le permitir\u00e1n a la empresa aumentar en un 40 % su capacidad en toneladas producidas e incrementar las exportaciones de este producto en 15%.<\/p>\n\n\n\n<p><strong>Una inversi\u00f3n que responde al prop\u00f3sito de compa\u00f1\u00eda<\/strong><\/p>\n\n\n\n<p>La estrategia de inversi\u00f3n anunciada por la compa\u00f1\u00eda buscar\u00e1 tambi\u00e9n sumar logros a la estrategia de Creaci\u00f3n de Valor Compartido que la empresa viene implementando en el pa\u00eds y que, tan solo en 2021 con su Iniciativa por los J\u00f3venes capacit\u00f3 alrededor de 2.300 personas a trav\u00e9s de diversos programas.<\/p>\n\n\n\n<p>A ello se suma el trabajo que viene desarrollando la multinacional con agricultores y ganaderos, a quienes ha brindado capacitaci\u00f3n para impulsar pr\u00e1cticas sostenibles en materia de agricultura e impulsar la calidad de sus productos. En esta l\u00ednea, con el Plan Nescaf\u00e9 se han beneficiado a 17.000 caficultores de los departamentos de Antioquia, Risaralda, Valle del Cauca y Huila, mientras con el Plan de Fomento Lechero han impactado a 7.000 ganaderos de Antioquia, Cesar y Caquet\u00e1.<\/p>\n","protected":false},"excerpt":{"rendered":"<p>Durante un evento en su f\u00e1brica de Bugalagrande, en compa\u00f1\u00eda del Presidente de la Rep\u00fablica, Gustavo Petro, Nestl\u00e9 anunci\u00f3 que para 2026 invertir\u00e1 $100 millones de d\u00f3lares en Colombia. Se trata de la materializaci\u00f3n de un acuerdo logrado entre el Gobierno Nacional y Nestl\u00e9, en el marco de la participaci\u00f3n del Presidente Gustavo Petro en [&hellip;]<\/p>\n","protected":false},"author":2,"featured_media":0,"comment_status":"open","ping_status":"open","sticky":false,"template":"","format":"standard","meta":{"footnotes":""},"categories":[28,36],"tags":[],"class_list":["post-45073","post","type-post","status-publish","format-standard","hentry","category-actualidad","category-destacado"],"yoast_head":"<!-- This site is optimized with the Yoast SEO plugin v26.6 - https:\/\/yoast.com\/wordpress\/plugins\/seo\/ -->\n<title>Nestl\u00e9 anunci\u00f3 inversi\u00f3n de 100 millones de d\u00f3lares en Colombia -<\/title>\n<meta name=\"robots\" content=\"index, follow, max-snippet:-1, max-image-preview:large, max-video-preview:-1\" \/>\n<link rel=\"canonical\" href=\"https:\/\/luchonoticias.com\/editor\/nestle-anuncio-inversion-de-100-millones-de-dolares-en-colombia\/\" \/>\n<meta property=\"og:locale\" content=\"es_ES\" \/>\n<meta property=\"og:type\" content=\"article\" \/>\n<meta property=\"og:title\" content=\"Nestl\u00e9 anunci\u00f3 inversi\u00f3n de 100 millones de d\u00f3lares en Colombia -\" \/>\n<meta property=\"og:url\" content=\"https:\/\/luchonoticias.com\/editor\/nestle-anuncio-inversion-de-100-millones-de-dolares-en-colombia\/\" \/>\n<meta property=\"article:publisher\" content=\"https:\/\/www.facebook.com\/luchonoticiasneiva\" \/>\n<meta property=\"article:published_time\" content=\"2023-01-28T08:54:39+00:00\" \/>\n<meta property=\"article:modified_time\" content=\"2023-01-28T08:54:40+00:00\" \/>\n<meta name=\"author\" content=\"Editor General\" \/>\n<meta name=\"twitter:card\" content=\"summary_large_image\" \/>\n<meta name=\"twitter:label1\" content=\"Escrito por\" \/>\n\t<meta name=\"twitter:data1\" content=\"Editor General\" \/>\n\t<meta name=\"twitter:label2\" content=\"Tiempo de lectura\" \/>\n\t<meta name=\"twitter:data2\" content=\"4 minutos\" \/>\n<script type=\"application\/ld+json\" class=\"yoast-schema-graph\">{\"@context\":\"https:\/\/schema.org\",\"@graph\":[{\"@type\":\"Article\",\"@id\":\"https:\/\/luchonoticias.com\/editor\/nestle-anuncio-inversion-de-100-millones-de-dolares-en-colombia\/#article\",\"isPartOf\":{\"@id\":\"https:\/\/luchonoticias.com\/editor\/nestle-anuncio-inversion-de-100-millones-de-dolares-en-colombia\/\"},\"author\":{\"name\":\"Editor General\",\"@id\":\"https:\/\/luchonoticias.com\/editor\/#\/schema\/person\/29217990ddf6f14e35912b2866d591fb\"},\"headline\":\"Nestl\u00e9 anunci\u00f3 inversi\u00f3n de 100 millones de d\u00f3lares en Colombia\",\"datePublished\":\"2023-01-28T08:54:39+00:00\",\"dateModified\":\"2023-01-28T08:54:40+00:00\",\"mainEntityOfPage\":{\"@id\":\"https:\/\/luchonoticias.com\/editor\/nestle-anuncio-inversion-de-100-millones-de-dolares-en-colombia\/\"},\"wordCount\":836,\"commentCount\":0,\"publisher\":{\"@id\":\"https:\/\/luchonoticias.com\/editor\/#\/schema\/person\/7a7fd911f58561fd056dbac7b55af9cd\"},\"articleSection\":[\"Actualidad\",\"Destacado\"],\"inLanguage\":\"es\",\"potentialAction\":[{\"@type\":\"CommentAction\",\"name\":\"Comment\",\"target\":[\"https:\/\/luchonoticias.com\/editor\/nestle-anuncio-inversion-de-100-millones-de-dolares-en-colombia\/#respond\"]}]},{\"@type\":\"WebPage\",\"@id\":\"https:\/\/luchonoticias.com\/editor\/nestle-anuncio-inversion-de-100-millones-de-dolares-en-colombia\/\",\"url\":\"https:\/\/luchonoticias.com\/editor\/nestle-anuncio-inversion-de-100-millones-de-dolares-en-colombia\/\",\"name\":\"Nestl\u00e9 anunci\u00f3 inversi\u00f3n de 100 millones de d\u00f3lares en Colombia -\",\"isPartOf\":{\"@id\":\"https:\/\/luchonoticias.com\/editor\/#website\"},\"datePublished\":\"2023-01-28T08:54:39+00:00\",\"dateModified\":\"2023-01-28T08:54:40+00:00\",\"breadcrumb\":{\"@id\":\"https:\/\/luchonoticias.com\/editor\/nestle-anuncio-inversion-de-100-millones-de-dolares-en-colombia\/#breadcrumb\"},\"inLanguage\":\"es\",\"potentialAction\":[{\"@type\":\"ReadAction\",\"target\":[\"https:\/\/luchonoticias.com\/editor\/nestle-anuncio-inversion-de-100-millones-de-dolares-en-colombia\/\"]}]},{\"@type\":\"BreadcrumbList\",\"@id\":\"https:\/\/luchonoticias.com\/editor\/nestle-anuncio-inversion-de-100-millones-de-dolares-en-colombia\/#breadcrumb\",\"itemListElement\":[{\"@type\":\"ListItem\",\"position\":1,\"name\":\"Portada\",\"item\":\"https:\/\/luchonoticias.com\/editor\/\"},{\"@type\":\"ListItem\",\"position\":2,\"name\":\"Nestl\u00e9 anunci\u00f3 inversi\u00f3n de 100 millones de d\u00f3lares en Colombia\"}]},{\"@type\":\"WebSite\",\"@id\":\"https:\/\/luchonoticias.com\/editor\/#website\",\"url\":\"https:\/\/luchonoticias.com\/editor\/\",\"name\":\"\",\"description\":\"\",\"publisher\":{\"@id\":\"https:\/\/luchonoticias.com\/editor\/#\/schema\/person\/7a7fd911f58561fd056dbac7b55af9cd\"},\"potentialAction\":[{\"@type\":\"SearchAction\",\"target\":{\"@type\":\"EntryPoint\",\"urlTemplate\":\"https:\/\/luchonoticias.com\/editor\/?s={search_term_string}\"},\"query-input\":{\"@type\":\"PropertyValueSpecification\",\"valueRequired\":true,\"valueName\":\"search_term_string\"}}],\"inLanguage\":\"es\"},{\"@type\":[\"Person\",\"Organization\"],\"@id\":\"https:\/\/luchonoticias.com\/editor\/#\/schema\/person\/7a7fd911f58561fd056dbac7b55af9cd\",\"name\":\"admin\",\"image\":{\"@type\":\"ImageObject\",\"inLanguage\":\"es\",\"@id\":\"https:\/\/luchonoticias.com\/editor\/#\/schema\/person\/image\/\",\"url\":\"https:\/\/luchonoticias.com\/editor\/wp-content\/uploads\/2024\/02\/cropped-cropped-logolu.webp\",\"contentUrl\":\"https:\/\/luchonoticias.com\/editor\/wp-content\/uploads\/2024\/02\/cropped-cropped-logolu.webp\",\"width\":382,\"height\":170,\"caption\":\"admin\"},\"logo\":{\"@id\":\"https:\/\/luchonoticias.com\/editor\/#\/schema\/person\/image\/\"},\"sameAs\":[\"https:\/\/www.facebook.com\/luchonoticiasneiva\"]},{\"@type\":\"Person\",\"@id\":\"https:\/\/luchonoticias.com\/editor\/#\/schema\/person\/29217990ddf6f14e35912b2866d591fb\",\"name\":\"Editor General\",\"image\":{\"@type\":\"ImageObject\",\"inLanguage\":\"es\",\"@id\":\"https:\/\/luchonoticias.com\/editor\/#\/schema\/person\/image\/\",\"url\":\"https:\/\/luchonoticias.com\/editor\/wp-content\/uploads\/2024\/02\/cropped-cropped-logolu-150x150.webp\",\"contentUrl\":\"https:\/\/luchonoticias.com\/editor\/wp-content\/uploads\/2024\/02\/cropped-cropped-logolu-150x150.webp\",\"caption\":\"Editor General\"},\"sameAs\":[\"https:\/\/luchonoticias.com\/\"],\"url\":\"https:\/\/luchonoticias.com\/editor\/author\/editor-general\/\"}]}<\/script>\n<!-- \/ Yoast SEO plugin. -->","yoast_head_json":{"title":"Nestl\u00e9 anunci\u00f3 inversi\u00f3n de 100 millones de d\u00f3lares en Colombia -","robots":{"index":"index","follow":"follow","max-snippet":"max-snippet:-1","max-image-preview":"max-image-preview:large","max-video-preview":"max-video-preview:-1"},"canonical":"https:\/\/luchonoticias.com\/editor\/nestle-anuncio-inversion-de-100-millones-de-dolares-en-colombia\/","og_locale":"es_ES","og_type":"article","og_title":"Nestl\u00e9 anunci\u00f3 inversi\u00f3n de 100 millones de d\u00f3lares en Colombia -","og_url":"https:\/\/luchonoticias.com\/editor\/nestle-anuncio-inversion-de-100-millones-de-dolares-en-colombia\/","article_publisher":"https:\/\/www.facebook.com\/luchonoticiasneiva","article_published_time":"2023-01-28T08:54:39+00:00","article_modified_time":"2023-01-28T08:54:40+00:00","author":"Editor General","twitter_card":"summary_large_image","twitter_misc":{"Escrito por":"Editor General","Tiempo de lectura":"4 minutos"},"schema":{"@context":"https:\/\/schema.org","@graph":[{"@type":"Article","@id":"https:\/\/luchonoticias.com\/editor\/nestle-anuncio-inversion-de-100-millones-de-dolares-en-colombia\/#article","isPartOf":{"@id":"https:\/\/luchonoticias.com\/editor\/nestle-anuncio-inversion-de-100-millones-de-dolares-en-colombia\/"},"author":{"name":"Editor General","@id":"https:\/\/luchonoticias.com\/editor\/#\/schema\/person\/29217990ddf6f14e35912b2866d591fb"},"headline":"Nestl\u00e9 anunci\u00f3 inversi\u00f3n de 100 millones de d\u00f3lares en Colombia","datePublished":"2023-01-28T08:54:39+00:00","dateModified":"2023-01-28T08:54:40+00:00","mainEntityOfPage":{"@id":"https:\/\/luchonoticias.com\/editor\/nestle-anuncio-inversion-de-100-millones-de-dolares-en-colombia\/"},"wordCount":836,"commentCount":0,"publisher":{"@id":"https:\/\/luchonoticias.com\/editor\/#\/schema\/person\/7a7fd911f58561fd056dbac7b55af9cd"},"articleSection":["Actualidad","Destacado"],"inLanguage":"es","potentialAction":[{"@type":"CommentAction","name":"Comment","target":["https:\/\/luchonoticias.com\/editor\/nestle-anuncio-inversion-de-100-millones-de-dolares-en-colombia\/#respond"]}]},{"@type":"WebPage","@id":"https:\/\/luchonoticias.com\/editor\/nestle-anuncio-inversion-de-100-millones-de-dolares-en-colombia\/","url":"https:\/\/luchonoticias.com\/editor\/nestle-anuncio-inversion-de-100-millones-de-dolares-en-colombia\/","name":"Nestl\u00e9 anunci\u00f3 inversi\u00f3n de 100 millones de d\u00f3lares en Colombia -","isPartOf":{"@id":"https:\/\/luchonoticias.com\/editor\/#website"},"datePublished":"2023-01-28T08:54:39+00:00","dateModified":"2023-01-28T08:54:40+00:00","breadcrumb":{"@id":"https:\/\/luchonoticias.com\/editor\/nestle-anuncio-inversion-de-100-millones-de-dolares-en-colombia\/#breadcrumb"},"inLanguage":"es","potentialAction":[{"@type":"ReadAction","target":["https:\/\/luchonoticias.com\/editor\/nestle-anuncio-inversion-de-100-millones-de-dolares-en-colombia\/"]}]},{"@type":"BreadcrumbList","@id":"https:\/\/luchonoticias.com\/editor\/nestle-anuncio-inversion-de-100-millones-de-dolares-en-colombia\/#breadcrumb","itemListElement":[{"@type":"ListItem","position":1,"name":"Portada","item":"https:\/\/luchonoticias.com\/editor\/"},{"@type":"ListItem","position":2,"name":"Nestl\u00e9 anunci\u00f3 inversi\u00f3n de 100 millones de d\u00f3lares en Colombia"}]},{"@type":"WebSite","@id":"https:\/\/luchonoticias.com\/editor\/#website","url":"https:\/\/luchonoticias.com\/editor\/","name":"","description":"","publisher":{"@id":"https:\/\/luchonoticias.com\/editor\/#\/schema\/person\/7a7fd911f58561fd056dbac7b55af9cd"},"potentialAction":[{"@type":"SearchAction","target":{"@type":"EntryPoint","urlTemplate":"https:\/\/luchonoticias.com\/editor\/?s={search_term_string}"},"query-input":{"@type":"PropertyValueSpecification","valueRequired":true,"valueName":"search_term_string"}}],"inLanguage":"es"},{"@type":["Person","Organization"],"@id":"https:\/\/luchonoticias.com\/editor\/#\/schema\/person\/7a7fd911f58561fd056dbac7b55af9cd","name":"admin","image":{"@type":"ImageObject","inLanguage":"es","@id":"https:\/\/luchonoticias.com\/editor\/#\/schema\/person\/image\/","url":"https:\/\/luchonoticias.com\/editor\/wp-content\/uploads\/2024\/02\/cropped-cropped-logolu.webp","contentUrl":"https:\/\/luchonoticias.com\/editor\/wp-content\/uploads\/2024\/02\/cropped-cropped-logolu.webp","width":382,"height":170,"caption":"admin"},"logo":{"@id":"https:\/\/luchonoticias.com\/editor\/#\/schema\/person\/image\/"},"sameAs":["https:\/\/www.facebook.com\/luchonoticiasneiva"]},{"@type":"Person","@id":"https:\/\/luchonoticias.com\/editor\/#\/schema\/person\/29217990ddf6f14e35912b2866d591fb","name":"Editor General","image":{"@type":"ImageObject","inLanguage":"es","@id":"https:\/\/luchonoticias.com\/editor\/#\/schema\/person\/image\/","url":"https:\/\/luchonoticias.com\/editor\/wp-content\/uploads\/2024\/02\/cropped-cropped-logolu-150x150.webp","contentUrl":"https:\/\/luchonoticias.com\/editor\/wp-content\/uploads\/2024\/02\/cropped-cropped-logolu-150x150.webp","caption":"Editor General"},"sameAs":["https:\/\/luchonoticias.com\/"],"url":"https:\/\/luchonoticias.com\/editor\/author\/editor-general\/"}]}},"_links":{"self":[{"href":"https:\/\/luchonoticias.com\/editor\/wp-json\/wp\/v2\/posts\/45073","targetHints":{"allow":["GET"]}}],"collection":[{"href":"https:\/\/luchonoticias.com\/editor\/wp-json\/wp\/v2\/posts"}],"about":[{"href":"https:\/\/luchonoticias.com\/editor\/wp-json\/wp\/v2\/types\/post"}],"author":[{"embeddable":true,"href":"https:\/\/luchonoticias.com\/editor\/wp-json\/wp\/v2\/users\/2"}],"replies":[{"embeddable":true,"href":"https:\/\/luchonoticias.com\/editor\/wp-json\/wp\/v2\/comments?post=45073"}],"version-history":[{"count":0,"href":"https:\/\/luchonoticias.com\/editor\/wp-json\/wp\/v2\/posts\/45073\/revisions"}],"wp:attachment":[{"href":"https:\/\/luchonoticias.com\/editor\/wp-json\/wp\/v2\/media?parent=45073"}],"wp:term":[{"taxonomy":"category","embeddable":true,"href":"https:\/\/luchonoticias.com\/editor\/wp-json\/wp\/v2\/categories?post=45073"},{"taxonomy":"post_tag","embeddable":true,"href":"https:\/\/luchonoticias.com\/editor\/wp-json\/wp\/v2\/tags?post=45073"}],"curies":[{"name":"wp","href":"https:\/\/api.w.org\/{rel}","templated":true}]}}