{"id":45076,"date":"2023-01-28T04:02:23","date_gmt":"2023-01-28T09:02:23","guid":{"rendered":"https:\/\/luchonoticias.com\/?p=45076"},"modified":"2023-01-28T04:02:24","modified_gmt":"2023-01-28T09:02:24","slug":"aplazada-audiencia-de-aseguramiento-de-john-poulos-presunto-asesino-de-la-dj-valentina-trespalacios","status":"publish","type":"post","link":"https:\/\/luchonoticias.com\/editor\/aplazada-audiencia-de-aseguramiento-de-john-poulos-presunto-asesino-de-la-dj-valentina-trespalacios\/","title":{"rendered":"Aplazada audiencia de aseguramiento de John Poulos, presunto asesino de la DJ Valentina Trespalacios"},"content":{"rendered":"\n<p>Al finalizar la audiencia de imputaci\u00f3n de cargos en contra de John Poulus, el apoderado de las v\u00edctimas, la Fiscal\u00eda y la representante de la Procuradur\u00eda pidieron al juez 59 penal de Bogot\u00e1 aplazar la audiencia de medida de aseguramiento.<\/p>\n\n\n\n<p>El representante de las v\u00edctimas, Miguel \u00c1ngel del R\u00edo Malo, recalc\u00f3 que la audiencia de imputaci\u00f3n de cargos dur\u00f3 m\u00e1s de cinco horas y frente a la siguiente audiencia, pidi\u00f3 suspender la diligencia y reprogramarla, pues esta, seg\u00fan dijo el abogado del R\u00edo, debe ser t\u00e9cnica y rigurosa, y en la que todos los sujetos procesales y los especiales intervinientes deben participar.<\/p>\n\n\n\n<p>El abogado de Poulos tambi\u00e9n argument\u00f3 que \u201ccomo no he tenido el tiempo para comunicarme con la familia de \u00e9l, yo necesito ese tiempo para solicitar algunos documentos respecto de este se\u00f1or\u201d, por lo que se sum\u00f3 a la petici\u00f3n la Procuradur\u00eda de que a la audiencia se le destine un d\u00eda completo, ya que prev\u00e9 que esta tome entre 10 y 15 horas.<\/p>\n\n\n\n<p>Sobre la fecha de la audiencia, el abogado defensor pidi\u00f3 al juez, que esta no se adelante el lunes 30 de enero, como propuso el juez, sino el martes 31 de enero, pues solicit\u00f3 que le permitan hacer \u201cuna visita, yo ir\u00eda con un traductor particular, a la parte donde tengan detenido a mi defendido, si as\u00ed se puede, porque tengo que preparar esa audiencia\u201d.<\/p>\n","protected":false},"excerpt":{"rendered":"<p>Al finalizar la audiencia de imputaci\u00f3n de cargos en contra de John Poulus, el apoderado de las v\u00edctimas, la Fiscal\u00eda y la representante de la Procuradur\u00eda pidieron al juez 59 penal de Bogot\u00e1 aplazar la audiencia de medida de aseguramiento. El representante de las v\u00edctimas, Miguel \u00c1ngel del R\u00edo Malo, recalc\u00f3 que la audiencia de [&hellip;]<\/p>\n","protected":false},"author":2,"featured_media":0,"comment_status":"open","ping_status":"open","sticky":false,"template":"","format":"standard","meta":{"footnotes":""},"categories":[36,29],"tags":[],"class_list":["post-45076","post","type-post","status-publish","format-standard","hentry","category-destacado","category-judicial"],"yoast_head":"<!-- This site is optimized with the Yoast SEO plugin v26.6 - https:\/\/yoast.com\/wordpress\/plugins\/seo\/ -->\n<title>Aplazada audiencia de aseguramiento de John Poulos, presunto asesino de la DJ Valentina Trespalacios -<\/title>\n<meta name=\"robots\" content=\"index, follow, max-snippet:-1, max-image-preview:large, max-video-preview:-1\" \/>\n<link rel=\"canonical\" href=\"https:\/\/luchonoticias.com\/editor\/aplazada-audiencia-de-aseguramiento-de-john-poulos-presunto-asesino-de-la-dj-valentina-trespalacios\/\" \/>\n<meta property=\"og:locale\" content=\"es_ES\" \/>\n<meta property=\"og:type\" content=\"article\" \/>\n<meta property=\"og:title\" content=\"Aplazada audiencia de aseguramiento de John Poulos, presunto asesino de la DJ Valentina Trespalacios -\" \/>\n<meta property=\"og:url\" content=\"https:\/\/luchonoticias.com\/editor\/aplazada-audiencia-de-aseguramiento-de-john-poulos-presunto-asesino-de-la-dj-valentina-trespalacios\/\" \/>\n<meta property=\"article:publisher\" content=\"https:\/\/www.facebook.com\/luchonoticiasneiva\" \/>\n<meta property=\"article:published_time\" content=\"2023-01-28T09:02:23+00:00\" \/>\n<meta property=\"article:modified_time\" content=\"2023-01-28T09:02:24+00:00\" \/>\n<meta name=\"author\" content=\"Editor General\" \/>\n<meta name=\"twitter:card\" content=\"summary_large_image\" \/>\n<meta name=\"twitter:label1\" content=\"Escrito por\" \/>\n\t<meta name=\"twitter:data1\" content=\"Editor General\" \/>\n\t<meta name=\"twitter:label2\" content=\"Tiempo de lectura\" \/>\n\t<meta name=\"twitter:data2\" content=\"1 minuto\" \/>\n<script type=\"application\/ld+json\" class=\"yoast-schema-graph\">{\"@context\":\"https:\/\/schema.org\",\"@graph\":[{\"@type\":\"Article\",\"@id\":\"https:\/\/luchonoticias.com\/editor\/aplazada-audiencia-de-aseguramiento-de-john-poulos-presunto-asesino-de-la-dj-valentina-trespalacios\/#article\",\"isPartOf\":{\"@id\":\"https:\/\/luchonoticias.com\/editor\/aplazada-audiencia-de-aseguramiento-de-john-poulos-presunto-asesino-de-la-dj-valentina-trespalacios\/\"},\"author\":{\"name\":\"Editor General\",\"@id\":\"https:\/\/luchonoticias.com\/editor\/#\/schema\/person\/29217990ddf6f14e35912b2866d591fb\"},\"headline\":\"Aplazada audiencia de aseguramiento de John Poulos, presunto asesino de la DJ Valentina Trespalacios\",\"datePublished\":\"2023-01-28T09:02:23+00:00\",\"dateModified\":\"2023-01-28T09:02:24+00:00\",\"mainEntityOfPage\":{\"@id\":\"https:\/\/luchonoticias.com\/editor\/aplazada-audiencia-de-aseguramiento-de-john-poulos-presunto-asesino-de-la-dj-valentina-trespalacios\/\"},\"wordCount\":257,\"commentCount\":0,\"publisher\":{\"@id\":\"https:\/\/luchonoticias.com\/editor\/#\/schema\/person\/7a7fd911f58561fd056dbac7b55af9cd\"},\"articleSection\":[\"Destacado\",\"Judicial\"],\"inLanguage\":\"es\",\"potentialAction\":[{\"@type\":\"CommentAction\",\"name\":\"Comment\",\"target\":[\"https:\/\/luchonoticias.com\/editor\/aplazada-audiencia-de-aseguramiento-de-john-poulos-presunto-asesino-de-la-dj-valentina-trespalacios\/#respond\"]}]},{\"@type\":\"WebPage\",\"@id\":\"https:\/\/luchonoticias.com\/editor\/aplazada-audiencia-de-aseguramiento-de-john-poulos-presunto-asesino-de-la-dj-valentina-trespalacios\/\",\"url\":\"https:\/\/luchonoticias.com\/editor\/aplazada-audiencia-de-aseguramiento-de-john-poulos-presunto-asesino-de-la-dj-valentina-trespalacios\/\",\"name\":\"Aplazada audiencia de aseguramiento de John Poulos, presunto asesino de la DJ Valentina Trespalacios -\",\"isPartOf\":{\"@id\":\"https:\/\/luchonoticias.com\/editor\/#website\"},\"datePublished\":\"2023-01-28T09:02:23+00:00\",\"dateModified\":\"2023-01-28T09:02:24+00:00\",\"breadcrumb\":{\"@id\":\"https:\/\/luchonoticias.com\/editor\/aplazada-audiencia-de-aseguramiento-de-john-poulos-presunto-asesino-de-la-dj-valentina-trespalacios\/#breadcrumb\"},\"inLanguage\":\"es\",\"potentialAction\":[{\"@type\":\"ReadAction\",\"target\":[\"https:\/\/luchonoticias.com\/editor\/aplazada-audiencia-de-aseguramiento-de-john-poulos-presunto-asesino-de-la-dj-valentina-trespalacios\/\"]}]},{\"@type\":\"BreadcrumbList\",\"@id\":\"https:\/\/luchonoticias.com\/editor\/aplazada-audiencia-de-aseguramiento-de-john-poulos-presunto-asesino-de-la-dj-valentina-trespalacios\/#breadcrumb\",\"itemListElement\":[{\"@type\":\"ListItem\",\"position\":1,\"name\":\"Portada\",\"item\":\"https:\/\/luchonoticias.com\/editor\/\"},{\"@type\":\"ListItem\",\"position\":2,\"name\":\"Aplazada audiencia de aseguramiento de John Poulos, presunto asesino de la DJ Valentina Trespalacios\"}]},{\"@type\":\"WebSite\",\"@id\":\"https:\/\/luchonoticias.com\/editor\/#website\",\"url\":\"https:\/\/luchonoticias.com\/editor\/\",\"name\":\"\",\"description\":\"\",\"publisher\":{\"@id\":\"https:\/\/luchonoticias.com\/editor\/#\/schema\/person\/7a7fd911f58561fd056dbac7b55af9cd\"},\"potentialAction\":[{\"@type\":\"SearchAction\",\"target\":{\"@type\":\"EntryPoint\",\"urlTemplate\":\"https:\/\/luchonoticias.com\/editor\/?s={search_term_string}\"},\"query-input\":{\"@type\":\"PropertyValueSpecification\",\"valueRequired\":true,\"valueName\":\"search_term_string\"}}],\"inLanguage\":\"es\"},{\"@type\":[\"Person\",\"Organization\"],\"@id\":\"https:\/\/luchonoticias.com\/editor\/#\/schema\/person\/7a7fd911f58561fd056dbac7b55af9cd\",\"name\":\"admin\",\"image\":{\"@type\":\"ImageObject\",\"inLanguage\":\"es\",\"@id\":\"https:\/\/luchonoticias.com\/editor\/#\/schema\/person\/image\/\",\"url\":\"https:\/\/luchonoticias.com\/editor\/wp-content\/uploads\/2024\/02\/cropped-cropped-logolu.webp\",\"contentUrl\":\"https:\/\/luchonoticias.com\/editor\/wp-content\/uploads\/2024\/02\/cropped-cropped-logolu.webp\",\"width\":382,\"height\":170,\"caption\":\"admin\"},\"logo\":{\"@id\":\"https:\/\/luchonoticias.com\/editor\/#\/schema\/person\/image\/\"},\"sameAs\":[\"https:\/\/www.facebook.com\/luchonoticiasneiva\"]},{\"@type\":\"Person\",\"@id\":\"https:\/\/luchonoticias.com\/editor\/#\/schema\/person\/29217990ddf6f14e35912b2866d591fb\",\"name\":\"Editor General\",\"image\":{\"@type\":\"ImageObject\",\"inLanguage\":\"es\",\"@id\":\"https:\/\/luchonoticias.com\/editor\/#\/schema\/person\/image\/\",\"url\":\"https:\/\/luchonoticias.com\/editor\/wp-content\/uploads\/2024\/02\/cropped-cropped-logolu-150x150.webp\",\"contentUrl\":\"https:\/\/luchonoticias.com\/editor\/wp-content\/uploads\/2024\/02\/cropped-cropped-logolu-150x150.webp\",\"caption\":\"Editor General\"},\"sameAs\":[\"https:\/\/luchonoticias.com\/\"],\"url\":\"https:\/\/luchonoticias.com\/editor\/author\/editor-general\/\"}]}<\/script>\n<!-- \/ Yoast SEO plugin. -->","yoast_head_json":{"title":"Aplazada audiencia de aseguramiento de John Poulos, presunto asesino de la DJ Valentina Trespalacios -","robots":{"index":"index","follow":"follow","max-snippet":"max-snippet:-1","max-image-preview":"max-image-preview:large","max-video-preview":"max-video-preview:-1"},"canonical":"https:\/\/luchonoticias.com\/editor\/aplazada-audiencia-de-aseguramiento-de-john-poulos-presunto-asesino-de-la-dj-valentina-trespalacios\/","og_locale":"es_ES","og_type":"article","og_title":"Aplazada audiencia de aseguramiento de John Poulos, presunto asesino de la DJ Valentina Trespalacios -","og_url":"https:\/\/luchonoticias.com\/editor\/aplazada-audiencia-de-aseguramiento-de-john-poulos-presunto-asesino-de-la-dj-valentina-trespalacios\/","article_publisher":"https:\/\/www.facebook.com\/luchonoticiasneiva","article_published_time":"2023-01-28T09:02:23+00:00","article_modified_time":"2023-01-28T09:02:24+00:00","author":"Editor General","twitter_card":"summary_large_image","twitter_misc":{"Escrito por":"Editor General","Tiempo de lectura":"1 minuto"},"schema":{"@context":"https:\/\/schema.org","@graph":[{"@type":"Article","@id":"https:\/\/luchonoticias.com\/editor\/aplazada-audiencia-de-aseguramiento-de-john-poulos-presunto-asesino-de-la-dj-valentina-trespalacios\/#article","isPartOf":{"@id":"https:\/\/luchonoticias.com\/editor\/aplazada-audiencia-de-aseguramiento-de-john-poulos-presunto-asesino-de-la-dj-valentina-trespalacios\/"},"author":{"name":"Editor General","@id":"https:\/\/luchonoticias.com\/editor\/#\/schema\/person\/29217990ddf6f14e35912b2866d591fb"},"headline":"Aplazada audiencia de aseguramiento de John Poulos, presunto asesino de la DJ Valentina Trespalacios","datePublished":"2023-01-28T09:02:23+00:00","dateModified":"2023-01-28T09:02:24+00:00","mainEntityOfPage":{"@id":"https:\/\/luchonoticias.com\/editor\/aplazada-audiencia-de-aseguramiento-de-john-poulos-presunto-asesino-de-la-dj-valentina-trespalacios\/"},"wordCount":257,"commentCount":0,"publisher":{"@id":"https:\/\/luchonoticias.com\/editor\/#\/schema\/person\/7a7fd911f58561fd056dbac7b55af9cd"},"articleSection":["Destacado","Judicial"],"inLanguage":"es","potentialAction":[{"@type":"CommentAction","name":"Comment","target":["https:\/\/luchonoticias.com\/editor\/aplazada-audiencia-de-aseguramiento-de-john-poulos-presunto-asesino-de-la-dj-valentina-trespalacios\/#respond"]}]},{"@type":"WebPage","@id":"https:\/\/luchonoticias.com\/editor\/aplazada-audiencia-de-aseguramiento-de-john-poulos-presunto-asesino-de-la-dj-valentina-trespalacios\/","url":"https:\/\/luchonoticias.com\/editor\/aplazada-audiencia-de-aseguramiento-de-john-poulos-presunto-asesino-de-la-dj-valentina-trespalacios\/","name":"Aplazada audiencia de aseguramiento de John Poulos, presunto asesino de la DJ Valentina Trespalacios -","isPartOf":{"@id":"https:\/\/luchonoticias.com\/editor\/#website"},"datePublished":"2023-01-28T09:02:23+00:00","dateModified":"2023-01-28T09:02:24+00:00","breadcrumb":{"@id":"https:\/\/luchonoticias.com\/editor\/aplazada-audiencia-de-aseguramiento-de-john-poulos-presunto-asesino-de-la-dj-valentina-trespalacios\/#breadcrumb"},"inLanguage":"es","potentialAction":[{"@type":"ReadAction","target":["https:\/\/luchonoticias.com\/editor\/aplazada-audiencia-de-aseguramiento-de-john-poulos-presunto-asesino-de-la-dj-valentina-trespalacios\/"]}]},{"@type":"BreadcrumbList","@id":"https:\/\/luchonoticias.com\/editor\/aplazada-audiencia-de-aseguramiento-de-john-poulos-presunto-asesino-de-la-dj-valentina-trespalacios\/#breadcrumb","itemListElement":[{"@type":"ListItem","position":1,"name":"Portada","item":"https:\/\/luchonoticias.com\/editor\/"},{"@type":"ListItem","position":2,"name":"Aplazada audiencia de aseguramiento de John Poulos, presunto asesino de la DJ Valentina Trespalacios"}]},{"@type":"WebSite","@id":"https:\/\/luchonoticias.com\/editor\/#website","url":"https:\/\/luchonoticias.com\/editor\/","name":"","description":"","publisher":{"@id":"https:\/\/luchonoticias.com\/editor\/#\/schema\/person\/7a7fd911f58561fd056dbac7b55af9cd"},"potentialAction":[{"@type":"SearchAction","target":{"@type":"EntryPoint","urlTemplate":"https:\/\/luchonoticias.com\/editor\/?s={search_term_string}"},"query-input":{"@type":"PropertyValueSpecification","valueRequired":true,"valueName":"search_term_string"}}],"inLanguage":"es"},{"@type":["Person","Organization"],"@id":"https:\/\/luchonoticias.com\/editor\/#\/schema\/person\/7a7fd911f58561fd056dbac7b55af9cd","name":"admin","image":{"@type":"ImageObject","inLanguage":"es","@id":"https:\/\/luchonoticias.com\/editor\/#\/schema\/person\/image\/","url":"https:\/\/luchonoticias.com\/editor\/wp-content\/uploads\/2024\/02\/cropped-cropped-logolu.webp","contentUrl":"https:\/\/luchonoticias.com\/editor\/wp-content\/uploads\/2024\/02\/cropped-cropped-logolu.webp","width":382,"height":170,"caption":"admin"},"logo":{"@id":"https:\/\/luchonoticias.com\/editor\/#\/schema\/person\/image\/"},"sameAs":["https:\/\/www.facebook.com\/luchonoticiasneiva"]},{"@type":"Person","@id":"https:\/\/luchonoticias.com\/editor\/#\/schema\/person\/29217990ddf6f14e35912b2866d591fb","name":"Editor General","image":{"@type":"ImageObject","inLanguage":"es","@id":"https:\/\/luchonoticias.com\/editor\/#\/schema\/person\/image\/","url":"https:\/\/luchonoticias.com\/editor\/wp-content\/uploads\/2024\/02\/cropped-cropped-logolu-150x150.webp","contentUrl":"https:\/\/luchonoticias.com\/editor\/wp-content\/uploads\/2024\/02\/cropped-cropped-logolu-150x150.webp","caption":"Editor General"},"sameAs":["https:\/\/luchonoticias.com\/"],"url":"https:\/\/luchonoticias.com\/editor\/author\/editor-general\/"}]}},"_links":{"self":[{"href":"https:\/\/luchonoticias.com\/editor\/wp-json\/wp\/v2\/posts\/45076","targetHints":{"allow":["GET"]}}],"collection":[{"href":"https:\/\/luchonoticias.com\/editor\/wp-json\/wp\/v2\/posts"}],"about":[{"href":"https:\/\/luchonoticias.com\/editor\/wp-json\/wp\/v2\/types\/post"}],"author":[{"embeddable":true,"href":"https:\/\/luchonoticias.com\/editor\/wp-json\/wp\/v2\/users\/2"}],"replies":[{"embeddable":true,"href":"https:\/\/luchonoticias.com\/editor\/wp-json\/wp\/v2\/comments?post=45076"}],"version-history":[{"count":0,"href":"https:\/\/luchonoticias.com\/editor\/wp-json\/wp\/v2\/posts\/45076\/revisions"}],"wp:attachment":[{"href":"https:\/\/luchonoticias.com\/editor\/wp-json\/wp\/v2\/media?parent=45076"}],"wp:term":[{"taxonomy":"category","embeddable":true,"href":"https:\/\/luchonoticias.com\/editor\/wp-json\/wp\/v2\/categories?post=45076"},{"taxonomy":"post_tag","embeddable":true,"href":"https:\/\/luchonoticias.com\/editor\/wp-json\/wp\/v2\/tags?post=45076"}],"curies":[{"name":"wp","href":"https:\/\/api.w.org\/{rel}","templated":true}]}}