{"id":45079,"date":"2023-01-28T04:09:40","date_gmt":"2023-01-28T09:09:40","guid":{"rendered":"https:\/\/luchonoticias.com\/?p=45079"},"modified":"2023-01-28T04:09:41","modified_gmt":"2023-01-28T09:09:41","slug":"petro-advirtio-intentos-de-suicidio-de-tres-voceros-de-paz-no-liberados","status":"publish","type":"post","link":"https:\/\/luchonoticias.com\/editor\/petro-advirtio-intentos-de-suicidio-de-tres-voceros-de-paz-no-liberados\/","title":{"rendered":"Petro advirti\u00f3 intentos de suicidio de tres voceros de paz no liberados"},"content":{"rendered":"\n<p>El jueves 26 de enero, la juez Cuarta Penal Municipal con funciones de Control de Garant\u00edas de Neiva neg\u00f3 la libertad solicitada por el Gobierno nacional para los integrantes de la primera l\u00ednea de Neiva Kevin David Garc\u00eda Mosquera, Edwin Herrera Pimentel, Cristian Andr\u00e9s Reyes Cu\u00e9llar y Andr\u00e9s Felipe Yara Vargas, designados como voceros de paz y como es su costumbre, Gustavo Petro utiliz\u00f3 sus redes sociales para pronunciarse sobre la decisi\u00f3n de la togada de la capital de Huila.<\/p>\n\n\n\n<p>En su trino expuso que tres j\u00f3venes, que no han recibido la libertad para convertirse en voceros de paz, se han intentado suicidar.<\/p>\n\n\n\n<figure class=\"wp-block-image size-full\"><img decoding=\"async\" src=\"https:\/\/luchonoticias.com\/wp-content\/uploads\/2023\/01\/Z7HZFOKUO5EJJCNZP6OSZUJXHA.jpg\" alt=\"\" class=\"wp-image-45081\"\/><\/figure>\n\n\n\n<p>\u201cYa hay tres intentos de suicidio de los j\u00f3venes a quienes les han negado la libertad por presi\u00f3n de autoridades administrativas sobre los jueces. Es muy lamentable. Iremos con un mensaje de urgencia al Congreso para proteger los jueces que ayudan a lograr la paz social\u201d, afirm\u00f3 el presidente en su publicaci\u00f3n.<\/p>\n\n\n\n<p>Aunque el jefe de Estado se abstuvo de revelar los nombres de los j\u00f3venes que se intentaron suicidar, en su trino, se refiri\u00f3 a una persecuci\u00f3n que han recibido los jueces que llevan estos casos por parte de entidades nacionales, para no liberar a j\u00f3venes detenidos en las protestas de 2021.<\/p>\n","protected":false},"excerpt":{"rendered":"<p>El jueves 26 de enero, la juez Cuarta Penal Municipal con funciones de Control de Garant\u00edas de Neiva neg\u00f3 la libertad solicitada por el Gobierno nacional para los integrantes de la primera l\u00ednea de Neiva Kevin David Garc\u00eda Mosquera, Edwin Herrera Pimentel, Cristian Andr\u00e9s Reyes Cu\u00e9llar y Andr\u00e9s Felipe Yara Vargas, designados como voceros de [&hellip;]<\/p>\n","protected":false},"author":2,"featured_media":0,"comment_status":"open","ping_status":"open","sticky":false,"template":"","format":"standard","meta":{"footnotes":""},"categories":[36,32],"tags":[],"class_list":["post-45079","post","type-post","status-publish","format-standard","hentry","category-destacado","category-nacional"],"yoast_head":"<!-- This site is optimized with the Yoast SEO plugin v26.6 - https:\/\/yoast.com\/wordpress\/plugins\/seo\/ -->\n<title>Petro advirti\u00f3 intentos de suicidio de tres voceros de paz no liberados -<\/title>\n<meta name=\"robots\" content=\"index, follow, max-snippet:-1, max-image-preview:large, max-video-preview:-1\" \/>\n<link rel=\"canonical\" href=\"https:\/\/luchonoticias.com\/editor\/petro-advirtio-intentos-de-suicidio-de-tres-voceros-de-paz-no-liberados\/\" \/>\n<meta property=\"og:locale\" content=\"es_ES\" \/>\n<meta property=\"og:type\" content=\"article\" \/>\n<meta property=\"og:title\" content=\"Petro advirti\u00f3 intentos de suicidio de tres voceros de paz no liberados -\" \/>\n<meta property=\"og:url\" content=\"https:\/\/luchonoticias.com\/editor\/petro-advirtio-intentos-de-suicidio-de-tres-voceros-de-paz-no-liberados\/\" \/>\n<meta property=\"article:publisher\" content=\"https:\/\/www.facebook.com\/luchonoticiasneiva\" \/>\n<meta property=\"article:published_time\" content=\"2023-01-28T09:09:40+00:00\" \/>\n<meta property=\"article:modified_time\" content=\"2023-01-28T09:09:41+00:00\" \/>\n<meta property=\"og:image\" content=\"https:\/\/luchonoticias.com\/wp-content\/uploads\/2023\/01\/Z7HZFOKUO5EJJCNZP6OSZUJXHA.jpg\" \/>\n<meta name=\"author\" content=\"Editor General\" \/>\n<meta name=\"twitter:card\" content=\"summary_large_image\" \/>\n<meta name=\"twitter:label1\" content=\"Escrito por\" \/>\n\t<meta name=\"twitter:data1\" content=\"Editor General\" \/>\n\t<meta name=\"twitter:label2\" content=\"Tiempo de lectura\" \/>\n\t<meta name=\"twitter:data2\" content=\"1 minuto\" \/>\n<script type=\"application\/ld+json\" class=\"yoast-schema-graph\">{\"@context\":\"https:\/\/schema.org\",\"@graph\":[{\"@type\":\"Article\",\"@id\":\"https:\/\/luchonoticias.com\/editor\/petro-advirtio-intentos-de-suicidio-de-tres-voceros-de-paz-no-liberados\/#article\",\"isPartOf\":{\"@id\":\"https:\/\/luchonoticias.com\/editor\/petro-advirtio-intentos-de-suicidio-de-tres-voceros-de-paz-no-liberados\/\"},\"author\":{\"name\":\"Editor General\",\"@id\":\"https:\/\/luchonoticias.com\/editor\/#\/schema\/person\/29217990ddf6f14e35912b2866d591fb\"},\"headline\":\"Petro advirti\u00f3 intentos de suicidio de tres voceros de paz no liberados\",\"datePublished\":\"2023-01-28T09:09:40+00:00\",\"dateModified\":\"2023-01-28T09:09:41+00:00\",\"mainEntityOfPage\":{\"@id\":\"https:\/\/luchonoticias.com\/editor\/petro-advirtio-intentos-de-suicidio-de-tres-voceros-de-paz-no-liberados\/\"},\"wordCount\":230,\"commentCount\":0,\"publisher\":{\"@id\":\"https:\/\/luchonoticias.com\/editor\/#\/schema\/person\/7a7fd911f58561fd056dbac7b55af9cd\"},\"image\":{\"@id\":\"https:\/\/luchonoticias.com\/editor\/petro-advirtio-intentos-de-suicidio-de-tres-voceros-de-paz-no-liberados\/#primaryimage\"},\"thumbnailUrl\":\"https:\/\/luchonoticias.com\/wp-content\/uploads\/2023\/01\/Z7HZFOKUO5EJJCNZP6OSZUJXHA.jpg\",\"articleSection\":[\"Destacado\",\"Nacional\"],\"inLanguage\":\"es\",\"potentialAction\":[{\"@type\":\"CommentAction\",\"name\":\"Comment\",\"target\":[\"https:\/\/luchonoticias.com\/editor\/petro-advirtio-intentos-de-suicidio-de-tres-voceros-de-paz-no-liberados\/#respond\"]}]},{\"@type\":\"WebPage\",\"@id\":\"https:\/\/luchonoticias.com\/editor\/petro-advirtio-intentos-de-suicidio-de-tres-voceros-de-paz-no-liberados\/\",\"url\":\"https:\/\/luchonoticias.com\/editor\/petro-advirtio-intentos-de-suicidio-de-tres-voceros-de-paz-no-liberados\/\",\"name\":\"Petro advirti\u00f3 intentos de suicidio de tres voceros de paz no liberados -\",\"isPartOf\":{\"@id\":\"https:\/\/luchonoticias.com\/editor\/#website\"},\"primaryImageOfPage\":{\"@id\":\"https:\/\/luchonoticias.com\/editor\/petro-advirtio-intentos-de-suicidio-de-tres-voceros-de-paz-no-liberados\/#primaryimage\"},\"image\":{\"@id\":\"https:\/\/luchonoticias.com\/editor\/petro-advirtio-intentos-de-suicidio-de-tres-voceros-de-paz-no-liberados\/#primaryimage\"},\"thumbnailUrl\":\"https:\/\/luchonoticias.com\/wp-content\/uploads\/2023\/01\/Z7HZFOKUO5EJJCNZP6OSZUJXHA.jpg\",\"datePublished\":\"2023-01-28T09:09:40+00:00\",\"dateModified\":\"2023-01-28T09:09:41+00:00\",\"breadcrumb\":{\"@id\":\"https:\/\/luchonoticias.com\/editor\/petro-advirtio-intentos-de-suicidio-de-tres-voceros-de-paz-no-liberados\/#breadcrumb\"},\"inLanguage\":\"es\",\"potentialAction\":[{\"@type\":\"ReadAction\",\"target\":[\"https:\/\/luchonoticias.com\/editor\/petro-advirtio-intentos-de-suicidio-de-tres-voceros-de-paz-no-liberados\/\"]}]},{\"@type\":\"ImageObject\",\"inLanguage\":\"es\",\"@id\":\"https:\/\/luchonoticias.com\/editor\/petro-advirtio-intentos-de-suicidio-de-tres-voceros-de-paz-no-liberados\/#primaryimage\",\"url\":\"https:\/\/luchonoticias.com\/wp-content\/uploads\/2023\/01\/Z7HZFOKUO5EJJCNZP6OSZUJXHA.jpg\",\"contentUrl\":\"https:\/\/luchonoticias.com\/wp-content\/uploads\/2023\/01\/Z7HZFOKUO5EJJCNZP6OSZUJXHA.jpg\"},{\"@type\":\"BreadcrumbList\",\"@id\":\"https:\/\/luchonoticias.com\/editor\/petro-advirtio-intentos-de-suicidio-de-tres-voceros-de-paz-no-liberados\/#breadcrumb\",\"itemListElement\":[{\"@type\":\"ListItem\",\"position\":1,\"name\":\"Portada\",\"item\":\"https:\/\/luchonoticias.com\/editor\/\"},{\"@type\":\"ListItem\",\"position\":2,\"name\":\"Petro advirti\u00f3 intentos de suicidio de tres voceros de paz no liberados\"}]},{\"@type\":\"WebSite\",\"@id\":\"https:\/\/luchonoticias.com\/editor\/#website\",\"url\":\"https:\/\/luchonoticias.com\/editor\/\",\"name\":\"\",\"description\":\"\",\"publisher\":{\"@id\":\"https:\/\/luchonoticias.com\/editor\/#\/schema\/person\/7a7fd911f58561fd056dbac7b55af9cd\"},\"potentialAction\":[{\"@type\":\"SearchAction\",\"target\":{\"@type\":\"EntryPoint\",\"urlTemplate\":\"https:\/\/luchonoticias.com\/editor\/?s={search_term_string}\"},\"query-input\":{\"@type\":\"PropertyValueSpecification\",\"valueRequired\":true,\"valueName\":\"search_term_string\"}}],\"inLanguage\":\"es\"},{\"@type\":[\"Person\",\"Organization\"],\"@id\":\"https:\/\/luchonoticias.com\/editor\/#\/schema\/person\/7a7fd911f58561fd056dbac7b55af9cd\",\"name\":\"admin\",\"image\":{\"@type\":\"ImageObject\",\"inLanguage\":\"es\",\"@id\":\"https:\/\/luchonoticias.com\/editor\/#\/schema\/person\/image\/\",\"url\":\"https:\/\/luchonoticias.com\/editor\/wp-content\/uploads\/2024\/02\/cropped-cropped-logolu.webp\",\"contentUrl\":\"https:\/\/luchonoticias.com\/editor\/wp-content\/uploads\/2024\/02\/cropped-cropped-logolu.webp\",\"width\":382,\"height\":170,\"caption\":\"admin\"},\"logo\":{\"@id\":\"https:\/\/luchonoticias.com\/editor\/#\/schema\/person\/image\/\"},\"sameAs\":[\"https:\/\/www.facebook.com\/luchonoticiasneiva\"]},{\"@type\":\"Person\",\"@id\":\"https:\/\/luchonoticias.com\/editor\/#\/schema\/person\/29217990ddf6f14e35912b2866d591fb\",\"name\":\"Editor General\",\"image\":{\"@type\":\"ImageObject\",\"inLanguage\":\"es\",\"@id\":\"https:\/\/luchonoticias.com\/editor\/#\/schema\/person\/image\/\",\"url\":\"https:\/\/luchonoticias.com\/editor\/wp-content\/uploads\/2024\/02\/cropped-cropped-logolu-150x150.webp\",\"contentUrl\":\"https:\/\/luchonoticias.com\/editor\/wp-content\/uploads\/2024\/02\/cropped-cropped-logolu-150x150.webp\",\"caption\":\"Editor General\"},\"sameAs\":[\"https:\/\/luchonoticias.com\/\"],\"url\":\"https:\/\/luchonoticias.com\/editor\/author\/editor-general\/\"}]}<\/script>\n<!-- \/ Yoast SEO plugin. -->","yoast_head_json":{"title":"Petro advirti\u00f3 intentos de suicidio de tres voceros de paz no liberados -","robots":{"index":"index","follow":"follow","max-snippet":"max-snippet:-1","max-image-preview":"max-image-preview:large","max-video-preview":"max-video-preview:-1"},"canonical":"https:\/\/luchonoticias.com\/editor\/petro-advirtio-intentos-de-suicidio-de-tres-voceros-de-paz-no-liberados\/","og_locale":"es_ES","og_type":"article","og_title":"Petro advirti\u00f3 intentos de suicidio de tres voceros de paz no liberados -","og_url":"https:\/\/luchonoticias.com\/editor\/petro-advirtio-intentos-de-suicidio-de-tres-voceros-de-paz-no-liberados\/","article_publisher":"https:\/\/www.facebook.com\/luchonoticiasneiva","article_published_time":"2023-01-28T09:09:40+00:00","article_modified_time":"2023-01-28T09:09:41+00:00","og_image":[{"url":"https:\/\/luchonoticias.com\/wp-content\/uploads\/2023\/01\/Z7HZFOKUO5EJJCNZP6OSZUJXHA.jpg","type":"","width":"","height":""}],"author":"Editor General","twitter_card":"summary_large_image","twitter_misc":{"Escrito por":"Editor General","Tiempo de lectura":"1 minuto"},"schema":{"@context":"https:\/\/schema.org","@graph":[{"@type":"Article","@id":"https:\/\/luchonoticias.com\/editor\/petro-advirtio-intentos-de-suicidio-de-tres-voceros-de-paz-no-liberados\/#article","isPartOf":{"@id":"https:\/\/luchonoticias.com\/editor\/petro-advirtio-intentos-de-suicidio-de-tres-voceros-de-paz-no-liberados\/"},"author":{"name":"Editor General","@id":"https:\/\/luchonoticias.com\/editor\/#\/schema\/person\/29217990ddf6f14e35912b2866d591fb"},"headline":"Petro advirti\u00f3 intentos de suicidio de tres voceros de paz no liberados","datePublished":"2023-01-28T09:09:40+00:00","dateModified":"2023-01-28T09:09:41+00:00","mainEntityOfPage":{"@id":"https:\/\/luchonoticias.com\/editor\/petro-advirtio-intentos-de-suicidio-de-tres-voceros-de-paz-no-liberados\/"},"wordCount":230,"commentCount":0,"publisher":{"@id":"https:\/\/luchonoticias.com\/editor\/#\/schema\/person\/7a7fd911f58561fd056dbac7b55af9cd"},"image":{"@id":"https:\/\/luchonoticias.com\/editor\/petro-advirtio-intentos-de-suicidio-de-tres-voceros-de-paz-no-liberados\/#primaryimage"},"thumbnailUrl":"https:\/\/luchonoticias.com\/wp-content\/uploads\/2023\/01\/Z7HZFOKUO5EJJCNZP6OSZUJXHA.jpg","articleSection":["Destacado","Nacional"],"inLanguage":"es","potentialAction":[{"@type":"CommentAction","name":"Comment","target":["https:\/\/luchonoticias.com\/editor\/petro-advirtio-intentos-de-suicidio-de-tres-voceros-de-paz-no-liberados\/#respond"]}]},{"@type":"WebPage","@id":"https:\/\/luchonoticias.com\/editor\/petro-advirtio-intentos-de-suicidio-de-tres-voceros-de-paz-no-liberados\/","url":"https:\/\/luchonoticias.com\/editor\/petro-advirtio-intentos-de-suicidio-de-tres-voceros-de-paz-no-liberados\/","name":"Petro advirti\u00f3 intentos de suicidio de tres voceros de paz no liberados -","isPartOf":{"@id":"https:\/\/luchonoticias.com\/editor\/#website"},"primaryImageOfPage":{"@id":"https:\/\/luchonoticias.com\/editor\/petro-advirtio-intentos-de-suicidio-de-tres-voceros-de-paz-no-liberados\/#primaryimage"},"image":{"@id":"https:\/\/luchonoticias.com\/editor\/petro-advirtio-intentos-de-suicidio-de-tres-voceros-de-paz-no-liberados\/#primaryimage"},"thumbnailUrl":"https:\/\/luchonoticias.com\/wp-content\/uploads\/2023\/01\/Z7HZFOKUO5EJJCNZP6OSZUJXHA.jpg","datePublished":"2023-01-28T09:09:40+00:00","dateModified":"2023-01-28T09:09:41+00:00","breadcrumb":{"@id":"https:\/\/luchonoticias.com\/editor\/petro-advirtio-intentos-de-suicidio-de-tres-voceros-de-paz-no-liberados\/#breadcrumb"},"inLanguage":"es","potentialAction":[{"@type":"ReadAction","target":["https:\/\/luchonoticias.com\/editor\/petro-advirtio-intentos-de-suicidio-de-tres-voceros-de-paz-no-liberados\/"]}]},{"@type":"ImageObject","inLanguage":"es","@id":"https:\/\/luchonoticias.com\/editor\/petro-advirtio-intentos-de-suicidio-de-tres-voceros-de-paz-no-liberados\/#primaryimage","url":"https:\/\/luchonoticias.com\/wp-content\/uploads\/2023\/01\/Z7HZFOKUO5EJJCNZP6OSZUJXHA.jpg","contentUrl":"https:\/\/luchonoticias.com\/wp-content\/uploads\/2023\/01\/Z7HZFOKUO5EJJCNZP6OSZUJXHA.jpg"},{"@type":"BreadcrumbList","@id":"https:\/\/luchonoticias.com\/editor\/petro-advirtio-intentos-de-suicidio-de-tres-voceros-de-paz-no-liberados\/#breadcrumb","itemListElement":[{"@type":"ListItem","position":1,"name":"Portada","item":"https:\/\/luchonoticias.com\/editor\/"},{"@type":"ListItem","position":2,"name":"Petro advirti\u00f3 intentos de suicidio de tres voceros de paz no liberados"}]},{"@type":"WebSite","@id":"https:\/\/luchonoticias.com\/editor\/#website","url":"https:\/\/luchonoticias.com\/editor\/","name":"","description":"","publisher":{"@id":"https:\/\/luchonoticias.com\/editor\/#\/schema\/person\/7a7fd911f58561fd056dbac7b55af9cd"},"potentialAction":[{"@type":"SearchAction","target":{"@type":"EntryPoint","urlTemplate":"https:\/\/luchonoticias.com\/editor\/?s={search_term_string}"},"query-input":{"@type":"PropertyValueSpecification","valueRequired":true,"valueName":"search_term_string"}}],"inLanguage":"es"},{"@type":["Person","Organization"],"@id":"https:\/\/luchonoticias.com\/editor\/#\/schema\/person\/7a7fd911f58561fd056dbac7b55af9cd","name":"admin","image":{"@type":"ImageObject","inLanguage":"es","@id":"https:\/\/luchonoticias.com\/editor\/#\/schema\/person\/image\/","url":"https:\/\/luchonoticias.com\/editor\/wp-content\/uploads\/2024\/02\/cropped-cropped-logolu.webp","contentUrl":"https:\/\/luchonoticias.com\/editor\/wp-content\/uploads\/2024\/02\/cropped-cropped-logolu.webp","width":382,"height":170,"caption":"admin"},"logo":{"@id":"https:\/\/luchonoticias.com\/editor\/#\/schema\/person\/image\/"},"sameAs":["https:\/\/www.facebook.com\/luchonoticiasneiva"]},{"@type":"Person","@id":"https:\/\/luchonoticias.com\/editor\/#\/schema\/person\/29217990ddf6f14e35912b2866d591fb","name":"Editor General","image":{"@type":"ImageObject","inLanguage":"es","@id":"https:\/\/luchonoticias.com\/editor\/#\/schema\/person\/image\/","url":"https:\/\/luchonoticias.com\/editor\/wp-content\/uploads\/2024\/02\/cropped-cropped-logolu-150x150.webp","contentUrl":"https:\/\/luchonoticias.com\/editor\/wp-content\/uploads\/2024\/02\/cropped-cropped-logolu-150x150.webp","caption":"Editor General"},"sameAs":["https:\/\/luchonoticias.com\/"],"url":"https:\/\/luchonoticias.com\/editor\/author\/editor-general\/"}]}},"_links":{"self":[{"href":"https:\/\/luchonoticias.com\/editor\/wp-json\/wp\/v2\/posts\/45079","targetHints":{"allow":["GET"]}}],"collection":[{"href":"https:\/\/luchonoticias.com\/editor\/wp-json\/wp\/v2\/posts"}],"about":[{"href":"https:\/\/luchonoticias.com\/editor\/wp-json\/wp\/v2\/types\/post"}],"author":[{"embeddable":true,"href":"https:\/\/luchonoticias.com\/editor\/wp-json\/wp\/v2\/users\/2"}],"replies":[{"embeddable":true,"href":"https:\/\/luchonoticias.com\/editor\/wp-json\/wp\/v2\/comments?post=45079"}],"version-history":[{"count":0,"href":"https:\/\/luchonoticias.com\/editor\/wp-json\/wp\/v2\/posts\/45079\/revisions"}],"wp:attachment":[{"href":"https:\/\/luchonoticias.com\/editor\/wp-json\/wp\/v2\/media?parent=45079"}],"wp:term":[{"taxonomy":"category","embeddable":true,"href":"https:\/\/luchonoticias.com\/editor\/wp-json\/wp\/v2\/categories?post=45079"},{"taxonomy":"post_tag","embeddable":true,"href":"https:\/\/luchonoticias.com\/editor\/wp-json\/wp\/v2\/tags?post=45079"}],"curies":[{"name":"wp","href":"https:\/\/api.w.org\/{rel}","templated":true}]}}