{"id":45083,"date":"2023-01-28T04:17:50","date_gmt":"2023-01-28T09:17:50","guid":{"rendered":"https:\/\/luchonoticias.com\/?p=45083"},"modified":"2023-01-28T04:17:51","modified_gmt":"2023-01-28T09:17:51","slug":"asegurada-mujer-al-parecer-por-agredir-con-unas-tijeras-a-su-companero-sentimental","status":"publish","type":"post","link":"https:\/\/luchonoticias.com\/editor\/asegurada-mujer-al-parecer-por-agredir-con-unas-tijeras-a-su-companero-sentimental\/","title":{"rendered":"Asegurada mujer al parecer por agredir con unas tijeras a su compa\u00f1ero sentimental"},"content":{"rendered":"\n<p>La Fiscal\u00eda General de La Naci\u00f3n present\u00f3 ante un juez con funci\u00f3n de control de garant\u00edas a una mujer, al parecer por maltratar f\u00edsica y verbalmente a sus ex compa\u00f1ero sentimental en Neiva.<\/p>\n\n\n\n<p>Seg\u00fan lo revelado por la Fiscal\u00eda, la implicada que es identificada como Maidy Yohana Losada Garz\u00f3n, en el primer caso el 22 y 23 de octubre de 2022 al parecer habr\u00eda agredido con unas tijeras a quien fue su compa\u00f1ero sentimental y adem\u00e1s le da\u00f1\u00f3 su motocicleta.<\/p>\n\n\n\n<p>\u201cEn otra ocasi\u00f3n, el pasado 16 de noviembre la mujer al parecer le cambi\u00f3 las guardas de la chapa de la vivienda del hombre, quien al llegar rompi\u00f3 un vidrio para poder ingresar. La indiciada le habr\u00eda propinado cortaduras son esos vidrios mientras lo amenazaba de muerte\u201d, inform\u00f3 la Fiscal\u00eda en un informe oficial. &nbsp;&nbsp;<\/p>\n\n\n\n<p>Finalmente, se conoci\u00f3 que la captura de Losada Garz\u00f3n la hicieron efectiva uniformados del CTI en conjunto con Ej\u00e9rcito Nacional y Polic\u00eda Nacional en un centro comercial del centro de Neiva y &nbsp;la mujer le fue impuesta medida privativa de la libertad en lugar de domicilio.<\/p>\n\n\n\n<p>.<\/p>\n","protected":false},"excerpt":{"rendered":"<p>La Fiscal\u00eda General de La Naci\u00f3n present\u00f3 ante un juez con funci\u00f3n de control de garant\u00edas a una mujer, al parecer por maltratar f\u00edsica y verbalmente a sus ex compa\u00f1ero sentimental en Neiva. Seg\u00fan lo revelado por la Fiscal\u00eda, la implicada que es identificada como Maidy Yohana Losada Garz\u00f3n, en el primer caso el 22 [&hellip;]<\/p>\n","protected":false},"author":2,"featured_media":0,"comment_status":"open","ping_status":"open","sticky":false,"template":"","format":"standard","meta":{"footnotes":""},"categories":[36,29],"tags":[],"class_list":["post-45083","post","type-post","status-publish","format-standard","hentry","category-destacado","category-judicial"],"yoast_head":"<!-- This site is optimized with the Yoast SEO plugin v26.6 - https:\/\/yoast.com\/wordpress\/plugins\/seo\/ -->\n<title>Asegurada mujer al parecer por agredir con unas tijeras a su compa\u00f1ero sentimental -<\/title>\n<meta name=\"robots\" content=\"index, follow, max-snippet:-1, max-image-preview:large, max-video-preview:-1\" \/>\n<link rel=\"canonical\" href=\"https:\/\/luchonoticias.com\/editor\/asegurada-mujer-al-parecer-por-agredir-con-unas-tijeras-a-su-companero-sentimental\/\" \/>\n<meta property=\"og:locale\" content=\"es_ES\" \/>\n<meta property=\"og:type\" content=\"article\" \/>\n<meta property=\"og:title\" content=\"Asegurada mujer al parecer por agredir con unas tijeras a su compa\u00f1ero sentimental -\" \/>\n<meta property=\"og:url\" content=\"https:\/\/luchonoticias.com\/editor\/asegurada-mujer-al-parecer-por-agredir-con-unas-tijeras-a-su-companero-sentimental\/\" \/>\n<meta property=\"article:publisher\" content=\"https:\/\/www.facebook.com\/luchonoticiasneiva\" \/>\n<meta property=\"article:published_time\" content=\"2023-01-28T09:17:50+00:00\" \/>\n<meta property=\"article:modified_time\" content=\"2023-01-28T09:17:51+00:00\" \/>\n<meta name=\"author\" content=\"Editor General\" \/>\n<meta name=\"twitter:card\" content=\"summary_large_image\" \/>\n<meta name=\"twitter:label1\" content=\"Escrito por\" \/>\n\t<meta name=\"twitter:data1\" content=\"Editor General\" \/>\n\t<meta name=\"twitter:label2\" content=\"Tiempo de lectura\" \/>\n\t<meta name=\"twitter:data2\" content=\"1 minuto\" \/>\n<script type=\"application\/ld+json\" class=\"yoast-schema-graph\">{\"@context\":\"https:\/\/schema.org\",\"@graph\":[{\"@type\":\"Article\",\"@id\":\"https:\/\/luchonoticias.com\/editor\/asegurada-mujer-al-parecer-por-agredir-con-unas-tijeras-a-su-companero-sentimental\/#article\",\"isPartOf\":{\"@id\":\"https:\/\/luchonoticias.com\/editor\/asegurada-mujer-al-parecer-por-agredir-con-unas-tijeras-a-su-companero-sentimental\/\"},\"author\":{\"name\":\"Editor General\",\"@id\":\"https:\/\/luchonoticias.com\/editor\/#\/schema\/person\/29217990ddf6f14e35912b2866d591fb\"},\"headline\":\"Asegurada mujer al parecer por agredir con unas tijeras a su compa\u00f1ero sentimental\",\"datePublished\":\"2023-01-28T09:17:50+00:00\",\"dateModified\":\"2023-01-28T09:17:51+00:00\",\"mainEntityOfPage\":{\"@id\":\"https:\/\/luchonoticias.com\/editor\/asegurada-mujer-al-parecer-por-agredir-con-unas-tijeras-a-su-companero-sentimental\/\"},\"wordCount\":211,\"commentCount\":0,\"publisher\":{\"@id\":\"https:\/\/luchonoticias.com\/editor\/#\/schema\/person\/7a7fd911f58561fd056dbac7b55af9cd\"},\"articleSection\":[\"Destacado\",\"Judicial\"],\"inLanguage\":\"es\",\"potentialAction\":[{\"@type\":\"CommentAction\",\"name\":\"Comment\",\"target\":[\"https:\/\/luchonoticias.com\/editor\/asegurada-mujer-al-parecer-por-agredir-con-unas-tijeras-a-su-companero-sentimental\/#respond\"]}]},{\"@type\":\"WebPage\",\"@id\":\"https:\/\/luchonoticias.com\/editor\/asegurada-mujer-al-parecer-por-agredir-con-unas-tijeras-a-su-companero-sentimental\/\",\"url\":\"https:\/\/luchonoticias.com\/editor\/asegurada-mujer-al-parecer-por-agredir-con-unas-tijeras-a-su-companero-sentimental\/\",\"name\":\"Asegurada mujer al parecer por agredir con unas tijeras a su compa\u00f1ero sentimental -\",\"isPartOf\":{\"@id\":\"https:\/\/luchonoticias.com\/editor\/#website\"},\"datePublished\":\"2023-01-28T09:17:50+00:00\",\"dateModified\":\"2023-01-28T09:17:51+00:00\",\"breadcrumb\":{\"@id\":\"https:\/\/luchonoticias.com\/editor\/asegurada-mujer-al-parecer-por-agredir-con-unas-tijeras-a-su-companero-sentimental\/#breadcrumb\"},\"inLanguage\":\"es\",\"potentialAction\":[{\"@type\":\"ReadAction\",\"target\":[\"https:\/\/luchonoticias.com\/editor\/asegurada-mujer-al-parecer-por-agredir-con-unas-tijeras-a-su-companero-sentimental\/\"]}]},{\"@type\":\"BreadcrumbList\",\"@id\":\"https:\/\/luchonoticias.com\/editor\/asegurada-mujer-al-parecer-por-agredir-con-unas-tijeras-a-su-companero-sentimental\/#breadcrumb\",\"itemListElement\":[{\"@type\":\"ListItem\",\"position\":1,\"name\":\"Portada\",\"item\":\"https:\/\/luchonoticias.com\/editor\/\"},{\"@type\":\"ListItem\",\"position\":2,\"name\":\"Asegurada mujer al parecer por agredir con unas tijeras a su compa\u00f1ero sentimental\"}]},{\"@type\":\"WebSite\",\"@id\":\"https:\/\/luchonoticias.com\/editor\/#website\",\"url\":\"https:\/\/luchonoticias.com\/editor\/\",\"name\":\"\",\"description\":\"\",\"publisher\":{\"@id\":\"https:\/\/luchonoticias.com\/editor\/#\/schema\/person\/7a7fd911f58561fd056dbac7b55af9cd\"},\"potentialAction\":[{\"@type\":\"SearchAction\",\"target\":{\"@type\":\"EntryPoint\",\"urlTemplate\":\"https:\/\/luchonoticias.com\/editor\/?s={search_term_string}\"},\"query-input\":{\"@type\":\"PropertyValueSpecification\",\"valueRequired\":true,\"valueName\":\"search_term_string\"}}],\"inLanguage\":\"es\"},{\"@type\":[\"Person\",\"Organization\"],\"@id\":\"https:\/\/luchonoticias.com\/editor\/#\/schema\/person\/7a7fd911f58561fd056dbac7b55af9cd\",\"name\":\"admin\",\"image\":{\"@type\":\"ImageObject\",\"inLanguage\":\"es\",\"@id\":\"https:\/\/luchonoticias.com\/editor\/#\/schema\/person\/image\/\",\"url\":\"https:\/\/luchonoticias.com\/editor\/wp-content\/uploads\/2024\/02\/cropped-cropped-logolu.webp\",\"contentUrl\":\"https:\/\/luchonoticias.com\/editor\/wp-content\/uploads\/2024\/02\/cropped-cropped-logolu.webp\",\"width\":382,\"height\":170,\"caption\":\"admin\"},\"logo\":{\"@id\":\"https:\/\/luchonoticias.com\/editor\/#\/schema\/person\/image\/\"},\"sameAs\":[\"https:\/\/www.facebook.com\/luchonoticiasneiva\"]},{\"@type\":\"Person\",\"@id\":\"https:\/\/luchonoticias.com\/editor\/#\/schema\/person\/29217990ddf6f14e35912b2866d591fb\",\"name\":\"Editor General\",\"image\":{\"@type\":\"ImageObject\",\"inLanguage\":\"es\",\"@id\":\"https:\/\/luchonoticias.com\/editor\/#\/schema\/person\/image\/\",\"url\":\"https:\/\/luchonoticias.com\/editor\/wp-content\/uploads\/2024\/02\/cropped-cropped-logolu-150x150.webp\",\"contentUrl\":\"https:\/\/luchonoticias.com\/editor\/wp-content\/uploads\/2024\/02\/cropped-cropped-logolu-150x150.webp\",\"caption\":\"Editor General\"},\"sameAs\":[\"https:\/\/luchonoticias.com\/\"],\"url\":\"https:\/\/luchonoticias.com\/editor\/author\/editor-general\/\"}]}<\/script>\n<!-- \/ Yoast SEO plugin. -->","yoast_head_json":{"title":"Asegurada mujer al parecer por agredir con unas tijeras a su compa\u00f1ero sentimental -","robots":{"index":"index","follow":"follow","max-snippet":"max-snippet:-1","max-image-preview":"max-image-preview:large","max-video-preview":"max-video-preview:-1"},"canonical":"https:\/\/luchonoticias.com\/editor\/asegurada-mujer-al-parecer-por-agredir-con-unas-tijeras-a-su-companero-sentimental\/","og_locale":"es_ES","og_type":"article","og_title":"Asegurada mujer al parecer por agredir con unas tijeras a su compa\u00f1ero sentimental -","og_url":"https:\/\/luchonoticias.com\/editor\/asegurada-mujer-al-parecer-por-agredir-con-unas-tijeras-a-su-companero-sentimental\/","article_publisher":"https:\/\/www.facebook.com\/luchonoticiasneiva","article_published_time":"2023-01-28T09:17:50+00:00","article_modified_time":"2023-01-28T09:17:51+00:00","author":"Editor General","twitter_card":"summary_large_image","twitter_misc":{"Escrito por":"Editor General","Tiempo de lectura":"1 minuto"},"schema":{"@context":"https:\/\/schema.org","@graph":[{"@type":"Article","@id":"https:\/\/luchonoticias.com\/editor\/asegurada-mujer-al-parecer-por-agredir-con-unas-tijeras-a-su-companero-sentimental\/#article","isPartOf":{"@id":"https:\/\/luchonoticias.com\/editor\/asegurada-mujer-al-parecer-por-agredir-con-unas-tijeras-a-su-companero-sentimental\/"},"author":{"name":"Editor General","@id":"https:\/\/luchonoticias.com\/editor\/#\/schema\/person\/29217990ddf6f14e35912b2866d591fb"},"headline":"Asegurada mujer al parecer por agredir con unas tijeras a su compa\u00f1ero sentimental","datePublished":"2023-01-28T09:17:50+00:00","dateModified":"2023-01-28T09:17:51+00:00","mainEntityOfPage":{"@id":"https:\/\/luchonoticias.com\/editor\/asegurada-mujer-al-parecer-por-agredir-con-unas-tijeras-a-su-companero-sentimental\/"},"wordCount":211,"commentCount":0,"publisher":{"@id":"https:\/\/luchonoticias.com\/editor\/#\/schema\/person\/7a7fd911f58561fd056dbac7b55af9cd"},"articleSection":["Destacado","Judicial"],"inLanguage":"es","potentialAction":[{"@type":"CommentAction","name":"Comment","target":["https:\/\/luchonoticias.com\/editor\/asegurada-mujer-al-parecer-por-agredir-con-unas-tijeras-a-su-companero-sentimental\/#respond"]}]},{"@type":"WebPage","@id":"https:\/\/luchonoticias.com\/editor\/asegurada-mujer-al-parecer-por-agredir-con-unas-tijeras-a-su-companero-sentimental\/","url":"https:\/\/luchonoticias.com\/editor\/asegurada-mujer-al-parecer-por-agredir-con-unas-tijeras-a-su-companero-sentimental\/","name":"Asegurada mujer al parecer por agredir con unas tijeras a su compa\u00f1ero sentimental -","isPartOf":{"@id":"https:\/\/luchonoticias.com\/editor\/#website"},"datePublished":"2023-01-28T09:17:50+00:00","dateModified":"2023-01-28T09:17:51+00:00","breadcrumb":{"@id":"https:\/\/luchonoticias.com\/editor\/asegurada-mujer-al-parecer-por-agredir-con-unas-tijeras-a-su-companero-sentimental\/#breadcrumb"},"inLanguage":"es","potentialAction":[{"@type":"ReadAction","target":["https:\/\/luchonoticias.com\/editor\/asegurada-mujer-al-parecer-por-agredir-con-unas-tijeras-a-su-companero-sentimental\/"]}]},{"@type":"BreadcrumbList","@id":"https:\/\/luchonoticias.com\/editor\/asegurada-mujer-al-parecer-por-agredir-con-unas-tijeras-a-su-companero-sentimental\/#breadcrumb","itemListElement":[{"@type":"ListItem","position":1,"name":"Portada","item":"https:\/\/luchonoticias.com\/editor\/"},{"@type":"ListItem","position":2,"name":"Asegurada mujer al parecer por agredir con unas tijeras a su compa\u00f1ero sentimental"}]},{"@type":"WebSite","@id":"https:\/\/luchonoticias.com\/editor\/#website","url":"https:\/\/luchonoticias.com\/editor\/","name":"","description":"","publisher":{"@id":"https:\/\/luchonoticias.com\/editor\/#\/schema\/person\/7a7fd911f58561fd056dbac7b55af9cd"},"potentialAction":[{"@type":"SearchAction","target":{"@type":"EntryPoint","urlTemplate":"https:\/\/luchonoticias.com\/editor\/?s={search_term_string}"},"query-input":{"@type":"PropertyValueSpecification","valueRequired":true,"valueName":"search_term_string"}}],"inLanguage":"es"},{"@type":["Person","Organization"],"@id":"https:\/\/luchonoticias.com\/editor\/#\/schema\/person\/7a7fd911f58561fd056dbac7b55af9cd","name":"admin","image":{"@type":"ImageObject","inLanguage":"es","@id":"https:\/\/luchonoticias.com\/editor\/#\/schema\/person\/image\/","url":"https:\/\/luchonoticias.com\/editor\/wp-content\/uploads\/2024\/02\/cropped-cropped-logolu.webp","contentUrl":"https:\/\/luchonoticias.com\/editor\/wp-content\/uploads\/2024\/02\/cropped-cropped-logolu.webp","width":382,"height":170,"caption":"admin"},"logo":{"@id":"https:\/\/luchonoticias.com\/editor\/#\/schema\/person\/image\/"},"sameAs":["https:\/\/www.facebook.com\/luchonoticiasneiva"]},{"@type":"Person","@id":"https:\/\/luchonoticias.com\/editor\/#\/schema\/person\/29217990ddf6f14e35912b2866d591fb","name":"Editor General","image":{"@type":"ImageObject","inLanguage":"es","@id":"https:\/\/luchonoticias.com\/editor\/#\/schema\/person\/image\/","url":"https:\/\/luchonoticias.com\/editor\/wp-content\/uploads\/2024\/02\/cropped-cropped-logolu-150x150.webp","contentUrl":"https:\/\/luchonoticias.com\/editor\/wp-content\/uploads\/2024\/02\/cropped-cropped-logolu-150x150.webp","caption":"Editor General"},"sameAs":["https:\/\/luchonoticias.com\/"],"url":"https:\/\/luchonoticias.com\/editor\/author\/editor-general\/"}]}},"_links":{"self":[{"href":"https:\/\/luchonoticias.com\/editor\/wp-json\/wp\/v2\/posts\/45083","targetHints":{"allow":["GET"]}}],"collection":[{"href":"https:\/\/luchonoticias.com\/editor\/wp-json\/wp\/v2\/posts"}],"about":[{"href":"https:\/\/luchonoticias.com\/editor\/wp-json\/wp\/v2\/types\/post"}],"author":[{"embeddable":true,"href":"https:\/\/luchonoticias.com\/editor\/wp-json\/wp\/v2\/users\/2"}],"replies":[{"embeddable":true,"href":"https:\/\/luchonoticias.com\/editor\/wp-json\/wp\/v2\/comments?post=45083"}],"version-history":[{"count":0,"href":"https:\/\/luchonoticias.com\/editor\/wp-json\/wp\/v2\/posts\/45083\/revisions"}],"wp:attachment":[{"href":"https:\/\/luchonoticias.com\/editor\/wp-json\/wp\/v2\/media?parent=45083"}],"wp:term":[{"taxonomy":"category","embeddable":true,"href":"https:\/\/luchonoticias.com\/editor\/wp-json\/wp\/v2\/categories?post=45083"},{"taxonomy":"post_tag","embeddable":true,"href":"https:\/\/luchonoticias.com\/editor\/wp-json\/wp\/v2\/tags?post=45083"}],"curies":[{"name":"wp","href":"https:\/\/api.w.org\/{rel}","templated":true}]}}