{"id":45091,"date":"2023-01-28T11:10:04","date_gmt":"2023-01-28T16:10:04","guid":{"rendered":"https:\/\/luchonoticias.com\/?p=45091"},"modified":"2023-01-28T11:10:05","modified_gmt":"2023-01-28T16:10:05","slug":"por-el-mal-estado-de-la-via-la-ulloa-a-la-cabanita-pobladores-marcharon-en-la-ruta-neiva-rivera","status":"publish","type":"post","link":"https:\/\/luchonoticias.com\/editor\/por-el-mal-estado-de-la-via-la-ulloa-a-la-cabanita-pobladores-marcharon-en-la-ruta-neiva-rivera\/","title":{"rendered":"Por el mal estado de la v\u00eda La Ulloa a La Caba\u00f1ita, pobladores marcharon en la ruta Neiva \u2013 Rivera"},"content":{"rendered":"\n<p>A causa del p\u00e9simo estado en que se encuentra la v\u00eda que conduce desde el sitio conocido como La Caba\u00f1ita hac\u00eda el centro poblado de La Ulloa, habitantes de este sector, decidieron salir a marchar sobre la Ruta 45 hasta las instalaciones de la \u00a0Alcald\u00eda del municipio de Rivera, sur del Huila, como exigencia a la actual administraci\u00f3n municipal, para un pronto un arreglo definitivo.<\/p>\n\n\n\n<p>Seg\u00fan lo denunciado por los afectados, la situaci\u00f3n sobre su carretera es compleja, ya que cada vez que llueve, ese tramo se convierte en una trocha intransitable, hasta el punto de que las autoridades policiales y bomberiles tienen que intervenir para que los residentes puedan ingresar o salir de sus residencias.<\/p>\n\n\n\n<figure class=\"wp-block-gallery has-nested-images columns-default is-cropped wp-block-gallery-1 is-layout-flex wp-block-gallery-is-layout-flex\">\n<figure class=\"wp-block-image size-large\"><img decoding=\"async\" data-id=\"45093\" src=\"https:\/\/luchonoticias.com\/wp-content\/uploads\/2023\/01\/327970523_2482549581910032_6455078271239674723_n-1024x576.jpg\" alt=\"\" class=\"wp-image-45093\"\/><\/figure>\n\n\n\n<figure class=\"wp-block-image size-large\"><img decoding=\"async\" data-id=\"45094\" src=\"https:\/\/luchonoticias.com\/wp-content\/uploads\/2023\/01\/326802916_565998615439734_1570927458077310940_n-1024x576.jpg\" alt=\"\" class=\"wp-image-45094\"\/><\/figure>\n\n\n\n<figure class=\"wp-block-image size-large\"><img decoding=\"async\" data-id=\"45095\" src=\"https:\/\/luchonoticias.com\/wp-content\/uploads\/2023\/01\/327947001_1489019311508138_5121986055170878997_n-1024x576.jpg\" alt=\"\" class=\"wp-image-45095\"\/><\/figure>\n<\/figure>\n\n\n\n<p>Asimismo, entre las peticiones realizadas por los marchantes, esta la de un mejoramiento en el alumbrado p\u00fablico, ya que, a causa de la poca luminosidad en el sector, los hechos delincuenciales se han aumentado.<\/p>\n\n\n\n<p>Finalmente, motivo a la movilizaci\u00f3n, la ruta 45 que conduce de Neiva a los municipios del sur del Huila, estuvo colapsada hasta las horas del mediod\u00eda de hoy 28 de enero.<\/p>\n","protected":false},"excerpt":{"rendered":"<p>A causa del p\u00e9simo estado en que se encuentra la v\u00eda que conduce desde el sitio conocido como La Caba\u00f1ita hac\u00eda el centro poblado de La Ulloa, habitantes de este sector, decidieron salir a marchar sobre la Ruta 45 hasta las instalaciones de la \u00a0Alcald\u00eda del municipio de Rivera, sur del Huila, como exigencia a [&hellip;]<\/p>\n","protected":false},"author":2,"featured_media":0,"comment_status":"open","ping_status":"open","sticky":false,"template":"","format":"standard","meta":{"footnotes":""},"categories":[3961,36],"tags":[],"class_list":["post-45091","post","type-post","status-publish","format-standard","hentry","category-comunidad","category-destacado"],"yoast_head":"<!-- This site is optimized with the Yoast SEO plugin v26.6 - https:\/\/yoast.com\/wordpress\/plugins\/seo\/ -->\n<title>Por el mal estado de la v\u00eda La Ulloa a La Caba\u00f1ita, pobladores marcharon en la ruta Neiva \u2013 Rivera -<\/title>\n<meta name=\"robots\" content=\"index, follow, max-snippet:-1, max-image-preview:large, max-video-preview:-1\" \/>\n<link rel=\"canonical\" href=\"https:\/\/luchonoticias.com\/editor\/por-el-mal-estado-de-la-via-la-ulloa-a-la-cabanita-pobladores-marcharon-en-la-ruta-neiva-rivera\/\" \/>\n<meta property=\"og:locale\" content=\"es_ES\" \/>\n<meta property=\"og:type\" content=\"article\" \/>\n<meta property=\"og:title\" content=\"Por el mal estado de la v\u00eda La Ulloa a La Caba\u00f1ita, pobladores marcharon en la ruta Neiva \u2013 Rivera -\" \/>\n<meta property=\"og:url\" content=\"https:\/\/luchonoticias.com\/editor\/por-el-mal-estado-de-la-via-la-ulloa-a-la-cabanita-pobladores-marcharon-en-la-ruta-neiva-rivera\/\" \/>\n<meta property=\"article:publisher\" content=\"https:\/\/www.facebook.com\/luchonoticiasneiva\" \/>\n<meta property=\"article:published_time\" content=\"2023-01-28T16:10:04+00:00\" \/>\n<meta property=\"article:modified_time\" content=\"2023-01-28T16:10:05+00:00\" \/>\n<meta property=\"og:image\" content=\"https:\/\/luchonoticias.com\/wp-content\/uploads\/2023\/01\/327970523_2482549581910032_6455078271239674723_n-1024x576.jpg\" \/>\n<meta name=\"author\" content=\"Editor General\" \/>\n<meta name=\"twitter:card\" content=\"summary_large_image\" \/>\n<meta name=\"twitter:label1\" content=\"Escrito por\" \/>\n\t<meta name=\"twitter:data1\" content=\"Editor General\" \/>\n\t<meta name=\"twitter:label2\" content=\"Tiempo de lectura\" \/>\n\t<meta name=\"twitter:data2\" content=\"1 minuto\" \/>\n<script type=\"application\/ld+json\" class=\"yoast-schema-graph\">{\"@context\":\"https:\/\/schema.org\",\"@graph\":[{\"@type\":\"Article\",\"@id\":\"https:\/\/luchonoticias.com\/editor\/por-el-mal-estado-de-la-via-la-ulloa-a-la-cabanita-pobladores-marcharon-en-la-ruta-neiva-rivera\/#article\",\"isPartOf\":{\"@id\":\"https:\/\/luchonoticias.com\/editor\/por-el-mal-estado-de-la-via-la-ulloa-a-la-cabanita-pobladores-marcharon-en-la-ruta-neiva-rivera\/\"},\"author\":{\"name\":\"Editor General\",\"@id\":\"https:\/\/luchonoticias.com\/editor\/#\/schema\/person\/29217990ddf6f14e35912b2866d591fb\"},\"headline\":\"Por el mal estado de la v\u00eda La Ulloa a La Caba\u00f1ita, pobladores marcharon en la ruta Neiva \u2013 Rivera\",\"datePublished\":\"2023-01-28T16:10:04+00:00\",\"dateModified\":\"2023-01-28T16:10:05+00:00\",\"mainEntityOfPage\":{\"@id\":\"https:\/\/luchonoticias.com\/editor\/por-el-mal-estado-de-la-via-la-ulloa-a-la-cabanita-pobladores-marcharon-en-la-ruta-neiva-rivera\/\"},\"wordCount\":210,\"commentCount\":0,\"publisher\":{\"@id\":\"https:\/\/luchonoticias.com\/editor\/#\/schema\/person\/7a7fd911f58561fd056dbac7b55af9cd\"},\"image\":{\"@id\":\"https:\/\/luchonoticias.com\/editor\/por-el-mal-estado-de-la-via-la-ulloa-a-la-cabanita-pobladores-marcharon-en-la-ruta-neiva-rivera\/#primaryimage\"},\"thumbnailUrl\":\"https:\/\/luchonoticias.com\/wp-content\/uploads\/2023\/01\/327970523_2482549581910032_6455078271239674723_n-1024x576.jpg\",\"articleSection\":[\"Comunidad\",\"Destacado\"],\"inLanguage\":\"es\",\"potentialAction\":[{\"@type\":\"CommentAction\",\"name\":\"Comment\",\"target\":[\"https:\/\/luchonoticias.com\/editor\/por-el-mal-estado-de-la-via-la-ulloa-a-la-cabanita-pobladores-marcharon-en-la-ruta-neiva-rivera\/#respond\"]}]},{\"@type\":\"WebPage\",\"@id\":\"https:\/\/luchonoticias.com\/editor\/por-el-mal-estado-de-la-via-la-ulloa-a-la-cabanita-pobladores-marcharon-en-la-ruta-neiva-rivera\/\",\"url\":\"https:\/\/luchonoticias.com\/editor\/por-el-mal-estado-de-la-via-la-ulloa-a-la-cabanita-pobladores-marcharon-en-la-ruta-neiva-rivera\/\",\"name\":\"Por el mal estado de la v\u00eda La Ulloa a La Caba\u00f1ita, pobladores marcharon en la ruta Neiva \u2013 Rivera -\",\"isPartOf\":{\"@id\":\"https:\/\/luchonoticias.com\/editor\/#website\"},\"primaryImageOfPage\":{\"@id\":\"https:\/\/luchonoticias.com\/editor\/por-el-mal-estado-de-la-via-la-ulloa-a-la-cabanita-pobladores-marcharon-en-la-ruta-neiva-rivera\/#primaryimage\"},\"image\":{\"@id\":\"https:\/\/luchonoticias.com\/editor\/por-el-mal-estado-de-la-via-la-ulloa-a-la-cabanita-pobladores-marcharon-en-la-ruta-neiva-rivera\/#primaryimage\"},\"thumbnailUrl\":\"https:\/\/luchonoticias.com\/wp-content\/uploads\/2023\/01\/327970523_2482549581910032_6455078271239674723_n-1024x576.jpg\",\"datePublished\":\"2023-01-28T16:10:04+00:00\",\"dateModified\":\"2023-01-28T16:10:05+00:00\",\"breadcrumb\":{\"@id\":\"https:\/\/luchonoticias.com\/editor\/por-el-mal-estado-de-la-via-la-ulloa-a-la-cabanita-pobladores-marcharon-en-la-ruta-neiva-rivera\/#breadcrumb\"},\"inLanguage\":\"es\",\"potentialAction\":[{\"@type\":\"ReadAction\",\"target\":[\"https:\/\/luchonoticias.com\/editor\/por-el-mal-estado-de-la-via-la-ulloa-a-la-cabanita-pobladores-marcharon-en-la-ruta-neiva-rivera\/\"]}]},{\"@type\":\"ImageObject\",\"inLanguage\":\"es\",\"@id\":\"https:\/\/luchonoticias.com\/editor\/por-el-mal-estado-de-la-via-la-ulloa-a-la-cabanita-pobladores-marcharon-en-la-ruta-neiva-rivera\/#primaryimage\",\"url\":\"https:\/\/luchonoticias.com\/wp-content\/uploads\/2023\/01\/327970523_2482549581910032_6455078271239674723_n-1024x576.jpg\",\"contentUrl\":\"https:\/\/luchonoticias.com\/wp-content\/uploads\/2023\/01\/327970523_2482549581910032_6455078271239674723_n-1024x576.jpg\"},{\"@type\":\"BreadcrumbList\",\"@id\":\"https:\/\/luchonoticias.com\/editor\/por-el-mal-estado-de-la-via-la-ulloa-a-la-cabanita-pobladores-marcharon-en-la-ruta-neiva-rivera\/#breadcrumb\",\"itemListElement\":[{\"@type\":\"ListItem\",\"position\":1,\"name\":\"Portada\",\"item\":\"https:\/\/luchonoticias.com\/editor\/\"},{\"@type\":\"ListItem\",\"position\":2,\"name\":\"Por el mal estado de la v\u00eda La Ulloa a La Caba\u00f1ita, pobladores marcharon en la ruta Neiva \u2013 Rivera\"}]},{\"@type\":\"WebSite\",\"@id\":\"https:\/\/luchonoticias.com\/editor\/#website\",\"url\":\"https:\/\/luchonoticias.com\/editor\/\",\"name\":\"\",\"description\":\"\",\"publisher\":{\"@id\":\"https:\/\/luchonoticias.com\/editor\/#\/schema\/person\/7a7fd911f58561fd056dbac7b55af9cd\"},\"potentialAction\":[{\"@type\":\"SearchAction\",\"target\":{\"@type\":\"EntryPoint\",\"urlTemplate\":\"https:\/\/luchonoticias.com\/editor\/?s={search_term_string}\"},\"query-input\":{\"@type\":\"PropertyValueSpecification\",\"valueRequired\":true,\"valueName\":\"search_term_string\"}}],\"inLanguage\":\"es\"},{\"@type\":[\"Person\",\"Organization\"],\"@id\":\"https:\/\/luchonoticias.com\/editor\/#\/schema\/person\/7a7fd911f58561fd056dbac7b55af9cd\",\"name\":\"admin\",\"image\":{\"@type\":\"ImageObject\",\"inLanguage\":\"es\",\"@id\":\"https:\/\/luchonoticias.com\/editor\/#\/schema\/person\/image\/\",\"url\":\"https:\/\/luchonoticias.com\/editor\/wp-content\/uploads\/2024\/02\/cropped-cropped-logolu.webp\",\"contentUrl\":\"https:\/\/luchonoticias.com\/editor\/wp-content\/uploads\/2024\/02\/cropped-cropped-logolu.webp\",\"width\":382,\"height\":170,\"caption\":\"admin\"},\"logo\":{\"@id\":\"https:\/\/luchonoticias.com\/editor\/#\/schema\/person\/image\/\"},\"sameAs\":[\"https:\/\/www.facebook.com\/luchonoticiasneiva\"]},{\"@type\":\"Person\",\"@id\":\"https:\/\/luchonoticias.com\/editor\/#\/schema\/person\/29217990ddf6f14e35912b2866d591fb\",\"name\":\"Editor General\",\"image\":{\"@type\":\"ImageObject\",\"inLanguage\":\"es\",\"@id\":\"https:\/\/luchonoticias.com\/editor\/#\/schema\/person\/image\/\",\"url\":\"https:\/\/luchonoticias.com\/editor\/wp-content\/uploads\/2024\/02\/cropped-cropped-logolu-150x150.webp\",\"contentUrl\":\"https:\/\/luchonoticias.com\/editor\/wp-content\/uploads\/2024\/02\/cropped-cropped-logolu-150x150.webp\",\"caption\":\"Editor General\"},\"sameAs\":[\"https:\/\/luchonoticias.com\/\"],\"url\":\"https:\/\/luchonoticias.com\/editor\/author\/editor-general\/\"}]}<\/script>\n<!-- \/ Yoast SEO plugin. -->","yoast_head_json":{"title":"Por el mal estado de la v\u00eda La Ulloa a La Caba\u00f1ita, pobladores marcharon en la ruta Neiva \u2013 Rivera -","robots":{"index":"index","follow":"follow","max-snippet":"max-snippet:-1","max-image-preview":"max-image-preview:large","max-video-preview":"max-video-preview:-1"},"canonical":"https:\/\/luchonoticias.com\/editor\/por-el-mal-estado-de-la-via-la-ulloa-a-la-cabanita-pobladores-marcharon-en-la-ruta-neiva-rivera\/","og_locale":"es_ES","og_type":"article","og_title":"Por el mal estado de la v\u00eda La Ulloa a La Caba\u00f1ita, pobladores marcharon en la ruta Neiva \u2013 Rivera -","og_url":"https:\/\/luchonoticias.com\/editor\/por-el-mal-estado-de-la-via-la-ulloa-a-la-cabanita-pobladores-marcharon-en-la-ruta-neiva-rivera\/","article_publisher":"https:\/\/www.facebook.com\/luchonoticiasneiva","article_published_time":"2023-01-28T16:10:04+00:00","article_modified_time":"2023-01-28T16:10:05+00:00","og_image":[{"url":"https:\/\/luchonoticias.com\/wp-content\/uploads\/2023\/01\/327970523_2482549581910032_6455078271239674723_n-1024x576.jpg","type":"","width":"","height":""}],"author":"Editor General","twitter_card":"summary_large_image","twitter_misc":{"Escrito por":"Editor General","Tiempo de lectura":"1 minuto"},"schema":{"@context":"https:\/\/schema.org","@graph":[{"@type":"Article","@id":"https:\/\/luchonoticias.com\/editor\/por-el-mal-estado-de-la-via-la-ulloa-a-la-cabanita-pobladores-marcharon-en-la-ruta-neiva-rivera\/#article","isPartOf":{"@id":"https:\/\/luchonoticias.com\/editor\/por-el-mal-estado-de-la-via-la-ulloa-a-la-cabanita-pobladores-marcharon-en-la-ruta-neiva-rivera\/"},"author":{"name":"Editor General","@id":"https:\/\/luchonoticias.com\/editor\/#\/schema\/person\/29217990ddf6f14e35912b2866d591fb"},"headline":"Por el mal estado de la v\u00eda La Ulloa a La Caba\u00f1ita, pobladores marcharon en la ruta Neiva \u2013 Rivera","datePublished":"2023-01-28T16:10:04+00:00","dateModified":"2023-01-28T16:10:05+00:00","mainEntityOfPage":{"@id":"https:\/\/luchonoticias.com\/editor\/por-el-mal-estado-de-la-via-la-ulloa-a-la-cabanita-pobladores-marcharon-en-la-ruta-neiva-rivera\/"},"wordCount":210,"commentCount":0,"publisher":{"@id":"https:\/\/luchonoticias.com\/editor\/#\/schema\/person\/7a7fd911f58561fd056dbac7b55af9cd"},"image":{"@id":"https:\/\/luchonoticias.com\/editor\/por-el-mal-estado-de-la-via-la-ulloa-a-la-cabanita-pobladores-marcharon-en-la-ruta-neiva-rivera\/#primaryimage"},"thumbnailUrl":"https:\/\/luchonoticias.com\/wp-content\/uploads\/2023\/01\/327970523_2482549581910032_6455078271239674723_n-1024x576.jpg","articleSection":["Comunidad","Destacado"],"inLanguage":"es","potentialAction":[{"@type":"CommentAction","name":"Comment","target":["https:\/\/luchonoticias.com\/editor\/por-el-mal-estado-de-la-via-la-ulloa-a-la-cabanita-pobladores-marcharon-en-la-ruta-neiva-rivera\/#respond"]}]},{"@type":"WebPage","@id":"https:\/\/luchonoticias.com\/editor\/por-el-mal-estado-de-la-via-la-ulloa-a-la-cabanita-pobladores-marcharon-en-la-ruta-neiva-rivera\/","url":"https:\/\/luchonoticias.com\/editor\/por-el-mal-estado-de-la-via-la-ulloa-a-la-cabanita-pobladores-marcharon-en-la-ruta-neiva-rivera\/","name":"Por el mal estado de la v\u00eda La Ulloa a La Caba\u00f1ita, pobladores marcharon en la ruta Neiva \u2013 Rivera -","isPartOf":{"@id":"https:\/\/luchonoticias.com\/editor\/#website"},"primaryImageOfPage":{"@id":"https:\/\/luchonoticias.com\/editor\/por-el-mal-estado-de-la-via-la-ulloa-a-la-cabanita-pobladores-marcharon-en-la-ruta-neiva-rivera\/#primaryimage"},"image":{"@id":"https:\/\/luchonoticias.com\/editor\/por-el-mal-estado-de-la-via-la-ulloa-a-la-cabanita-pobladores-marcharon-en-la-ruta-neiva-rivera\/#primaryimage"},"thumbnailUrl":"https:\/\/luchonoticias.com\/wp-content\/uploads\/2023\/01\/327970523_2482549581910032_6455078271239674723_n-1024x576.jpg","datePublished":"2023-01-28T16:10:04+00:00","dateModified":"2023-01-28T16:10:05+00:00","breadcrumb":{"@id":"https:\/\/luchonoticias.com\/editor\/por-el-mal-estado-de-la-via-la-ulloa-a-la-cabanita-pobladores-marcharon-en-la-ruta-neiva-rivera\/#breadcrumb"},"inLanguage":"es","potentialAction":[{"@type":"ReadAction","target":["https:\/\/luchonoticias.com\/editor\/por-el-mal-estado-de-la-via-la-ulloa-a-la-cabanita-pobladores-marcharon-en-la-ruta-neiva-rivera\/"]}]},{"@type":"ImageObject","inLanguage":"es","@id":"https:\/\/luchonoticias.com\/editor\/por-el-mal-estado-de-la-via-la-ulloa-a-la-cabanita-pobladores-marcharon-en-la-ruta-neiva-rivera\/#primaryimage","url":"https:\/\/luchonoticias.com\/wp-content\/uploads\/2023\/01\/327970523_2482549581910032_6455078271239674723_n-1024x576.jpg","contentUrl":"https:\/\/luchonoticias.com\/wp-content\/uploads\/2023\/01\/327970523_2482549581910032_6455078271239674723_n-1024x576.jpg"},{"@type":"BreadcrumbList","@id":"https:\/\/luchonoticias.com\/editor\/por-el-mal-estado-de-la-via-la-ulloa-a-la-cabanita-pobladores-marcharon-en-la-ruta-neiva-rivera\/#breadcrumb","itemListElement":[{"@type":"ListItem","position":1,"name":"Portada","item":"https:\/\/luchonoticias.com\/editor\/"},{"@type":"ListItem","position":2,"name":"Por el mal estado de la v\u00eda La Ulloa a La Caba\u00f1ita, pobladores marcharon en la ruta Neiva \u2013 Rivera"}]},{"@type":"WebSite","@id":"https:\/\/luchonoticias.com\/editor\/#website","url":"https:\/\/luchonoticias.com\/editor\/","name":"","description":"","publisher":{"@id":"https:\/\/luchonoticias.com\/editor\/#\/schema\/person\/7a7fd911f58561fd056dbac7b55af9cd"},"potentialAction":[{"@type":"SearchAction","target":{"@type":"EntryPoint","urlTemplate":"https:\/\/luchonoticias.com\/editor\/?s={search_term_string}"},"query-input":{"@type":"PropertyValueSpecification","valueRequired":true,"valueName":"search_term_string"}}],"inLanguage":"es"},{"@type":["Person","Organization"],"@id":"https:\/\/luchonoticias.com\/editor\/#\/schema\/person\/7a7fd911f58561fd056dbac7b55af9cd","name":"admin","image":{"@type":"ImageObject","inLanguage":"es","@id":"https:\/\/luchonoticias.com\/editor\/#\/schema\/person\/image\/","url":"https:\/\/luchonoticias.com\/editor\/wp-content\/uploads\/2024\/02\/cropped-cropped-logolu.webp","contentUrl":"https:\/\/luchonoticias.com\/editor\/wp-content\/uploads\/2024\/02\/cropped-cropped-logolu.webp","width":382,"height":170,"caption":"admin"},"logo":{"@id":"https:\/\/luchonoticias.com\/editor\/#\/schema\/person\/image\/"},"sameAs":["https:\/\/www.facebook.com\/luchonoticiasneiva"]},{"@type":"Person","@id":"https:\/\/luchonoticias.com\/editor\/#\/schema\/person\/29217990ddf6f14e35912b2866d591fb","name":"Editor General","image":{"@type":"ImageObject","inLanguage":"es","@id":"https:\/\/luchonoticias.com\/editor\/#\/schema\/person\/image\/","url":"https:\/\/luchonoticias.com\/editor\/wp-content\/uploads\/2024\/02\/cropped-cropped-logolu-150x150.webp","contentUrl":"https:\/\/luchonoticias.com\/editor\/wp-content\/uploads\/2024\/02\/cropped-cropped-logolu-150x150.webp","caption":"Editor General"},"sameAs":["https:\/\/luchonoticias.com\/"],"url":"https:\/\/luchonoticias.com\/editor\/author\/editor-general\/"}]}},"_links":{"self":[{"href":"https:\/\/luchonoticias.com\/editor\/wp-json\/wp\/v2\/posts\/45091","targetHints":{"allow":["GET"]}}],"collection":[{"href":"https:\/\/luchonoticias.com\/editor\/wp-json\/wp\/v2\/posts"}],"about":[{"href":"https:\/\/luchonoticias.com\/editor\/wp-json\/wp\/v2\/types\/post"}],"author":[{"embeddable":true,"href":"https:\/\/luchonoticias.com\/editor\/wp-json\/wp\/v2\/users\/2"}],"replies":[{"embeddable":true,"href":"https:\/\/luchonoticias.com\/editor\/wp-json\/wp\/v2\/comments?post=45091"}],"version-history":[{"count":0,"href":"https:\/\/luchonoticias.com\/editor\/wp-json\/wp\/v2\/posts\/45091\/revisions"}],"wp:attachment":[{"href":"https:\/\/luchonoticias.com\/editor\/wp-json\/wp\/v2\/media?parent=45091"}],"wp:term":[{"taxonomy":"category","embeddable":true,"href":"https:\/\/luchonoticias.com\/editor\/wp-json\/wp\/v2\/categories?post=45091"},{"taxonomy":"post_tag","embeddable":true,"href":"https:\/\/luchonoticias.com\/editor\/wp-json\/wp\/v2\/tags?post=45091"}],"curies":[{"name":"wp","href":"https:\/\/api.w.org\/{rel}","templated":true}]}}