{"id":45097,"date":"2023-01-28T14:00:01","date_gmt":"2023-01-28T19:00:01","guid":{"rendered":"https:\/\/luchonoticias.com\/?p=45097"},"modified":"2023-01-28T14:00:02","modified_gmt":"2023-01-28T19:00:02","slug":"sin-vida-fue-encontrado-oswaldo-cubillos-pajoy","status":"publish","type":"post","link":"https:\/\/luchonoticias.com\/editor\/sin-vida-fue-encontrado-oswaldo-cubillos-pajoy\/","title":{"rendered":"Sin vida fue encontrado Oswaldo Cubillos Pajoy"},"content":{"rendered":"\n<p>Las autoridades huilenses, confirmaron el hallazgo del cuerpo de Oswaldo Cubillos Pajoy de 22 a\u00f1os, quien desapareci\u00f3 desde el pasado 20 de enero cuando venia del municipio de Baraya a la capital huilense a encontrarse con una mujer con quien al aparecer sosten\u00eda una relaci\u00f3n sentimental.<\/p>\n\n\n\n<p>Seg\u00fan las informaciones oficiales, el Gaula del Ej\u00e9rcito con el apoyo del CTI de la Fiscal\u00eda encontraron el cuerpo sin vida del joven en el sector conocido como Paso Ancho del corregimiento Rio Las Ceibas, jurisdicci\u00f3n la capital huilense.<\/p>\n\n\n\n<p>Finalmente, las autoridades hicieron el respectivo levantamiento del cuerpo y comenzaron con la investigaci\u00f3n para esclarecer el hecho que hoy deja en luto a la familia Cubillos Pajoy.<\/p>\n","protected":false},"excerpt":{"rendered":"<p>Las autoridades huilenses, confirmaron el hallazgo del cuerpo de Oswaldo Cubillos Pajoy de 22 a\u00f1os, quien desapareci\u00f3 desde el pasado 20 de enero cuando venia del municipio de Baraya a la capital huilense a encontrarse con una mujer con quien al aparecer sosten\u00eda una relaci\u00f3n sentimental. Seg\u00fan las informaciones oficiales, el Gaula del Ej\u00e9rcito con [&hellip;]<\/p>\n","protected":false},"author":2,"featured_media":0,"comment_status":"open","ping_status":"open","sticky":false,"template":"","format":"standard","meta":{"footnotes":""},"categories":[36,29],"tags":[],"class_list":["post-45097","post","type-post","status-publish","format-standard","hentry","category-destacado","category-judicial"],"yoast_head":"<!-- This site is optimized with the Yoast SEO plugin v26.6 - https:\/\/yoast.com\/wordpress\/plugins\/seo\/ -->\n<title>Sin vida fue encontrado Oswaldo Cubillos Pajoy -<\/title>\n<meta name=\"robots\" content=\"index, follow, max-snippet:-1, max-image-preview:large, max-video-preview:-1\" \/>\n<link rel=\"canonical\" href=\"https:\/\/luchonoticias.com\/editor\/sin-vida-fue-encontrado-oswaldo-cubillos-pajoy\/\" \/>\n<meta property=\"og:locale\" content=\"es_ES\" \/>\n<meta property=\"og:type\" content=\"article\" \/>\n<meta property=\"og:title\" content=\"Sin vida fue encontrado Oswaldo Cubillos Pajoy -\" \/>\n<meta property=\"og:url\" content=\"https:\/\/luchonoticias.com\/editor\/sin-vida-fue-encontrado-oswaldo-cubillos-pajoy\/\" \/>\n<meta property=\"article:publisher\" content=\"https:\/\/www.facebook.com\/luchonoticiasneiva\" \/>\n<meta property=\"article:published_time\" content=\"2023-01-28T19:00:01+00:00\" \/>\n<meta property=\"article:modified_time\" content=\"2023-01-28T19:00:02+00:00\" \/>\n<meta name=\"author\" content=\"Editor General\" \/>\n<meta name=\"twitter:card\" content=\"summary_large_image\" \/>\n<meta name=\"twitter:label1\" content=\"Escrito por\" \/>\n\t<meta name=\"twitter:data1\" content=\"Editor General\" \/>\n\t<meta name=\"twitter:label2\" content=\"Tiempo de lectura\" \/>\n\t<meta name=\"twitter:data2\" content=\"1 minuto\" \/>\n<script type=\"application\/ld+json\" class=\"yoast-schema-graph\">{\"@context\":\"https:\/\/schema.org\",\"@graph\":[{\"@type\":\"Article\",\"@id\":\"https:\/\/luchonoticias.com\/editor\/sin-vida-fue-encontrado-oswaldo-cubillos-pajoy\/#article\",\"isPartOf\":{\"@id\":\"https:\/\/luchonoticias.com\/editor\/sin-vida-fue-encontrado-oswaldo-cubillos-pajoy\/\"},\"author\":{\"name\":\"Editor General\",\"@id\":\"https:\/\/luchonoticias.com\/editor\/#\/schema\/person\/29217990ddf6f14e35912b2866d591fb\"},\"headline\":\"Sin vida fue encontrado Oswaldo Cubillos Pajoy\",\"datePublished\":\"2023-01-28T19:00:01+00:00\",\"dateModified\":\"2023-01-28T19:00:02+00:00\",\"mainEntityOfPage\":{\"@id\":\"https:\/\/luchonoticias.com\/editor\/sin-vida-fue-encontrado-oswaldo-cubillos-pajoy\/\"},\"wordCount\":126,\"commentCount\":0,\"publisher\":{\"@id\":\"https:\/\/luchonoticias.com\/editor\/#\/schema\/person\/7a7fd911f58561fd056dbac7b55af9cd\"},\"articleSection\":[\"Destacado\",\"Judicial\"],\"inLanguage\":\"es\",\"potentialAction\":[{\"@type\":\"CommentAction\",\"name\":\"Comment\",\"target\":[\"https:\/\/luchonoticias.com\/editor\/sin-vida-fue-encontrado-oswaldo-cubillos-pajoy\/#respond\"]}]},{\"@type\":\"WebPage\",\"@id\":\"https:\/\/luchonoticias.com\/editor\/sin-vida-fue-encontrado-oswaldo-cubillos-pajoy\/\",\"url\":\"https:\/\/luchonoticias.com\/editor\/sin-vida-fue-encontrado-oswaldo-cubillos-pajoy\/\",\"name\":\"Sin vida fue encontrado Oswaldo Cubillos Pajoy -\",\"isPartOf\":{\"@id\":\"https:\/\/luchonoticias.com\/editor\/#website\"},\"datePublished\":\"2023-01-28T19:00:01+00:00\",\"dateModified\":\"2023-01-28T19:00:02+00:00\",\"breadcrumb\":{\"@id\":\"https:\/\/luchonoticias.com\/editor\/sin-vida-fue-encontrado-oswaldo-cubillos-pajoy\/#breadcrumb\"},\"inLanguage\":\"es\",\"potentialAction\":[{\"@type\":\"ReadAction\",\"target\":[\"https:\/\/luchonoticias.com\/editor\/sin-vida-fue-encontrado-oswaldo-cubillos-pajoy\/\"]}]},{\"@type\":\"BreadcrumbList\",\"@id\":\"https:\/\/luchonoticias.com\/editor\/sin-vida-fue-encontrado-oswaldo-cubillos-pajoy\/#breadcrumb\",\"itemListElement\":[{\"@type\":\"ListItem\",\"position\":1,\"name\":\"Portada\",\"item\":\"https:\/\/luchonoticias.com\/editor\/\"},{\"@type\":\"ListItem\",\"position\":2,\"name\":\"Sin vida fue encontrado Oswaldo Cubillos Pajoy\"}]},{\"@type\":\"WebSite\",\"@id\":\"https:\/\/luchonoticias.com\/editor\/#website\",\"url\":\"https:\/\/luchonoticias.com\/editor\/\",\"name\":\"\",\"description\":\"\",\"publisher\":{\"@id\":\"https:\/\/luchonoticias.com\/editor\/#\/schema\/person\/7a7fd911f58561fd056dbac7b55af9cd\"},\"potentialAction\":[{\"@type\":\"SearchAction\",\"target\":{\"@type\":\"EntryPoint\",\"urlTemplate\":\"https:\/\/luchonoticias.com\/editor\/?s={search_term_string}\"},\"query-input\":{\"@type\":\"PropertyValueSpecification\",\"valueRequired\":true,\"valueName\":\"search_term_string\"}}],\"inLanguage\":\"es\"},{\"@type\":[\"Person\",\"Organization\"],\"@id\":\"https:\/\/luchonoticias.com\/editor\/#\/schema\/person\/7a7fd911f58561fd056dbac7b55af9cd\",\"name\":\"admin\",\"image\":{\"@type\":\"ImageObject\",\"inLanguage\":\"es\",\"@id\":\"https:\/\/luchonoticias.com\/editor\/#\/schema\/person\/image\/\",\"url\":\"https:\/\/luchonoticias.com\/editor\/wp-content\/uploads\/2024\/02\/cropped-cropped-logolu.webp\",\"contentUrl\":\"https:\/\/luchonoticias.com\/editor\/wp-content\/uploads\/2024\/02\/cropped-cropped-logolu.webp\",\"width\":382,\"height\":170,\"caption\":\"admin\"},\"logo\":{\"@id\":\"https:\/\/luchonoticias.com\/editor\/#\/schema\/person\/image\/\"},\"sameAs\":[\"https:\/\/www.facebook.com\/luchonoticiasneiva\"]},{\"@type\":\"Person\",\"@id\":\"https:\/\/luchonoticias.com\/editor\/#\/schema\/person\/29217990ddf6f14e35912b2866d591fb\",\"name\":\"Editor General\",\"image\":{\"@type\":\"ImageObject\",\"inLanguage\":\"es\",\"@id\":\"https:\/\/luchonoticias.com\/editor\/#\/schema\/person\/image\/\",\"url\":\"https:\/\/luchonoticias.com\/editor\/wp-content\/uploads\/2024\/02\/cropped-cropped-logolu-150x150.webp\",\"contentUrl\":\"https:\/\/luchonoticias.com\/editor\/wp-content\/uploads\/2024\/02\/cropped-cropped-logolu-150x150.webp\",\"caption\":\"Editor General\"},\"sameAs\":[\"https:\/\/luchonoticias.com\/\"],\"url\":\"https:\/\/luchonoticias.com\/editor\/author\/editor-general\/\"}]}<\/script>\n<!-- \/ Yoast SEO plugin. -->","yoast_head_json":{"title":"Sin vida fue encontrado Oswaldo Cubillos Pajoy -","robots":{"index":"index","follow":"follow","max-snippet":"max-snippet:-1","max-image-preview":"max-image-preview:large","max-video-preview":"max-video-preview:-1"},"canonical":"https:\/\/luchonoticias.com\/editor\/sin-vida-fue-encontrado-oswaldo-cubillos-pajoy\/","og_locale":"es_ES","og_type":"article","og_title":"Sin vida fue encontrado Oswaldo Cubillos Pajoy -","og_url":"https:\/\/luchonoticias.com\/editor\/sin-vida-fue-encontrado-oswaldo-cubillos-pajoy\/","article_publisher":"https:\/\/www.facebook.com\/luchonoticiasneiva","article_published_time":"2023-01-28T19:00:01+00:00","article_modified_time":"2023-01-28T19:00:02+00:00","author":"Editor General","twitter_card":"summary_large_image","twitter_misc":{"Escrito por":"Editor General","Tiempo de lectura":"1 minuto"},"schema":{"@context":"https:\/\/schema.org","@graph":[{"@type":"Article","@id":"https:\/\/luchonoticias.com\/editor\/sin-vida-fue-encontrado-oswaldo-cubillos-pajoy\/#article","isPartOf":{"@id":"https:\/\/luchonoticias.com\/editor\/sin-vida-fue-encontrado-oswaldo-cubillos-pajoy\/"},"author":{"name":"Editor General","@id":"https:\/\/luchonoticias.com\/editor\/#\/schema\/person\/29217990ddf6f14e35912b2866d591fb"},"headline":"Sin vida fue encontrado Oswaldo Cubillos Pajoy","datePublished":"2023-01-28T19:00:01+00:00","dateModified":"2023-01-28T19:00:02+00:00","mainEntityOfPage":{"@id":"https:\/\/luchonoticias.com\/editor\/sin-vida-fue-encontrado-oswaldo-cubillos-pajoy\/"},"wordCount":126,"commentCount":0,"publisher":{"@id":"https:\/\/luchonoticias.com\/editor\/#\/schema\/person\/7a7fd911f58561fd056dbac7b55af9cd"},"articleSection":["Destacado","Judicial"],"inLanguage":"es","potentialAction":[{"@type":"CommentAction","name":"Comment","target":["https:\/\/luchonoticias.com\/editor\/sin-vida-fue-encontrado-oswaldo-cubillos-pajoy\/#respond"]}]},{"@type":"WebPage","@id":"https:\/\/luchonoticias.com\/editor\/sin-vida-fue-encontrado-oswaldo-cubillos-pajoy\/","url":"https:\/\/luchonoticias.com\/editor\/sin-vida-fue-encontrado-oswaldo-cubillos-pajoy\/","name":"Sin vida fue encontrado Oswaldo Cubillos Pajoy -","isPartOf":{"@id":"https:\/\/luchonoticias.com\/editor\/#website"},"datePublished":"2023-01-28T19:00:01+00:00","dateModified":"2023-01-28T19:00:02+00:00","breadcrumb":{"@id":"https:\/\/luchonoticias.com\/editor\/sin-vida-fue-encontrado-oswaldo-cubillos-pajoy\/#breadcrumb"},"inLanguage":"es","potentialAction":[{"@type":"ReadAction","target":["https:\/\/luchonoticias.com\/editor\/sin-vida-fue-encontrado-oswaldo-cubillos-pajoy\/"]}]},{"@type":"BreadcrumbList","@id":"https:\/\/luchonoticias.com\/editor\/sin-vida-fue-encontrado-oswaldo-cubillos-pajoy\/#breadcrumb","itemListElement":[{"@type":"ListItem","position":1,"name":"Portada","item":"https:\/\/luchonoticias.com\/editor\/"},{"@type":"ListItem","position":2,"name":"Sin vida fue encontrado Oswaldo Cubillos Pajoy"}]},{"@type":"WebSite","@id":"https:\/\/luchonoticias.com\/editor\/#website","url":"https:\/\/luchonoticias.com\/editor\/","name":"","description":"","publisher":{"@id":"https:\/\/luchonoticias.com\/editor\/#\/schema\/person\/7a7fd911f58561fd056dbac7b55af9cd"},"potentialAction":[{"@type":"SearchAction","target":{"@type":"EntryPoint","urlTemplate":"https:\/\/luchonoticias.com\/editor\/?s={search_term_string}"},"query-input":{"@type":"PropertyValueSpecification","valueRequired":true,"valueName":"search_term_string"}}],"inLanguage":"es"},{"@type":["Person","Organization"],"@id":"https:\/\/luchonoticias.com\/editor\/#\/schema\/person\/7a7fd911f58561fd056dbac7b55af9cd","name":"admin","image":{"@type":"ImageObject","inLanguage":"es","@id":"https:\/\/luchonoticias.com\/editor\/#\/schema\/person\/image\/","url":"https:\/\/luchonoticias.com\/editor\/wp-content\/uploads\/2024\/02\/cropped-cropped-logolu.webp","contentUrl":"https:\/\/luchonoticias.com\/editor\/wp-content\/uploads\/2024\/02\/cropped-cropped-logolu.webp","width":382,"height":170,"caption":"admin"},"logo":{"@id":"https:\/\/luchonoticias.com\/editor\/#\/schema\/person\/image\/"},"sameAs":["https:\/\/www.facebook.com\/luchonoticiasneiva"]},{"@type":"Person","@id":"https:\/\/luchonoticias.com\/editor\/#\/schema\/person\/29217990ddf6f14e35912b2866d591fb","name":"Editor General","image":{"@type":"ImageObject","inLanguage":"es","@id":"https:\/\/luchonoticias.com\/editor\/#\/schema\/person\/image\/","url":"https:\/\/luchonoticias.com\/editor\/wp-content\/uploads\/2024\/02\/cropped-cropped-logolu-150x150.webp","contentUrl":"https:\/\/luchonoticias.com\/editor\/wp-content\/uploads\/2024\/02\/cropped-cropped-logolu-150x150.webp","caption":"Editor General"},"sameAs":["https:\/\/luchonoticias.com\/"],"url":"https:\/\/luchonoticias.com\/editor\/author\/editor-general\/"}]}},"_links":{"self":[{"href":"https:\/\/luchonoticias.com\/editor\/wp-json\/wp\/v2\/posts\/45097","targetHints":{"allow":["GET"]}}],"collection":[{"href":"https:\/\/luchonoticias.com\/editor\/wp-json\/wp\/v2\/posts"}],"about":[{"href":"https:\/\/luchonoticias.com\/editor\/wp-json\/wp\/v2\/types\/post"}],"author":[{"embeddable":true,"href":"https:\/\/luchonoticias.com\/editor\/wp-json\/wp\/v2\/users\/2"}],"replies":[{"embeddable":true,"href":"https:\/\/luchonoticias.com\/editor\/wp-json\/wp\/v2\/comments?post=45097"}],"version-history":[{"count":0,"href":"https:\/\/luchonoticias.com\/editor\/wp-json\/wp\/v2\/posts\/45097\/revisions"}],"wp:attachment":[{"href":"https:\/\/luchonoticias.com\/editor\/wp-json\/wp\/v2\/media?parent=45097"}],"wp:term":[{"taxonomy":"category","embeddable":true,"href":"https:\/\/luchonoticias.com\/editor\/wp-json\/wp\/v2\/categories?post=45097"},{"taxonomy":"post_tag","embeddable":true,"href":"https:\/\/luchonoticias.com\/editor\/wp-json\/wp\/v2\/tags?post=45097"}],"curies":[{"name":"wp","href":"https:\/\/api.w.org\/{rel}","templated":true}]}}