{"id":45100,"date":"2023-01-28T17:56:36","date_gmt":"2023-01-28T22:56:36","guid":{"rendered":"https:\/\/luchonoticias.com\/?p=45100"},"modified":"2023-01-28T17:56:37","modified_gmt":"2023-01-28T22:56:37","slug":"inaugurado-ecoparque-energetico-en-aipe","status":"publish","type":"post","link":"https:\/\/luchonoticias.com\/editor\/inaugurado-ecoparque-energetico-en-aipe\/","title":{"rendered":"Inaugurado ecoparque energ\u00e9tico en Aipe"},"content":{"rendered":"\n<p>En el marco de la&nbsp;<strong>puesta en marcha del Ecoparque de Autogeneraci\u00f3n de Energ\u00eda Solar Brisas<\/strong>, ubicado en el municipio de Aipe, con&nbsp;<strong>capacidad instalada de 26 megavatios (MWP) con una extensi\u00f3n de 21 hect\u00e1reas<\/strong>, el gobernador del Huila, Luis Enrique Duss\u00e1n, aprovech\u00f3 para dialogar con la Ministra de Minas y Energ\u00eda, Irene V\u00e9lez, sobre el&nbsp;<strong>inmenso potencial que tiene el Huila para la transici\u00f3n energ\u00e9tica y la articulaci\u00f3n de proyectos<\/strong>&nbsp;de miner\u00eda para la vida con el uso de fertilizantes empleando fosforita y calc\u00e1reos.<\/p>\n\n\n\n<p>Este evento cont\u00f3 con la asistencia del gobernador Luis Enrique Duss\u00e1n L\u00f3pez, la ministra de Minas y Energ\u00eda Irene V\u00e9lez, el presidente de Ecopetrol, Felipe Bay\u00f3n y las Representantes a la C\u00e1mara por el departamento, Florita Perdomo Andrade y Leyla Marleny Rinc\u00f3n.<\/p>\n\n\n\n<p>\u201cLa Ministra se ha comprometido a venir al departamento del Huila a acompa\u00f1ar la Mesa de Transici\u00f3n Energ\u00e9tica, a revisar temas mineros como el del f\u00f3sforo y la cal, todas las riquezas que tiene esta regi\u00f3n, que son miner\u00eda para la vida, y por su puesto el tema de la apuesta de energ\u00eda.&nbsp;<strong>Con la Electrificadora del Huila venimos liderando temas de paneles solares de transici\u00f3n energ\u00e9tica;<\/strong>&nbsp;hoy le presentamos proyectos relacionados con Fosfatos del Huila, tambi\u00e9n con las plantas de mezclas de fertilizantes que tiene relaci\u00f3n con minerales y hay un proyecto minero para fertilizantes en el Huila con la necesidad de tener una sede de la Agencia Minera en el departamento que tiene una buena din\u00e1mica para formalizaci\u00f3n de peque\u00f1a miner\u00eda, un agenda importante con buena receptividad\u201d, explic\u00f3 el primer mandatario de los huilenses.<\/p>\n\n\n\n<p>Por su parte, la Ministra de Minas y Energ\u00eda, Irene V\u00e9lez, indic\u00f3 que la entrega de la obra de Ecopetrol es&nbsp;<strong>un paso al proceso de descarbonizaci\u00f3n de la industria de hidrocarburos<\/strong>, \u201cel mundo est\u00e1 cambiando y tiene que hacerlo de una manera acelerada, porque la crisis clim\u00e1tica global as\u00ed nos lo invita.&nbsp;<strong>Estamos en un momento en el que cambiamos como sociedad o la naturaleza y su fuerza nos llevar\u00e1 a un lugar de no retorno.<\/strong>&nbsp;Ese es el compromiso que asumi\u00f3 el gobierno del cambio en cabeza del presidente, Gustavo Petro y la vicepresidenta, Francia M\u00e1rquez, una transici\u00f3n energ\u00e9tica justa. celebro este liderazgo de Ecopetrol para incentivar las energ\u00edas renovables, necesitamos a apostarle a un capitalismo descarbonizado. de una econom\u00eda extractivista a una econom\u00eda descarbonizada, Colombia est\u00e1 jalando esta descarbonizaci\u00f3n y queremos ser potencia mundial de la vida\u201d, precis\u00f3 la ministra.<\/p>\n\n\n\n<h5 class=\"wp-block-heading\">Hecho hist\u00f3rico<\/h5>\n\n\n\n<p>A su vez el gobernador Duss\u00e1n, indic\u00f3 que es un hito importante que contribuir\u00e1 a&nbsp;<strong>consolidar al departamento en temas de transici\u00f3n energ\u00e9tica&nbsp;<\/strong>en un trabajo articulado entre el sector p\u00fablico y privado, nacional y territorial.<\/p>\n\n\n\n<p>El complejo solar fue&nbsp;<strong>construido por AES Colombia bajo un contrato de suministro de energ\u00eda por 15 a\u00f1os para las operaciones de Ecopetrol en Huila<\/strong>. Su funcionamiento permitir\u00e1&nbsp;<strong>reducir las emisiones de CO2 en m\u00e1s de 216 mil toneladas<\/strong>&nbsp;durante la vigencia del contrato, tiene una extensi\u00f3n de 21 hect\u00e1reas, equivalente a 25 canchas de f\u00fatbol, y cuenta con m\u00e1s de 49.000 paneles de \u00faltima generaci\u00f3n con tecnolog\u00eda bifacial.<\/p>\n\n\n\n<p>La tecnolog\u00eda utilizada en el ecoparque<strong>&nbsp;capta la luz del sol por ambas caras de los paneles,<\/strong>&nbsp;con lo cual se obtiene la mayor eficiencia y el mayor factor de planta posible. Adem\u00e1s, el complejo contar\u00e1 con tecnolog\u00eda de seguimiento del sol, lo que permite que en todo momento los rayos impacten de manera perpendicular los m\u00f3dulos fotovoltaicos.<\/p>\n","protected":false},"excerpt":{"rendered":"<p>En el marco de la&nbsp;puesta en marcha del Ecoparque de Autogeneraci\u00f3n de Energ\u00eda Solar Brisas, ubicado en el municipio de Aipe, con&nbsp;capacidad instalada de 26 megavatios (MWP) con una extensi\u00f3n de 21 hect\u00e1reas, el gobernador del Huila, Luis Enrique Duss\u00e1n, aprovech\u00f3 para dialogar con la Ministra de Minas y Energ\u00eda, Irene V\u00e9lez, sobre el&nbsp;inmenso potencial [&hellip;]<\/p>\n","protected":false},"author":2,"featured_media":0,"comment_status":"open","ping_status":"open","sticky":false,"template":"","format":"standard","meta":{"footnotes":""},"categories":[33],"tags":[],"class_list":["post-45100","post","type-post","status-publish","format-standard","hentry","category-huila"],"yoast_head":"<!-- This site is optimized with the Yoast SEO plugin v26.6 - https:\/\/yoast.com\/wordpress\/plugins\/seo\/ -->\n<title>Inaugurado ecoparque energ\u00e9tico en Aipe -<\/title>\n<meta name=\"robots\" content=\"index, follow, max-snippet:-1, max-image-preview:large, max-video-preview:-1\" \/>\n<link rel=\"canonical\" href=\"https:\/\/luchonoticias.com\/editor\/inaugurado-ecoparque-energetico-en-aipe\/\" \/>\n<meta property=\"og:locale\" content=\"es_ES\" \/>\n<meta property=\"og:type\" content=\"article\" \/>\n<meta property=\"og:title\" content=\"Inaugurado ecoparque energ\u00e9tico en Aipe -\" \/>\n<meta property=\"og:url\" content=\"https:\/\/luchonoticias.com\/editor\/inaugurado-ecoparque-energetico-en-aipe\/\" \/>\n<meta property=\"article:publisher\" content=\"https:\/\/www.facebook.com\/luchonoticiasneiva\" \/>\n<meta property=\"article:published_time\" content=\"2023-01-28T22:56:36+00:00\" \/>\n<meta property=\"article:modified_time\" content=\"2023-01-28T22:56:37+00:00\" \/>\n<meta name=\"author\" content=\"Editor General\" \/>\n<meta name=\"twitter:card\" content=\"summary_large_image\" \/>\n<meta name=\"twitter:label1\" content=\"Escrito por\" \/>\n\t<meta name=\"twitter:data1\" content=\"Editor General\" \/>\n\t<meta name=\"twitter:label2\" content=\"Tiempo de lectura\" \/>\n\t<meta name=\"twitter:data2\" content=\"3 minutos\" \/>\n<script type=\"application\/ld+json\" class=\"yoast-schema-graph\">{\"@context\":\"https:\/\/schema.org\",\"@graph\":[{\"@type\":\"Article\",\"@id\":\"https:\/\/luchonoticias.com\/editor\/inaugurado-ecoparque-energetico-en-aipe\/#article\",\"isPartOf\":{\"@id\":\"https:\/\/luchonoticias.com\/editor\/inaugurado-ecoparque-energetico-en-aipe\/\"},\"author\":{\"name\":\"Editor General\",\"@id\":\"https:\/\/luchonoticias.com\/editor\/#\/schema\/person\/29217990ddf6f14e35912b2866d591fb\"},\"headline\":\"Inaugurado ecoparque energ\u00e9tico en Aipe\",\"datePublished\":\"2023-01-28T22:56:36+00:00\",\"dateModified\":\"2023-01-28T22:56:37+00:00\",\"mainEntityOfPage\":{\"@id\":\"https:\/\/luchonoticias.com\/editor\/inaugurado-ecoparque-energetico-en-aipe\/\"},\"wordCount\":649,\"commentCount\":0,\"publisher\":{\"@id\":\"https:\/\/luchonoticias.com\/editor\/#\/schema\/person\/7a7fd911f58561fd056dbac7b55af9cd\"},\"articleSection\":[\"Huila\"],\"inLanguage\":\"es\",\"potentialAction\":[{\"@type\":\"CommentAction\",\"name\":\"Comment\",\"target\":[\"https:\/\/luchonoticias.com\/editor\/inaugurado-ecoparque-energetico-en-aipe\/#respond\"]}]},{\"@type\":\"WebPage\",\"@id\":\"https:\/\/luchonoticias.com\/editor\/inaugurado-ecoparque-energetico-en-aipe\/\",\"url\":\"https:\/\/luchonoticias.com\/editor\/inaugurado-ecoparque-energetico-en-aipe\/\",\"name\":\"Inaugurado ecoparque energ\u00e9tico en Aipe -\",\"isPartOf\":{\"@id\":\"https:\/\/luchonoticias.com\/editor\/#website\"},\"datePublished\":\"2023-01-28T22:56:36+00:00\",\"dateModified\":\"2023-01-28T22:56:37+00:00\",\"breadcrumb\":{\"@id\":\"https:\/\/luchonoticias.com\/editor\/inaugurado-ecoparque-energetico-en-aipe\/#breadcrumb\"},\"inLanguage\":\"es\",\"potentialAction\":[{\"@type\":\"ReadAction\",\"target\":[\"https:\/\/luchonoticias.com\/editor\/inaugurado-ecoparque-energetico-en-aipe\/\"]}]},{\"@type\":\"BreadcrumbList\",\"@id\":\"https:\/\/luchonoticias.com\/editor\/inaugurado-ecoparque-energetico-en-aipe\/#breadcrumb\",\"itemListElement\":[{\"@type\":\"ListItem\",\"position\":1,\"name\":\"Portada\",\"item\":\"https:\/\/luchonoticias.com\/editor\/\"},{\"@type\":\"ListItem\",\"position\":2,\"name\":\"Inaugurado ecoparque energ\u00e9tico en Aipe\"}]},{\"@type\":\"WebSite\",\"@id\":\"https:\/\/luchonoticias.com\/editor\/#website\",\"url\":\"https:\/\/luchonoticias.com\/editor\/\",\"name\":\"\",\"description\":\"\",\"publisher\":{\"@id\":\"https:\/\/luchonoticias.com\/editor\/#\/schema\/person\/7a7fd911f58561fd056dbac7b55af9cd\"},\"potentialAction\":[{\"@type\":\"SearchAction\",\"target\":{\"@type\":\"EntryPoint\",\"urlTemplate\":\"https:\/\/luchonoticias.com\/editor\/?s={search_term_string}\"},\"query-input\":{\"@type\":\"PropertyValueSpecification\",\"valueRequired\":true,\"valueName\":\"search_term_string\"}}],\"inLanguage\":\"es\"},{\"@type\":[\"Person\",\"Organization\"],\"@id\":\"https:\/\/luchonoticias.com\/editor\/#\/schema\/person\/7a7fd911f58561fd056dbac7b55af9cd\",\"name\":\"admin\",\"image\":{\"@type\":\"ImageObject\",\"inLanguage\":\"es\",\"@id\":\"https:\/\/luchonoticias.com\/editor\/#\/schema\/person\/image\/\",\"url\":\"https:\/\/luchonoticias.com\/editor\/wp-content\/uploads\/2024\/02\/cropped-cropped-logolu.webp\",\"contentUrl\":\"https:\/\/luchonoticias.com\/editor\/wp-content\/uploads\/2024\/02\/cropped-cropped-logolu.webp\",\"width\":382,\"height\":170,\"caption\":\"admin\"},\"logo\":{\"@id\":\"https:\/\/luchonoticias.com\/editor\/#\/schema\/person\/image\/\"},\"sameAs\":[\"https:\/\/www.facebook.com\/luchonoticiasneiva\"]},{\"@type\":\"Person\",\"@id\":\"https:\/\/luchonoticias.com\/editor\/#\/schema\/person\/29217990ddf6f14e35912b2866d591fb\",\"name\":\"Editor General\",\"image\":{\"@type\":\"ImageObject\",\"inLanguage\":\"es\",\"@id\":\"https:\/\/luchonoticias.com\/editor\/#\/schema\/person\/image\/\",\"url\":\"https:\/\/luchonoticias.com\/editor\/wp-content\/uploads\/2024\/02\/cropped-cropped-logolu-150x150.webp\",\"contentUrl\":\"https:\/\/luchonoticias.com\/editor\/wp-content\/uploads\/2024\/02\/cropped-cropped-logolu-150x150.webp\",\"caption\":\"Editor General\"},\"sameAs\":[\"https:\/\/luchonoticias.com\/\"],\"url\":\"https:\/\/luchonoticias.com\/editor\/author\/editor-general\/\"}]}<\/script>\n<!-- \/ Yoast SEO plugin. -->","yoast_head_json":{"title":"Inaugurado ecoparque energ\u00e9tico en Aipe -","robots":{"index":"index","follow":"follow","max-snippet":"max-snippet:-1","max-image-preview":"max-image-preview:large","max-video-preview":"max-video-preview:-1"},"canonical":"https:\/\/luchonoticias.com\/editor\/inaugurado-ecoparque-energetico-en-aipe\/","og_locale":"es_ES","og_type":"article","og_title":"Inaugurado ecoparque energ\u00e9tico en Aipe -","og_url":"https:\/\/luchonoticias.com\/editor\/inaugurado-ecoparque-energetico-en-aipe\/","article_publisher":"https:\/\/www.facebook.com\/luchonoticiasneiva","article_published_time":"2023-01-28T22:56:36+00:00","article_modified_time":"2023-01-28T22:56:37+00:00","author":"Editor General","twitter_card":"summary_large_image","twitter_misc":{"Escrito por":"Editor General","Tiempo de lectura":"3 minutos"},"schema":{"@context":"https:\/\/schema.org","@graph":[{"@type":"Article","@id":"https:\/\/luchonoticias.com\/editor\/inaugurado-ecoparque-energetico-en-aipe\/#article","isPartOf":{"@id":"https:\/\/luchonoticias.com\/editor\/inaugurado-ecoparque-energetico-en-aipe\/"},"author":{"name":"Editor General","@id":"https:\/\/luchonoticias.com\/editor\/#\/schema\/person\/29217990ddf6f14e35912b2866d591fb"},"headline":"Inaugurado ecoparque energ\u00e9tico en Aipe","datePublished":"2023-01-28T22:56:36+00:00","dateModified":"2023-01-28T22:56:37+00:00","mainEntityOfPage":{"@id":"https:\/\/luchonoticias.com\/editor\/inaugurado-ecoparque-energetico-en-aipe\/"},"wordCount":649,"commentCount":0,"publisher":{"@id":"https:\/\/luchonoticias.com\/editor\/#\/schema\/person\/7a7fd911f58561fd056dbac7b55af9cd"},"articleSection":["Huila"],"inLanguage":"es","potentialAction":[{"@type":"CommentAction","name":"Comment","target":["https:\/\/luchonoticias.com\/editor\/inaugurado-ecoparque-energetico-en-aipe\/#respond"]}]},{"@type":"WebPage","@id":"https:\/\/luchonoticias.com\/editor\/inaugurado-ecoparque-energetico-en-aipe\/","url":"https:\/\/luchonoticias.com\/editor\/inaugurado-ecoparque-energetico-en-aipe\/","name":"Inaugurado ecoparque energ\u00e9tico en Aipe -","isPartOf":{"@id":"https:\/\/luchonoticias.com\/editor\/#website"},"datePublished":"2023-01-28T22:56:36+00:00","dateModified":"2023-01-28T22:56:37+00:00","breadcrumb":{"@id":"https:\/\/luchonoticias.com\/editor\/inaugurado-ecoparque-energetico-en-aipe\/#breadcrumb"},"inLanguage":"es","potentialAction":[{"@type":"ReadAction","target":["https:\/\/luchonoticias.com\/editor\/inaugurado-ecoparque-energetico-en-aipe\/"]}]},{"@type":"BreadcrumbList","@id":"https:\/\/luchonoticias.com\/editor\/inaugurado-ecoparque-energetico-en-aipe\/#breadcrumb","itemListElement":[{"@type":"ListItem","position":1,"name":"Portada","item":"https:\/\/luchonoticias.com\/editor\/"},{"@type":"ListItem","position":2,"name":"Inaugurado ecoparque energ\u00e9tico en Aipe"}]},{"@type":"WebSite","@id":"https:\/\/luchonoticias.com\/editor\/#website","url":"https:\/\/luchonoticias.com\/editor\/","name":"","description":"","publisher":{"@id":"https:\/\/luchonoticias.com\/editor\/#\/schema\/person\/7a7fd911f58561fd056dbac7b55af9cd"},"potentialAction":[{"@type":"SearchAction","target":{"@type":"EntryPoint","urlTemplate":"https:\/\/luchonoticias.com\/editor\/?s={search_term_string}"},"query-input":{"@type":"PropertyValueSpecification","valueRequired":true,"valueName":"search_term_string"}}],"inLanguage":"es"},{"@type":["Person","Organization"],"@id":"https:\/\/luchonoticias.com\/editor\/#\/schema\/person\/7a7fd911f58561fd056dbac7b55af9cd","name":"admin","image":{"@type":"ImageObject","inLanguage":"es","@id":"https:\/\/luchonoticias.com\/editor\/#\/schema\/person\/image\/","url":"https:\/\/luchonoticias.com\/editor\/wp-content\/uploads\/2024\/02\/cropped-cropped-logolu.webp","contentUrl":"https:\/\/luchonoticias.com\/editor\/wp-content\/uploads\/2024\/02\/cropped-cropped-logolu.webp","width":382,"height":170,"caption":"admin"},"logo":{"@id":"https:\/\/luchonoticias.com\/editor\/#\/schema\/person\/image\/"},"sameAs":["https:\/\/www.facebook.com\/luchonoticiasneiva"]},{"@type":"Person","@id":"https:\/\/luchonoticias.com\/editor\/#\/schema\/person\/29217990ddf6f14e35912b2866d591fb","name":"Editor General","image":{"@type":"ImageObject","inLanguage":"es","@id":"https:\/\/luchonoticias.com\/editor\/#\/schema\/person\/image\/","url":"https:\/\/luchonoticias.com\/editor\/wp-content\/uploads\/2024\/02\/cropped-cropped-logolu-150x150.webp","contentUrl":"https:\/\/luchonoticias.com\/editor\/wp-content\/uploads\/2024\/02\/cropped-cropped-logolu-150x150.webp","caption":"Editor General"},"sameAs":["https:\/\/luchonoticias.com\/"],"url":"https:\/\/luchonoticias.com\/editor\/author\/editor-general\/"}]}},"_links":{"self":[{"href":"https:\/\/luchonoticias.com\/editor\/wp-json\/wp\/v2\/posts\/45100","targetHints":{"allow":["GET"]}}],"collection":[{"href":"https:\/\/luchonoticias.com\/editor\/wp-json\/wp\/v2\/posts"}],"about":[{"href":"https:\/\/luchonoticias.com\/editor\/wp-json\/wp\/v2\/types\/post"}],"author":[{"embeddable":true,"href":"https:\/\/luchonoticias.com\/editor\/wp-json\/wp\/v2\/users\/2"}],"replies":[{"embeddable":true,"href":"https:\/\/luchonoticias.com\/editor\/wp-json\/wp\/v2\/comments?post=45100"}],"version-history":[{"count":0,"href":"https:\/\/luchonoticias.com\/editor\/wp-json\/wp\/v2\/posts\/45100\/revisions"}],"wp:attachment":[{"href":"https:\/\/luchonoticias.com\/editor\/wp-json\/wp\/v2\/media?parent=45100"}],"wp:term":[{"taxonomy":"category","embeddable":true,"href":"https:\/\/luchonoticias.com\/editor\/wp-json\/wp\/v2\/categories?post=45100"},{"taxonomy":"post_tag","embeddable":true,"href":"https:\/\/luchonoticias.com\/editor\/wp-json\/wp\/v2\/tags?post=45100"}],"curies":[{"name":"wp","href":"https:\/\/api.w.org\/{rel}","templated":true}]}}