{"id":45106,"date":"2023-01-28T19:12:33","date_gmt":"2023-01-29T00:12:33","guid":{"rendered":"https:\/\/luchonoticias.com\/?p=45106"},"modified":"2023-01-28T19:12:33","modified_gmt":"2023-01-29T00:12:33","slug":"petro-hace-llamado-en-permitirse-la-reconciliacion-de-los-jovenes-con-una-parte-de-la-sociedad-y-el-estado","status":"publish","type":"post","link":"https:\/\/luchonoticias.com\/editor\/petro-hace-llamado-en-permitirse-la-reconciliacion-de-los-jovenes-con-una-parte-de-la-sociedad-y-el-estado\/","title":{"rendered":"Petro hace llamado en permitirse la reconciliaci\u00f3n de los j\u00f3venes con una parte de la sociedad y el Estado"},"content":{"rendered":"\n<p>El Presidente Gustavo Petro hizo este s\u00e1bado un fuerte llamado a algunos sectores estatales para que se permita liberar de las c\u00e1rceles a los j\u00f3venes que participaron en la protesta social, de modo que avance la reconciliaci\u00f3n entre ellos con una parte de la sociedad y el Estado colombiano.<\/p>\n\n\n\n<p>Durante el di\u00e1logo que sostuvo hoy en Cali con j\u00f3venes y empresarios de la iniciativa \u2018Compromiso Valle\u2019, el Mandatario afirm\u00f3: \u201cQuienes asesinaron a los j\u00f3venes est\u00e1n saliendo libres, y los j\u00f3venes est\u00e1n quedando presos. Eso se llama injusticia, y es propulsada por sectores del Estado. Y cuando el Estado construye injusticia, construye violencia, destruye la idea de la naci\u00f3n y el concepto m\u00ednimo de la democracia\u201d.<\/p>\n\n\n\n<p>\u201cYo les digo a esos sectores estatales que no sigan en ese camino, que permitan la reconciliaci\u00f3n de una parte de la sociedad con el resto de la sociedad y con el Estado, y podamos abrir unos caminos a los que hemos llamado la Paz Total\u201d, que se hace no solo con la gente armada que anda en las noches por las trochas, sino que se hace es con la sociedad, resalt\u00f3.<\/p>\n\n\n\n<p>Y sostuvo: \u201cSi la paz no es con la sociedad, no hay paz. La paz con la sociedad implica cambios, claro que s\u00ed. Implica transformaciones, implica di\u00e1logos y pactos para poderlos hacer. No barrotes, no c\u00e1rceles\u201d.<\/p>\n\n\n\n<p>En su intervenci\u00f3n, el Jefe de Estado recalc\u00f3 que su Gobierno cree \u201cen que es posible un pacto, en que es posible cerrar las heridas y articular los lazos de toda la sociedad colombiana en su diversidad, para construir eso: una naci\u00f3n, una unidad que se llama naci\u00f3n, que permita que en este pa\u00eds tan hermoso pueda la gente vivir en \u00e9l con dignidad\u201d.<\/p>\n\n\n\n<p><strong>\u00abTildan de terroristas a j\u00f3venes porque protestan\u00bb<\/strong><\/p>\n\n\n\n<p>As\u00ed mismo, rechaz\u00f3 la estigmatizaci\u00f3n contra los j\u00f3venes de la Primera L\u00ednea, a quienes se tilda como terroristas, y que porque protestan son el enemigo.<\/p>\n\n\n\n<p>De acuerdo con el Mandatario, \u201cla Primera L\u00ednea no fue m\u00e1s que una actitud defensiva para no dejarse matar, para proteger un barrio o una comunidad o una juventud\u201d.&nbsp;<\/p>\n\n\n\n<p>\u201cQue no debi\u00f3 haber existido, pues claro que no debi\u00f3 haber existido, porque jam\u00e1s debi\u00f3 haberse dado la orden de atacar como enemigos a la gente que protestaba. Simplemente hab\u00eda que abrir el Palacio y hablar y dialogar, pero no fue as\u00ed. La respuesta fue criminal y obviamente hubo una reacci\u00f3n, una defensa de la ciudadan\u00eda\u201d, agreg\u00f3.<\/p>\n\n\n\n<p>Dijo que cuando se trata as\u00ed a \u201cese joven que simplemente est\u00e1 pidiendo por una mejor vida, que se est\u00e1 moviendo porque hay unas causas reales de exclusi\u00f3n, de desigualdad, de pobreza, cuando se le responde es con el gas en el ojo, con la muerte, con la brutalidad estatal, pues indudablemente se producen unas heridas profundas que son dif\u00edciles, porque es un Estado contra la juventud\u201d.<\/p>\n\n\n\n<p>&nbsp;\u201cLa justicia no es encerrar a los j\u00f3venes en las c\u00e1rceles. Como una especie de venganza, el Estado decidi\u00f3 condenar a los j\u00f3venes como si fuesen terroristas, criminalizar la protesta, adecuar los hechos de la protesta al crimen, para poder encerrar a la juventud entre barrotes\u201d, dijo.<\/p>\n\n\n\n<p>Anot\u00f3, a rengl\u00f3n seguido: \u201cNo pudieron pensar en otras salidas diferentes, que ten\u00edan que ver con la educaci\u00f3n, con la vivienda o con el empleo, sino que solo pod\u00edan pensar en vengarse a partir de la c\u00e1rcel, la desaparici\u00f3n y el asesinato\u201d.<\/p>\n\n\n\n<p><strong>\u00abPresionaron a los jueces\u00bb<\/strong><\/p>\n\n\n\n<p>En su di\u00e1logo con j\u00f3venes y empresarios del Valle del Cauca, el Presidente Petro record\u00f3 que a trav\u00e9s de la Ley 418, su Gobierno quiso liberar a 200 j\u00f3venes participantes en la protesta social y que fueron encarcelados.<\/p>\n\n\n\n<p>\u201cPusimos all\u00ed el mecanismo para liberar a esas personas, transform\u00e1ndolos en voceros de paz, y nos dedicamos a expedir las resoluciones, que le ped\u00edan a la justicia colombiana liberar a los voceros de la paz juveniles para que nos ayudaran en un programa que en este a\u00f1o va a comenzar\u201d, explic\u00f3.<\/p>\n\n\n\n<p>\u201cDiecisiete alcanzamos a pedir, y solo lo liberaron a cuatro. Por una circunstancia que a m\u00ed me parece una profunda equivocaci\u00f3n, se imparti\u00f3 la instrucci\u00f3n para que en esas audiencias se les dijera a los jueces que si liberaban a los j\u00f3venes comet\u00edan un prevaricato. Presionaron a los jueces para que no liberaran a los j\u00f3venes y empezaron a negar las libertades una tras otra\u201d, se\u00f1al\u00f3.<\/p>\n\n\n\n<p>En palabras del Mandatario, \u201cese Estado que est\u00e1 haciendo eso, lo que est\u00e1 demostrando otra vez es que es incapaz del di\u00e1logo, es incapaz de reconocer a la persona humana como un ser digno de interlocuci\u00f3n y no de apresamiento, y que se quiere vengar\u201d.<\/p>\n\n\n\n<p><strong>Seg\u00fan la CIDH, la protesta no se debe tipificar como crimen<\/strong><\/p>\n\n\n\n<p>El Jefe de Estado se refiri\u00f3 tambi\u00e9n a la reuni\u00f3n que sostuvo ayer con una delegaci\u00f3n de alto nivel de la Comisi\u00f3n Interamericana de Derechos Humanos (CIDH), \u201cque vino al pa\u00eds a mirar la situaci\u00f3n del estallido social y de sus consecuencias\u201d.<\/p>\n\n\n\n<p>La CIDH \u201cnos record\u00f3 que el Estado debe abstenerse de tipificar como crimen la protesta social\u201d, indic\u00f3.<\/p>\n\n\n\n<p>Y puntualiz\u00f3: \u201cLa CIDH se llev\u00f3 la imagen de un Estado que no quiere liberar a la juventud de las c\u00e1rceles, de una parte de la sociedad que no quiere la paz, que quiere seguirnos manteniendo en medio de la sangre y el fratricidio. Pero este Gobierno quiere insistir. Si no, \u00bfpara qu\u00e9 estamos aqu\u00ed?\u201d.<\/p>\n","protected":false},"excerpt":{"rendered":"<p>El Presidente Gustavo Petro hizo este s\u00e1bado un fuerte llamado a algunos sectores estatales para que se permita liberar de las c\u00e1rceles a los j\u00f3venes que participaron en la protesta social, de modo que avance la reconciliaci\u00f3n entre ellos con una parte de la sociedad y el Estado colombiano. Durante el di\u00e1logo que sostuvo hoy [&hellip;]<\/p>\n","protected":false},"author":2,"featured_media":0,"comment_status":"open","ping_status":"open","sticky":false,"template":"","format":"standard","meta":{"footnotes":""},"categories":[36,32],"tags":[],"class_list":["post-45106","post","type-post","status-publish","format-standard","hentry","category-destacado","category-nacional"],"yoast_head":"<!-- This site is optimized with the Yoast SEO plugin v26.6 - https:\/\/yoast.com\/wordpress\/plugins\/seo\/ -->\n<title>Petro hace llamado en permitirse la reconciliaci\u00f3n de los j\u00f3venes con una parte de la sociedad y el Estado -<\/title>\n<meta name=\"robots\" content=\"index, follow, max-snippet:-1, max-image-preview:large, max-video-preview:-1\" \/>\n<link rel=\"canonical\" href=\"https:\/\/luchonoticias.com\/editor\/petro-hace-llamado-en-permitirse-la-reconciliacion-de-los-jovenes-con-una-parte-de-la-sociedad-y-el-estado\/\" \/>\n<meta property=\"og:locale\" content=\"es_ES\" \/>\n<meta property=\"og:type\" content=\"article\" \/>\n<meta property=\"og:title\" content=\"Petro hace llamado en permitirse la reconciliaci\u00f3n de los j\u00f3venes con una parte de la sociedad y el Estado -\" \/>\n<meta property=\"og:url\" content=\"https:\/\/luchonoticias.com\/editor\/petro-hace-llamado-en-permitirse-la-reconciliacion-de-los-jovenes-con-una-parte-de-la-sociedad-y-el-estado\/\" \/>\n<meta property=\"article:publisher\" content=\"https:\/\/www.facebook.com\/luchonoticiasneiva\" \/>\n<meta property=\"article:published_time\" content=\"2023-01-29T00:12:33+00:00\" \/>\n<meta name=\"author\" content=\"Editor General\" \/>\n<meta name=\"twitter:card\" content=\"summary_large_image\" \/>\n<meta name=\"twitter:label1\" content=\"Escrito por\" \/>\n\t<meta name=\"twitter:data1\" content=\"Editor General\" \/>\n\t<meta name=\"twitter:label2\" content=\"Tiempo de lectura\" \/>\n\t<meta name=\"twitter:data2\" content=\"5 minutos\" \/>\n<script type=\"application\/ld+json\" class=\"yoast-schema-graph\">{\"@context\":\"https:\/\/schema.org\",\"@graph\":[{\"@type\":\"Article\",\"@id\":\"https:\/\/luchonoticias.com\/editor\/petro-hace-llamado-en-permitirse-la-reconciliacion-de-los-jovenes-con-una-parte-de-la-sociedad-y-el-estado\/#article\",\"isPartOf\":{\"@id\":\"https:\/\/luchonoticias.com\/editor\/petro-hace-llamado-en-permitirse-la-reconciliacion-de-los-jovenes-con-una-parte-de-la-sociedad-y-el-estado\/\"},\"author\":{\"name\":\"Editor General\",\"@id\":\"https:\/\/luchonoticias.com\/editor\/#\/schema\/person\/29217990ddf6f14e35912b2866d591fb\"},\"headline\":\"Petro hace llamado en permitirse la reconciliaci\u00f3n de los j\u00f3venes con una parte de la sociedad y el Estado\",\"datePublished\":\"2023-01-29T00:12:33+00:00\",\"mainEntityOfPage\":{\"@id\":\"https:\/\/luchonoticias.com\/editor\/petro-hace-llamado-en-permitirse-la-reconciliacion-de-los-jovenes-con-una-parte-de-la-sociedad-y-el-estado\/\"},\"wordCount\":974,\"commentCount\":0,\"publisher\":{\"@id\":\"https:\/\/luchonoticias.com\/editor\/#\/schema\/person\/7a7fd911f58561fd056dbac7b55af9cd\"},\"articleSection\":[\"Destacado\",\"Nacional\"],\"inLanguage\":\"es\",\"potentialAction\":[{\"@type\":\"CommentAction\",\"name\":\"Comment\",\"target\":[\"https:\/\/luchonoticias.com\/editor\/petro-hace-llamado-en-permitirse-la-reconciliacion-de-los-jovenes-con-una-parte-de-la-sociedad-y-el-estado\/#respond\"]}]},{\"@type\":\"WebPage\",\"@id\":\"https:\/\/luchonoticias.com\/editor\/petro-hace-llamado-en-permitirse-la-reconciliacion-de-los-jovenes-con-una-parte-de-la-sociedad-y-el-estado\/\",\"url\":\"https:\/\/luchonoticias.com\/editor\/petro-hace-llamado-en-permitirse-la-reconciliacion-de-los-jovenes-con-una-parte-de-la-sociedad-y-el-estado\/\",\"name\":\"Petro hace llamado en permitirse la reconciliaci\u00f3n de los j\u00f3venes con una parte de la sociedad y el Estado -\",\"isPartOf\":{\"@id\":\"https:\/\/luchonoticias.com\/editor\/#website\"},\"datePublished\":\"2023-01-29T00:12:33+00:00\",\"breadcrumb\":{\"@id\":\"https:\/\/luchonoticias.com\/editor\/petro-hace-llamado-en-permitirse-la-reconciliacion-de-los-jovenes-con-una-parte-de-la-sociedad-y-el-estado\/#breadcrumb\"},\"inLanguage\":\"es\",\"potentialAction\":[{\"@type\":\"ReadAction\",\"target\":[\"https:\/\/luchonoticias.com\/editor\/petro-hace-llamado-en-permitirse-la-reconciliacion-de-los-jovenes-con-una-parte-de-la-sociedad-y-el-estado\/\"]}]},{\"@type\":\"BreadcrumbList\",\"@id\":\"https:\/\/luchonoticias.com\/editor\/petro-hace-llamado-en-permitirse-la-reconciliacion-de-los-jovenes-con-una-parte-de-la-sociedad-y-el-estado\/#breadcrumb\",\"itemListElement\":[{\"@type\":\"ListItem\",\"position\":1,\"name\":\"Portada\",\"item\":\"https:\/\/luchonoticias.com\/editor\/\"},{\"@type\":\"ListItem\",\"position\":2,\"name\":\"Petro hace llamado en permitirse la reconciliaci\u00f3n de los j\u00f3venes con una parte de la sociedad y el Estado\"}]},{\"@type\":\"WebSite\",\"@id\":\"https:\/\/luchonoticias.com\/editor\/#website\",\"url\":\"https:\/\/luchonoticias.com\/editor\/\",\"name\":\"\",\"description\":\"\",\"publisher\":{\"@id\":\"https:\/\/luchonoticias.com\/editor\/#\/schema\/person\/7a7fd911f58561fd056dbac7b55af9cd\"},\"potentialAction\":[{\"@type\":\"SearchAction\",\"target\":{\"@type\":\"EntryPoint\",\"urlTemplate\":\"https:\/\/luchonoticias.com\/editor\/?s={search_term_string}\"},\"query-input\":{\"@type\":\"PropertyValueSpecification\",\"valueRequired\":true,\"valueName\":\"search_term_string\"}}],\"inLanguage\":\"es\"},{\"@type\":[\"Person\",\"Organization\"],\"@id\":\"https:\/\/luchonoticias.com\/editor\/#\/schema\/person\/7a7fd911f58561fd056dbac7b55af9cd\",\"name\":\"admin\",\"image\":{\"@type\":\"ImageObject\",\"inLanguage\":\"es\",\"@id\":\"https:\/\/luchonoticias.com\/editor\/#\/schema\/person\/image\/\",\"url\":\"https:\/\/luchonoticias.com\/editor\/wp-content\/uploads\/2024\/02\/cropped-cropped-logolu.webp\",\"contentUrl\":\"https:\/\/luchonoticias.com\/editor\/wp-content\/uploads\/2024\/02\/cropped-cropped-logolu.webp\",\"width\":382,\"height\":170,\"caption\":\"admin\"},\"logo\":{\"@id\":\"https:\/\/luchonoticias.com\/editor\/#\/schema\/person\/image\/\"},\"sameAs\":[\"https:\/\/www.facebook.com\/luchonoticiasneiva\"]},{\"@type\":\"Person\",\"@id\":\"https:\/\/luchonoticias.com\/editor\/#\/schema\/person\/29217990ddf6f14e35912b2866d591fb\",\"name\":\"Editor General\",\"image\":{\"@type\":\"ImageObject\",\"inLanguage\":\"es\",\"@id\":\"https:\/\/luchonoticias.com\/editor\/#\/schema\/person\/image\/\",\"url\":\"https:\/\/luchonoticias.com\/editor\/wp-content\/uploads\/2024\/02\/cropped-cropped-logolu-150x150.webp\",\"contentUrl\":\"https:\/\/luchonoticias.com\/editor\/wp-content\/uploads\/2024\/02\/cropped-cropped-logolu-150x150.webp\",\"caption\":\"Editor General\"},\"sameAs\":[\"https:\/\/luchonoticias.com\/\"],\"url\":\"https:\/\/luchonoticias.com\/editor\/author\/editor-general\/\"}]}<\/script>\n<!-- \/ Yoast SEO plugin. -->","yoast_head_json":{"title":"Petro hace llamado en permitirse la reconciliaci\u00f3n de los j\u00f3venes con una parte de la sociedad y el Estado -","robots":{"index":"index","follow":"follow","max-snippet":"max-snippet:-1","max-image-preview":"max-image-preview:large","max-video-preview":"max-video-preview:-1"},"canonical":"https:\/\/luchonoticias.com\/editor\/petro-hace-llamado-en-permitirse-la-reconciliacion-de-los-jovenes-con-una-parte-de-la-sociedad-y-el-estado\/","og_locale":"es_ES","og_type":"article","og_title":"Petro hace llamado en permitirse la reconciliaci\u00f3n de los j\u00f3venes con una parte de la sociedad y el Estado -","og_url":"https:\/\/luchonoticias.com\/editor\/petro-hace-llamado-en-permitirse-la-reconciliacion-de-los-jovenes-con-una-parte-de-la-sociedad-y-el-estado\/","article_publisher":"https:\/\/www.facebook.com\/luchonoticiasneiva","article_published_time":"2023-01-29T00:12:33+00:00","author":"Editor General","twitter_card":"summary_large_image","twitter_misc":{"Escrito por":"Editor General","Tiempo de lectura":"5 minutos"},"schema":{"@context":"https:\/\/schema.org","@graph":[{"@type":"Article","@id":"https:\/\/luchonoticias.com\/editor\/petro-hace-llamado-en-permitirse-la-reconciliacion-de-los-jovenes-con-una-parte-de-la-sociedad-y-el-estado\/#article","isPartOf":{"@id":"https:\/\/luchonoticias.com\/editor\/petro-hace-llamado-en-permitirse-la-reconciliacion-de-los-jovenes-con-una-parte-de-la-sociedad-y-el-estado\/"},"author":{"name":"Editor General","@id":"https:\/\/luchonoticias.com\/editor\/#\/schema\/person\/29217990ddf6f14e35912b2866d591fb"},"headline":"Petro hace llamado en permitirse la reconciliaci\u00f3n de los j\u00f3venes con una parte de la sociedad y el Estado","datePublished":"2023-01-29T00:12:33+00:00","mainEntityOfPage":{"@id":"https:\/\/luchonoticias.com\/editor\/petro-hace-llamado-en-permitirse-la-reconciliacion-de-los-jovenes-con-una-parte-de-la-sociedad-y-el-estado\/"},"wordCount":974,"commentCount":0,"publisher":{"@id":"https:\/\/luchonoticias.com\/editor\/#\/schema\/person\/7a7fd911f58561fd056dbac7b55af9cd"},"articleSection":["Destacado","Nacional"],"inLanguage":"es","potentialAction":[{"@type":"CommentAction","name":"Comment","target":["https:\/\/luchonoticias.com\/editor\/petro-hace-llamado-en-permitirse-la-reconciliacion-de-los-jovenes-con-una-parte-de-la-sociedad-y-el-estado\/#respond"]}]},{"@type":"WebPage","@id":"https:\/\/luchonoticias.com\/editor\/petro-hace-llamado-en-permitirse-la-reconciliacion-de-los-jovenes-con-una-parte-de-la-sociedad-y-el-estado\/","url":"https:\/\/luchonoticias.com\/editor\/petro-hace-llamado-en-permitirse-la-reconciliacion-de-los-jovenes-con-una-parte-de-la-sociedad-y-el-estado\/","name":"Petro hace llamado en permitirse la reconciliaci\u00f3n de los j\u00f3venes con una parte de la sociedad y el Estado -","isPartOf":{"@id":"https:\/\/luchonoticias.com\/editor\/#website"},"datePublished":"2023-01-29T00:12:33+00:00","breadcrumb":{"@id":"https:\/\/luchonoticias.com\/editor\/petro-hace-llamado-en-permitirse-la-reconciliacion-de-los-jovenes-con-una-parte-de-la-sociedad-y-el-estado\/#breadcrumb"},"inLanguage":"es","potentialAction":[{"@type":"ReadAction","target":["https:\/\/luchonoticias.com\/editor\/petro-hace-llamado-en-permitirse-la-reconciliacion-de-los-jovenes-con-una-parte-de-la-sociedad-y-el-estado\/"]}]},{"@type":"BreadcrumbList","@id":"https:\/\/luchonoticias.com\/editor\/petro-hace-llamado-en-permitirse-la-reconciliacion-de-los-jovenes-con-una-parte-de-la-sociedad-y-el-estado\/#breadcrumb","itemListElement":[{"@type":"ListItem","position":1,"name":"Portada","item":"https:\/\/luchonoticias.com\/editor\/"},{"@type":"ListItem","position":2,"name":"Petro hace llamado en permitirse la reconciliaci\u00f3n de los j\u00f3venes con una parte de la sociedad y el Estado"}]},{"@type":"WebSite","@id":"https:\/\/luchonoticias.com\/editor\/#website","url":"https:\/\/luchonoticias.com\/editor\/","name":"","description":"","publisher":{"@id":"https:\/\/luchonoticias.com\/editor\/#\/schema\/person\/7a7fd911f58561fd056dbac7b55af9cd"},"potentialAction":[{"@type":"SearchAction","target":{"@type":"EntryPoint","urlTemplate":"https:\/\/luchonoticias.com\/editor\/?s={search_term_string}"},"query-input":{"@type":"PropertyValueSpecification","valueRequired":true,"valueName":"search_term_string"}}],"inLanguage":"es"},{"@type":["Person","Organization"],"@id":"https:\/\/luchonoticias.com\/editor\/#\/schema\/person\/7a7fd911f58561fd056dbac7b55af9cd","name":"admin","image":{"@type":"ImageObject","inLanguage":"es","@id":"https:\/\/luchonoticias.com\/editor\/#\/schema\/person\/image\/","url":"https:\/\/luchonoticias.com\/editor\/wp-content\/uploads\/2024\/02\/cropped-cropped-logolu.webp","contentUrl":"https:\/\/luchonoticias.com\/editor\/wp-content\/uploads\/2024\/02\/cropped-cropped-logolu.webp","width":382,"height":170,"caption":"admin"},"logo":{"@id":"https:\/\/luchonoticias.com\/editor\/#\/schema\/person\/image\/"},"sameAs":["https:\/\/www.facebook.com\/luchonoticiasneiva"]},{"@type":"Person","@id":"https:\/\/luchonoticias.com\/editor\/#\/schema\/person\/29217990ddf6f14e35912b2866d591fb","name":"Editor General","image":{"@type":"ImageObject","inLanguage":"es","@id":"https:\/\/luchonoticias.com\/editor\/#\/schema\/person\/image\/","url":"https:\/\/luchonoticias.com\/editor\/wp-content\/uploads\/2024\/02\/cropped-cropped-logolu-150x150.webp","contentUrl":"https:\/\/luchonoticias.com\/editor\/wp-content\/uploads\/2024\/02\/cropped-cropped-logolu-150x150.webp","caption":"Editor General"},"sameAs":["https:\/\/luchonoticias.com\/"],"url":"https:\/\/luchonoticias.com\/editor\/author\/editor-general\/"}]}},"_links":{"self":[{"href":"https:\/\/luchonoticias.com\/editor\/wp-json\/wp\/v2\/posts\/45106","targetHints":{"allow":["GET"]}}],"collection":[{"href":"https:\/\/luchonoticias.com\/editor\/wp-json\/wp\/v2\/posts"}],"about":[{"href":"https:\/\/luchonoticias.com\/editor\/wp-json\/wp\/v2\/types\/post"}],"author":[{"embeddable":true,"href":"https:\/\/luchonoticias.com\/editor\/wp-json\/wp\/v2\/users\/2"}],"replies":[{"embeddable":true,"href":"https:\/\/luchonoticias.com\/editor\/wp-json\/wp\/v2\/comments?post=45106"}],"version-history":[{"count":0,"href":"https:\/\/luchonoticias.com\/editor\/wp-json\/wp\/v2\/posts\/45106\/revisions"}],"wp:attachment":[{"href":"https:\/\/luchonoticias.com\/editor\/wp-json\/wp\/v2\/media?parent=45106"}],"wp:term":[{"taxonomy":"category","embeddable":true,"href":"https:\/\/luchonoticias.com\/editor\/wp-json\/wp\/v2\/categories?post=45106"},{"taxonomy":"post_tag","embeddable":true,"href":"https:\/\/luchonoticias.com\/editor\/wp-json\/wp\/v2\/tags?post=45106"}],"curies":[{"name":"wp","href":"https:\/\/api.w.org\/{rel}","templated":true}]}}