{"id":45109,"date":"2023-01-28T19:25:20","date_gmt":"2023-01-29T00:25:20","guid":{"rendered":"https:\/\/luchonoticias.com\/?p=45109"},"modified":"2023-01-28T19:25:22","modified_gmt":"2023-01-29T00:25:22","slug":"atletico-huila-vuelve-y-pierde","status":"publish","type":"post","link":"https:\/\/luchonoticias.com\/editor\/atletico-huila-vuelve-y-pierde\/","title":{"rendered":"Atl\u00e9tico Huila vuelve&#8230;y pierde"},"content":{"rendered":"\n<p><strong>Atl\u00e9tico Huila perdi\u00f3<\/strong>&nbsp;como local&nbsp;<strong>1:2 ante el Bucaramanga&nbsp;<\/strong>en juego correspondiente a la segunda fecha del campeonato de liga colombiano.<\/p>\n\n\n\n<p>Pese a tener dominio en buena parte del compromiso, de nuevo&nbsp;<strong>los fallos defensivos e imprecisiones en ataque&nbsp;<\/strong>condenaron a los dirigidos por N\u00e9stor Craviotto que ya suman dos ca\u00eddas en igual n\u00famero de juegos disputados.<\/p>\n\n\n\n<p>En lo fueron los primeros minutos de partido el cuadro huilense tuvo la iniciativa e incluso contaron con tres opciones claras de gol, pero de nuevo&nbsp;<strong>los errores defensivos&nbsp;<\/strong>en bal\u00f3n a\u00e9reo<strong>&nbsp;hicieron de las suyas&nbsp;<\/strong>en la primera mitad, al minuto 22 y de cobro de tiro libre el argentino Gonzalo Lencina adelant\u00f3 a los santandereanos.<\/p>\n\n\n\n<p>Sobre el final de la primera parte&nbsp;<strong>Jos\u00e9 Gabriel Ram\u00edrez&nbsp;<\/strong>(uno de los refuerzos)<strong>&nbsp;logr\u00f3 la anotaci\u00f3n del empate&nbsp;<\/strong>con pase de Sebasti\u00e1n Hern\u00e1ndez, resultado con el que ambos equipos se fueron al descanso.<\/p>\n\n\n\n<h5 class=\"wp-block-heading\">Huila lo intenta pero Bucaramanga gana<\/h5>\n\n\n\n<p>Pensando en la segunda parte el&nbsp;<strong>Huila puso toda la carne en el asador<\/strong>&nbsp;ingresando a George Saunders, Jhonatan Carmona y Dylan Lozano, pensando en&nbsp;<strong>decantar el resultado a su favor.<\/strong><\/p>\n\n\n\n<p>Pese a ello en buena parte del compromiso se vieron acciones parejas tanto de los locales como de los visitantes, en el caso de los \u00faltimos la m\u00e1s clara fue originada por un error ofensivo del Huila.<\/p>\n\n\n\n<p>Por su parte el Huila mediante&nbsp;<strong>Faber Gil y Gustavo Britos&nbsp;<\/strong>lideraron la avanzada aunque sus opciones terminaron en manos del portero visitante, Christopher Varela.<\/p>\n\n\n\n<p>Sobre el final del partido&nbsp;<strong>Britos tuvo una clara opci\u00f3n<\/strong>&nbsp;la cual termin\u00f3 en el palo pero al mismo tiempo estaba en fuera de lugar, el mismo delantero argentino en tiempo a\u00f1adido no tuvo tiempo para llegar a un centro peligroso de Faber Gil.<\/p>\n\n\n\n<p>Sobre el \u00faltimo minuto el argentino&nbsp;<strong>Gonzalo Lencina&nbsp;<\/strong>(a pase de Javier Reina)<strong>&nbsp;vuelve a amargarle el d\u00eda al cuadro local<\/strong>, logrando el segundo del partido con el que los santandereanos logran los tres puntos y segundo juego perdido para la causa huilense.<\/p>\n","protected":false},"excerpt":{"rendered":"<p>Atl\u00e9tico Huila perdi\u00f3&nbsp;como local&nbsp;1:2 ante el Bucaramanga&nbsp;en juego correspondiente a la segunda fecha del campeonato de liga colombiano. Pese a tener dominio en buena parte del compromiso, de nuevo&nbsp;los fallos defensivos e imprecisiones en ataque&nbsp;condenaron a los dirigidos por N\u00e9stor Craviotto que ya suman dos ca\u00eddas en igual n\u00famero de juegos disputados. En lo fueron [&hellip;]<\/p>\n","protected":false},"author":2,"featured_media":0,"comment_status":"open","ping_status":"open","sticky":false,"template":"","format":"standard","meta":{"footnotes":""},"categories":[34],"tags":[],"class_list":["post-45109","post","type-post","status-publish","format-standard","hentry","category-deportes"],"yoast_head":"<!-- This site is optimized with the Yoast SEO plugin v26.6 - https:\/\/yoast.com\/wordpress\/plugins\/seo\/ -->\n<title>Atl\u00e9tico Huila vuelve...y pierde -<\/title>\n<meta name=\"robots\" content=\"index, follow, max-snippet:-1, max-image-preview:large, max-video-preview:-1\" \/>\n<link rel=\"canonical\" href=\"https:\/\/luchonoticias.com\/editor\/atletico-huila-vuelve-y-pierde\/\" \/>\n<meta property=\"og:locale\" content=\"es_ES\" \/>\n<meta property=\"og:type\" content=\"article\" \/>\n<meta property=\"og:title\" content=\"Atl\u00e9tico Huila vuelve...y pierde -\" \/>\n<meta property=\"og:url\" content=\"https:\/\/luchonoticias.com\/editor\/atletico-huila-vuelve-y-pierde\/\" \/>\n<meta property=\"article:publisher\" content=\"https:\/\/www.facebook.com\/luchonoticiasneiva\" \/>\n<meta property=\"article:published_time\" content=\"2023-01-29T00:25:20+00:00\" \/>\n<meta property=\"article:modified_time\" content=\"2023-01-29T00:25:22+00:00\" \/>\n<meta name=\"author\" content=\"Editor General\" \/>\n<meta name=\"twitter:card\" content=\"summary_large_image\" \/>\n<meta name=\"twitter:label1\" content=\"Escrito por\" \/>\n\t<meta name=\"twitter:data1\" content=\"Editor General\" \/>\n\t<meta name=\"twitter:label2\" content=\"Tiempo de lectura\" \/>\n\t<meta name=\"twitter:data2\" content=\"2 minutos\" \/>\n<script type=\"application\/ld+json\" class=\"yoast-schema-graph\">{\"@context\":\"https:\/\/schema.org\",\"@graph\":[{\"@type\":\"Article\",\"@id\":\"https:\/\/luchonoticias.com\/editor\/atletico-huila-vuelve-y-pierde\/#article\",\"isPartOf\":{\"@id\":\"https:\/\/luchonoticias.com\/editor\/atletico-huila-vuelve-y-pierde\/\"},\"author\":{\"name\":\"Editor General\",\"@id\":\"https:\/\/luchonoticias.com\/editor\/#\/schema\/person\/29217990ddf6f14e35912b2866d591fb\"},\"headline\":\"Atl\u00e9tico Huila vuelve&#8230;y pierde\",\"datePublished\":\"2023-01-29T00:25:20+00:00\",\"dateModified\":\"2023-01-29T00:25:22+00:00\",\"mainEntityOfPage\":{\"@id\":\"https:\/\/luchonoticias.com\/editor\/atletico-huila-vuelve-y-pierde\/\"},\"wordCount\":375,\"commentCount\":0,\"publisher\":{\"@id\":\"https:\/\/luchonoticias.com\/editor\/#\/schema\/person\/7a7fd911f58561fd056dbac7b55af9cd\"},\"articleSection\":[\"Deportes\"],\"inLanguage\":\"es\",\"potentialAction\":[{\"@type\":\"CommentAction\",\"name\":\"Comment\",\"target\":[\"https:\/\/luchonoticias.com\/editor\/atletico-huila-vuelve-y-pierde\/#respond\"]}]},{\"@type\":\"WebPage\",\"@id\":\"https:\/\/luchonoticias.com\/editor\/atletico-huila-vuelve-y-pierde\/\",\"url\":\"https:\/\/luchonoticias.com\/editor\/atletico-huila-vuelve-y-pierde\/\",\"name\":\"Atl\u00e9tico Huila vuelve...y pierde -\",\"isPartOf\":{\"@id\":\"https:\/\/luchonoticias.com\/editor\/#website\"},\"datePublished\":\"2023-01-29T00:25:20+00:00\",\"dateModified\":\"2023-01-29T00:25:22+00:00\",\"breadcrumb\":{\"@id\":\"https:\/\/luchonoticias.com\/editor\/atletico-huila-vuelve-y-pierde\/#breadcrumb\"},\"inLanguage\":\"es\",\"potentialAction\":[{\"@type\":\"ReadAction\",\"target\":[\"https:\/\/luchonoticias.com\/editor\/atletico-huila-vuelve-y-pierde\/\"]}]},{\"@type\":\"BreadcrumbList\",\"@id\":\"https:\/\/luchonoticias.com\/editor\/atletico-huila-vuelve-y-pierde\/#breadcrumb\",\"itemListElement\":[{\"@type\":\"ListItem\",\"position\":1,\"name\":\"Portada\",\"item\":\"https:\/\/luchonoticias.com\/editor\/\"},{\"@type\":\"ListItem\",\"position\":2,\"name\":\"Atl\u00e9tico Huila vuelve&#8230;y pierde\"}]},{\"@type\":\"WebSite\",\"@id\":\"https:\/\/luchonoticias.com\/editor\/#website\",\"url\":\"https:\/\/luchonoticias.com\/editor\/\",\"name\":\"\",\"description\":\"\",\"publisher\":{\"@id\":\"https:\/\/luchonoticias.com\/editor\/#\/schema\/person\/7a7fd911f58561fd056dbac7b55af9cd\"},\"potentialAction\":[{\"@type\":\"SearchAction\",\"target\":{\"@type\":\"EntryPoint\",\"urlTemplate\":\"https:\/\/luchonoticias.com\/editor\/?s={search_term_string}\"},\"query-input\":{\"@type\":\"PropertyValueSpecification\",\"valueRequired\":true,\"valueName\":\"search_term_string\"}}],\"inLanguage\":\"es\"},{\"@type\":[\"Person\",\"Organization\"],\"@id\":\"https:\/\/luchonoticias.com\/editor\/#\/schema\/person\/7a7fd911f58561fd056dbac7b55af9cd\",\"name\":\"admin\",\"image\":{\"@type\":\"ImageObject\",\"inLanguage\":\"es\",\"@id\":\"https:\/\/luchonoticias.com\/editor\/#\/schema\/person\/image\/\",\"url\":\"https:\/\/luchonoticias.com\/editor\/wp-content\/uploads\/2024\/02\/cropped-cropped-logolu.webp\",\"contentUrl\":\"https:\/\/luchonoticias.com\/editor\/wp-content\/uploads\/2024\/02\/cropped-cropped-logolu.webp\",\"width\":382,\"height\":170,\"caption\":\"admin\"},\"logo\":{\"@id\":\"https:\/\/luchonoticias.com\/editor\/#\/schema\/person\/image\/\"},\"sameAs\":[\"https:\/\/www.facebook.com\/luchonoticiasneiva\"]},{\"@type\":\"Person\",\"@id\":\"https:\/\/luchonoticias.com\/editor\/#\/schema\/person\/29217990ddf6f14e35912b2866d591fb\",\"name\":\"Editor General\",\"image\":{\"@type\":\"ImageObject\",\"inLanguage\":\"es\",\"@id\":\"https:\/\/luchonoticias.com\/editor\/#\/schema\/person\/image\/\",\"url\":\"https:\/\/luchonoticias.com\/editor\/wp-content\/uploads\/2024\/02\/cropped-cropped-logolu-150x150.webp\",\"contentUrl\":\"https:\/\/luchonoticias.com\/editor\/wp-content\/uploads\/2024\/02\/cropped-cropped-logolu-150x150.webp\",\"caption\":\"Editor General\"},\"sameAs\":[\"https:\/\/luchonoticias.com\/\"],\"url\":\"https:\/\/luchonoticias.com\/editor\/author\/editor-general\/\"}]}<\/script>\n<!-- \/ Yoast SEO plugin. -->","yoast_head_json":{"title":"Atl\u00e9tico Huila vuelve...y pierde -","robots":{"index":"index","follow":"follow","max-snippet":"max-snippet:-1","max-image-preview":"max-image-preview:large","max-video-preview":"max-video-preview:-1"},"canonical":"https:\/\/luchonoticias.com\/editor\/atletico-huila-vuelve-y-pierde\/","og_locale":"es_ES","og_type":"article","og_title":"Atl\u00e9tico Huila vuelve...y pierde -","og_url":"https:\/\/luchonoticias.com\/editor\/atletico-huila-vuelve-y-pierde\/","article_publisher":"https:\/\/www.facebook.com\/luchonoticiasneiva","article_published_time":"2023-01-29T00:25:20+00:00","article_modified_time":"2023-01-29T00:25:22+00:00","author":"Editor General","twitter_card":"summary_large_image","twitter_misc":{"Escrito por":"Editor General","Tiempo de lectura":"2 minutos"},"schema":{"@context":"https:\/\/schema.org","@graph":[{"@type":"Article","@id":"https:\/\/luchonoticias.com\/editor\/atletico-huila-vuelve-y-pierde\/#article","isPartOf":{"@id":"https:\/\/luchonoticias.com\/editor\/atletico-huila-vuelve-y-pierde\/"},"author":{"name":"Editor General","@id":"https:\/\/luchonoticias.com\/editor\/#\/schema\/person\/29217990ddf6f14e35912b2866d591fb"},"headline":"Atl\u00e9tico Huila vuelve&#8230;y pierde","datePublished":"2023-01-29T00:25:20+00:00","dateModified":"2023-01-29T00:25:22+00:00","mainEntityOfPage":{"@id":"https:\/\/luchonoticias.com\/editor\/atletico-huila-vuelve-y-pierde\/"},"wordCount":375,"commentCount":0,"publisher":{"@id":"https:\/\/luchonoticias.com\/editor\/#\/schema\/person\/7a7fd911f58561fd056dbac7b55af9cd"},"articleSection":["Deportes"],"inLanguage":"es","potentialAction":[{"@type":"CommentAction","name":"Comment","target":["https:\/\/luchonoticias.com\/editor\/atletico-huila-vuelve-y-pierde\/#respond"]}]},{"@type":"WebPage","@id":"https:\/\/luchonoticias.com\/editor\/atletico-huila-vuelve-y-pierde\/","url":"https:\/\/luchonoticias.com\/editor\/atletico-huila-vuelve-y-pierde\/","name":"Atl\u00e9tico Huila vuelve...y pierde -","isPartOf":{"@id":"https:\/\/luchonoticias.com\/editor\/#website"},"datePublished":"2023-01-29T00:25:20+00:00","dateModified":"2023-01-29T00:25:22+00:00","breadcrumb":{"@id":"https:\/\/luchonoticias.com\/editor\/atletico-huila-vuelve-y-pierde\/#breadcrumb"},"inLanguage":"es","potentialAction":[{"@type":"ReadAction","target":["https:\/\/luchonoticias.com\/editor\/atletico-huila-vuelve-y-pierde\/"]}]},{"@type":"BreadcrumbList","@id":"https:\/\/luchonoticias.com\/editor\/atletico-huila-vuelve-y-pierde\/#breadcrumb","itemListElement":[{"@type":"ListItem","position":1,"name":"Portada","item":"https:\/\/luchonoticias.com\/editor\/"},{"@type":"ListItem","position":2,"name":"Atl\u00e9tico Huila vuelve&#8230;y pierde"}]},{"@type":"WebSite","@id":"https:\/\/luchonoticias.com\/editor\/#website","url":"https:\/\/luchonoticias.com\/editor\/","name":"","description":"","publisher":{"@id":"https:\/\/luchonoticias.com\/editor\/#\/schema\/person\/7a7fd911f58561fd056dbac7b55af9cd"},"potentialAction":[{"@type":"SearchAction","target":{"@type":"EntryPoint","urlTemplate":"https:\/\/luchonoticias.com\/editor\/?s={search_term_string}"},"query-input":{"@type":"PropertyValueSpecification","valueRequired":true,"valueName":"search_term_string"}}],"inLanguage":"es"},{"@type":["Person","Organization"],"@id":"https:\/\/luchonoticias.com\/editor\/#\/schema\/person\/7a7fd911f58561fd056dbac7b55af9cd","name":"admin","image":{"@type":"ImageObject","inLanguage":"es","@id":"https:\/\/luchonoticias.com\/editor\/#\/schema\/person\/image\/","url":"https:\/\/luchonoticias.com\/editor\/wp-content\/uploads\/2024\/02\/cropped-cropped-logolu.webp","contentUrl":"https:\/\/luchonoticias.com\/editor\/wp-content\/uploads\/2024\/02\/cropped-cropped-logolu.webp","width":382,"height":170,"caption":"admin"},"logo":{"@id":"https:\/\/luchonoticias.com\/editor\/#\/schema\/person\/image\/"},"sameAs":["https:\/\/www.facebook.com\/luchonoticiasneiva"]},{"@type":"Person","@id":"https:\/\/luchonoticias.com\/editor\/#\/schema\/person\/29217990ddf6f14e35912b2866d591fb","name":"Editor General","image":{"@type":"ImageObject","inLanguage":"es","@id":"https:\/\/luchonoticias.com\/editor\/#\/schema\/person\/image\/","url":"https:\/\/luchonoticias.com\/editor\/wp-content\/uploads\/2024\/02\/cropped-cropped-logolu-150x150.webp","contentUrl":"https:\/\/luchonoticias.com\/editor\/wp-content\/uploads\/2024\/02\/cropped-cropped-logolu-150x150.webp","caption":"Editor General"},"sameAs":["https:\/\/luchonoticias.com\/"],"url":"https:\/\/luchonoticias.com\/editor\/author\/editor-general\/"}]}},"_links":{"self":[{"href":"https:\/\/luchonoticias.com\/editor\/wp-json\/wp\/v2\/posts\/45109","targetHints":{"allow":["GET"]}}],"collection":[{"href":"https:\/\/luchonoticias.com\/editor\/wp-json\/wp\/v2\/posts"}],"about":[{"href":"https:\/\/luchonoticias.com\/editor\/wp-json\/wp\/v2\/types\/post"}],"author":[{"embeddable":true,"href":"https:\/\/luchonoticias.com\/editor\/wp-json\/wp\/v2\/users\/2"}],"replies":[{"embeddable":true,"href":"https:\/\/luchonoticias.com\/editor\/wp-json\/wp\/v2\/comments?post=45109"}],"version-history":[{"count":0,"href":"https:\/\/luchonoticias.com\/editor\/wp-json\/wp\/v2\/posts\/45109\/revisions"}],"wp:attachment":[{"href":"https:\/\/luchonoticias.com\/editor\/wp-json\/wp\/v2\/media?parent=45109"}],"wp:term":[{"taxonomy":"category","embeddable":true,"href":"https:\/\/luchonoticias.com\/editor\/wp-json\/wp\/v2\/categories?post=45109"},{"taxonomy":"post_tag","embeddable":true,"href":"https:\/\/luchonoticias.com\/editor\/wp-json\/wp\/v2\/tags?post=45109"}],"curies":[{"name":"wp","href":"https:\/\/api.w.org\/{rel}","templated":true}]}}