{"id":45111,"date":"2023-01-28T21:38:44","date_gmt":"2023-01-29T02:38:44","guid":{"rendered":"https:\/\/luchonoticias.com\/?p=45111"},"modified":"2023-01-28T21:38:45","modified_gmt":"2023-01-29T02:38:45","slug":"colombia-y-estados-unidos-no-se-hacen-dano","status":"publish","type":"post","link":"https:\/\/luchonoticias.com\/editor\/colombia-y-estados-unidos-no-se-hacen-dano\/","title":{"rendered":"Colombia y Estados Unidos no se hacen da\u00f1o"},"content":{"rendered":"\n<p>La selecci\u00f3n&nbsp;<strong>Colombia igual\u00f3 sin goles ante Estados Unidos<\/strong>, en lo que fue el primer partido del a\u00f1o para el equipo mayores y disputado en California.<\/p>\n\n\n\n<p>Para este juego el entrenador N\u00e9stor Lorenzo convoc\u00f3 un grupo confirmado por integrantes del medio local as\u00ed como futbolistas que militan en ligas de Am\u00e9rica.<\/p>\n\n\n\n<p>En lo que fue la primera mitad hubo&nbsp;<strong>acciones por igual para ambos equipos<\/strong>: Colombia tuvo opciones mediante Diego Valoyes, Yilmar Vel\u00e1squez y Cristian Arango, todo eso en el primer cuarto de hora.<\/p>\n\n\n\n<p>Por su parte\u00a0<strong>Estados Unidos se las arregl\u00f3 para generar peligro\u00a0<\/strong>mediante hombres como Frank Aaronson y Matthew Hoppe.<\/p>\n\n\n\n<p>Ya en la segunda mitad Colombia&nbsp;<strong>tuvo dificultades para llegar a territorio rival<\/strong>, ante un cuadro norteamericano con dominio de bal\u00f3n, eso s\u00ed, defensivamente estuvo atento para repeler el avance de los locales.<\/p>\n\n\n\n<p>Pasados los 70 minutos&nbsp;<strong>el juego se caracteriz\u00f3 por ser trabado<\/strong>: jug\u00e1ndose lejos del \u00e1rea, aunque sobre el minuto 80 Santiago Moreno protagoniza un remate que es tocado por un estadounidense con su mano, eso s\u00ed, la jugada no prosper\u00f3 por fuera de juego.<\/p>\n\n\n\n<p>Sobre el final del compromiso&nbsp;<strong>ambos combinados se repartieron los balones&nbsp;<\/strong>aunque los locales tuvieron como jugador m\u00e1s insistente a Brandon V\u00e1squez quien protagoniz\u00f3 tres opciones claras, siendo la m\u00e1s peligrosa una a los 90 minutos fruto de un tiro libre, aunque al final el marcador no se movi\u00f3.<\/p>\n","protected":false},"excerpt":{"rendered":"<p>La selecci\u00f3n&nbsp;Colombia igual\u00f3 sin goles ante Estados Unidos, en lo que fue el primer partido del a\u00f1o para el equipo mayores y disputado en California. Para este juego el entrenador N\u00e9stor Lorenzo convoc\u00f3 un grupo confirmado por integrantes del medio local as\u00ed como futbolistas que militan en ligas de Am\u00e9rica. En lo que fue la [&hellip;]<\/p>\n","protected":false},"author":2,"featured_media":0,"comment_status":"open","ping_status":"open","sticky":false,"template":"","format":"standard","meta":{"footnotes":""},"categories":[34],"tags":[],"class_list":["post-45111","post","type-post","status-publish","format-standard","hentry","category-deportes"],"yoast_head":"<!-- This site is optimized with the Yoast SEO plugin v26.6 - https:\/\/yoast.com\/wordpress\/plugins\/seo\/ -->\n<title>Colombia y Estados Unidos no se hacen da\u00f1o -<\/title>\n<meta name=\"robots\" content=\"index, follow, max-snippet:-1, max-image-preview:large, max-video-preview:-1\" \/>\n<link rel=\"canonical\" href=\"https:\/\/luchonoticias.com\/editor\/colombia-y-estados-unidos-no-se-hacen-dano\/\" \/>\n<meta property=\"og:locale\" content=\"es_ES\" \/>\n<meta property=\"og:type\" content=\"article\" \/>\n<meta property=\"og:title\" content=\"Colombia y Estados Unidos no se hacen da\u00f1o -\" \/>\n<meta property=\"og:url\" content=\"https:\/\/luchonoticias.com\/editor\/colombia-y-estados-unidos-no-se-hacen-dano\/\" \/>\n<meta property=\"article:publisher\" content=\"https:\/\/www.facebook.com\/luchonoticiasneiva\" \/>\n<meta property=\"article:published_time\" content=\"2023-01-29T02:38:44+00:00\" \/>\n<meta property=\"article:modified_time\" content=\"2023-01-29T02:38:45+00:00\" \/>\n<meta name=\"author\" content=\"Editor General\" \/>\n<meta name=\"twitter:card\" content=\"summary_large_image\" \/>\n<meta name=\"twitter:label1\" content=\"Escrito por\" \/>\n\t<meta name=\"twitter:data1\" content=\"Editor General\" \/>\n\t<meta name=\"twitter:label2\" content=\"Tiempo de lectura\" \/>\n\t<meta name=\"twitter:data2\" content=\"1 minuto\" \/>\n<script type=\"application\/ld+json\" class=\"yoast-schema-graph\">{\"@context\":\"https:\/\/schema.org\",\"@graph\":[{\"@type\":\"Article\",\"@id\":\"https:\/\/luchonoticias.com\/editor\/colombia-y-estados-unidos-no-se-hacen-dano\/#article\",\"isPartOf\":{\"@id\":\"https:\/\/luchonoticias.com\/editor\/colombia-y-estados-unidos-no-se-hacen-dano\/\"},\"author\":{\"name\":\"Editor General\",\"@id\":\"https:\/\/luchonoticias.com\/editor\/#\/schema\/person\/29217990ddf6f14e35912b2866d591fb\"},\"headline\":\"Colombia y Estados Unidos no se hacen da\u00f1o\",\"datePublished\":\"2023-01-29T02:38:44+00:00\",\"dateModified\":\"2023-01-29T02:38:45+00:00\",\"mainEntityOfPage\":{\"@id\":\"https:\/\/luchonoticias.com\/editor\/colombia-y-estados-unidos-no-se-hacen-dano\/\"},\"wordCount\":251,\"commentCount\":0,\"publisher\":{\"@id\":\"https:\/\/luchonoticias.com\/editor\/#\/schema\/person\/7a7fd911f58561fd056dbac7b55af9cd\"},\"articleSection\":[\"Deportes\"],\"inLanguage\":\"es\",\"potentialAction\":[{\"@type\":\"CommentAction\",\"name\":\"Comment\",\"target\":[\"https:\/\/luchonoticias.com\/editor\/colombia-y-estados-unidos-no-se-hacen-dano\/#respond\"]}]},{\"@type\":\"WebPage\",\"@id\":\"https:\/\/luchonoticias.com\/editor\/colombia-y-estados-unidos-no-se-hacen-dano\/\",\"url\":\"https:\/\/luchonoticias.com\/editor\/colombia-y-estados-unidos-no-se-hacen-dano\/\",\"name\":\"Colombia y Estados Unidos no se hacen da\u00f1o -\",\"isPartOf\":{\"@id\":\"https:\/\/luchonoticias.com\/editor\/#website\"},\"datePublished\":\"2023-01-29T02:38:44+00:00\",\"dateModified\":\"2023-01-29T02:38:45+00:00\",\"breadcrumb\":{\"@id\":\"https:\/\/luchonoticias.com\/editor\/colombia-y-estados-unidos-no-se-hacen-dano\/#breadcrumb\"},\"inLanguage\":\"es\",\"potentialAction\":[{\"@type\":\"ReadAction\",\"target\":[\"https:\/\/luchonoticias.com\/editor\/colombia-y-estados-unidos-no-se-hacen-dano\/\"]}]},{\"@type\":\"BreadcrumbList\",\"@id\":\"https:\/\/luchonoticias.com\/editor\/colombia-y-estados-unidos-no-se-hacen-dano\/#breadcrumb\",\"itemListElement\":[{\"@type\":\"ListItem\",\"position\":1,\"name\":\"Portada\",\"item\":\"https:\/\/luchonoticias.com\/editor\/\"},{\"@type\":\"ListItem\",\"position\":2,\"name\":\"Colombia y Estados Unidos no se hacen da\u00f1o\"}]},{\"@type\":\"WebSite\",\"@id\":\"https:\/\/luchonoticias.com\/editor\/#website\",\"url\":\"https:\/\/luchonoticias.com\/editor\/\",\"name\":\"\",\"description\":\"\",\"publisher\":{\"@id\":\"https:\/\/luchonoticias.com\/editor\/#\/schema\/person\/7a7fd911f58561fd056dbac7b55af9cd\"},\"potentialAction\":[{\"@type\":\"SearchAction\",\"target\":{\"@type\":\"EntryPoint\",\"urlTemplate\":\"https:\/\/luchonoticias.com\/editor\/?s={search_term_string}\"},\"query-input\":{\"@type\":\"PropertyValueSpecification\",\"valueRequired\":true,\"valueName\":\"search_term_string\"}}],\"inLanguage\":\"es\"},{\"@type\":[\"Person\",\"Organization\"],\"@id\":\"https:\/\/luchonoticias.com\/editor\/#\/schema\/person\/7a7fd911f58561fd056dbac7b55af9cd\",\"name\":\"admin\",\"image\":{\"@type\":\"ImageObject\",\"inLanguage\":\"es\",\"@id\":\"https:\/\/luchonoticias.com\/editor\/#\/schema\/person\/image\/\",\"url\":\"https:\/\/luchonoticias.com\/editor\/wp-content\/uploads\/2024\/02\/cropped-cropped-logolu.webp\",\"contentUrl\":\"https:\/\/luchonoticias.com\/editor\/wp-content\/uploads\/2024\/02\/cropped-cropped-logolu.webp\",\"width\":382,\"height\":170,\"caption\":\"admin\"},\"logo\":{\"@id\":\"https:\/\/luchonoticias.com\/editor\/#\/schema\/person\/image\/\"},\"sameAs\":[\"https:\/\/www.facebook.com\/luchonoticiasneiva\"]},{\"@type\":\"Person\",\"@id\":\"https:\/\/luchonoticias.com\/editor\/#\/schema\/person\/29217990ddf6f14e35912b2866d591fb\",\"name\":\"Editor General\",\"image\":{\"@type\":\"ImageObject\",\"inLanguage\":\"es\",\"@id\":\"https:\/\/luchonoticias.com\/editor\/#\/schema\/person\/image\/\",\"url\":\"https:\/\/luchonoticias.com\/editor\/wp-content\/uploads\/2024\/02\/cropped-cropped-logolu-150x150.webp\",\"contentUrl\":\"https:\/\/luchonoticias.com\/editor\/wp-content\/uploads\/2024\/02\/cropped-cropped-logolu-150x150.webp\",\"caption\":\"Editor General\"},\"sameAs\":[\"https:\/\/luchonoticias.com\/\"],\"url\":\"https:\/\/luchonoticias.com\/editor\/author\/editor-general\/\"}]}<\/script>\n<!-- \/ Yoast SEO plugin. -->","yoast_head_json":{"title":"Colombia y Estados Unidos no se hacen da\u00f1o -","robots":{"index":"index","follow":"follow","max-snippet":"max-snippet:-1","max-image-preview":"max-image-preview:large","max-video-preview":"max-video-preview:-1"},"canonical":"https:\/\/luchonoticias.com\/editor\/colombia-y-estados-unidos-no-se-hacen-dano\/","og_locale":"es_ES","og_type":"article","og_title":"Colombia y Estados Unidos no se hacen da\u00f1o -","og_url":"https:\/\/luchonoticias.com\/editor\/colombia-y-estados-unidos-no-se-hacen-dano\/","article_publisher":"https:\/\/www.facebook.com\/luchonoticiasneiva","article_published_time":"2023-01-29T02:38:44+00:00","article_modified_time":"2023-01-29T02:38:45+00:00","author":"Editor General","twitter_card":"summary_large_image","twitter_misc":{"Escrito por":"Editor General","Tiempo de lectura":"1 minuto"},"schema":{"@context":"https:\/\/schema.org","@graph":[{"@type":"Article","@id":"https:\/\/luchonoticias.com\/editor\/colombia-y-estados-unidos-no-se-hacen-dano\/#article","isPartOf":{"@id":"https:\/\/luchonoticias.com\/editor\/colombia-y-estados-unidos-no-se-hacen-dano\/"},"author":{"name":"Editor General","@id":"https:\/\/luchonoticias.com\/editor\/#\/schema\/person\/29217990ddf6f14e35912b2866d591fb"},"headline":"Colombia y Estados Unidos no se hacen da\u00f1o","datePublished":"2023-01-29T02:38:44+00:00","dateModified":"2023-01-29T02:38:45+00:00","mainEntityOfPage":{"@id":"https:\/\/luchonoticias.com\/editor\/colombia-y-estados-unidos-no-se-hacen-dano\/"},"wordCount":251,"commentCount":0,"publisher":{"@id":"https:\/\/luchonoticias.com\/editor\/#\/schema\/person\/7a7fd911f58561fd056dbac7b55af9cd"},"articleSection":["Deportes"],"inLanguage":"es","potentialAction":[{"@type":"CommentAction","name":"Comment","target":["https:\/\/luchonoticias.com\/editor\/colombia-y-estados-unidos-no-se-hacen-dano\/#respond"]}]},{"@type":"WebPage","@id":"https:\/\/luchonoticias.com\/editor\/colombia-y-estados-unidos-no-se-hacen-dano\/","url":"https:\/\/luchonoticias.com\/editor\/colombia-y-estados-unidos-no-se-hacen-dano\/","name":"Colombia y Estados Unidos no se hacen da\u00f1o -","isPartOf":{"@id":"https:\/\/luchonoticias.com\/editor\/#website"},"datePublished":"2023-01-29T02:38:44+00:00","dateModified":"2023-01-29T02:38:45+00:00","breadcrumb":{"@id":"https:\/\/luchonoticias.com\/editor\/colombia-y-estados-unidos-no-se-hacen-dano\/#breadcrumb"},"inLanguage":"es","potentialAction":[{"@type":"ReadAction","target":["https:\/\/luchonoticias.com\/editor\/colombia-y-estados-unidos-no-se-hacen-dano\/"]}]},{"@type":"BreadcrumbList","@id":"https:\/\/luchonoticias.com\/editor\/colombia-y-estados-unidos-no-se-hacen-dano\/#breadcrumb","itemListElement":[{"@type":"ListItem","position":1,"name":"Portada","item":"https:\/\/luchonoticias.com\/editor\/"},{"@type":"ListItem","position":2,"name":"Colombia y Estados Unidos no se hacen da\u00f1o"}]},{"@type":"WebSite","@id":"https:\/\/luchonoticias.com\/editor\/#website","url":"https:\/\/luchonoticias.com\/editor\/","name":"","description":"","publisher":{"@id":"https:\/\/luchonoticias.com\/editor\/#\/schema\/person\/7a7fd911f58561fd056dbac7b55af9cd"},"potentialAction":[{"@type":"SearchAction","target":{"@type":"EntryPoint","urlTemplate":"https:\/\/luchonoticias.com\/editor\/?s={search_term_string}"},"query-input":{"@type":"PropertyValueSpecification","valueRequired":true,"valueName":"search_term_string"}}],"inLanguage":"es"},{"@type":["Person","Organization"],"@id":"https:\/\/luchonoticias.com\/editor\/#\/schema\/person\/7a7fd911f58561fd056dbac7b55af9cd","name":"admin","image":{"@type":"ImageObject","inLanguage":"es","@id":"https:\/\/luchonoticias.com\/editor\/#\/schema\/person\/image\/","url":"https:\/\/luchonoticias.com\/editor\/wp-content\/uploads\/2024\/02\/cropped-cropped-logolu.webp","contentUrl":"https:\/\/luchonoticias.com\/editor\/wp-content\/uploads\/2024\/02\/cropped-cropped-logolu.webp","width":382,"height":170,"caption":"admin"},"logo":{"@id":"https:\/\/luchonoticias.com\/editor\/#\/schema\/person\/image\/"},"sameAs":["https:\/\/www.facebook.com\/luchonoticiasneiva"]},{"@type":"Person","@id":"https:\/\/luchonoticias.com\/editor\/#\/schema\/person\/29217990ddf6f14e35912b2866d591fb","name":"Editor General","image":{"@type":"ImageObject","inLanguage":"es","@id":"https:\/\/luchonoticias.com\/editor\/#\/schema\/person\/image\/","url":"https:\/\/luchonoticias.com\/editor\/wp-content\/uploads\/2024\/02\/cropped-cropped-logolu-150x150.webp","contentUrl":"https:\/\/luchonoticias.com\/editor\/wp-content\/uploads\/2024\/02\/cropped-cropped-logolu-150x150.webp","caption":"Editor General"},"sameAs":["https:\/\/luchonoticias.com\/"],"url":"https:\/\/luchonoticias.com\/editor\/author\/editor-general\/"}]}},"_links":{"self":[{"href":"https:\/\/luchonoticias.com\/editor\/wp-json\/wp\/v2\/posts\/45111","targetHints":{"allow":["GET"]}}],"collection":[{"href":"https:\/\/luchonoticias.com\/editor\/wp-json\/wp\/v2\/posts"}],"about":[{"href":"https:\/\/luchonoticias.com\/editor\/wp-json\/wp\/v2\/types\/post"}],"author":[{"embeddable":true,"href":"https:\/\/luchonoticias.com\/editor\/wp-json\/wp\/v2\/users\/2"}],"replies":[{"embeddable":true,"href":"https:\/\/luchonoticias.com\/editor\/wp-json\/wp\/v2\/comments?post=45111"}],"version-history":[{"count":0,"href":"https:\/\/luchonoticias.com\/editor\/wp-json\/wp\/v2\/posts\/45111\/revisions"}],"wp:attachment":[{"href":"https:\/\/luchonoticias.com\/editor\/wp-json\/wp\/v2\/media?parent=45111"}],"wp:term":[{"taxonomy":"category","embeddable":true,"href":"https:\/\/luchonoticias.com\/editor\/wp-json\/wp\/v2\/categories?post=45111"},{"taxonomy":"post_tag","embeddable":true,"href":"https:\/\/luchonoticias.com\/editor\/wp-json\/wp\/v2\/tags?post=45111"}],"curies":[{"name":"wp","href":"https:\/\/api.w.org\/{rel}","templated":true}]}}