{"id":45119,"date":"2023-01-29T05:07:29","date_gmt":"2023-01-29T10:07:29","guid":{"rendered":"https:\/\/luchonoticias.com\/?p=45119"},"modified":"2023-01-29T05:07:30","modified_gmt":"2023-01-29T10:07:30","slug":"defensa-opita-debuto-en-el-futbol-paraguayo","status":"publish","type":"post","link":"https:\/\/luchonoticias.com\/editor\/defensa-opita-debuto-en-el-futbol-paraguayo\/","title":{"rendered":"Defensa opita debut\u00f3 en el f\u00fatbol paraguayo"},"content":{"rendered":"\n<p>El futbolista huilense&nbsp;<strong>Jos\u00e9 Moya debut\u00f3&nbsp;<\/strong>en partido oficial con su equipo, el&nbsp;<strong>Guaran\u00ed de Paraguay<\/strong>, aunque no con los resultados esperados.<\/p>\n\n\n\n<p>Moya&nbsp;<strong>entr\u00f3 en el segundo tiempo y jug\u00f3 35 minutos<\/strong>&nbsp;en la&nbsp;<strong>derrota&nbsp;<\/strong>de su escuadra&nbsp;<strong>1:0 ante el Libertad&nbsp;<\/strong>por la primera fecha del campeonato paraguayo.<\/p>\n\n\n\n<p>La&nbsp;<strong>\u00fanica anotaci\u00f3n del partido&nbsp;<\/strong>fue sobre el final del partido en tiempo a\u00f1adido y obra de&nbsp;<strong>H\u00e9ctor Villalba<\/strong>; para la segunda fecha el equipo del huilense jugar\u00e1 ante el Sportivo Ameliano.<\/p>\n\n\n\n<p><\/p>\n","protected":false},"excerpt":{"rendered":"<p>El futbolista huilense&nbsp;Jos\u00e9 Moya debut\u00f3&nbsp;en partido oficial con su equipo, el&nbsp;Guaran\u00ed de Paraguay, aunque no con los resultados esperados. Moya&nbsp;entr\u00f3 en el segundo tiempo y jug\u00f3 35 minutos&nbsp;en la&nbsp;derrota&nbsp;de su escuadra&nbsp;1:0 ante el Libertad&nbsp;por la primera fecha del campeonato paraguayo. La&nbsp;\u00fanica anotaci\u00f3n del partido&nbsp;fue sobre el final del partido en tiempo a\u00f1adido y obra de&nbsp;H\u00e9ctor [&hellip;]<\/p>\n","protected":false},"author":2,"featured_media":0,"comment_status":"open","ping_status":"open","sticky":false,"template":"","format":"standard","meta":{"footnotes":""},"categories":[34],"tags":[],"class_list":["post-45119","post","type-post","status-publish","format-standard","hentry","category-deportes"],"yoast_head":"<!-- This site is optimized with the Yoast SEO plugin v26.6 - https:\/\/yoast.com\/wordpress\/plugins\/seo\/ -->\n<title>Defensa opita debut\u00f3 en el f\u00fatbol paraguayo -<\/title>\n<meta name=\"robots\" content=\"index, follow, max-snippet:-1, max-image-preview:large, max-video-preview:-1\" \/>\n<link rel=\"canonical\" href=\"https:\/\/luchonoticias.com\/editor\/defensa-opita-debuto-en-el-futbol-paraguayo\/\" \/>\n<meta property=\"og:locale\" content=\"es_ES\" \/>\n<meta property=\"og:type\" content=\"article\" \/>\n<meta property=\"og:title\" content=\"Defensa opita debut\u00f3 en el f\u00fatbol paraguayo -\" \/>\n<meta property=\"og:url\" content=\"https:\/\/luchonoticias.com\/editor\/defensa-opita-debuto-en-el-futbol-paraguayo\/\" \/>\n<meta property=\"article:publisher\" content=\"https:\/\/www.facebook.com\/luchonoticiasneiva\" \/>\n<meta property=\"article:published_time\" content=\"2023-01-29T10:07:29+00:00\" \/>\n<meta property=\"article:modified_time\" content=\"2023-01-29T10:07:30+00:00\" \/>\n<meta name=\"author\" content=\"Editor General\" \/>\n<meta name=\"twitter:card\" content=\"summary_large_image\" \/>\n<meta name=\"twitter:label1\" content=\"Escrito por\" \/>\n\t<meta name=\"twitter:data1\" content=\"Editor General\" \/>\n<script type=\"application\/ld+json\" class=\"yoast-schema-graph\">{\"@context\":\"https:\/\/schema.org\",\"@graph\":[{\"@type\":\"Article\",\"@id\":\"https:\/\/luchonoticias.com\/editor\/defensa-opita-debuto-en-el-futbol-paraguayo\/#article\",\"isPartOf\":{\"@id\":\"https:\/\/luchonoticias.com\/editor\/defensa-opita-debuto-en-el-futbol-paraguayo\/\"},\"author\":{\"name\":\"Editor General\",\"@id\":\"https:\/\/luchonoticias.com\/editor\/#\/schema\/person\/29217990ddf6f14e35912b2866d591fb\"},\"headline\":\"Defensa opita debut\u00f3 en el f\u00fatbol paraguayo\",\"datePublished\":\"2023-01-29T10:07:29+00:00\",\"dateModified\":\"2023-01-29T10:07:30+00:00\",\"mainEntityOfPage\":{\"@id\":\"https:\/\/luchonoticias.com\/editor\/defensa-opita-debuto-en-el-futbol-paraguayo\/\"},\"wordCount\":102,\"commentCount\":0,\"publisher\":{\"@id\":\"https:\/\/luchonoticias.com\/editor\/#\/schema\/person\/7a7fd911f58561fd056dbac7b55af9cd\"},\"articleSection\":[\"Deportes\"],\"inLanguage\":\"es\",\"potentialAction\":[{\"@type\":\"CommentAction\",\"name\":\"Comment\",\"target\":[\"https:\/\/luchonoticias.com\/editor\/defensa-opita-debuto-en-el-futbol-paraguayo\/#respond\"]}]},{\"@type\":\"WebPage\",\"@id\":\"https:\/\/luchonoticias.com\/editor\/defensa-opita-debuto-en-el-futbol-paraguayo\/\",\"url\":\"https:\/\/luchonoticias.com\/editor\/defensa-opita-debuto-en-el-futbol-paraguayo\/\",\"name\":\"Defensa opita debut\u00f3 en el f\u00fatbol paraguayo -\",\"isPartOf\":{\"@id\":\"https:\/\/luchonoticias.com\/editor\/#website\"},\"datePublished\":\"2023-01-29T10:07:29+00:00\",\"dateModified\":\"2023-01-29T10:07:30+00:00\",\"breadcrumb\":{\"@id\":\"https:\/\/luchonoticias.com\/editor\/defensa-opita-debuto-en-el-futbol-paraguayo\/#breadcrumb\"},\"inLanguage\":\"es\",\"potentialAction\":[{\"@type\":\"ReadAction\",\"target\":[\"https:\/\/luchonoticias.com\/editor\/defensa-opita-debuto-en-el-futbol-paraguayo\/\"]}]},{\"@type\":\"BreadcrumbList\",\"@id\":\"https:\/\/luchonoticias.com\/editor\/defensa-opita-debuto-en-el-futbol-paraguayo\/#breadcrumb\",\"itemListElement\":[{\"@type\":\"ListItem\",\"position\":1,\"name\":\"Portada\",\"item\":\"https:\/\/luchonoticias.com\/editor\/\"},{\"@type\":\"ListItem\",\"position\":2,\"name\":\"Defensa opita debut\u00f3 en el f\u00fatbol paraguayo\"}]},{\"@type\":\"WebSite\",\"@id\":\"https:\/\/luchonoticias.com\/editor\/#website\",\"url\":\"https:\/\/luchonoticias.com\/editor\/\",\"name\":\"\",\"description\":\"\",\"publisher\":{\"@id\":\"https:\/\/luchonoticias.com\/editor\/#\/schema\/person\/7a7fd911f58561fd056dbac7b55af9cd\"},\"potentialAction\":[{\"@type\":\"SearchAction\",\"target\":{\"@type\":\"EntryPoint\",\"urlTemplate\":\"https:\/\/luchonoticias.com\/editor\/?s={search_term_string}\"},\"query-input\":{\"@type\":\"PropertyValueSpecification\",\"valueRequired\":true,\"valueName\":\"search_term_string\"}}],\"inLanguage\":\"es\"},{\"@type\":[\"Person\",\"Organization\"],\"@id\":\"https:\/\/luchonoticias.com\/editor\/#\/schema\/person\/7a7fd911f58561fd056dbac7b55af9cd\",\"name\":\"admin\",\"image\":{\"@type\":\"ImageObject\",\"inLanguage\":\"es\",\"@id\":\"https:\/\/luchonoticias.com\/editor\/#\/schema\/person\/image\/\",\"url\":\"https:\/\/luchonoticias.com\/editor\/wp-content\/uploads\/2024\/02\/cropped-cropped-logolu.webp\",\"contentUrl\":\"https:\/\/luchonoticias.com\/editor\/wp-content\/uploads\/2024\/02\/cropped-cropped-logolu.webp\",\"width\":382,\"height\":170,\"caption\":\"admin\"},\"logo\":{\"@id\":\"https:\/\/luchonoticias.com\/editor\/#\/schema\/person\/image\/\"},\"sameAs\":[\"https:\/\/www.facebook.com\/luchonoticiasneiva\"]},{\"@type\":\"Person\",\"@id\":\"https:\/\/luchonoticias.com\/editor\/#\/schema\/person\/29217990ddf6f14e35912b2866d591fb\",\"name\":\"Editor General\",\"image\":{\"@type\":\"ImageObject\",\"inLanguage\":\"es\",\"@id\":\"https:\/\/luchonoticias.com\/editor\/#\/schema\/person\/image\/\",\"url\":\"https:\/\/luchonoticias.com\/editor\/wp-content\/uploads\/2024\/02\/cropped-cropped-logolu-150x150.webp\",\"contentUrl\":\"https:\/\/luchonoticias.com\/editor\/wp-content\/uploads\/2024\/02\/cropped-cropped-logolu-150x150.webp\",\"caption\":\"Editor General\"},\"sameAs\":[\"https:\/\/luchonoticias.com\/\"],\"url\":\"https:\/\/luchonoticias.com\/editor\/author\/editor-general\/\"}]}<\/script>\n<!-- \/ Yoast SEO plugin. -->","yoast_head_json":{"title":"Defensa opita debut\u00f3 en el f\u00fatbol paraguayo -","robots":{"index":"index","follow":"follow","max-snippet":"max-snippet:-1","max-image-preview":"max-image-preview:large","max-video-preview":"max-video-preview:-1"},"canonical":"https:\/\/luchonoticias.com\/editor\/defensa-opita-debuto-en-el-futbol-paraguayo\/","og_locale":"es_ES","og_type":"article","og_title":"Defensa opita debut\u00f3 en el f\u00fatbol paraguayo -","og_url":"https:\/\/luchonoticias.com\/editor\/defensa-opita-debuto-en-el-futbol-paraguayo\/","article_publisher":"https:\/\/www.facebook.com\/luchonoticiasneiva","article_published_time":"2023-01-29T10:07:29+00:00","article_modified_time":"2023-01-29T10:07:30+00:00","author":"Editor General","twitter_card":"summary_large_image","twitter_misc":{"Escrito por":"Editor General"},"schema":{"@context":"https:\/\/schema.org","@graph":[{"@type":"Article","@id":"https:\/\/luchonoticias.com\/editor\/defensa-opita-debuto-en-el-futbol-paraguayo\/#article","isPartOf":{"@id":"https:\/\/luchonoticias.com\/editor\/defensa-opita-debuto-en-el-futbol-paraguayo\/"},"author":{"name":"Editor General","@id":"https:\/\/luchonoticias.com\/editor\/#\/schema\/person\/29217990ddf6f14e35912b2866d591fb"},"headline":"Defensa opita debut\u00f3 en el f\u00fatbol paraguayo","datePublished":"2023-01-29T10:07:29+00:00","dateModified":"2023-01-29T10:07:30+00:00","mainEntityOfPage":{"@id":"https:\/\/luchonoticias.com\/editor\/defensa-opita-debuto-en-el-futbol-paraguayo\/"},"wordCount":102,"commentCount":0,"publisher":{"@id":"https:\/\/luchonoticias.com\/editor\/#\/schema\/person\/7a7fd911f58561fd056dbac7b55af9cd"},"articleSection":["Deportes"],"inLanguage":"es","potentialAction":[{"@type":"CommentAction","name":"Comment","target":["https:\/\/luchonoticias.com\/editor\/defensa-opita-debuto-en-el-futbol-paraguayo\/#respond"]}]},{"@type":"WebPage","@id":"https:\/\/luchonoticias.com\/editor\/defensa-opita-debuto-en-el-futbol-paraguayo\/","url":"https:\/\/luchonoticias.com\/editor\/defensa-opita-debuto-en-el-futbol-paraguayo\/","name":"Defensa opita debut\u00f3 en el f\u00fatbol paraguayo -","isPartOf":{"@id":"https:\/\/luchonoticias.com\/editor\/#website"},"datePublished":"2023-01-29T10:07:29+00:00","dateModified":"2023-01-29T10:07:30+00:00","breadcrumb":{"@id":"https:\/\/luchonoticias.com\/editor\/defensa-opita-debuto-en-el-futbol-paraguayo\/#breadcrumb"},"inLanguage":"es","potentialAction":[{"@type":"ReadAction","target":["https:\/\/luchonoticias.com\/editor\/defensa-opita-debuto-en-el-futbol-paraguayo\/"]}]},{"@type":"BreadcrumbList","@id":"https:\/\/luchonoticias.com\/editor\/defensa-opita-debuto-en-el-futbol-paraguayo\/#breadcrumb","itemListElement":[{"@type":"ListItem","position":1,"name":"Portada","item":"https:\/\/luchonoticias.com\/editor\/"},{"@type":"ListItem","position":2,"name":"Defensa opita debut\u00f3 en el f\u00fatbol paraguayo"}]},{"@type":"WebSite","@id":"https:\/\/luchonoticias.com\/editor\/#website","url":"https:\/\/luchonoticias.com\/editor\/","name":"","description":"","publisher":{"@id":"https:\/\/luchonoticias.com\/editor\/#\/schema\/person\/7a7fd911f58561fd056dbac7b55af9cd"},"potentialAction":[{"@type":"SearchAction","target":{"@type":"EntryPoint","urlTemplate":"https:\/\/luchonoticias.com\/editor\/?s={search_term_string}"},"query-input":{"@type":"PropertyValueSpecification","valueRequired":true,"valueName":"search_term_string"}}],"inLanguage":"es"},{"@type":["Person","Organization"],"@id":"https:\/\/luchonoticias.com\/editor\/#\/schema\/person\/7a7fd911f58561fd056dbac7b55af9cd","name":"admin","image":{"@type":"ImageObject","inLanguage":"es","@id":"https:\/\/luchonoticias.com\/editor\/#\/schema\/person\/image\/","url":"https:\/\/luchonoticias.com\/editor\/wp-content\/uploads\/2024\/02\/cropped-cropped-logolu.webp","contentUrl":"https:\/\/luchonoticias.com\/editor\/wp-content\/uploads\/2024\/02\/cropped-cropped-logolu.webp","width":382,"height":170,"caption":"admin"},"logo":{"@id":"https:\/\/luchonoticias.com\/editor\/#\/schema\/person\/image\/"},"sameAs":["https:\/\/www.facebook.com\/luchonoticiasneiva"]},{"@type":"Person","@id":"https:\/\/luchonoticias.com\/editor\/#\/schema\/person\/29217990ddf6f14e35912b2866d591fb","name":"Editor General","image":{"@type":"ImageObject","inLanguage":"es","@id":"https:\/\/luchonoticias.com\/editor\/#\/schema\/person\/image\/","url":"https:\/\/luchonoticias.com\/editor\/wp-content\/uploads\/2024\/02\/cropped-cropped-logolu-150x150.webp","contentUrl":"https:\/\/luchonoticias.com\/editor\/wp-content\/uploads\/2024\/02\/cropped-cropped-logolu-150x150.webp","caption":"Editor General"},"sameAs":["https:\/\/luchonoticias.com\/"],"url":"https:\/\/luchonoticias.com\/editor\/author\/editor-general\/"}]}},"_links":{"self":[{"href":"https:\/\/luchonoticias.com\/editor\/wp-json\/wp\/v2\/posts\/45119","targetHints":{"allow":["GET"]}}],"collection":[{"href":"https:\/\/luchonoticias.com\/editor\/wp-json\/wp\/v2\/posts"}],"about":[{"href":"https:\/\/luchonoticias.com\/editor\/wp-json\/wp\/v2\/types\/post"}],"author":[{"embeddable":true,"href":"https:\/\/luchonoticias.com\/editor\/wp-json\/wp\/v2\/users\/2"}],"replies":[{"embeddable":true,"href":"https:\/\/luchonoticias.com\/editor\/wp-json\/wp\/v2\/comments?post=45119"}],"version-history":[{"count":0,"href":"https:\/\/luchonoticias.com\/editor\/wp-json\/wp\/v2\/posts\/45119\/revisions"}],"wp:attachment":[{"href":"https:\/\/luchonoticias.com\/editor\/wp-json\/wp\/v2\/media?parent=45119"}],"wp:term":[{"taxonomy":"category","embeddable":true,"href":"https:\/\/luchonoticias.com\/editor\/wp-json\/wp\/v2\/categories?post=45119"},{"taxonomy":"post_tag","embeddable":true,"href":"https:\/\/luchonoticias.com\/editor\/wp-json\/wp\/v2\/tags?post=45119"}],"curies":[{"name":"wp","href":"https:\/\/api.w.org\/{rel}","templated":true}]}}