{"id":45122,"date":"2023-01-29T07:04:00","date_gmt":"2023-01-29T12:04:00","guid":{"rendered":"https:\/\/luchonoticias.com\/?p=45122"},"modified":"2023-01-29T07:04:01","modified_gmt":"2023-01-29T12:04:01","slug":"carcel-a-presunto-asesino-y-agresor-sexual-de-nina-de-10-anos-en-pitalito-huila","status":"publish","type":"post","link":"https:\/\/luchonoticias.com\/editor\/carcel-a-presunto-asesino-y-agresor-sexual-de-nina-de-10-anos-en-pitalito-huila\/","title":{"rendered":"C\u00e1rcel a presunto asesino y agresor sexual de ni\u00f1a de 10 a\u00f1os en Pitalito, Huila"},"content":{"rendered":"\n<p>Un fiscal seccional de Pitalito (Huila), present\u00f3 ante un juez con funci\u00f3n de control de garant\u00edas a Jonathan Francisco Garc\u00eda Tapias, se\u00f1alado como presunto responsable de quitarle la vida a una menor de 10 a\u00f1os de edad en hechos ocurridos el pasado 27 de enero.<\/p>\n\n\n\n<p>Seg\u00fan la investigaci\u00f3n, los hechos sucedieron en una vivienda en el barrio La Virginia de Pitalito (Huila), a donde lleg\u00f3 el imputado y, al parecer, hiri\u00f3 a la ni\u00f1a con un arma blanca. La abuela y la mascota intentaron auxiliar a la ni\u00f1a, pero tambi\u00e9n fueron atacados con el elemento cortopunzante. La mujer de 67 a\u00f1os qued\u00f3 gravemente herida mientras que el perro muri\u00f3 en la vivienda.<\/p>\n\n\n\n<p>Las dos v\u00edctimas fueron trasladadas a un hospital del municipio donde la menor falleci\u00f3 mientras que la abuela se encuentra en grave estado de salud.<\/p>\n\n\n\n<p>La r\u00e1pida reacci\u00f3n de las autoridades, y gracias al aviso de la comunidad, se logr\u00f3 la captura del hoy procesado, a pocas cuadras de la vivienda donde ocurrieron los hechos. Al procesado se le hall\u00f3 en su poder un cuchillo con el que, habr\u00eda cometido el crimen; adem\u00e1s, los uniformados observaron manchas de sangre en su ropa.<\/p>\n\n\n\n<p>La Fiscal\u00eda imput\u00f3 a Garc\u00eda Tapias como presunto autor de los delitos de homicidio agravado, tentativa de homicidio agravado y maltrato animal agravado. El procesado no acept\u00f3 los cargos y recibi\u00f3 medida de aseguramiento privativa de la libertad en centro carcelario.<\/p>\n\n\n\n<figure class=\"wp-block-video\"><video controls src=\"https:\/\/luchonoticias.com\/wp-content\/uploads\/2023\/01\/WhatsApp-Video-2023-01-28-at-9.37.12-PM-1.mp4\"><\/video><\/figure>\n","protected":false},"excerpt":{"rendered":"<p>Un fiscal seccional de Pitalito (Huila), present\u00f3 ante un juez con funci\u00f3n de control de garant\u00edas a Jonathan Francisco Garc\u00eda Tapias, se\u00f1alado como presunto responsable de quitarle la vida a una menor de 10 a\u00f1os de edad en hechos ocurridos el pasado 27 de enero. Seg\u00fan la investigaci\u00f3n, los hechos sucedieron en una vivienda en [&hellip;]<\/p>\n","protected":false},"author":2,"featured_media":0,"comment_status":"open","ping_status":"open","sticky":false,"template":"","format":"standard","meta":{"footnotes":""},"categories":[36,29],"tags":[],"class_list":["post-45122","post","type-post","status-publish","format-standard","hentry","category-destacado","category-judicial"],"yoast_head":"<!-- This site is optimized with the Yoast SEO plugin v26.6 - https:\/\/yoast.com\/wordpress\/plugins\/seo\/ -->\n<title>C\u00e1rcel a presunto asesino y agresor sexual de ni\u00f1a de 10 a\u00f1os en Pitalito, Huila -<\/title>\n<meta name=\"robots\" content=\"index, follow, max-snippet:-1, max-image-preview:large, max-video-preview:-1\" \/>\n<link rel=\"canonical\" href=\"https:\/\/luchonoticias.com\/editor\/carcel-a-presunto-asesino-y-agresor-sexual-de-nina-de-10-anos-en-pitalito-huila\/\" \/>\n<meta property=\"og:locale\" content=\"es_ES\" \/>\n<meta property=\"og:type\" content=\"article\" \/>\n<meta property=\"og:title\" content=\"C\u00e1rcel a presunto asesino y agresor sexual de ni\u00f1a de 10 a\u00f1os en Pitalito, Huila -\" \/>\n<meta property=\"og:url\" content=\"https:\/\/luchonoticias.com\/editor\/carcel-a-presunto-asesino-y-agresor-sexual-de-nina-de-10-anos-en-pitalito-huila\/\" \/>\n<meta property=\"article:publisher\" content=\"https:\/\/www.facebook.com\/luchonoticiasneiva\" \/>\n<meta property=\"article:published_time\" content=\"2023-01-29T12:04:00+00:00\" \/>\n<meta property=\"article:modified_time\" content=\"2023-01-29T12:04:01+00:00\" \/>\n<meta name=\"author\" content=\"Editor General\" \/>\n<meta name=\"twitter:card\" content=\"summary_large_image\" \/>\n<meta name=\"twitter:label1\" content=\"Escrito por\" \/>\n\t<meta name=\"twitter:data1\" content=\"Editor General\" \/>\n\t<meta name=\"twitter:label2\" content=\"Tiempo de lectura\" \/>\n\t<meta name=\"twitter:data2\" content=\"1 minuto\" \/>\n<script type=\"application\/ld+json\" class=\"yoast-schema-graph\">{\"@context\":\"https:\/\/schema.org\",\"@graph\":[{\"@type\":\"Article\",\"@id\":\"https:\/\/luchonoticias.com\/editor\/carcel-a-presunto-asesino-y-agresor-sexual-de-nina-de-10-anos-en-pitalito-huila\/#article\",\"isPartOf\":{\"@id\":\"https:\/\/luchonoticias.com\/editor\/carcel-a-presunto-asesino-y-agresor-sexual-de-nina-de-10-anos-en-pitalito-huila\/\"},\"author\":{\"name\":\"Editor General\",\"@id\":\"https:\/\/luchonoticias.com\/editor\/#\/schema\/person\/29217990ddf6f14e35912b2866d591fb\"},\"headline\":\"C\u00e1rcel a presunto asesino y agresor sexual de ni\u00f1a de 10 a\u00f1os en Pitalito, Huila\",\"datePublished\":\"2023-01-29T12:04:00+00:00\",\"dateModified\":\"2023-01-29T12:04:01+00:00\",\"mainEntityOfPage\":{\"@id\":\"https:\/\/luchonoticias.com\/editor\/carcel-a-presunto-asesino-y-agresor-sexual-de-nina-de-10-anos-en-pitalito-huila\/\"},\"wordCount\":267,\"commentCount\":0,\"publisher\":{\"@id\":\"https:\/\/luchonoticias.com\/editor\/#\/schema\/person\/7a7fd911f58561fd056dbac7b55af9cd\"},\"articleSection\":[\"Destacado\",\"Judicial\"],\"inLanguage\":\"es\",\"potentialAction\":[{\"@type\":\"CommentAction\",\"name\":\"Comment\",\"target\":[\"https:\/\/luchonoticias.com\/editor\/carcel-a-presunto-asesino-y-agresor-sexual-de-nina-de-10-anos-en-pitalito-huila\/#respond\"]}]},{\"@type\":\"WebPage\",\"@id\":\"https:\/\/luchonoticias.com\/editor\/carcel-a-presunto-asesino-y-agresor-sexual-de-nina-de-10-anos-en-pitalito-huila\/\",\"url\":\"https:\/\/luchonoticias.com\/editor\/carcel-a-presunto-asesino-y-agresor-sexual-de-nina-de-10-anos-en-pitalito-huila\/\",\"name\":\"C\u00e1rcel a presunto asesino y agresor sexual de ni\u00f1a de 10 a\u00f1os en Pitalito, Huila -\",\"isPartOf\":{\"@id\":\"https:\/\/luchonoticias.com\/editor\/#website\"},\"datePublished\":\"2023-01-29T12:04:00+00:00\",\"dateModified\":\"2023-01-29T12:04:01+00:00\",\"breadcrumb\":{\"@id\":\"https:\/\/luchonoticias.com\/editor\/carcel-a-presunto-asesino-y-agresor-sexual-de-nina-de-10-anos-en-pitalito-huila\/#breadcrumb\"},\"inLanguage\":\"es\",\"potentialAction\":[{\"@type\":\"ReadAction\",\"target\":[\"https:\/\/luchonoticias.com\/editor\/carcel-a-presunto-asesino-y-agresor-sexual-de-nina-de-10-anos-en-pitalito-huila\/\"]}]},{\"@type\":\"BreadcrumbList\",\"@id\":\"https:\/\/luchonoticias.com\/editor\/carcel-a-presunto-asesino-y-agresor-sexual-de-nina-de-10-anos-en-pitalito-huila\/#breadcrumb\",\"itemListElement\":[{\"@type\":\"ListItem\",\"position\":1,\"name\":\"Portada\",\"item\":\"https:\/\/luchonoticias.com\/editor\/\"},{\"@type\":\"ListItem\",\"position\":2,\"name\":\"C\u00e1rcel a presunto asesino y agresor sexual de ni\u00f1a de 10 a\u00f1os en Pitalito, Huila\"}]},{\"@type\":\"WebSite\",\"@id\":\"https:\/\/luchonoticias.com\/editor\/#website\",\"url\":\"https:\/\/luchonoticias.com\/editor\/\",\"name\":\"\",\"description\":\"\",\"publisher\":{\"@id\":\"https:\/\/luchonoticias.com\/editor\/#\/schema\/person\/7a7fd911f58561fd056dbac7b55af9cd\"},\"potentialAction\":[{\"@type\":\"SearchAction\",\"target\":{\"@type\":\"EntryPoint\",\"urlTemplate\":\"https:\/\/luchonoticias.com\/editor\/?s={search_term_string}\"},\"query-input\":{\"@type\":\"PropertyValueSpecification\",\"valueRequired\":true,\"valueName\":\"search_term_string\"}}],\"inLanguage\":\"es\"},{\"@type\":[\"Person\",\"Organization\"],\"@id\":\"https:\/\/luchonoticias.com\/editor\/#\/schema\/person\/7a7fd911f58561fd056dbac7b55af9cd\",\"name\":\"admin\",\"image\":{\"@type\":\"ImageObject\",\"inLanguage\":\"es\",\"@id\":\"https:\/\/luchonoticias.com\/editor\/#\/schema\/person\/image\/\",\"url\":\"https:\/\/luchonoticias.com\/editor\/wp-content\/uploads\/2024\/02\/cropped-cropped-logolu.webp\",\"contentUrl\":\"https:\/\/luchonoticias.com\/editor\/wp-content\/uploads\/2024\/02\/cropped-cropped-logolu.webp\",\"width\":382,\"height\":170,\"caption\":\"admin\"},\"logo\":{\"@id\":\"https:\/\/luchonoticias.com\/editor\/#\/schema\/person\/image\/\"},\"sameAs\":[\"https:\/\/www.facebook.com\/luchonoticiasneiva\"]},{\"@type\":\"Person\",\"@id\":\"https:\/\/luchonoticias.com\/editor\/#\/schema\/person\/29217990ddf6f14e35912b2866d591fb\",\"name\":\"Editor General\",\"image\":{\"@type\":\"ImageObject\",\"inLanguage\":\"es\",\"@id\":\"https:\/\/luchonoticias.com\/editor\/#\/schema\/person\/image\/\",\"url\":\"https:\/\/luchonoticias.com\/editor\/wp-content\/uploads\/2024\/02\/cropped-cropped-logolu-150x150.webp\",\"contentUrl\":\"https:\/\/luchonoticias.com\/editor\/wp-content\/uploads\/2024\/02\/cropped-cropped-logolu-150x150.webp\",\"caption\":\"Editor General\"},\"sameAs\":[\"https:\/\/luchonoticias.com\/\"],\"url\":\"https:\/\/luchonoticias.com\/editor\/author\/editor-general\/\"}]}<\/script>\n<!-- \/ Yoast SEO plugin. -->","yoast_head_json":{"title":"C\u00e1rcel a presunto asesino y agresor sexual de ni\u00f1a de 10 a\u00f1os en Pitalito, Huila -","robots":{"index":"index","follow":"follow","max-snippet":"max-snippet:-1","max-image-preview":"max-image-preview:large","max-video-preview":"max-video-preview:-1"},"canonical":"https:\/\/luchonoticias.com\/editor\/carcel-a-presunto-asesino-y-agresor-sexual-de-nina-de-10-anos-en-pitalito-huila\/","og_locale":"es_ES","og_type":"article","og_title":"C\u00e1rcel a presunto asesino y agresor sexual de ni\u00f1a de 10 a\u00f1os en Pitalito, Huila -","og_url":"https:\/\/luchonoticias.com\/editor\/carcel-a-presunto-asesino-y-agresor-sexual-de-nina-de-10-anos-en-pitalito-huila\/","article_publisher":"https:\/\/www.facebook.com\/luchonoticiasneiva","article_published_time":"2023-01-29T12:04:00+00:00","article_modified_time":"2023-01-29T12:04:01+00:00","author":"Editor General","twitter_card":"summary_large_image","twitter_misc":{"Escrito por":"Editor General","Tiempo de lectura":"1 minuto"},"schema":{"@context":"https:\/\/schema.org","@graph":[{"@type":"Article","@id":"https:\/\/luchonoticias.com\/editor\/carcel-a-presunto-asesino-y-agresor-sexual-de-nina-de-10-anos-en-pitalito-huila\/#article","isPartOf":{"@id":"https:\/\/luchonoticias.com\/editor\/carcel-a-presunto-asesino-y-agresor-sexual-de-nina-de-10-anos-en-pitalito-huila\/"},"author":{"name":"Editor General","@id":"https:\/\/luchonoticias.com\/editor\/#\/schema\/person\/29217990ddf6f14e35912b2866d591fb"},"headline":"C\u00e1rcel a presunto asesino y agresor sexual de ni\u00f1a de 10 a\u00f1os en Pitalito, Huila","datePublished":"2023-01-29T12:04:00+00:00","dateModified":"2023-01-29T12:04:01+00:00","mainEntityOfPage":{"@id":"https:\/\/luchonoticias.com\/editor\/carcel-a-presunto-asesino-y-agresor-sexual-de-nina-de-10-anos-en-pitalito-huila\/"},"wordCount":267,"commentCount":0,"publisher":{"@id":"https:\/\/luchonoticias.com\/editor\/#\/schema\/person\/7a7fd911f58561fd056dbac7b55af9cd"},"articleSection":["Destacado","Judicial"],"inLanguage":"es","potentialAction":[{"@type":"CommentAction","name":"Comment","target":["https:\/\/luchonoticias.com\/editor\/carcel-a-presunto-asesino-y-agresor-sexual-de-nina-de-10-anos-en-pitalito-huila\/#respond"]}]},{"@type":"WebPage","@id":"https:\/\/luchonoticias.com\/editor\/carcel-a-presunto-asesino-y-agresor-sexual-de-nina-de-10-anos-en-pitalito-huila\/","url":"https:\/\/luchonoticias.com\/editor\/carcel-a-presunto-asesino-y-agresor-sexual-de-nina-de-10-anos-en-pitalito-huila\/","name":"C\u00e1rcel a presunto asesino y agresor sexual de ni\u00f1a de 10 a\u00f1os en Pitalito, Huila -","isPartOf":{"@id":"https:\/\/luchonoticias.com\/editor\/#website"},"datePublished":"2023-01-29T12:04:00+00:00","dateModified":"2023-01-29T12:04:01+00:00","breadcrumb":{"@id":"https:\/\/luchonoticias.com\/editor\/carcel-a-presunto-asesino-y-agresor-sexual-de-nina-de-10-anos-en-pitalito-huila\/#breadcrumb"},"inLanguage":"es","potentialAction":[{"@type":"ReadAction","target":["https:\/\/luchonoticias.com\/editor\/carcel-a-presunto-asesino-y-agresor-sexual-de-nina-de-10-anos-en-pitalito-huila\/"]}]},{"@type":"BreadcrumbList","@id":"https:\/\/luchonoticias.com\/editor\/carcel-a-presunto-asesino-y-agresor-sexual-de-nina-de-10-anos-en-pitalito-huila\/#breadcrumb","itemListElement":[{"@type":"ListItem","position":1,"name":"Portada","item":"https:\/\/luchonoticias.com\/editor\/"},{"@type":"ListItem","position":2,"name":"C\u00e1rcel a presunto asesino y agresor sexual de ni\u00f1a de 10 a\u00f1os en Pitalito, Huila"}]},{"@type":"WebSite","@id":"https:\/\/luchonoticias.com\/editor\/#website","url":"https:\/\/luchonoticias.com\/editor\/","name":"","description":"","publisher":{"@id":"https:\/\/luchonoticias.com\/editor\/#\/schema\/person\/7a7fd911f58561fd056dbac7b55af9cd"},"potentialAction":[{"@type":"SearchAction","target":{"@type":"EntryPoint","urlTemplate":"https:\/\/luchonoticias.com\/editor\/?s={search_term_string}"},"query-input":{"@type":"PropertyValueSpecification","valueRequired":true,"valueName":"search_term_string"}}],"inLanguage":"es"},{"@type":["Person","Organization"],"@id":"https:\/\/luchonoticias.com\/editor\/#\/schema\/person\/7a7fd911f58561fd056dbac7b55af9cd","name":"admin","image":{"@type":"ImageObject","inLanguage":"es","@id":"https:\/\/luchonoticias.com\/editor\/#\/schema\/person\/image\/","url":"https:\/\/luchonoticias.com\/editor\/wp-content\/uploads\/2024\/02\/cropped-cropped-logolu.webp","contentUrl":"https:\/\/luchonoticias.com\/editor\/wp-content\/uploads\/2024\/02\/cropped-cropped-logolu.webp","width":382,"height":170,"caption":"admin"},"logo":{"@id":"https:\/\/luchonoticias.com\/editor\/#\/schema\/person\/image\/"},"sameAs":["https:\/\/www.facebook.com\/luchonoticiasneiva"]},{"@type":"Person","@id":"https:\/\/luchonoticias.com\/editor\/#\/schema\/person\/29217990ddf6f14e35912b2866d591fb","name":"Editor General","image":{"@type":"ImageObject","inLanguage":"es","@id":"https:\/\/luchonoticias.com\/editor\/#\/schema\/person\/image\/","url":"https:\/\/luchonoticias.com\/editor\/wp-content\/uploads\/2024\/02\/cropped-cropped-logolu-150x150.webp","contentUrl":"https:\/\/luchonoticias.com\/editor\/wp-content\/uploads\/2024\/02\/cropped-cropped-logolu-150x150.webp","caption":"Editor General"},"sameAs":["https:\/\/luchonoticias.com\/"],"url":"https:\/\/luchonoticias.com\/editor\/author\/editor-general\/"}]}},"_links":{"self":[{"href":"https:\/\/luchonoticias.com\/editor\/wp-json\/wp\/v2\/posts\/45122","targetHints":{"allow":["GET"]}}],"collection":[{"href":"https:\/\/luchonoticias.com\/editor\/wp-json\/wp\/v2\/posts"}],"about":[{"href":"https:\/\/luchonoticias.com\/editor\/wp-json\/wp\/v2\/types\/post"}],"author":[{"embeddable":true,"href":"https:\/\/luchonoticias.com\/editor\/wp-json\/wp\/v2\/users\/2"}],"replies":[{"embeddable":true,"href":"https:\/\/luchonoticias.com\/editor\/wp-json\/wp\/v2\/comments?post=45122"}],"version-history":[{"count":0,"href":"https:\/\/luchonoticias.com\/editor\/wp-json\/wp\/v2\/posts\/45122\/revisions"}],"wp:attachment":[{"href":"https:\/\/luchonoticias.com\/editor\/wp-json\/wp\/v2\/media?parent=45122"}],"wp:term":[{"taxonomy":"category","embeddable":true,"href":"https:\/\/luchonoticias.com\/editor\/wp-json\/wp\/v2\/categories?post=45122"},{"taxonomy":"post_tag","embeddable":true,"href":"https:\/\/luchonoticias.com\/editor\/wp-json\/wp\/v2\/tags?post=45122"}],"curies":[{"name":"wp","href":"https:\/\/api.w.org\/{rel}","templated":true}]}}