{"id":45126,"date":"2023-01-29T07:09:38","date_gmt":"2023-01-29T12:09:38","guid":{"rendered":"https:\/\/luchonoticias.com\/?p=45126"},"modified":"2023-01-29T07:09:39","modified_gmt":"2023-01-29T12:09:39","slug":"anuncian-proyecto-para-100-mil-jovenes-de-sectores-populares-puedan-comer-estudiar-y-convertirse-en-fuerza-de-paz","status":"publish","type":"post","link":"https:\/\/luchonoticias.com\/editor\/anuncian-proyecto-para-100-mil-jovenes-de-sectores-populares-puedan-comer-estudiar-y-convertirse-en-fuerza-de-paz\/","title":{"rendered":"Anuncian proyecto para 100 mil j\u00f3venes de sectores populares puedan comer, estudiar y convertirse en fuerza de paz"},"content":{"rendered":"\n<p>El Presidente Gustavo Petro anunci\u00f3 este s\u00e1bado un programa destinado a 100 mil j\u00f3venes de sectores populares, a quienes el Estado apoyar\u00e1 con recursos, para que puedan \u201ccomer y estudiar\u201d y convertirse en una fuerza de paz.<\/p>\n\n\n\n<p>En un encuentro con j\u00f3venes en Cali, el Jefe de Estado destac\u00f3 \u201cla sociedad de los empresarios y la sociedad de las juventudes populares que, como una demostraci\u00f3n, podemos extrapolar al conjunto de la naci\u00f3n para alcanzar 100 mil j\u00f3venes populares que puedan ser ayudados por el Estado econ\u00f3micamente para poder comer y para poder estudiar, porque para abrir el libro hay que tener el pan\u201d.<\/p>\n\n\n\n<p>En el acto, que fue organizado por l\u00edderes juveniles y Compromiso Valle, una iniciativa social que re\u00fane a comunidades con el sector privado para la transformaci\u00f3n de ese departamento, el Mandatario indic\u00f3 que el proyecto es \u201cun reto, indudablemente. Cien mil no son toda la juventud. Pero s\u00ed vamos a la parte donde est\u00e1 la cicatriz, quiz\u00e1s, a esos cien mil j\u00f3venes a los cuales los seduce la violencia, incluso, porque no ven alternativa alguna\u201d.<\/p>\n\n\n\n<figure class=\"wp-block-gallery has-nested-images columns-default is-cropped wp-block-gallery-1 is-layout-flex wp-block-gallery-is-layout-flex\">\n<figure class=\"wp-block-image size-large\"><img decoding=\"async\" data-id=\"45128\" src=\"https:\/\/luchonoticias.com\/wp-content\/uploads\/2023\/01\/WhatsApp-Image-2023-01-28-at-3.32.21-PM-1024x683.jpeg\" alt=\"\" class=\"wp-image-45128\"\/><\/figure>\n\n\n\n<figure class=\"wp-block-image size-large\"><img decoding=\"async\" data-id=\"45129\" src=\"https:\/\/luchonoticias.com\/wp-content\/uploads\/2023\/01\/WhatsApp-Image-2023-01-28-at-3.32.24-PM-1024x683.jpeg\" alt=\"\" class=\"wp-image-45129\"\/><\/figure>\n<\/figure>\n\n\n\n<p>En el parque La Arboleda del Distrito de Aguablanca, donde se desarroll\u00f3 el encuentro, el Presidente Petro a\u00f1adi\u00f3 que esta iniciativa va en \u201cel proyecto de ley de adici\u00f3n presupuestal. Lo vamos a presentar, porque es la plata que viene de los impuestos que crecieron a partir de la reforma tributaria que se aprob\u00f3 el a\u00f1o pasado\u201d.<\/p>\n\n\n\n<p>Al respecto se\u00f1al\u00f3 que \u201cen ese presupuesto que vamos a presentar en estos d\u00edas, ver\u00e1n ustedes lo que queremos como Gobierno, que no es bala para los j\u00f3venes y no es tener los o\u00eddos sordos para el reclamo justo. Es intentar construir conjuntamente los puentes que nos unan como sociedad\u201d.<\/p>\n\n\n\n<p>Los recursos, dijo, \u201cvan destinados, precisamente, y lo ver\u00e1n en ese proyecto, a la mam\u00e1, joven ella, que tiene el ni\u00f1o y no tiene hoy con que llevarle la leche; pero tambi\u00e9n, agreg\u00f3, \u201cd\u00e1ndole comida a ese joven que se atrevi\u00f3 a salir a la calle para gritar dignidad, a los campesinos sin tierra, a ver si es posible que tengan tierra, a la educaci\u00f3n, a ver si es posible que hagamos saltar la muralla de la universidad para que se convierta en puertas abiertas para la juventud\u201d.<\/p>\n\n\n\n<p>En ese sentido, el gobernante enfatiz\u00f3 que, para abrir ese camino a estos cien mil j\u00f3venes, hay que pedirle al Estado \u201cque nos permitan que esos j\u00f3venes que hoy est\u00e1n presos nos ayuden a organizar, como voceros de paz, a estos cien mil j\u00f3venes en una gran fuerza de paz y puedan demostrar que es posible que la juventud de Colombia pueda vivir en Colombia\u201d.<\/p>\n\n\n\n<p>Tambi\u00e9n exhort\u00f3 a los j\u00f3venes a aportar a la Paz Total: \u201cLa lucha est\u00e1 en esos millones de personas que deciden transformar un pa\u00eds o mantener un pa\u00eds, y no por all\u00e1, en esas trochas que yo conozco, aislado, donde no se espera m\u00e1s que la muerte o matar. Matar o morir no sirve para transformar a Colombia. Eso ya lo hemos visto durante d\u00e9cadas\u201d.<\/p>\n\n\n\n<p><strong>Reconocimiento a Compromiso Valle<\/strong><\/p>\n\n\n\n<p>De la misma manera, el Presidente Petro agradeci\u00f3 a los empresarios reunidos en Compromiso Valle su labor por j\u00f3venes en la capital del Valle y en seis municipios m\u00e1s del departamento.<\/p>\n\n\n\n<p>Igualmente, destac\u00f3 que \u201chacen bien ustedes cuando vienen a estas calles para mostrarle a Colombia que es posible que nos encontremos, la burgues\u00eda, como dec\u00eda la compa\u00f1era de Silo\u00e9, y el proletariado, y el mundo popular. Claro, porque este es nuestro pa\u00eds y podemos construirlo juntos\u201d.<\/p>\n\n\n\n<p>A diciembre de 2022, Compromiso Valle \u2013que aglutina a 419 empresas y donantes\u2013 ha beneficiado a m\u00e1s de 40 mil personas, especialmente j\u00f3venes en situaci\u00f3n de vulnerabilidad, con inversiones que superan los 62 mil millones de pesos.<\/p>\n\n\n\n<figure class=\"wp-block-image size-large\"><img decoding=\"async\" src=\"https:\/\/luchonoticias.com\/wp-content\/uploads\/2023\/01\/WhatsApp-Image-2023-01-28-at-8.59.01-PM-1-1024x683.jpeg\" alt=\"\" class=\"wp-image-45130\"\/><\/figure>\n\n\n\n<p>As\u00ed mismo, recalc\u00f3 que \u201cuna empresa se hace m\u00e1s grande si la sociedad se hace m\u00e1s grande. Esa es una l\u00f3gica. Ninguna empresa se hace m\u00e1s grande si la sociedad se vuelve m\u00e1s pobre. La riqueza es un concepto social, tambi\u00e9n\u201d.<\/p>\n\n\n\n<p>Y en este prop\u00f3sito, reiter\u00f3, \u201ceste Gobierno est\u00e1 para eso, para ese pacto por la vida, para ese pacto por la paz. Para que al final la bisagra que terminar\u00e1 pueda llevarnos como un puente a otra sociedad, a otro pa\u00eds, a una era de paz\u201d.<\/p>\n","protected":false},"excerpt":{"rendered":"<p>El Presidente Gustavo Petro anunci\u00f3 este s\u00e1bado un programa destinado a 100 mil j\u00f3venes de sectores populares, a quienes el Estado apoyar\u00e1 con recursos, para que puedan \u201ccomer y estudiar\u201d y convertirse en una fuerza de paz. En un encuentro con j\u00f3venes en Cali, el Jefe de Estado destac\u00f3 \u201cla sociedad de los empresarios y [&hellip;]<\/p>\n","protected":false},"author":2,"featured_media":0,"comment_status":"open","ping_status":"open","sticky":false,"template":"","format":"standard","meta":{"footnotes":""},"categories":[36,32],"tags":[],"class_list":["post-45126","post","type-post","status-publish","format-standard","hentry","category-destacado","category-nacional"],"yoast_head":"<!-- This site is optimized with the Yoast SEO plugin v26.6 - https:\/\/yoast.com\/wordpress\/plugins\/seo\/ -->\n<title>Anuncian proyecto para 100 mil j\u00f3venes de sectores populares puedan comer, estudiar y convertirse en fuerza de paz -<\/title>\n<meta name=\"robots\" content=\"index, follow, max-snippet:-1, max-image-preview:large, max-video-preview:-1\" \/>\n<link rel=\"canonical\" href=\"https:\/\/luchonoticias.com\/editor\/anuncian-proyecto-para-100-mil-jovenes-de-sectores-populares-puedan-comer-estudiar-y-convertirse-en-fuerza-de-paz\/\" \/>\n<meta property=\"og:locale\" content=\"es_ES\" \/>\n<meta property=\"og:type\" content=\"article\" \/>\n<meta property=\"og:title\" content=\"Anuncian proyecto para 100 mil j\u00f3venes de sectores populares puedan comer, estudiar y convertirse en fuerza de paz -\" \/>\n<meta property=\"og:url\" content=\"https:\/\/luchonoticias.com\/editor\/anuncian-proyecto-para-100-mil-jovenes-de-sectores-populares-puedan-comer-estudiar-y-convertirse-en-fuerza-de-paz\/\" \/>\n<meta property=\"article:publisher\" content=\"https:\/\/www.facebook.com\/luchonoticiasneiva\" \/>\n<meta property=\"article:published_time\" content=\"2023-01-29T12:09:38+00:00\" \/>\n<meta property=\"article:modified_time\" content=\"2023-01-29T12:09:39+00:00\" \/>\n<meta property=\"og:image\" content=\"https:\/\/luchonoticias.com\/wp-content\/uploads\/2023\/01\/WhatsApp-Image-2023-01-28-at-3.32.21-PM-1024x683.jpeg\" \/>\n<meta name=\"author\" content=\"Editor General\" \/>\n<meta name=\"twitter:card\" content=\"summary_large_image\" \/>\n<meta name=\"twitter:label1\" content=\"Escrito por\" \/>\n\t<meta name=\"twitter:data1\" content=\"Editor General\" \/>\n\t<meta name=\"twitter:label2\" content=\"Tiempo de lectura\" \/>\n\t<meta name=\"twitter:data2\" content=\"4 minutos\" \/>\n<script type=\"application\/ld+json\" class=\"yoast-schema-graph\">{\"@context\":\"https:\/\/schema.org\",\"@graph\":[{\"@type\":\"Article\",\"@id\":\"https:\/\/luchonoticias.com\/editor\/anuncian-proyecto-para-100-mil-jovenes-de-sectores-populares-puedan-comer-estudiar-y-convertirse-en-fuerza-de-paz\/#article\",\"isPartOf\":{\"@id\":\"https:\/\/luchonoticias.com\/editor\/anuncian-proyecto-para-100-mil-jovenes-de-sectores-populares-puedan-comer-estudiar-y-convertirse-en-fuerza-de-paz\/\"},\"author\":{\"name\":\"Editor General\",\"@id\":\"https:\/\/luchonoticias.com\/editor\/#\/schema\/person\/29217990ddf6f14e35912b2866d591fb\"},\"headline\":\"Anuncian proyecto para 100 mil j\u00f3venes de sectores populares puedan comer, estudiar y convertirse en fuerza de paz\",\"datePublished\":\"2023-01-29T12:09:38+00:00\",\"dateModified\":\"2023-01-29T12:09:39+00:00\",\"mainEntityOfPage\":{\"@id\":\"https:\/\/luchonoticias.com\/editor\/anuncian-proyecto-para-100-mil-jovenes-de-sectores-populares-puedan-comer-estudiar-y-convertirse-en-fuerza-de-paz\/\"},\"wordCount\":772,\"commentCount\":0,\"publisher\":{\"@id\":\"https:\/\/luchonoticias.com\/editor\/#\/schema\/person\/7a7fd911f58561fd056dbac7b55af9cd\"},\"image\":{\"@id\":\"https:\/\/luchonoticias.com\/editor\/anuncian-proyecto-para-100-mil-jovenes-de-sectores-populares-puedan-comer-estudiar-y-convertirse-en-fuerza-de-paz\/#primaryimage\"},\"thumbnailUrl\":\"https:\/\/luchonoticias.com\/wp-content\/uploads\/2023\/01\/WhatsApp-Image-2023-01-28-at-3.32.21-PM-1024x683.jpeg\",\"articleSection\":[\"Destacado\",\"Nacional\"],\"inLanguage\":\"es\",\"potentialAction\":[{\"@type\":\"CommentAction\",\"name\":\"Comment\",\"target\":[\"https:\/\/luchonoticias.com\/editor\/anuncian-proyecto-para-100-mil-jovenes-de-sectores-populares-puedan-comer-estudiar-y-convertirse-en-fuerza-de-paz\/#respond\"]}]},{\"@type\":\"WebPage\",\"@id\":\"https:\/\/luchonoticias.com\/editor\/anuncian-proyecto-para-100-mil-jovenes-de-sectores-populares-puedan-comer-estudiar-y-convertirse-en-fuerza-de-paz\/\",\"url\":\"https:\/\/luchonoticias.com\/editor\/anuncian-proyecto-para-100-mil-jovenes-de-sectores-populares-puedan-comer-estudiar-y-convertirse-en-fuerza-de-paz\/\",\"name\":\"Anuncian proyecto para 100 mil j\u00f3venes de sectores populares puedan comer, estudiar y convertirse en fuerza de paz -\",\"isPartOf\":{\"@id\":\"https:\/\/luchonoticias.com\/editor\/#website\"},\"primaryImageOfPage\":{\"@id\":\"https:\/\/luchonoticias.com\/editor\/anuncian-proyecto-para-100-mil-jovenes-de-sectores-populares-puedan-comer-estudiar-y-convertirse-en-fuerza-de-paz\/#primaryimage\"},\"image\":{\"@id\":\"https:\/\/luchonoticias.com\/editor\/anuncian-proyecto-para-100-mil-jovenes-de-sectores-populares-puedan-comer-estudiar-y-convertirse-en-fuerza-de-paz\/#primaryimage\"},\"thumbnailUrl\":\"https:\/\/luchonoticias.com\/wp-content\/uploads\/2023\/01\/WhatsApp-Image-2023-01-28-at-3.32.21-PM-1024x683.jpeg\",\"datePublished\":\"2023-01-29T12:09:38+00:00\",\"dateModified\":\"2023-01-29T12:09:39+00:00\",\"breadcrumb\":{\"@id\":\"https:\/\/luchonoticias.com\/editor\/anuncian-proyecto-para-100-mil-jovenes-de-sectores-populares-puedan-comer-estudiar-y-convertirse-en-fuerza-de-paz\/#breadcrumb\"},\"inLanguage\":\"es\",\"potentialAction\":[{\"@type\":\"ReadAction\",\"target\":[\"https:\/\/luchonoticias.com\/editor\/anuncian-proyecto-para-100-mil-jovenes-de-sectores-populares-puedan-comer-estudiar-y-convertirse-en-fuerza-de-paz\/\"]}]},{\"@type\":\"ImageObject\",\"inLanguage\":\"es\",\"@id\":\"https:\/\/luchonoticias.com\/editor\/anuncian-proyecto-para-100-mil-jovenes-de-sectores-populares-puedan-comer-estudiar-y-convertirse-en-fuerza-de-paz\/#primaryimage\",\"url\":\"https:\/\/luchonoticias.com\/wp-content\/uploads\/2023\/01\/WhatsApp-Image-2023-01-28-at-3.32.21-PM-1024x683.jpeg\",\"contentUrl\":\"https:\/\/luchonoticias.com\/wp-content\/uploads\/2023\/01\/WhatsApp-Image-2023-01-28-at-3.32.21-PM-1024x683.jpeg\"},{\"@type\":\"BreadcrumbList\",\"@id\":\"https:\/\/luchonoticias.com\/editor\/anuncian-proyecto-para-100-mil-jovenes-de-sectores-populares-puedan-comer-estudiar-y-convertirse-en-fuerza-de-paz\/#breadcrumb\",\"itemListElement\":[{\"@type\":\"ListItem\",\"position\":1,\"name\":\"Portada\",\"item\":\"https:\/\/luchonoticias.com\/editor\/\"},{\"@type\":\"ListItem\",\"position\":2,\"name\":\"Anuncian proyecto para 100 mil j\u00f3venes de sectores populares puedan comer, estudiar y convertirse en fuerza de paz\"}]},{\"@type\":\"WebSite\",\"@id\":\"https:\/\/luchonoticias.com\/editor\/#website\",\"url\":\"https:\/\/luchonoticias.com\/editor\/\",\"name\":\"\",\"description\":\"\",\"publisher\":{\"@id\":\"https:\/\/luchonoticias.com\/editor\/#\/schema\/person\/7a7fd911f58561fd056dbac7b55af9cd\"},\"potentialAction\":[{\"@type\":\"SearchAction\",\"target\":{\"@type\":\"EntryPoint\",\"urlTemplate\":\"https:\/\/luchonoticias.com\/editor\/?s={search_term_string}\"},\"query-input\":{\"@type\":\"PropertyValueSpecification\",\"valueRequired\":true,\"valueName\":\"search_term_string\"}}],\"inLanguage\":\"es\"},{\"@type\":[\"Person\",\"Organization\"],\"@id\":\"https:\/\/luchonoticias.com\/editor\/#\/schema\/person\/7a7fd911f58561fd056dbac7b55af9cd\",\"name\":\"admin\",\"image\":{\"@type\":\"ImageObject\",\"inLanguage\":\"es\",\"@id\":\"https:\/\/luchonoticias.com\/editor\/#\/schema\/person\/image\/\",\"url\":\"https:\/\/luchonoticias.com\/editor\/wp-content\/uploads\/2024\/02\/cropped-cropped-logolu.webp\",\"contentUrl\":\"https:\/\/luchonoticias.com\/editor\/wp-content\/uploads\/2024\/02\/cropped-cropped-logolu.webp\",\"width\":382,\"height\":170,\"caption\":\"admin\"},\"logo\":{\"@id\":\"https:\/\/luchonoticias.com\/editor\/#\/schema\/person\/image\/\"},\"sameAs\":[\"https:\/\/www.facebook.com\/luchonoticiasneiva\"]},{\"@type\":\"Person\",\"@id\":\"https:\/\/luchonoticias.com\/editor\/#\/schema\/person\/29217990ddf6f14e35912b2866d591fb\",\"name\":\"Editor General\",\"image\":{\"@type\":\"ImageObject\",\"inLanguage\":\"es\",\"@id\":\"https:\/\/luchonoticias.com\/editor\/#\/schema\/person\/image\/\",\"url\":\"https:\/\/luchonoticias.com\/editor\/wp-content\/uploads\/2024\/02\/cropped-cropped-logolu-150x150.webp\",\"contentUrl\":\"https:\/\/luchonoticias.com\/editor\/wp-content\/uploads\/2024\/02\/cropped-cropped-logolu-150x150.webp\",\"caption\":\"Editor General\"},\"sameAs\":[\"https:\/\/luchonoticias.com\/\"],\"url\":\"https:\/\/luchonoticias.com\/editor\/author\/editor-general\/\"}]}<\/script>\n<!-- \/ Yoast SEO plugin. -->","yoast_head_json":{"title":"Anuncian proyecto para 100 mil j\u00f3venes de sectores populares puedan comer, estudiar y convertirse en fuerza de paz -","robots":{"index":"index","follow":"follow","max-snippet":"max-snippet:-1","max-image-preview":"max-image-preview:large","max-video-preview":"max-video-preview:-1"},"canonical":"https:\/\/luchonoticias.com\/editor\/anuncian-proyecto-para-100-mil-jovenes-de-sectores-populares-puedan-comer-estudiar-y-convertirse-en-fuerza-de-paz\/","og_locale":"es_ES","og_type":"article","og_title":"Anuncian proyecto para 100 mil j\u00f3venes de sectores populares puedan comer, estudiar y convertirse en fuerza de paz -","og_url":"https:\/\/luchonoticias.com\/editor\/anuncian-proyecto-para-100-mil-jovenes-de-sectores-populares-puedan-comer-estudiar-y-convertirse-en-fuerza-de-paz\/","article_publisher":"https:\/\/www.facebook.com\/luchonoticiasneiva","article_published_time":"2023-01-29T12:09:38+00:00","article_modified_time":"2023-01-29T12:09:39+00:00","og_image":[{"url":"https:\/\/luchonoticias.com\/wp-content\/uploads\/2023\/01\/WhatsApp-Image-2023-01-28-at-3.32.21-PM-1024x683.jpeg","type":"","width":"","height":""}],"author":"Editor General","twitter_card":"summary_large_image","twitter_misc":{"Escrito por":"Editor General","Tiempo de lectura":"4 minutos"},"schema":{"@context":"https:\/\/schema.org","@graph":[{"@type":"Article","@id":"https:\/\/luchonoticias.com\/editor\/anuncian-proyecto-para-100-mil-jovenes-de-sectores-populares-puedan-comer-estudiar-y-convertirse-en-fuerza-de-paz\/#article","isPartOf":{"@id":"https:\/\/luchonoticias.com\/editor\/anuncian-proyecto-para-100-mil-jovenes-de-sectores-populares-puedan-comer-estudiar-y-convertirse-en-fuerza-de-paz\/"},"author":{"name":"Editor General","@id":"https:\/\/luchonoticias.com\/editor\/#\/schema\/person\/29217990ddf6f14e35912b2866d591fb"},"headline":"Anuncian proyecto para 100 mil j\u00f3venes de sectores populares puedan comer, estudiar y convertirse en fuerza de paz","datePublished":"2023-01-29T12:09:38+00:00","dateModified":"2023-01-29T12:09:39+00:00","mainEntityOfPage":{"@id":"https:\/\/luchonoticias.com\/editor\/anuncian-proyecto-para-100-mil-jovenes-de-sectores-populares-puedan-comer-estudiar-y-convertirse-en-fuerza-de-paz\/"},"wordCount":772,"commentCount":0,"publisher":{"@id":"https:\/\/luchonoticias.com\/editor\/#\/schema\/person\/7a7fd911f58561fd056dbac7b55af9cd"},"image":{"@id":"https:\/\/luchonoticias.com\/editor\/anuncian-proyecto-para-100-mil-jovenes-de-sectores-populares-puedan-comer-estudiar-y-convertirse-en-fuerza-de-paz\/#primaryimage"},"thumbnailUrl":"https:\/\/luchonoticias.com\/wp-content\/uploads\/2023\/01\/WhatsApp-Image-2023-01-28-at-3.32.21-PM-1024x683.jpeg","articleSection":["Destacado","Nacional"],"inLanguage":"es","potentialAction":[{"@type":"CommentAction","name":"Comment","target":["https:\/\/luchonoticias.com\/editor\/anuncian-proyecto-para-100-mil-jovenes-de-sectores-populares-puedan-comer-estudiar-y-convertirse-en-fuerza-de-paz\/#respond"]}]},{"@type":"WebPage","@id":"https:\/\/luchonoticias.com\/editor\/anuncian-proyecto-para-100-mil-jovenes-de-sectores-populares-puedan-comer-estudiar-y-convertirse-en-fuerza-de-paz\/","url":"https:\/\/luchonoticias.com\/editor\/anuncian-proyecto-para-100-mil-jovenes-de-sectores-populares-puedan-comer-estudiar-y-convertirse-en-fuerza-de-paz\/","name":"Anuncian proyecto para 100 mil j\u00f3venes de sectores populares puedan comer, estudiar y convertirse en fuerza de paz -","isPartOf":{"@id":"https:\/\/luchonoticias.com\/editor\/#website"},"primaryImageOfPage":{"@id":"https:\/\/luchonoticias.com\/editor\/anuncian-proyecto-para-100-mil-jovenes-de-sectores-populares-puedan-comer-estudiar-y-convertirse-en-fuerza-de-paz\/#primaryimage"},"image":{"@id":"https:\/\/luchonoticias.com\/editor\/anuncian-proyecto-para-100-mil-jovenes-de-sectores-populares-puedan-comer-estudiar-y-convertirse-en-fuerza-de-paz\/#primaryimage"},"thumbnailUrl":"https:\/\/luchonoticias.com\/wp-content\/uploads\/2023\/01\/WhatsApp-Image-2023-01-28-at-3.32.21-PM-1024x683.jpeg","datePublished":"2023-01-29T12:09:38+00:00","dateModified":"2023-01-29T12:09:39+00:00","breadcrumb":{"@id":"https:\/\/luchonoticias.com\/editor\/anuncian-proyecto-para-100-mil-jovenes-de-sectores-populares-puedan-comer-estudiar-y-convertirse-en-fuerza-de-paz\/#breadcrumb"},"inLanguage":"es","potentialAction":[{"@type":"ReadAction","target":["https:\/\/luchonoticias.com\/editor\/anuncian-proyecto-para-100-mil-jovenes-de-sectores-populares-puedan-comer-estudiar-y-convertirse-en-fuerza-de-paz\/"]}]},{"@type":"ImageObject","inLanguage":"es","@id":"https:\/\/luchonoticias.com\/editor\/anuncian-proyecto-para-100-mil-jovenes-de-sectores-populares-puedan-comer-estudiar-y-convertirse-en-fuerza-de-paz\/#primaryimage","url":"https:\/\/luchonoticias.com\/wp-content\/uploads\/2023\/01\/WhatsApp-Image-2023-01-28-at-3.32.21-PM-1024x683.jpeg","contentUrl":"https:\/\/luchonoticias.com\/wp-content\/uploads\/2023\/01\/WhatsApp-Image-2023-01-28-at-3.32.21-PM-1024x683.jpeg"},{"@type":"BreadcrumbList","@id":"https:\/\/luchonoticias.com\/editor\/anuncian-proyecto-para-100-mil-jovenes-de-sectores-populares-puedan-comer-estudiar-y-convertirse-en-fuerza-de-paz\/#breadcrumb","itemListElement":[{"@type":"ListItem","position":1,"name":"Portada","item":"https:\/\/luchonoticias.com\/editor\/"},{"@type":"ListItem","position":2,"name":"Anuncian proyecto para 100 mil j\u00f3venes de sectores populares puedan comer, estudiar y convertirse en fuerza de paz"}]},{"@type":"WebSite","@id":"https:\/\/luchonoticias.com\/editor\/#website","url":"https:\/\/luchonoticias.com\/editor\/","name":"","description":"","publisher":{"@id":"https:\/\/luchonoticias.com\/editor\/#\/schema\/person\/7a7fd911f58561fd056dbac7b55af9cd"},"potentialAction":[{"@type":"SearchAction","target":{"@type":"EntryPoint","urlTemplate":"https:\/\/luchonoticias.com\/editor\/?s={search_term_string}"},"query-input":{"@type":"PropertyValueSpecification","valueRequired":true,"valueName":"search_term_string"}}],"inLanguage":"es"},{"@type":["Person","Organization"],"@id":"https:\/\/luchonoticias.com\/editor\/#\/schema\/person\/7a7fd911f58561fd056dbac7b55af9cd","name":"admin","image":{"@type":"ImageObject","inLanguage":"es","@id":"https:\/\/luchonoticias.com\/editor\/#\/schema\/person\/image\/","url":"https:\/\/luchonoticias.com\/editor\/wp-content\/uploads\/2024\/02\/cropped-cropped-logolu.webp","contentUrl":"https:\/\/luchonoticias.com\/editor\/wp-content\/uploads\/2024\/02\/cropped-cropped-logolu.webp","width":382,"height":170,"caption":"admin"},"logo":{"@id":"https:\/\/luchonoticias.com\/editor\/#\/schema\/person\/image\/"},"sameAs":["https:\/\/www.facebook.com\/luchonoticiasneiva"]},{"@type":"Person","@id":"https:\/\/luchonoticias.com\/editor\/#\/schema\/person\/29217990ddf6f14e35912b2866d591fb","name":"Editor General","image":{"@type":"ImageObject","inLanguage":"es","@id":"https:\/\/luchonoticias.com\/editor\/#\/schema\/person\/image\/","url":"https:\/\/luchonoticias.com\/editor\/wp-content\/uploads\/2024\/02\/cropped-cropped-logolu-150x150.webp","contentUrl":"https:\/\/luchonoticias.com\/editor\/wp-content\/uploads\/2024\/02\/cropped-cropped-logolu-150x150.webp","caption":"Editor General"},"sameAs":["https:\/\/luchonoticias.com\/"],"url":"https:\/\/luchonoticias.com\/editor\/author\/editor-general\/"}]}},"_links":{"self":[{"href":"https:\/\/luchonoticias.com\/editor\/wp-json\/wp\/v2\/posts\/45126","targetHints":{"allow":["GET"]}}],"collection":[{"href":"https:\/\/luchonoticias.com\/editor\/wp-json\/wp\/v2\/posts"}],"about":[{"href":"https:\/\/luchonoticias.com\/editor\/wp-json\/wp\/v2\/types\/post"}],"author":[{"embeddable":true,"href":"https:\/\/luchonoticias.com\/editor\/wp-json\/wp\/v2\/users\/2"}],"replies":[{"embeddable":true,"href":"https:\/\/luchonoticias.com\/editor\/wp-json\/wp\/v2\/comments?post=45126"}],"version-history":[{"count":0,"href":"https:\/\/luchonoticias.com\/editor\/wp-json\/wp\/v2\/posts\/45126\/revisions"}],"wp:attachment":[{"href":"https:\/\/luchonoticias.com\/editor\/wp-json\/wp\/v2\/media?parent=45126"}],"wp:term":[{"taxonomy":"category","embeddable":true,"href":"https:\/\/luchonoticias.com\/editor\/wp-json\/wp\/v2\/categories?post=45126"},{"taxonomy":"post_tag","embeddable":true,"href":"https:\/\/luchonoticias.com\/editor\/wp-json\/wp\/v2\/tags?post=45126"}],"curies":[{"name":"wp","href":"https:\/\/api.w.org\/{rel}","templated":true}]}}