{"id":45141,"date":"2023-01-29T12:30:55","date_gmt":"2023-01-29T17:30:55","guid":{"rendered":"https:\/\/luchonoticias.com\/?p=45141"},"modified":"2023-01-29T12:30:56","modified_gmt":"2023-01-29T17:30:56","slug":"alcaldia-de-neiva-blinda-a-la-comuna-10-contra-la-inseguridad","status":"publish","type":"post","link":"https:\/\/luchonoticias.com\/editor\/alcaldia-de-neiva-blinda-a-la-comuna-10-contra-la-inseguridad\/","title":{"rendered":"Alcald\u00eda de Neiva, blinda a la comuna 10 contra la inseguridad"},"content":{"rendered":"\n<p>La mesa de seguridad adelantada por parte de la Administraci\u00f3n Municipal en la Comuna 10 de Neiva, dej\u00f3 como conclusiones el fortalecimiento de los esquemas de seguridad para este importante sector de la ciudad.<\/p>\n\n\n\n<p>En el encuentro de car\u00e1cter comunitario, tambi\u00e9n particip\u00f3 la Polic\u00eda Metropolitana que, junto a la Administraci\u00f3n Municipal, anunciaron la entrega de una alarma comunitaria.<\/p>\n\n\n\n<p>\u00a0\u201cComo administraci\u00f3n estamos vigilantes de las necesidades de cada uno de los sectores de nuestro municipio, por eso hoy asistimos a este encuentro con la Comuna 10, sus habitantes nos expresaron la preocupaci\u00f3n por la inseguridad en esta zona, la presencia de habitantes de calle y el uso del parque para el consumo de sustancias psicoactivas, principalmente\u201d, indic\u00f3 Andr\u00e9s Felipe Mart\u00ednez, director de Seguridad y Convivencia Ciudadana.<\/p>\n\n\n\n<figure class=\"wp-block-image size-large\"><img decoding=\"async\" src=\"https:\/\/luchonoticias.com\/wp-content\/uploads\/2023\/01\/WhatsApp-Image-2023-01-29-at-12.08.50-PM-1-1024x768.jpeg\" alt=\"\" class=\"wp-image-45143\"\/><\/figure>\n\n\n\n<p>Como lo expres\u00f3 Aura Helena Ram\u00edrez, integrante de la Junta de Acci\u00f3n Comunal de La Rioja, \u201cla primordial necesidad que se present\u00f3 hoy fue la de seguridad, porque en el barrio La Rioja se est\u00e1 presentando pr\u00e1cticamente todos los d\u00edas atracos. Lo que se le pidi\u00f3 al Director de Seguridad es poner los ojos en este barrio y que nos doten de alarmas comunitarias\u201d.<\/p>\n\n\n\n<p><strong>Compromisos<\/strong><\/p>\n\n\n\n<p>Frente a esta situaci\u00f3n, la comunidad solicit\u00f3 mayor presencia de las autoridades y m\u00e1s pie de fuerza, por lo que el director de Seguridad y Convivencia, anunci\u00f3 la llegada de dispositivos de seguridad a la comuna, enmarcados en el \u2018Plan de control territorial\u2019, estrategia de seguridad con la que se han impactado las cifras de hurtos en la ciudad.<\/p>\n\n\n\n<p>Hasta ahora, se han realizado control en las Comunas 6, 8, 1 y 2, entregando como resultados la aprehensi\u00f3n de 10 personas y la incautaci\u00f3n de 10 armas de fuego.<\/p>\n\n\n\n<p>As\u00ed como la instalaci\u00f3n de alarmas comunitarias, que permiten salvar vidas y evitar que m\u00e1s ciudadanos sean v\u00edctimas de robo.<\/p>\n\n\n\n<p>El encuentro, sirvi\u00f3 asimismo para socializar la estrategia \u2018Entornos de Confianza\u2019, que pronto se pondr\u00e1 en marcha para recuperar los espacios de encuentro comunitario como los parques; por medio de esta estrategia se har\u00e1 prevenci\u00f3n del consumo de drogas en lugares p\u00fablicos.<\/p>\n","protected":false},"excerpt":{"rendered":"<p>La mesa de seguridad adelantada por parte de la Administraci\u00f3n Municipal en la Comuna 10 de Neiva, dej\u00f3 como conclusiones el fortalecimiento de los esquemas de seguridad para este importante sector de la ciudad. En el encuentro de car\u00e1cter comunitario, tambi\u00e9n particip\u00f3 la Polic\u00eda Metropolitana que, junto a la Administraci\u00f3n Municipal, anunciaron la entrega de [&hellip;]<\/p>\n","protected":false},"author":2,"featured_media":0,"comment_status":"open","ping_status":"open","sticky":false,"template":"","format":"standard","meta":{"footnotes":""},"categories":[36,53],"tags":[],"class_list":["post-45141","post","type-post","status-publish","format-standard","hentry","category-destacado","category-neiva"],"yoast_head":"<!-- This site is optimized with the Yoast SEO plugin v26.6 - https:\/\/yoast.com\/wordpress\/plugins\/seo\/ -->\n<title>Alcald\u00eda de Neiva, blinda a la comuna 10 contra la inseguridad -<\/title>\n<meta name=\"robots\" content=\"index, follow, max-snippet:-1, max-image-preview:large, max-video-preview:-1\" \/>\n<link rel=\"canonical\" href=\"https:\/\/luchonoticias.com\/editor\/alcaldia-de-neiva-blinda-a-la-comuna-10-contra-la-inseguridad\/\" \/>\n<meta property=\"og:locale\" content=\"es_ES\" \/>\n<meta property=\"og:type\" content=\"article\" \/>\n<meta property=\"og:title\" content=\"Alcald\u00eda de Neiva, blinda a la comuna 10 contra la inseguridad -\" \/>\n<meta property=\"og:url\" content=\"https:\/\/luchonoticias.com\/editor\/alcaldia-de-neiva-blinda-a-la-comuna-10-contra-la-inseguridad\/\" \/>\n<meta property=\"article:publisher\" content=\"https:\/\/www.facebook.com\/luchonoticiasneiva\" \/>\n<meta property=\"article:published_time\" content=\"2023-01-29T17:30:55+00:00\" \/>\n<meta property=\"article:modified_time\" content=\"2023-01-29T17:30:56+00:00\" \/>\n<meta property=\"og:image\" content=\"https:\/\/luchonoticias.com\/wp-content\/uploads\/2023\/01\/WhatsApp-Image-2023-01-29-at-12.08.50-PM-1-1024x768.jpeg\" \/>\n<meta name=\"author\" content=\"Editor General\" \/>\n<meta name=\"twitter:card\" content=\"summary_large_image\" \/>\n<meta name=\"twitter:label1\" content=\"Escrito por\" \/>\n\t<meta name=\"twitter:data1\" content=\"Editor General\" \/>\n\t<meta name=\"twitter:label2\" content=\"Tiempo de lectura\" \/>\n\t<meta name=\"twitter:data2\" content=\"2 minutos\" \/>\n<script type=\"application\/ld+json\" class=\"yoast-schema-graph\">{\"@context\":\"https:\/\/schema.org\",\"@graph\":[{\"@type\":\"Article\",\"@id\":\"https:\/\/luchonoticias.com\/editor\/alcaldia-de-neiva-blinda-a-la-comuna-10-contra-la-inseguridad\/#article\",\"isPartOf\":{\"@id\":\"https:\/\/luchonoticias.com\/editor\/alcaldia-de-neiva-blinda-a-la-comuna-10-contra-la-inseguridad\/\"},\"author\":{\"name\":\"Editor General\",\"@id\":\"https:\/\/luchonoticias.com\/editor\/#\/schema\/person\/29217990ddf6f14e35912b2866d591fb\"},\"headline\":\"Alcald\u00eda de Neiva, blinda a la comuna 10 contra la inseguridad\",\"datePublished\":\"2023-01-29T17:30:55+00:00\",\"dateModified\":\"2023-01-29T17:30:56+00:00\",\"mainEntityOfPage\":{\"@id\":\"https:\/\/luchonoticias.com\/editor\/alcaldia-de-neiva-blinda-a-la-comuna-10-contra-la-inseguridad\/\"},\"wordCount\":366,\"commentCount\":0,\"publisher\":{\"@id\":\"https:\/\/luchonoticias.com\/editor\/#\/schema\/person\/7a7fd911f58561fd056dbac7b55af9cd\"},\"image\":{\"@id\":\"https:\/\/luchonoticias.com\/editor\/alcaldia-de-neiva-blinda-a-la-comuna-10-contra-la-inseguridad\/#primaryimage\"},\"thumbnailUrl\":\"https:\/\/luchonoticias.com\/wp-content\/uploads\/2023\/01\/WhatsApp-Image-2023-01-29-at-12.08.50-PM-1-1024x768.jpeg\",\"articleSection\":[\"Destacado\",\"Neiva\"],\"inLanguage\":\"es\",\"potentialAction\":[{\"@type\":\"CommentAction\",\"name\":\"Comment\",\"target\":[\"https:\/\/luchonoticias.com\/editor\/alcaldia-de-neiva-blinda-a-la-comuna-10-contra-la-inseguridad\/#respond\"]}]},{\"@type\":\"WebPage\",\"@id\":\"https:\/\/luchonoticias.com\/editor\/alcaldia-de-neiva-blinda-a-la-comuna-10-contra-la-inseguridad\/\",\"url\":\"https:\/\/luchonoticias.com\/editor\/alcaldia-de-neiva-blinda-a-la-comuna-10-contra-la-inseguridad\/\",\"name\":\"Alcald\u00eda de Neiva, blinda a la comuna 10 contra la inseguridad -\",\"isPartOf\":{\"@id\":\"https:\/\/luchonoticias.com\/editor\/#website\"},\"primaryImageOfPage\":{\"@id\":\"https:\/\/luchonoticias.com\/editor\/alcaldia-de-neiva-blinda-a-la-comuna-10-contra-la-inseguridad\/#primaryimage\"},\"image\":{\"@id\":\"https:\/\/luchonoticias.com\/editor\/alcaldia-de-neiva-blinda-a-la-comuna-10-contra-la-inseguridad\/#primaryimage\"},\"thumbnailUrl\":\"https:\/\/luchonoticias.com\/wp-content\/uploads\/2023\/01\/WhatsApp-Image-2023-01-29-at-12.08.50-PM-1-1024x768.jpeg\",\"datePublished\":\"2023-01-29T17:30:55+00:00\",\"dateModified\":\"2023-01-29T17:30:56+00:00\",\"breadcrumb\":{\"@id\":\"https:\/\/luchonoticias.com\/editor\/alcaldia-de-neiva-blinda-a-la-comuna-10-contra-la-inseguridad\/#breadcrumb\"},\"inLanguage\":\"es\",\"potentialAction\":[{\"@type\":\"ReadAction\",\"target\":[\"https:\/\/luchonoticias.com\/editor\/alcaldia-de-neiva-blinda-a-la-comuna-10-contra-la-inseguridad\/\"]}]},{\"@type\":\"ImageObject\",\"inLanguage\":\"es\",\"@id\":\"https:\/\/luchonoticias.com\/editor\/alcaldia-de-neiva-blinda-a-la-comuna-10-contra-la-inseguridad\/#primaryimage\",\"url\":\"https:\/\/luchonoticias.com\/wp-content\/uploads\/2023\/01\/WhatsApp-Image-2023-01-29-at-12.08.50-PM-1-1024x768.jpeg\",\"contentUrl\":\"https:\/\/luchonoticias.com\/wp-content\/uploads\/2023\/01\/WhatsApp-Image-2023-01-29-at-12.08.50-PM-1-1024x768.jpeg\"},{\"@type\":\"BreadcrumbList\",\"@id\":\"https:\/\/luchonoticias.com\/editor\/alcaldia-de-neiva-blinda-a-la-comuna-10-contra-la-inseguridad\/#breadcrumb\",\"itemListElement\":[{\"@type\":\"ListItem\",\"position\":1,\"name\":\"Portada\",\"item\":\"https:\/\/luchonoticias.com\/editor\/\"},{\"@type\":\"ListItem\",\"position\":2,\"name\":\"Alcald\u00eda de Neiva, blinda a la comuna 10 contra la inseguridad\"}]},{\"@type\":\"WebSite\",\"@id\":\"https:\/\/luchonoticias.com\/editor\/#website\",\"url\":\"https:\/\/luchonoticias.com\/editor\/\",\"name\":\"\",\"description\":\"\",\"publisher\":{\"@id\":\"https:\/\/luchonoticias.com\/editor\/#\/schema\/person\/7a7fd911f58561fd056dbac7b55af9cd\"},\"potentialAction\":[{\"@type\":\"SearchAction\",\"target\":{\"@type\":\"EntryPoint\",\"urlTemplate\":\"https:\/\/luchonoticias.com\/editor\/?s={search_term_string}\"},\"query-input\":{\"@type\":\"PropertyValueSpecification\",\"valueRequired\":true,\"valueName\":\"search_term_string\"}}],\"inLanguage\":\"es\"},{\"@type\":[\"Person\",\"Organization\"],\"@id\":\"https:\/\/luchonoticias.com\/editor\/#\/schema\/person\/7a7fd911f58561fd056dbac7b55af9cd\",\"name\":\"admin\",\"image\":{\"@type\":\"ImageObject\",\"inLanguage\":\"es\",\"@id\":\"https:\/\/luchonoticias.com\/editor\/#\/schema\/person\/image\/\",\"url\":\"https:\/\/luchonoticias.com\/editor\/wp-content\/uploads\/2024\/02\/cropped-cropped-logolu.webp\",\"contentUrl\":\"https:\/\/luchonoticias.com\/editor\/wp-content\/uploads\/2024\/02\/cropped-cropped-logolu.webp\",\"width\":382,\"height\":170,\"caption\":\"admin\"},\"logo\":{\"@id\":\"https:\/\/luchonoticias.com\/editor\/#\/schema\/person\/image\/\"},\"sameAs\":[\"https:\/\/www.facebook.com\/luchonoticiasneiva\"]},{\"@type\":\"Person\",\"@id\":\"https:\/\/luchonoticias.com\/editor\/#\/schema\/person\/29217990ddf6f14e35912b2866d591fb\",\"name\":\"Editor General\",\"image\":{\"@type\":\"ImageObject\",\"inLanguage\":\"es\",\"@id\":\"https:\/\/luchonoticias.com\/editor\/#\/schema\/person\/image\/\",\"url\":\"https:\/\/luchonoticias.com\/editor\/wp-content\/uploads\/2024\/02\/cropped-cropped-logolu-150x150.webp\",\"contentUrl\":\"https:\/\/luchonoticias.com\/editor\/wp-content\/uploads\/2024\/02\/cropped-cropped-logolu-150x150.webp\",\"caption\":\"Editor General\"},\"sameAs\":[\"https:\/\/luchonoticias.com\/\"],\"url\":\"https:\/\/luchonoticias.com\/editor\/author\/editor-general\/\"}]}<\/script>\n<!-- \/ Yoast SEO plugin. -->","yoast_head_json":{"title":"Alcald\u00eda de Neiva, blinda a la comuna 10 contra la inseguridad -","robots":{"index":"index","follow":"follow","max-snippet":"max-snippet:-1","max-image-preview":"max-image-preview:large","max-video-preview":"max-video-preview:-1"},"canonical":"https:\/\/luchonoticias.com\/editor\/alcaldia-de-neiva-blinda-a-la-comuna-10-contra-la-inseguridad\/","og_locale":"es_ES","og_type":"article","og_title":"Alcald\u00eda de Neiva, blinda a la comuna 10 contra la inseguridad -","og_url":"https:\/\/luchonoticias.com\/editor\/alcaldia-de-neiva-blinda-a-la-comuna-10-contra-la-inseguridad\/","article_publisher":"https:\/\/www.facebook.com\/luchonoticiasneiva","article_published_time":"2023-01-29T17:30:55+00:00","article_modified_time":"2023-01-29T17:30:56+00:00","og_image":[{"url":"https:\/\/luchonoticias.com\/wp-content\/uploads\/2023\/01\/WhatsApp-Image-2023-01-29-at-12.08.50-PM-1-1024x768.jpeg","type":"","width":"","height":""}],"author":"Editor General","twitter_card":"summary_large_image","twitter_misc":{"Escrito por":"Editor General","Tiempo de lectura":"2 minutos"},"schema":{"@context":"https:\/\/schema.org","@graph":[{"@type":"Article","@id":"https:\/\/luchonoticias.com\/editor\/alcaldia-de-neiva-blinda-a-la-comuna-10-contra-la-inseguridad\/#article","isPartOf":{"@id":"https:\/\/luchonoticias.com\/editor\/alcaldia-de-neiva-blinda-a-la-comuna-10-contra-la-inseguridad\/"},"author":{"name":"Editor General","@id":"https:\/\/luchonoticias.com\/editor\/#\/schema\/person\/29217990ddf6f14e35912b2866d591fb"},"headline":"Alcald\u00eda de Neiva, blinda a la comuna 10 contra la inseguridad","datePublished":"2023-01-29T17:30:55+00:00","dateModified":"2023-01-29T17:30:56+00:00","mainEntityOfPage":{"@id":"https:\/\/luchonoticias.com\/editor\/alcaldia-de-neiva-blinda-a-la-comuna-10-contra-la-inseguridad\/"},"wordCount":366,"commentCount":0,"publisher":{"@id":"https:\/\/luchonoticias.com\/editor\/#\/schema\/person\/7a7fd911f58561fd056dbac7b55af9cd"},"image":{"@id":"https:\/\/luchonoticias.com\/editor\/alcaldia-de-neiva-blinda-a-la-comuna-10-contra-la-inseguridad\/#primaryimage"},"thumbnailUrl":"https:\/\/luchonoticias.com\/wp-content\/uploads\/2023\/01\/WhatsApp-Image-2023-01-29-at-12.08.50-PM-1-1024x768.jpeg","articleSection":["Destacado","Neiva"],"inLanguage":"es","potentialAction":[{"@type":"CommentAction","name":"Comment","target":["https:\/\/luchonoticias.com\/editor\/alcaldia-de-neiva-blinda-a-la-comuna-10-contra-la-inseguridad\/#respond"]}]},{"@type":"WebPage","@id":"https:\/\/luchonoticias.com\/editor\/alcaldia-de-neiva-blinda-a-la-comuna-10-contra-la-inseguridad\/","url":"https:\/\/luchonoticias.com\/editor\/alcaldia-de-neiva-blinda-a-la-comuna-10-contra-la-inseguridad\/","name":"Alcald\u00eda de Neiva, blinda a la comuna 10 contra la inseguridad -","isPartOf":{"@id":"https:\/\/luchonoticias.com\/editor\/#website"},"primaryImageOfPage":{"@id":"https:\/\/luchonoticias.com\/editor\/alcaldia-de-neiva-blinda-a-la-comuna-10-contra-la-inseguridad\/#primaryimage"},"image":{"@id":"https:\/\/luchonoticias.com\/editor\/alcaldia-de-neiva-blinda-a-la-comuna-10-contra-la-inseguridad\/#primaryimage"},"thumbnailUrl":"https:\/\/luchonoticias.com\/wp-content\/uploads\/2023\/01\/WhatsApp-Image-2023-01-29-at-12.08.50-PM-1-1024x768.jpeg","datePublished":"2023-01-29T17:30:55+00:00","dateModified":"2023-01-29T17:30:56+00:00","breadcrumb":{"@id":"https:\/\/luchonoticias.com\/editor\/alcaldia-de-neiva-blinda-a-la-comuna-10-contra-la-inseguridad\/#breadcrumb"},"inLanguage":"es","potentialAction":[{"@type":"ReadAction","target":["https:\/\/luchonoticias.com\/editor\/alcaldia-de-neiva-blinda-a-la-comuna-10-contra-la-inseguridad\/"]}]},{"@type":"ImageObject","inLanguage":"es","@id":"https:\/\/luchonoticias.com\/editor\/alcaldia-de-neiva-blinda-a-la-comuna-10-contra-la-inseguridad\/#primaryimage","url":"https:\/\/luchonoticias.com\/wp-content\/uploads\/2023\/01\/WhatsApp-Image-2023-01-29-at-12.08.50-PM-1-1024x768.jpeg","contentUrl":"https:\/\/luchonoticias.com\/wp-content\/uploads\/2023\/01\/WhatsApp-Image-2023-01-29-at-12.08.50-PM-1-1024x768.jpeg"},{"@type":"BreadcrumbList","@id":"https:\/\/luchonoticias.com\/editor\/alcaldia-de-neiva-blinda-a-la-comuna-10-contra-la-inseguridad\/#breadcrumb","itemListElement":[{"@type":"ListItem","position":1,"name":"Portada","item":"https:\/\/luchonoticias.com\/editor\/"},{"@type":"ListItem","position":2,"name":"Alcald\u00eda de Neiva, blinda a la comuna 10 contra la inseguridad"}]},{"@type":"WebSite","@id":"https:\/\/luchonoticias.com\/editor\/#website","url":"https:\/\/luchonoticias.com\/editor\/","name":"","description":"","publisher":{"@id":"https:\/\/luchonoticias.com\/editor\/#\/schema\/person\/7a7fd911f58561fd056dbac7b55af9cd"},"potentialAction":[{"@type":"SearchAction","target":{"@type":"EntryPoint","urlTemplate":"https:\/\/luchonoticias.com\/editor\/?s={search_term_string}"},"query-input":{"@type":"PropertyValueSpecification","valueRequired":true,"valueName":"search_term_string"}}],"inLanguage":"es"},{"@type":["Person","Organization"],"@id":"https:\/\/luchonoticias.com\/editor\/#\/schema\/person\/7a7fd911f58561fd056dbac7b55af9cd","name":"admin","image":{"@type":"ImageObject","inLanguage":"es","@id":"https:\/\/luchonoticias.com\/editor\/#\/schema\/person\/image\/","url":"https:\/\/luchonoticias.com\/editor\/wp-content\/uploads\/2024\/02\/cropped-cropped-logolu.webp","contentUrl":"https:\/\/luchonoticias.com\/editor\/wp-content\/uploads\/2024\/02\/cropped-cropped-logolu.webp","width":382,"height":170,"caption":"admin"},"logo":{"@id":"https:\/\/luchonoticias.com\/editor\/#\/schema\/person\/image\/"},"sameAs":["https:\/\/www.facebook.com\/luchonoticiasneiva"]},{"@type":"Person","@id":"https:\/\/luchonoticias.com\/editor\/#\/schema\/person\/29217990ddf6f14e35912b2866d591fb","name":"Editor General","image":{"@type":"ImageObject","inLanguage":"es","@id":"https:\/\/luchonoticias.com\/editor\/#\/schema\/person\/image\/","url":"https:\/\/luchonoticias.com\/editor\/wp-content\/uploads\/2024\/02\/cropped-cropped-logolu-150x150.webp","contentUrl":"https:\/\/luchonoticias.com\/editor\/wp-content\/uploads\/2024\/02\/cropped-cropped-logolu-150x150.webp","caption":"Editor General"},"sameAs":["https:\/\/luchonoticias.com\/"],"url":"https:\/\/luchonoticias.com\/editor\/author\/editor-general\/"}]}},"_links":{"self":[{"href":"https:\/\/luchonoticias.com\/editor\/wp-json\/wp\/v2\/posts\/45141","targetHints":{"allow":["GET"]}}],"collection":[{"href":"https:\/\/luchonoticias.com\/editor\/wp-json\/wp\/v2\/posts"}],"about":[{"href":"https:\/\/luchonoticias.com\/editor\/wp-json\/wp\/v2\/types\/post"}],"author":[{"embeddable":true,"href":"https:\/\/luchonoticias.com\/editor\/wp-json\/wp\/v2\/users\/2"}],"replies":[{"embeddable":true,"href":"https:\/\/luchonoticias.com\/editor\/wp-json\/wp\/v2\/comments?post=45141"}],"version-history":[{"count":0,"href":"https:\/\/luchonoticias.com\/editor\/wp-json\/wp\/v2\/posts\/45141\/revisions"}],"wp:attachment":[{"href":"https:\/\/luchonoticias.com\/editor\/wp-json\/wp\/v2\/media?parent=45141"}],"wp:term":[{"taxonomy":"category","embeddable":true,"href":"https:\/\/luchonoticias.com\/editor\/wp-json\/wp\/v2\/categories?post=45141"},{"taxonomy":"post_tag","embeddable":true,"href":"https:\/\/luchonoticias.com\/editor\/wp-json\/wp\/v2\/tags?post=45141"}],"curies":[{"name":"wp","href":"https:\/\/api.w.org\/{rel}","templated":true}]}}