{"id":45218,"date":"2023-01-31T05:03:31","date_gmt":"2023-01-31T10:03:31","guid":{"rendered":"https:\/\/luchonoticias.com\/?p=45218"},"modified":"2023-01-31T05:03:32","modified_gmt":"2023-01-31T10:03:32","slug":"gigante-ya-esta-manos-a-la-obra-con-su-centro-sacudete","status":"publish","type":"post","link":"https:\/\/luchonoticias.com\/editor\/gigante-ya-esta-manos-a-la-obra-con-su-centro-sacudete\/","title":{"rendered":"Gigante ya est\u00e1 &#8216;manos a la obra&#8217; con su Centro Sac\u00fadete"},"content":{"rendered":"\n<p>Otro municipio que viene realizando trabajos para tener su\u00a0<strong>Centro Sac\u00fadete<\/strong>, es\u00a0<strong>Gigante<\/strong>, el cual se viene construyendo en la Ciudadela Luis Alberto Osorio.\u00a0<\/p>\n\n\n\n<p>Mediante sus redes sociales, el alcalde de la localidad, C\u00e9sar Roa , manifest\u00f3 que las obras tienen un\u00a0<strong>avance del 15 por ciento<\/strong>, poniendo en marcha varios meses de gestiones ante el Gobierno Nacional para la infraestructura.<\/p>\n\n\n\n<p>Como todos los dem\u00e1s escenarios inaugurados en otras partes del departamento, el escenario contar\u00e1 con&nbsp;<strong>escenarios para la pr\u00e1ctica deportiva as\u00ed como un parque infantil y zona de actividades recreativas<\/strong>.<\/p>\n","protected":false},"excerpt":{"rendered":"<p>Otro municipio que viene realizando trabajos para tener su\u00a0Centro Sac\u00fadete, es\u00a0Gigante, el cual se viene construyendo en la Ciudadela Luis Alberto Osorio.\u00a0 Mediante sus redes sociales, el alcalde de la localidad, C\u00e9sar Roa , manifest\u00f3 que las obras tienen un\u00a0avance del 15 por ciento, poniendo en marcha varios meses de gestiones ante el Gobierno Nacional [&hellip;]<\/p>\n","protected":false},"author":2,"featured_media":0,"comment_status":"open","ping_status":"open","sticky":false,"template":"","format":"standard","meta":{"footnotes":""},"categories":[34],"tags":[],"class_list":["post-45218","post","type-post","status-publish","format-standard","hentry","category-deportes"],"yoast_head":"<!-- This site is optimized with the Yoast SEO plugin v26.6 - https:\/\/yoast.com\/wordpress\/plugins\/seo\/ -->\n<title>Gigante ya est\u00e1 &#039;manos a la obra&#039; con su Centro Sac\u00fadete -<\/title>\n<meta name=\"robots\" content=\"index, follow, max-snippet:-1, max-image-preview:large, max-video-preview:-1\" \/>\n<link rel=\"canonical\" href=\"https:\/\/luchonoticias.com\/editor\/gigante-ya-esta-manos-a-la-obra-con-su-centro-sacudete\/\" \/>\n<meta property=\"og:locale\" content=\"es_ES\" \/>\n<meta property=\"og:type\" content=\"article\" \/>\n<meta property=\"og:title\" content=\"Gigante ya est\u00e1 &#039;manos a la obra&#039; con su Centro Sac\u00fadete -\" \/>\n<meta property=\"og:url\" content=\"https:\/\/luchonoticias.com\/editor\/gigante-ya-esta-manos-a-la-obra-con-su-centro-sacudete\/\" \/>\n<meta property=\"article:publisher\" content=\"https:\/\/www.facebook.com\/luchonoticiasneiva\" \/>\n<meta property=\"article:published_time\" content=\"2023-01-31T10:03:31+00:00\" \/>\n<meta property=\"article:modified_time\" content=\"2023-01-31T10:03:32+00:00\" \/>\n<meta name=\"author\" content=\"Editor General\" \/>\n<meta name=\"twitter:card\" content=\"summary_large_image\" \/>\n<meta name=\"twitter:label1\" content=\"Escrito por\" \/>\n\t<meta name=\"twitter:data1\" content=\"Editor General\" \/>\n<script type=\"application\/ld+json\" class=\"yoast-schema-graph\">{\"@context\":\"https:\/\/schema.org\",\"@graph\":[{\"@type\":\"Article\",\"@id\":\"https:\/\/luchonoticias.com\/editor\/gigante-ya-esta-manos-a-la-obra-con-su-centro-sacudete\/#article\",\"isPartOf\":{\"@id\":\"https:\/\/luchonoticias.com\/editor\/gigante-ya-esta-manos-a-la-obra-con-su-centro-sacudete\/\"},\"author\":{\"name\":\"Editor General\",\"@id\":\"https:\/\/luchonoticias.com\/editor\/#\/schema\/person\/29217990ddf6f14e35912b2866d591fb\"},\"headline\":\"Gigante ya est\u00e1 &#8216;manos a la obra&#8217; con su Centro Sac\u00fadete\",\"datePublished\":\"2023-01-31T10:03:31+00:00\",\"dateModified\":\"2023-01-31T10:03:32+00:00\",\"mainEntityOfPage\":{\"@id\":\"https:\/\/luchonoticias.com\/editor\/gigante-ya-esta-manos-a-la-obra-con-su-centro-sacudete\/\"},\"wordCount\":106,\"commentCount\":0,\"publisher\":{\"@id\":\"https:\/\/luchonoticias.com\/editor\/#\/schema\/person\/7a7fd911f58561fd056dbac7b55af9cd\"},\"articleSection\":[\"Deportes\"],\"inLanguage\":\"es\",\"potentialAction\":[{\"@type\":\"CommentAction\",\"name\":\"Comment\",\"target\":[\"https:\/\/luchonoticias.com\/editor\/gigante-ya-esta-manos-a-la-obra-con-su-centro-sacudete\/#respond\"]}]},{\"@type\":\"WebPage\",\"@id\":\"https:\/\/luchonoticias.com\/editor\/gigante-ya-esta-manos-a-la-obra-con-su-centro-sacudete\/\",\"url\":\"https:\/\/luchonoticias.com\/editor\/gigante-ya-esta-manos-a-la-obra-con-su-centro-sacudete\/\",\"name\":\"Gigante ya est\u00e1 'manos a la obra' con su Centro Sac\u00fadete -\",\"isPartOf\":{\"@id\":\"https:\/\/luchonoticias.com\/editor\/#website\"},\"datePublished\":\"2023-01-31T10:03:31+00:00\",\"dateModified\":\"2023-01-31T10:03:32+00:00\",\"breadcrumb\":{\"@id\":\"https:\/\/luchonoticias.com\/editor\/gigante-ya-esta-manos-a-la-obra-con-su-centro-sacudete\/#breadcrumb\"},\"inLanguage\":\"es\",\"potentialAction\":[{\"@type\":\"ReadAction\",\"target\":[\"https:\/\/luchonoticias.com\/editor\/gigante-ya-esta-manos-a-la-obra-con-su-centro-sacudete\/\"]}]},{\"@type\":\"BreadcrumbList\",\"@id\":\"https:\/\/luchonoticias.com\/editor\/gigante-ya-esta-manos-a-la-obra-con-su-centro-sacudete\/#breadcrumb\",\"itemListElement\":[{\"@type\":\"ListItem\",\"position\":1,\"name\":\"Portada\",\"item\":\"https:\/\/luchonoticias.com\/editor\/\"},{\"@type\":\"ListItem\",\"position\":2,\"name\":\"Gigante ya est\u00e1 &#8216;manos a la obra&#8217; con su Centro Sac\u00fadete\"}]},{\"@type\":\"WebSite\",\"@id\":\"https:\/\/luchonoticias.com\/editor\/#website\",\"url\":\"https:\/\/luchonoticias.com\/editor\/\",\"name\":\"\",\"description\":\"\",\"publisher\":{\"@id\":\"https:\/\/luchonoticias.com\/editor\/#\/schema\/person\/7a7fd911f58561fd056dbac7b55af9cd\"},\"potentialAction\":[{\"@type\":\"SearchAction\",\"target\":{\"@type\":\"EntryPoint\",\"urlTemplate\":\"https:\/\/luchonoticias.com\/editor\/?s={search_term_string}\"},\"query-input\":{\"@type\":\"PropertyValueSpecification\",\"valueRequired\":true,\"valueName\":\"search_term_string\"}}],\"inLanguage\":\"es\"},{\"@type\":[\"Person\",\"Organization\"],\"@id\":\"https:\/\/luchonoticias.com\/editor\/#\/schema\/person\/7a7fd911f58561fd056dbac7b55af9cd\",\"name\":\"admin\",\"image\":{\"@type\":\"ImageObject\",\"inLanguage\":\"es\",\"@id\":\"https:\/\/luchonoticias.com\/editor\/#\/schema\/person\/image\/\",\"url\":\"https:\/\/luchonoticias.com\/editor\/wp-content\/uploads\/2024\/02\/cropped-cropped-logolu.webp\",\"contentUrl\":\"https:\/\/luchonoticias.com\/editor\/wp-content\/uploads\/2024\/02\/cropped-cropped-logolu.webp\",\"width\":382,\"height\":170,\"caption\":\"admin\"},\"logo\":{\"@id\":\"https:\/\/luchonoticias.com\/editor\/#\/schema\/person\/image\/\"},\"sameAs\":[\"https:\/\/www.facebook.com\/luchonoticiasneiva\"]},{\"@type\":\"Person\",\"@id\":\"https:\/\/luchonoticias.com\/editor\/#\/schema\/person\/29217990ddf6f14e35912b2866d591fb\",\"name\":\"Editor General\",\"image\":{\"@type\":\"ImageObject\",\"inLanguage\":\"es\",\"@id\":\"https:\/\/luchonoticias.com\/editor\/#\/schema\/person\/image\/\",\"url\":\"https:\/\/luchonoticias.com\/editor\/wp-content\/uploads\/2024\/02\/cropped-cropped-logolu-150x150.webp\",\"contentUrl\":\"https:\/\/luchonoticias.com\/editor\/wp-content\/uploads\/2024\/02\/cropped-cropped-logolu-150x150.webp\",\"caption\":\"Editor General\"},\"sameAs\":[\"https:\/\/luchonoticias.com\/\"],\"url\":\"https:\/\/luchonoticias.com\/editor\/author\/editor-general\/\"}]}<\/script>\n<!-- \/ Yoast SEO plugin. -->","yoast_head_json":{"title":"Gigante ya est\u00e1 'manos a la obra' con su Centro Sac\u00fadete -","robots":{"index":"index","follow":"follow","max-snippet":"max-snippet:-1","max-image-preview":"max-image-preview:large","max-video-preview":"max-video-preview:-1"},"canonical":"https:\/\/luchonoticias.com\/editor\/gigante-ya-esta-manos-a-la-obra-con-su-centro-sacudete\/","og_locale":"es_ES","og_type":"article","og_title":"Gigante ya est\u00e1 'manos a la obra' con su Centro Sac\u00fadete -","og_url":"https:\/\/luchonoticias.com\/editor\/gigante-ya-esta-manos-a-la-obra-con-su-centro-sacudete\/","article_publisher":"https:\/\/www.facebook.com\/luchonoticiasneiva","article_published_time":"2023-01-31T10:03:31+00:00","article_modified_time":"2023-01-31T10:03:32+00:00","author":"Editor General","twitter_card":"summary_large_image","twitter_misc":{"Escrito por":"Editor General"},"schema":{"@context":"https:\/\/schema.org","@graph":[{"@type":"Article","@id":"https:\/\/luchonoticias.com\/editor\/gigante-ya-esta-manos-a-la-obra-con-su-centro-sacudete\/#article","isPartOf":{"@id":"https:\/\/luchonoticias.com\/editor\/gigante-ya-esta-manos-a-la-obra-con-su-centro-sacudete\/"},"author":{"name":"Editor General","@id":"https:\/\/luchonoticias.com\/editor\/#\/schema\/person\/29217990ddf6f14e35912b2866d591fb"},"headline":"Gigante ya est\u00e1 &#8216;manos a la obra&#8217; con su Centro Sac\u00fadete","datePublished":"2023-01-31T10:03:31+00:00","dateModified":"2023-01-31T10:03:32+00:00","mainEntityOfPage":{"@id":"https:\/\/luchonoticias.com\/editor\/gigante-ya-esta-manos-a-la-obra-con-su-centro-sacudete\/"},"wordCount":106,"commentCount":0,"publisher":{"@id":"https:\/\/luchonoticias.com\/editor\/#\/schema\/person\/7a7fd911f58561fd056dbac7b55af9cd"},"articleSection":["Deportes"],"inLanguage":"es","potentialAction":[{"@type":"CommentAction","name":"Comment","target":["https:\/\/luchonoticias.com\/editor\/gigante-ya-esta-manos-a-la-obra-con-su-centro-sacudete\/#respond"]}]},{"@type":"WebPage","@id":"https:\/\/luchonoticias.com\/editor\/gigante-ya-esta-manos-a-la-obra-con-su-centro-sacudete\/","url":"https:\/\/luchonoticias.com\/editor\/gigante-ya-esta-manos-a-la-obra-con-su-centro-sacudete\/","name":"Gigante ya est\u00e1 'manos a la obra' con su Centro Sac\u00fadete -","isPartOf":{"@id":"https:\/\/luchonoticias.com\/editor\/#website"},"datePublished":"2023-01-31T10:03:31+00:00","dateModified":"2023-01-31T10:03:32+00:00","breadcrumb":{"@id":"https:\/\/luchonoticias.com\/editor\/gigante-ya-esta-manos-a-la-obra-con-su-centro-sacudete\/#breadcrumb"},"inLanguage":"es","potentialAction":[{"@type":"ReadAction","target":["https:\/\/luchonoticias.com\/editor\/gigante-ya-esta-manos-a-la-obra-con-su-centro-sacudete\/"]}]},{"@type":"BreadcrumbList","@id":"https:\/\/luchonoticias.com\/editor\/gigante-ya-esta-manos-a-la-obra-con-su-centro-sacudete\/#breadcrumb","itemListElement":[{"@type":"ListItem","position":1,"name":"Portada","item":"https:\/\/luchonoticias.com\/editor\/"},{"@type":"ListItem","position":2,"name":"Gigante ya est\u00e1 &#8216;manos a la obra&#8217; con su Centro Sac\u00fadete"}]},{"@type":"WebSite","@id":"https:\/\/luchonoticias.com\/editor\/#website","url":"https:\/\/luchonoticias.com\/editor\/","name":"","description":"","publisher":{"@id":"https:\/\/luchonoticias.com\/editor\/#\/schema\/person\/7a7fd911f58561fd056dbac7b55af9cd"},"potentialAction":[{"@type":"SearchAction","target":{"@type":"EntryPoint","urlTemplate":"https:\/\/luchonoticias.com\/editor\/?s={search_term_string}"},"query-input":{"@type":"PropertyValueSpecification","valueRequired":true,"valueName":"search_term_string"}}],"inLanguage":"es"},{"@type":["Person","Organization"],"@id":"https:\/\/luchonoticias.com\/editor\/#\/schema\/person\/7a7fd911f58561fd056dbac7b55af9cd","name":"admin","image":{"@type":"ImageObject","inLanguage":"es","@id":"https:\/\/luchonoticias.com\/editor\/#\/schema\/person\/image\/","url":"https:\/\/luchonoticias.com\/editor\/wp-content\/uploads\/2024\/02\/cropped-cropped-logolu.webp","contentUrl":"https:\/\/luchonoticias.com\/editor\/wp-content\/uploads\/2024\/02\/cropped-cropped-logolu.webp","width":382,"height":170,"caption":"admin"},"logo":{"@id":"https:\/\/luchonoticias.com\/editor\/#\/schema\/person\/image\/"},"sameAs":["https:\/\/www.facebook.com\/luchonoticiasneiva"]},{"@type":"Person","@id":"https:\/\/luchonoticias.com\/editor\/#\/schema\/person\/29217990ddf6f14e35912b2866d591fb","name":"Editor General","image":{"@type":"ImageObject","inLanguage":"es","@id":"https:\/\/luchonoticias.com\/editor\/#\/schema\/person\/image\/","url":"https:\/\/luchonoticias.com\/editor\/wp-content\/uploads\/2024\/02\/cropped-cropped-logolu-150x150.webp","contentUrl":"https:\/\/luchonoticias.com\/editor\/wp-content\/uploads\/2024\/02\/cropped-cropped-logolu-150x150.webp","caption":"Editor General"},"sameAs":["https:\/\/luchonoticias.com\/"],"url":"https:\/\/luchonoticias.com\/editor\/author\/editor-general\/"}]}},"_links":{"self":[{"href":"https:\/\/luchonoticias.com\/editor\/wp-json\/wp\/v2\/posts\/45218","targetHints":{"allow":["GET"]}}],"collection":[{"href":"https:\/\/luchonoticias.com\/editor\/wp-json\/wp\/v2\/posts"}],"about":[{"href":"https:\/\/luchonoticias.com\/editor\/wp-json\/wp\/v2\/types\/post"}],"author":[{"embeddable":true,"href":"https:\/\/luchonoticias.com\/editor\/wp-json\/wp\/v2\/users\/2"}],"replies":[{"embeddable":true,"href":"https:\/\/luchonoticias.com\/editor\/wp-json\/wp\/v2\/comments?post=45218"}],"version-history":[{"count":0,"href":"https:\/\/luchonoticias.com\/editor\/wp-json\/wp\/v2\/posts\/45218\/revisions"}],"wp:attachment":[{"href":"https:\/\/luchonoticias.com\/editor\/wp-json\/wp\/v2\/media?parent=45218"}],"wp:term":[{"taxonomy":"category","embeddable":true,"href":"https:\/\/luchonoticias.com\/editor\/wp-json\/wp\/v2\/categories?post=45218"},{"taxonomy":"post_tag","embeddable":true,"href":"https:\/\/luchonoticias.com\/editor\/wp-json\/wp\/v2\/tags?post=45218"}],"curies":[{"name":"wp","href":"https:\/\/api.w.org\/{rel}","templated":true}]}}