{"id":45296,"date":"2023-01-31T22:00:56","date_gmt":"2023-02-01T03:00:56","guid":{"rendered":"https:\/\/luchonoticias.com\/?p=45296"},"modified":"2023-01-31T22:00:57","modified_gmt":"2023-02-01T03:00:57","slug":"colombia-perdio-en-el-inicio-de-la-fase-final-del-sub-20","status":"publish","type":"post","link":"https:\/\/luchonoticias.com\/editor\/colombia-perdio-en-el-inicio-de-la-fase-final-del-sub-20\/","title":{"rendered":"Colombia perdi\u00f3 en el inicio de la fase final del sub &#8211; 20"},"content":{"rendered":"\n<p>Comenz\u00f3 la&nbsp;<strong>fase final del suramericano sub \u2013 20<\/strong>&nbsp;de f\u00fatbol y con ello, el comienzo con el pie izquierdo de Colombia que en el juego de fondo&nbsp;<strong>perdi\u00f3 1:0 ante Uruguay.<\/strong><\/p>\n\n\n\n<p>Un error del portero colombiano en el segundo tiempo le termin\u00f3 por pasar factura a una Colombia que tuvo sus opciones pero que no cont\u00f3 con suerte para marcar.<\/p>\n\n\n\n<p>En lo que fue la primera mitad&nbsp;<strong>el equipo colombiano se las arregl\u00f3 para mantener el cero<\/strong>&nbsp;en el marcador ante una Uruguay que domin\u00f3 aunque en buena parte del periodo le falt\u00f3 profundidad mientras que Colombia no pudo encontrar caminos a porter\u00eda salvo situaciones puntuales.<\/p>\n\n\n\n<p>Eso s\u00ed,&nbsp;<strong>sobre el final del periodo inicial<\/strong>&nbsp;ambos equipos protagonizaron un&nbsp;<strong>\u2018toma y dame\u2019:<\/strong>&nbsp;comienza&nbsp;<strong>Uruguay con Sergio Garc\u00eda<\/strong>&nbsp;con un remate que termina desviado mientras que&nbsp;<strong>Colombia responde con Juan Castilla<\/strong>&nbsp;pero termina con igual suerte.<\/p>\n\n\n\n<h5 class=\"wp-block-heading\">Un error caro le da el triunfo a Uruguay<\/h5>\n\n\n\n<p>De cara a la&nbsp;<strong>segunda parte&nbsp;<\/strong>los locales comenzaron con el dominio de bal\u00f3n y adelantando l\u00edneas pero los charr\u00faas con el paso del tiempo recuperaron terreno y mediante remates largos procedi\u00f3 a avisar a la porter\u00eda colombiana.<\/p>\n\n\n\n<p>Para el minuto 73 Alexis Manyoma la tuvo en un mano a mano desperdiciado pero cinco minutos m\u00e1s tarde&nbsp;<strong>lleg\u00f3 el gol visitante con Facundo Gonz\u00e1lez<\/strong>&nbsp;y aprovechando un garrafal error del portero Luis Marquines.<\/p>\n\n\n\n<p>A los 81 minutos&nbsp;<strong>Gustavo Puerta tiene la m\u00e1s clara para los colombianos<\/strong>&nbsp;con un cabezazo que termina estrell\u00e1ndose en el palo; para entonces el equipo juvenil nacional se volc\u00f3 pensando en lograr el empate aunque a la postre la visita cerr\u00f3 filas haciendo infructuosa toda acci\u00f3n colombiana.<\/p>\n","protected":false},"excerpt":{"rendered":"<p>Comenz\u00f3 la&nbsp;fase final del suramericano sub \u2013 20&nbsp;de f\u00fatbol y con ello, el comienzo con el pie izquierdo de Colombia que en el juego de fondo&nbsp;perdi\u00f3 1:0 ante Uruguay. Un error del portero colombiano en el segundo tiempo le termin\u00f3 por pasar factura a una Colombia que tuvo sus opciones pero que no cont\u00f3 con [&hellip;]<\/p>\n","protected":false},"author":2,"featured_media":0,"comment_status":"open","ping_status":"open","sticky":false,"template":"","format":"standard","meta":{"footnotes":""},"categories":[34],"tags":[],"class_list":["post-45296","post","type-post","status-publish","format-standard","hentry","category-deportes"],"yoast_head":"<!-- This site is optimized with the Yoast SEO plugin v26.6 - https:\/\/yoast.com\/wordpress\/plugins\/seo\/ -->\n<title>Colombia perdi\u00f3 en el inicio de la fase final del sub - 20 -<\/title>\n<meta name=\"robots\" content=\"index, follow, max-snippet:-1, max-image-preview:large, max-video-preview:-1\" \/>\n<link rel=\"canonical\" href=\"https:\/\/luchonoticias.com\/editor\/colombia-perdio-en-el-inicio-de-la-fase-final-del-sub-20\/\" \/>\n<meta property=\"og:locale\" content=\"es_ES\" \/>\n<meta property=\"og:type\" content=\"article\" \/>\n<meta property=\"og:title\" content=\"Colombia perdi\u00f3 en el inicio de la fase final del sub - 20 -\" \/>\n<meta property=\"og:url\" content=\"https:\/\/luchonoticias.com\/editor\/colombia-perdio-en-el-inicio-de-la-fase-final-del-sub-20\/\" \/>\n<meta property=\"article:publisher\" content=\"https:\/\/www.facebook.com\/luchonoticiasneiva\" \/>\n<meta property=\"article:published_time\" content=\"2023-02-01T03:00:56+00:00\" \/>\n<meta property=\"article:modified_time\" content=\"2023-02-01T03:00:57+00:00\" \/>\n<meta name=\"author\" content=\"Editor General\" \/>\n<meta name=\"twitter:card\" content=\"summary_large_image\" \/>\n<meta name=\"twitter:label1\" content=\"Escrito por\" \/>\n\t<meta name=\"twitter:data1\" content=\"Editor General\" \/>\n\t<meta name=\"twitter:label2\" content=\"Tiempo de lectura\" \/>\n\t<meta name=\"twitter:data2\" content=\"2 minutos\" \/>\n<script type=\"application\/ld+json\" class=\"yoast-schema-graph\">{\"@context\":\"https:\/\/schema.org\",\"@graph\":[{\"@type\":\"Article\",\"@id\":\"https:\/\/luchonoticias.com\/editor\/colombia-perdio-en-el-inicio-de-la-fase-final-del-sub-20\/#article\",\"isPartOf\":{\"@id\":\"https:\/\/luchonoticias.com\/editor\/colombia-perdio-en-el-inicio-de-la-fase-final-del-sub-20\/\"},\"author\":{\"name\":\"Editor General\",\"@id\":\"https:\/\/luchonoticias.com\/editor\/#\/schema\/person\/29217990ddf6f14e35912b2866d591fb\"},\"headline\":\"Colombia perdi\u00f3 en el inicio de la fase final del sub &#8211; 20\",\"datePublished\":\"2023-02-01T03:00:56+00:00\",\"dateModified\":\"2023-02-01T03:00:57+00:00\",\"mainEntityOfPage\":{\"@id\":\"https:\/\/luchonoticias.com\/editor\/colombia-perdio-en-el-inicio-de-la-fase-final-del-sub-20\/\"},\"wordCount\":313,\"commentCount\":0,\"publisher\":{\"@id\":\"https:\/\/luchonoticias.com\/editor\/#\/schema\/person\/7a7fd911f58561fd056dbac7b55af9cd\"},\"articleSection\":[\"Deportes\"],\"inLanguage\":\"es\",\"potentialAction\":[{\"@type\":\"CommentAction\",\"name\":\"Comment\",\"target\":[\"https:\/\/luchonoticias.com\/editor\/colombia-perdio-en-el-inicio-de-la-fase-final-del-sub-20\/#respond\"]}]},{\"@type\":\"WebPage\",\"@id\":\"https:\/\/luchonoticias.com\/editor\/colombia-perdio-en-el-inicio-de-la-fase-final-del-sub-20\/\",\"url\":\"https:\/\/luchonoticias.com\/editor\/colombia-perdio-en-el-inicio-de-la-fase-final-del-sub-20\/\",\"name\":\"Colombia perdi\u00f3 en el inicio de la fase final del sub - 20 -\",\"isPartOf\":{\"@id\":\"https:\/\/luchonoticias.com\/editor\/#website\"},\"datePublished\":\"2023-02-01T03:00:56+00:00\",\"dateModified\":\"2023-02-01T03:00:57+00:00\",\"breadcrumb\":{\"@id\":\"https:\/\/luchonoticias.com\/editor\/colombia-perdio-en-el-inicio-de-la-fase-final-del-sub-20\/#breadcrumb\"},\"inLanguage\":\"es\",\"potentialAction\":[{\"@type\":\"ReadAction\",\"target\":[\"https:\/\/luchonoticias.com\/editor\/colombia-perdio-en-el-inicio-de-la-fase-final-del-sub-20\/\"]}]},{\"@type\":\"BreadcrumbList\",\"@id\":\"https:\/\/luchonoticias.com\/editor\/colombia-perdio-en-el-inicio-de-la-fase-final-del-sub-20\/#breadcrumb\",\"itemListElement\":[{\"@type\":\"ListItem\",\"position\":1,\"name\":\"Portada\",\"item\":\"https:\/\/luchonoticias.com\/editor\/\"},{\"@type\":\"ListItem\",\"position\":2,\"name\":\"Colombia perdi\u00f3 en el inicio de la fase final del sub &#8211; 20\"}]},{\"@type\":\"WebSite\",\"@id\":\"https:\/\/luchonoticias.com\/editor\/#website\",\"url\":\"https:\/\/luchonoticias.com\/editor\/\",\"name\":\"\",\"description\":\"\",\"publisher\":{\"@id\":\"https:\/\/luchonoticias.com\/editor\/#\/schema\/person\/7a7fd911f58561fd056dbac7b55af9cd\"},\"potentialAction\":[{\"@type\":\"SearchAction\",\"target\":{\"@type\":\"EntryPoint\",\"urlTemplate\":\"https:\/\/luchonoticias.com\/editor\/?s={search_term_string}\"},\"query-input\":{\"@type\":\"PropertyValueSpecification\",\"valueRequired\":true,\"valueName\":\"search_term_string\"}}],\"inLanguage\":\"es\"},{\"@type\":[\"Person\",\"Organization\"],\"@id\":\"https:\/\/luchonoticias.com\/editor\/#\/schema\/person\/7a7fd911f58561fd056dbac7b55af9cd\",\"name\":\"admin\",\"image\":{\"@type\":\"ImageObject\",\"inLanguage\":\"es\",\"@id\":\"https:\/\/luchonoticias.com\/editor\/#\/schema\/person\/image\/\",\"url\":\"https:\/\/luchonoticias.com\/editor\/wp-content\/uploads\/2024\/02\/cropped-cropped-logolu.webp\",\"contentUrl\":\"https:\/\/luchonoticias.com\/editor\/wp-content\/uploads\/2024\/02\/cropped-cropped-logolu.webp\",\"width\":382,\"height\":170,\"caption\":\"admin\"},\"logo\":{\"@id\":\"https:\/\/luchonoticias.com\/editor\/#\/schema\/person\/image\/\"},\"sameAs\":[\"https:\/\/www.facebook.com\/luchonoticiasneiva\"]},{\"@type\":\"Person\",\"@id\":\"https:\/\/luchonoticias.com\/editor\/#\/schema\/person\/29217990ddf6f14e35912b2866d591fb\",\"name\":\"Editor General\",\"image\":{\"@type\":\"ImageObject\",\"inLanguage\":\"es\",\"@id\":\"https:\/\/luchonoticias.com\/editor\/#\/schema\/person\/image\/\",\"url\":\"https:\/\/luchonoticias.com\/editor\/wp-content\/uploads\/2024\/02\/cropped-cropped-logolu-150x150.webp\",\"contentUrl\":\"https:\/\/luchonoticias.com\/editor\/wp-content\/uploads\/2024\/02\/cropped-cropped-logolu-150x150.webp\",\"caption\":\"Editor General\"},\"sameAs\":[\"https:\/\/luchonoticias.com\/\"],\"url\":\"https:\/\/luchonoticias.com\/editor\/author\/editor-general\/\"}]}<\/script>\n<!-- \/ Yoast SEO plugin. -->","yoast_head_json":{"title":"Colombia perdi\u00f3 en el inicio de la fase final del sub - 20 -","robots":{"index":"index","follow":"follow","max-snippet":"max-snippet:-1","max-image-preview":"max-image-preview:large","max-video-preview":"max-video-preview:-1"},"canonical":"https:\/\/luchonoticias.com\/editor\/colombia-perdio-en-el-inicio-de-la-fase-final-del-sub-20\/","og_locale":"es_ES","og_type":"article","og_title":"Colombia perdi\u00f3 en el inicio de la fase final del sub - 20 -","og_url":"https:\/\/luchonoticias.com\/editor\/colombia-perdio-en-el-inicio-de-la-fase-final-del-sub-20\/","article_publisher":"https:\/\/www.facebook.com\/luchonoticiasneiva","article_published_time":"2023-02-01T03:00:56+00:00","article_modified_time":"2023-02-01T03:00:57+00:00","author":"Editor General","twitter_card":"summary_large_image","twitter_misc":{"Escrito por":"Editor General","Tiempo de lectura":"2 minutos"},"schema":{"@context":"https:\/\/schema.org","@graph":[{"@type":"Article","@id":"https:\/\/luchonoticias.com\/editor\/colombia-perdio-en-el-inicio-de-la-fase-final-del-sub-20\/#article","isPartOf":{"@id":"https:\/\/luchonoticias.com\/editor\/colombia-perdio-en-el-inicio-de-la-fase-final-del-sub-20\/"},"author":{"name":"Editor General","@id":"https:\/\/luchonoticias.com\/editor\/#\/schema\/person\/29217990ddf6f14e35912b2866d591fb"},"headline":"Colombia perdi\u00f3 en el inicio de la fase final del sub &#8211; 20","datePublished":"2023-02-01T03:00:56+00:00","dateModified":"2023-02-01T03:00:57+00:00","mainEntityOfPage":{"@id":"https:\/\/luchonoticias.com\/editor\/colombia-perdio-en-el-inicio-de-la-fase-final-del-sub-20\/"},"wordCount":313,"commentCount":0,"publisher":{"@id":"https:\/\/luchonoticias.com\/editor\/#\/schema\/person\/7a7fd911f58561fd056dbac7b55af9cd"},"articleSection":["Deportes"],"inLanguage":"es","potentialAction":[{"@type":"CommentAction","name":"Comment","target":["https:\/\/luchonoticias.com\/editor\/colombia-perdio-en-el-inicio-de-la-fase-final-del-sub-20\/#respond"]}]},{"@type":"WebPage","@id":"https:\/\/luchonoticias.com\/editor\/colombia-perdio-en-el-inicio-de-la-fase-final-del-sub-20\/","url":"https:\/\/luchonoticias.com\/editor\/colombia-perdio-en-el-inicio-de-la-fase-final-del-sub-20\/","name":"Colombia perdi\u00f3 en el inicio de la fase final del sub - 20 -","isPartOf":{"@id":"https:\/\/luchonoticias.com\/editor\/#website"},"datePublished":"2023-02-01T03:00:56+00:00","dateModified":"2023-02-01T03:00:57+00:00","breadcrumb":{"@id":"https:\/\/luchonoticias.com\/editor\/colombia-perdio-en-el-inicio-de-la-fase-final-del-sub-20\/#breadcrumb"},"inLanguage":"es","potentialAction":[{"@type":"ReadAction","target":["https:\/\/luchonoticias.com\/editor\/colombia-perdio-en-el-inicio-de-la-fase-final-del-sub-20\/"]}]},{"@type":"BreadcrumbList","@id":"https:\/\/luchonoticias.com\/editor\/colombia-perdio-en-el-inicio-de-la-fase-final-del-sub-20\/#breadcrumb","itemListElement":[{"@type":"ListItem","position":1,"name":"Portada","item":"https:\/\/luchonoticias.com\/editor\/"},{"@type":"ListItem","position":2,"name":"Colombia perdi\u00f3 en el inicio de la fase final del sub &#8211; 20"}]},{"@type":"WebSite","@id":"https:\/\/luchonoticias.com\/editor\/#website","url":"https:\/\/luchonoticias.com\/editor\/","name":"","description":"","publisher":{"@id":"https:\/\/luchonoticias.com\/editor\/#\/schema\/person\/7a7fd911f58561fd056dbac7b55af9cd"},"potentialAction":[{"@type":"SearchAction","target":{"@type":"EntryPoint","urlTemplate":"https:\/\/luchonoticias.com\/editor\/?s={search_term_string}"},"query-input":{"@type":"PropertyValueSpecification","valueRequired":true,"valueName":"search_term_string"}}],"inLanguage":"es"},{"@type":["Person","Organization"],"@id":"https:\/\/luchonoticias.com\/editor\/#\/schema\/person\/7a7fd911f58561fd056dbac7b55af9cd","name":"admin","image":{"@type":"ImageObject","inLanguage":"es","@id":"https:\/\/luchonoticias.com\/editor\/#\/schema\/person\/image\/","url":"https:\/\/luchonoticias.com\/editor\/wp-content\/uploads\/2024\/02\/cropped-cropped-logolu.webp","contentUrl":"https:\/\/luchonoticias.com\/editor\/wp-content\/uploads\/2024\/02\/cropped-cropped-logolu.webp","width":382,"height":170,"caption":"admin"},"logo":{"@id":"https:\/\/luchonoticias.com\/editor\/#\/schema\/person\/image\/"},"sameAs":["https:\/\/www.facebook.com\/luchonoticiasneiva"]},{"@type":"Person","@id":"https:\/\/luchonoticias.com\/editor\/#\/schema\/person\/29217990ddf6f14e35912b2866d591fb","name":"Editor General","image":{"@type":"ImageObject","inLanguage":"es","@id":"https:\/\/luchonoticias.com\/editor\/#\/schema\/person\/image\/","url":"https:\/\/luchonoticias.com\/editor\/wp-content\/uploads\/2024\/02\/cropped-cropped-logolu-150x150.webp","contentUrl":"https:\/\/luchonoticias.com\/editor\/wp-content\/uploads\/2024\/02\/cropped-cropped-logolu-150x150.webp","caption":"Editor General"},"sameAs":["https:\/\/luchonoticias.com\/"],"url":"https:\/\/luchonoticias.com\/editor\/author\/editor-general\/"}]}},"_links":{"self":[{"href":"https:\/\/luchonoticias.com\/editor\/wp-json\/wp\/v2\/posts\/45296","targetHints":{"allow":["GET"]}}],"collection":[{"href":"https:\/\/luchonoticias.com\/editor\/wp-json\/wp\/v2\/posts"}],"about":[{"href":"https:\/\/luchonoticias.com\/editor\/wp-json\/wp\/v2\/types\/post"}],"author":[{"embeddable":true,"href":"https:\/\/luchonoticias.com\/editor\/wp-json\/wp\/v2\/users\/2"}],"replies":[{"embeddable":true,"href":"https:\/\/luchonoticias.com\/editor\/wp-json\/wp\/v2\/comments?post=45296"}],"version-history":[{"count":0,"href":"https:\/\/luchonoticias.com\/editor\/wp-json\/wp\/v2\/posts\/45296\/revisions"}],"wp:attachment":[{"href":"https:\/\/luchonoticias.com\/editor\/wp-json\/wp\/v2\/media?parent=45296"}],"wp:term":[{"taxonomy":"category","embeddable":true,"href":"https:\/\/luchonoticias.com\/editor\/wp-json\/wp\/v2\/categories?post=45296"},{"taxonomy":"post_tag","embeddable":true,"href":"https:\/\/luchonoticias.com\/editor\/wp-json\/wp\/v2\/tags?post=45296"}],"curies":[{"name":"wp","href":"https:\/\/api.w.org\/{rel}","templated":true}]}}