{"id":45299,"date":"2023-02-01T05:37:02","date_gmt":"2023-02-01T10:37:02","guid":{"rendered":"https:\/\/luchonoticias.com\/?p=45299"},"modified":"2023-02-01T05:37:03","modified_gmt":"2023-02-01T10:37:03","slug":"jornada-de-ciclismo-de-montana-en-el-sur-de-neiva","status":"publish","type":"post","link":"https:\/\/luchonoticias.com\/editor\/jornada-de-ciclismo-de-montana-en-el-sur-de-neiva\/","title":{"rendered":"Jornada de ciclismo de monta\u00f1a en el sur de Neiva"},"content":{"rendered":"\n<p>El pasado fin de semana el\u00a0<strong>sur de Neiva<\/strong>\u00a0fue escenario del\u00a0<strong>evento Cerro Lindo,<\/strong>\u00a0competencia ciclista de\u00a0<strong>ascenso a Cerro Neiva.<\/strong><\/p>\n\n\n\n<p>La jornada\u00a0<strong>se llev\u00f3 a cabo en cinco categor\u00edas, entre ellas una femenina\u00a0<\/strong>y en donde estuvo como participante de lujo la ex campeona nacional\u00a0<strong>Mar\u00eda Catalina G\u00f3mez<\/strong>, quien adem\u00e1s se impuso en su divisi\u00f3n.<\/p>\n\n\n\n<p>Adem\u00e1s de G\u00f3mez, la competencia dej\u00f3 como campeones a&nbsp;<strong>V\u00edctor Valencia&nbsp;<\/strong>en \u00e9lite,&nbsp;<strong>Camilo Aroca<\/strong>&nbsp;en Master A,&nbsp;<strong>Yair S\u00e1nchez<\/strong>&nbsp;fue campe\u00f3n en Master B mientras que en Master C los honores se los llev\u00f3&nbsp;<strong>Sain Ramos<\/strong>.<\/p>\n","protected":false},"excerpt":{"rendered":"<p>El pasado fin de semana el\u00a0sur de Neiva\u00a0fue escenario del\u00a0evento Cerro Lindo,\u00a0competencia ciclista de\u00a0ascenso a Cerro Neiva. La jornada\u00a0se llev\u00f3 a cabo en cinco categor\u00edas, entre ellas una femenina\u00a0y en donde estuvo como participante de lujo la ex campeona nacional\u00a0Mar\u00eda Catalina G\u00f3mez, quien adem\u00e1s se impuso en su divisi\u00f3n. Adem\u00e1s de G\u00f3mez, la competencia dej\u00f3 [&hellip;]<\/p>\n","protected":false},"author":2,"featured_media":0,"comment_status":"open","ping_status":"open","sticky":false,"template":"","format":"standard","meta":{"footnotes":""},"categories":[34],"tags":[],"class_list":["post-45299","post","type-post","status-publish","format-standard","hentry","category-deportes"],"yoast_head":"<!-- This site is optimized with the Yoast SEO plugin v26.6 - https:\/\/yoast.com\/wordpress\/plugins\/seo\/ -->\n<title>Jornada de ciclismo de monta\u00f1a en el sur de Neiva -<\/title>\n<meta name=\"robots\" content=\"index, follow, max-snippet:-1, max-image-preview:large, max-video-preview:-1\" \/>\n<link rel=\"canonical\" href=\"https:\/\/luchonoticias.com\/editor\/jornada-de-ciclismo-de-montana-en-el-sur-de-neiva\/\" \/>\n<meta property=\"og:locale\" content=\"es_ES\" \/>\n<meta property=\"og:type\" content=\"article\" \/>\n<meta property=\"og:title\" content=\"Jornada de ciclismo de monta\u00f1a en el sur de Neiva -\" \/>\n<meta property=\"og:url\" content=\"https:\/\/luchonoticias.com\/editor\/jornada-de-ciclismo-de-montana-en-el-sur-de-neiva\/\" \/>\n<meta property=\"article:publisher\" content=\"https:\/\/www.facebook.com\/luchonoticiasneiva\" \/>\n<meta property=\"article:published_time\" content=\"2023-02-01T10:37:02+00:00\" \/>\n<meta property=\"article:modified_time\" content=\"2023-02-01T10:37:03+00:00\" \/>\n<meta name=\"author\" content=\"Editor General\" \/>\n<meta name=\"twitter:card\" content=\"summary_large_image\" \/>\n<meta name=\"twitter:label1\" content=\"Escrito por\" \/>\n\t<meta name=\"twitter:data1\" content=\"Editor General\" \/>\n\t<meta name=\"twitter:label2\" content=\"Tiempo de lectura\" \/>\n\t<meta name=\"twitter:data2\" content=\"1 minuto\" \/>\n<script type=\"application\/ld+json\" class=\"yoast-schema-graph\">{\"@context\":\"https:\/\/schema.org\",\"@graph\":[{\"@type\":\"Article\",\"@id\":\"https:\/\/luchonoticias.com\/editor\/jornada-de-ciclismo-de-montana-en-el-sur-de-neiva\/#article\",\"isPartOf\":{\"@id\":\"https:\/\/luchonoticias.com\/editor\/jornada-de-ciclismo-de-montana-en-el-sur-de-neiva\/\"},\"author\":{\"name\":\"Editor General\",\"@id\":\"https:\/\/luchonoticias.com\/editor\/#\/schema\/person\/29217990ddf6f14e35912b2866d591fb\"},\"headline\":\"Jornada de ciclismo de monta\u00f1a en el sur de Neiva\",\"datePublished\":\"2023-02-01T10:37:02+00:00\",\"dateModified\":\"2023-02-01T10:37:03+00:00\",\"mainEntityOfPage\":{\"@id\":\"https:\/\/luchonoticias.com\/editor\/jornada-de-ciclismo-de-montana-en-el-sur-de-neiva\/\"},\"wordCount\":122,\"commentCount\":0,\"publisher\":{\"@id\":\"https:\/\/luchonoticias.com\/editor\/#\/schema\/person\/7a7fd911f58561fd056dbac7b55af9cd\"},\"articleSection\":[\"Deportes\"],\"inLanguage\":\"es\",\"potentialAction\":[{\"@type\":\"CommentAction\",\"name\":\"Comment\",\"target\":[\"https:\/\/luchonoticias.com\/editor\/jornada-de-ciclismo-de-montana-en-el-sur-de-neiva\/#respond\"]}]},{\"@type\":\"WebPage\",\"@id\":\"https:\/\/luchonoticias.com\/editor\/jornada-de-ciclismo-de-montana-en-el-sur-de-neiva\/\",\"url\":\"https:\/\/luchonoticias.com\/editor\/jornada-de-ciclismo-de-montana-en-el-sur-de-neiva\/\",\"name\":\"Jornada de ciclismo de monta\u00f1a en el sur de Neiva -\",\"isPartOf\":{\"@id\":\"https:\/\/luchonoticias.com\/editor\/#website\"},\"datePublished\":\"2023-02-01T10:37:02+00:00\",\"dateModified\":\"2023-02-01T10:37:03+00:00\",\"breadcrumb\":{\"@id\":\"https:\/\/luchonoticias.com\/editor\/jornada-de-ciclismo-de-montana-en-el-sur-de-neiva\/#breadcrumb\"},\"inLanguage\":\"es\",\"potentialAction\":[{\"@type\":\"ReadAction\",\"target\":[\"https:\/\/luchonoticias.com\/editor\/jornada-de-ciclismo-de-montana-en-el-sur-de-neiva\/\"]}]},{\"@type\":\"BreadcrumbList\",\"@id\":\"https:\/\/luchonoticias.com\/editor\/jornada-de-ciclismo-de-montana-en-el-sur-de-neiva\/#breadcrumb\",\"itemListElement\":[{\"@type\":\"ListItem\",\"position\":1,\"name\":\"Portada\",\"item\":\"https:\/\/luchonoticias.com\/editor\/\"},{\"@type\":\"ListItem\",\"position\":2,\"name\":\"Jornada de ciclismo de monta\u00f1a en el sur de Neiva\"}]},{\"@type\":\"WebSite\",\"@id\":\"https:\/\/luchonoticias.com\/editor\/#website\",\"url\":\"https:\/\/luchonoticias.com\/editor\/\",\"name\":\"\",\"description\":\"\",\"publisher\":{\"@id\":\"https:\/\/luchonoticias.com\/editor\/#\/schema\/person\/7a7fd911f58561fd056dbac7b55af9cd\"},\"potentialAction\":[{\"@type\":\"SearchAction\",\"target\":{\"@type\":\"EntryPoint\",\"urlTemplate\":\"https:\/\/luchonoticias.com\/editor\/?s={search_term_string}\"},\"query-input\":{\"@type\":\"PropertyValueSpecification\",\"valueRequired\":true,\"valueName\":\"search_term_string\"}}],\"inLanguage\":\"es\"},{\"@type\":[\"Person\",\"Organization\"],\"@id\":\"https:\/\/luchonoticias.com\/editor\/#\/schema\/person\/7a7fd911f58561fd056dbac7b55af9cd\",\"name\":\"admin\",\"image\":{\"@type\":\"ImageObject\",\"inLanguage\":\"es\",\"@id\":\"https:\/\/luchonoticias.com\/editor\/#\/schema\/person\/image\/\",\"url\":\"https:\/\/luchonoticias.com\/editor\/wp-content\/uploads\/2024\/02\/cropped-cropped-logolu.webp\",\"contentUrl\":\"https:\/\/luchonoticias.com\/editor\/wp-content\/uploads\/2024\/02\/cropped-cropped-logolu.webp\",\"width\":382,\"height\":170,\"caption\":\"admin\"},\"logo\":{\"@id\":\"https:\/\/luchonoticias.com\/editor\/#\/schema\/person\/image\/\"},\"sameAs\":[\"https:\/\/www.facebook.com\/luchonoticiasneiva\"]},{\"@type\":\"Person\",\"@id\":\"https:\/\/luchonoticias.com\/editor\/#\/schema\/person\/29217990ddf6f14e35912b2866d591fb\",\"name\":\"Editor General\",\"image\":{\"@type\":\"ImageObject\",\"inLanguage\":\"es\",\"@id\":\"https:\/\/luchonoticias.com\/editor\/#\/schema\/person\/image\/\",\"url\":\"https:\/\/luchonoticias.com\/editor\/wp-content\/uploads\/2024\/02\/cropped-cropped-logolu-150x150.webp\",\"contentUrl\":\"https:\/\/luchonoticias.com\/editor\/wp-content\/uploads\/2024\/02\/cropped-cropped-logolu-150x150.webp\",\"caption\":\"Editor General\"},\"sameAs\":[\"https:\/\/luchonoticias.com\/\"],\"url\":\"https:\/\/luchonoticias.com\/editor\/author\/editor-general\/\"}]}<\/script>\n<!-- \/ Yoast SEO plugin. -->","yoast_head_json":{"title":"Jornada de ciclismo de monta\u00f1a en el sur de Neiva -","robots":{"index":"index","follow":"follow","max-snippet":"max-snippet:-1","max-image-preview":"max-image-preview:large","max-video-preview":"max-video-preview:-1"},"canonical":"https:\/\/luchonoticias.com\/editor\/jornada-de-ciclismo-de-montana-en-el-sur-de-neiva\/","og_locale":"es_ES","og_type":"article","og_title":"Jornada de ciclismo de monta\u00f1a en el sur de Neiva -","og_url":"https:\/\/luchonoticias.com\/editor\/jornada-de-ciclismo-de-montana-en-el-sur-de-neiva\/","article_publisher":"https:\/\/www.facebook.com\/luchonoticiasneiva","article_published_time":"2023-02-01T10:37:02+00:00","article_modified_time":"2023-02-01T10:37:03+00:00","author":"Editor General","twitter_card":"summary_large_image","twitter_misc":{"Escrito por":"Editor General","Tiempo de lectura":"1 minuto"},"schema":{"@context":"https:\/\/schema.org","@graph":[{"@type":"Article","@id":"https:\/\/luchonoticias.com\/editor\/jornada-de-ciclismo-de-montana-en-el-sur-de-neiva\/#article","isPartOf":{"@id":"https:\/\/luchonoticias.com\/editor\/jornada-de-ciclismo-de-montana-en-el-sur-de-neiva\/"},"author":{"name":"Editor General","@id":"https:\/\/luchonoticias.com\/editor\/#\/schema\/person\/29217990ddf6f14e35912b2866d591fb"},"headline":"Jornada de ciclismo de monta\u00f1a en el sur de Neiva","datePublished":"2023-02-01T10:37:02+00:00","dateModified":"2023-02-01T10:37:03+00:00","mainEntityOfPage":{"@id":"https:\/\/luchonoticias.com\/editor\/jornada-de-ciclismo-de-montana-en-el-sur-de-neiva\/"},"wordCount":122,"commentCount":0,"publisher":{"@id":"https:\/\/luchonoticias.com\/editor\/#\/schema\/person\/7a7fd911f58561fd056dbac7b55af9cd"},"articleSection":["Deportes"],"inLanguage":"es","potentialAction":[{"@type":"CommentAction","name":"Comment","target":["https:\/\/luchonoticias.com\/editor\/jornada-de-ciclismo-de-montana-en-el-sur-de-neiva\/#respond"]}]},{"@type":"WebPage","@id":"https:\/\/luchonoticias.com\/editor\/jornada-de-ciclismo-de-montana-en-el-sur-de-neiva\/","url":"https:\/\/luchonoticias.com\/editor\/jornada-de-ciclismo-de-montana-en-el-sur-de-neiva\/","name":"Jornada de ciclismo de monta\u00f1a en el sur de Neiva -","isPartOf":{"@id":"https:\/\/luchonoticias.com\/editor\/#website"},"datePublished":"2023-02-01T10:37:02+00:00","dateModified":"2023-02-01T10:37:03+00:00","breadcrumb":{"@id":"https:\/\/luchonoticias.com\/editor\/jornada-de-ciclismo-de-montana-en-el-sur-de-neiva\/#breadcrumb"},"inLanguage":"es","potentialAction":[{"@type":"ReadAction","target":["https:\/\/luchonoticias.com\/editor\/jornada-de-ciclismo-de-montana-en-el-sur-de-neiva\/"]}]},{"@type":"BreadcrumbList","@id":"https:\/\/luchonoticias.com\/editor\/jornada-de-ciclismo-de-montana-en-el-sur-de-neiva\/#breadcrumb","itemListElement":[{"@type":"ListItem","position":1,"name":"Portada","item":"https:\/\/luchonoticias.com\/editor\/"},{"@type":"ListItem","position":2,"name":"Jornada de ciclismo de monta\u00f1a en el sur de Neiva"}]},{"@type":"WebSite","@id":"https:\/\/luchonoticias.com\/editor\/#website","url":"https:\/\/luchonoticias.com\/editor\/","name":"","description":"","publisher":{"@id":"https:\/\/luchonoticias.com\/editor\/#\/schema\/person\/7a7fd911f58561fd056dbac7b55af9cd"},"potentialAction":[{"@type":"SearchAction","target":{"@type":"EntryPoint","urlTemplate":"https:\/\/luchonoticias.com\/editor\/?s={search_term_string}"},"query-input":{"@type":"PropertyValueSpecification","valueRequired":true,"valueName":"search_term_string"}}],"inLanguage":"es"},{"@type":["Person","Organization"],"@id":"https:\/\/luchonoticias.com\/editor\/#\/schema\/person\/7a7fd911f58561fd056dbac7b55af9cd","name":"admin","image":{"@type":"ImageObject","inLanguage":"es","@id":"https:\/\/luchonoticias.com\/editor\/#\/schema\/person\/image\/","url":"https:\/\/luchonoticias.com\/editor\/wp-content\/uploads\/2024\/02\/cropped-cropped-logolu.webp","contentUrl":"https:\/\/luchonoticias.com\/editor\/wp-content\/uploads\/2024\/02\/cropped-cropped-logolu.webp","width":382,"height":170,"caption":"admin"},"logo":{"@id":"https:\/\/luchonoticias.com\/editor\/#\/schema\/person\/image\/"},"sameAs":["https:\/\/www.facebook.com\/luchonoticiasneiva"]},{"@type":"Person","@id":"https:\/\/luchonoticias.com\/editor\/#\/schema\/person\/29217990ddf6f14e35912b2866d591fb","name":"Editor General","image":{"@type":"ImageObject","inLanguage":"es","@id":"https:\/\/luchonoticias.com\/editor\/#\/schema\/person\/image\/","url":"https:\/\/luchonoticias.com\/editor\/wp-content\/uploads\/2024\/02\/cropped-cropped-logolu-150x150.webp","contentUrl":"https:\/\/luchonoticias.com\/editor\/wp-content\/uploads\/2024\/02\/cropped-cropped-logolu-150x150.webp","caption":"Editor General"},"sameAs":["https:\/\/luchonoticias.com\/"],"url":"https:\/\/luchonoticias.com\/editor\/author\/editor-general\/"}]}},"_links":{"self":[{"href":"https:\/\/luchonoticias.com\/editor\/wp-json\/wp\/v2\/posts\/45299","targetHints":{"allow":["GET"]}}],"collection":[{"href":"https:\/\/luchonoticias.com\/editor\/wp-json\/wp\/v2\/posts"}],"about":[{"href":"https:\/\/luchonoticias.com\/editor\/wp-json\/wp\/v2\/types\/post"}],"author":[{"embeddable":true,"href":"https:\/\/luchonoticias.com\/editor\/wp-json\/wp\/v2\/users\/2"}],"replies":[{"embeddable":true,"href":"https:\/\/luchonoticias.com\/editor\/wp-json\/wp\/v2\/comments?post=45299"}],"version-history":[{"count":0,"href":"https:\/\/luchonoticias.com\/editor\/wp-json\/wp\/v2\/posts\/45299\/revisions"}],"wp:attachment":[{"href":"https:\/\/luchonoticias.com\/editor\/wp-json\/wp\/v2\/media?parent=45299"}],"wp:term":[{"taxonomy":"category","embeddable":true,"href":"https:\/\/luchonoticias.com\/editor\/wp-json\/wp\/v2\/categories?post=45299"},{"taxonomy":"post_tag","embeddable":true,"href":"https:\/\/luchonoticias.com\/editor\/wp-json\/wp\/v2\/tags?post=45299"}],"curies":[{"name":"wp","href":"https:\/\/api.w.org\/{rel}","templated":true}]}}