{"id":45312,"date":"2023-02-01T07:04:34","date_gmt":"2023-02-01T12:04:34","guid":{"rendered":"https:\/\/luchonoticias.com\/?p=45312"},"modified":"2023-02-01T07:04:35","modified_gmt":"2023-02-01T12:04:35","slug":"proteger-la-selva-amazonica-carretera-al-sur-del-pais-mas-comercio-y-mayor-incautacion-de-drogas-anuncio-petro-tras-encuentro-en-ecuador","status":"publish","type":"post","link":"https:\/\/luchonoticias.com\/editor\/proteger-la-selva-amazonica-carretera-al-sur-del-pais-mas-comercio-y-mayor-incautacion-de-drogas-anuncio-petro-tras-encuentro-en-ecuador\/","title":{"rendered":"Proteger la Selva Amaz\u00f3nica, carretera al sur del pa\u00eds, m\u00e1s comercio y mayor incautaci\u00f3n de drogas anunci\u00f3 Petro tras encuentro en Ecuador"},"content":{"rendered":"\n<p>Trabajar por un acuerdo multilateral para proteger la Selva Amaz\u00f3nica, una pol\u00edtica m\u00e1s agresiva de incautaci\u00f3n de drogas, un comercio m\u00e1s fluido y la construcci\u00f3n de una carretera de doble calzada que comunique con el sur del pa\u00eds y con el resto de Suram\u00e9rica, fueron los temas destacados por el Presidente Gustavo Petro este martes, al t\u00e9rmino del XI Gabinete Binacional Ecuador-Colombia.<\/p>\n\n\n\n<p>As\u00ed lo inform\u00f3 el Jefe de Estado tras el encuentro con el Mandatario ecuatoriano, Guillermo Lasso, con quien lider\u00f3 el Gabinete Binacional en la ciudad ecuatoriana de Tulc\u00e1n.<\/p>\n\n\n\n<p>En la declaraci\u00f3n al finalizar la reuni\u00f3n, el Mandatario colombiano destac\u00f3 el acuerdo de los dos pa\u00edses para impulsar \u201cuna pol\u00edtica mucho m\u00e1s agresiva de incautaci\u00f3n de drogas\u201d, especialmente en zonas mar\u00edtimas.<\/p>\n\n\n\n<p>Destac\u00f3 tambi\u00e9n la voluntad de Colombia y Ecuador de promover un pacto multilateral para proteger la Selva Amaz\u00f3nica, y subray\u00f3 la necesidad de \u201cun comercio que tiene que fluir m\u00e1s\u201d.<\/p>\n\n\n\n<figure class=\"wp-block-gallery has-nested-images columns-default is-cropped wp-block-gallery-1 is-layout-flex wp-block-gallery-is-layout-flex\">\n<figure class=\"wp-block-image size-large\"><img decoding=\"async\" data-id=\"45314\" src=\"https:\/\/luchonoticias.com\/wp-content\/uploads\/2023\/02\/WhatsApp-Image-2023-01-31-at-5.22.13-PM-2-1024x704.jpeg\" alt=\"\" class=\"wp-image-45314\"\/><\/figure>\n\n\n\n<figure class=\"wp-block-image size-large\"><img decoding=\"async\" data-id=\"45315\" src=\"https:\/\/luchonoticias.com\/wp-content\/uploads\/2023\/02\/WhatsApp-Image-2023-01-31-at-5.22.13-PM-1024x682.jpeg\" alt=\"\" class=\"wp-image-45315\"\/><\/figure>\n<\/figure>\n\n\n\n<p>El Presidente Petro agradeci\u00f3 el \u201capoyo irrestricto\u201d de Ecuador a Colombia con motivo de la emergencia causada por los derrumbes en el suroccidente colombiano, al facilitar el paso de camiones por las carreteras ecuatorianas.<\/p>\n\n\n\n<p>Y dijo que los habitantes de Nari\u00f1o, Cauca y Putumayo, que quedaron aislados por los derrumbes que sepultaron la v\u00eda Panamericana, \u201cgracias a esta integraci\u00f3n en la pr\u00e1ctica con la Rep\u00fablica del Ecuador, han logrado mitigar los efectos de ese desastre\u201d.<\/p>\n\n\n\n<p>En ese sentido, plante\u00f3 que la carretera que une la frontera con Ecuador \u201csea una doble calzada, cuatro carriles\u201d que sirva de comunicaci\u00f3n, adem\u00e1s, con Am\u00e9rica del Sur, una v\u00eda que se ha abandonado por d\u00e9cadas.<\/p>\n\n\n\n<p>\u201cEso es lo que nosotros queremos cambiar y la crisis, el desastre, etc\u00e9tera, nos produce esa oportunidad, porque va a haber una fuerte inversi\u00f3n en esa v\u00eda\u201d, indic\u00f3, y afirm\u00f3 que esa autopista \u201cva a intensificar los lazos comerciales, culturales y sociales de Ecuador y Colombia en primer lugar, pero que se extiende pr\u00e1cticamente a toda Am\u00e9rica del Sur\u201d.<\/p>\n\n\n\n<figure class=\"wp-block-image size-large\"><img decoding=\"async\" src=\"https:\/\/luchonoticias.com\/wp-content\/uploads\/2023\/02\/WhatsApp-Image-2023-01-31-at-5.22.14-PM-1-1024x681.jpeg\" alt=\"\" class=\"wp-image-45316\"\/><\/figure>\n\n\n\n<p><strong>Puntos de cooperaci\u00f3n<\/strong><\/p>\n\n\n\n<p>Los presidentes Petro y Lasso suscribieron una declaraci\u00f3n conjunta en la cual ratificaron \u201cel compromiso de ambos pa\u00edses con el Estado de Derecho y los principios democr\u00e1ticos; la protecci\u00f3n y promoci\u00f3n de los derechos humanos y de las libertades individuales; la paz y seguridad internacionales; la conservaci\u00f3n ambiental, el desarrollo sostenible, la seguridad alimentaria; la apertura econ\u00f3mica y comercial; la integraci\u00f3n regional y el multilateralismo, la cooperaci\u00f3n integral; y, la lucha contra la delincuencia organizada trasnacional\u201d.<\/p>\n\n\n\n<p>En la declaraci\u00f3n, el Presidente Guillermo Lasso transmiti\u00f3 \u201clos mejores augurios del pueblo ecuatoriano al gobierno de Colombia\u201d y \u201cde manera estrecha en beneficio de los pueblos de ambos pa\u00edses. De manera particular, expres\u00f3 su apoyo a la pol\u00edtica de Paz Total del Gobierno del Presidente Gustavo Petro, y le dese\u00f3 \u00e9xito en este prop\u00f3sito\u201d.<\/p>\n\n\n\n<p>Mientras tanto, el Presidente Petro expres\u00f3 \u201csu apoyo a la medida del gobierno ecuatoriano de declarar a la miner\u00eda ilegal como amenaza a la seguridad del Estado, y manifest\u00f3 su colaboraci\u00f3n para trabajar juntos en contra de este flagelo\u201d.<\/p>\n\n\n\n<p>Los gobernantes solicitaron a las instituciones t\u00e9cnicas del Ecuador y de Colombia \u201ctrabajar coordinadamente para solucionar de manera pragm\u00e1tica los temas pendientes en la agenda bilateral, con especial atenci\u00f3n a los asuntos relacionados con la seguridad, la migraci\u00f3n y el comercio\u201d.<\/p>\n\n\n\n<figure class=\"wp-block-image size-large\"><img decoding=\"async\" src=\"https:\/\/luchonoticias.com\/wp-content\/uploads\/2023\/02\/WhatsApp-Image-2023-01-31-at-5.22.14-PM-1024x681.jpeg\" alt=\"\" class=\"wp-image-45317\"\/><\/figure>\n\n\n\n<p>Los Jefes de Estado pidieron \u201cconvocar, a la brevedad posible, a la II Reuni\u00f3n Binacional del Grupo de Trabajo sobre veh\u00edculos decomisados y\/o retenidos en ambos territorios, con el fin de intercambiar informaci\u00f3n, as\u00ed como procurar soluciones que permitan dar una pronta atenci\u00f3n a esta problem\u00e1tica que afecta a ciudadanos ecuatorianos y colombianos residentes en la zona de frontera\u201d.<\/p>\n\n\n\n<p>Y manifestaron \u201cla necesidad de incrementar acciones dirigidas a la reactivaci\u00f3n econ\u00f3mica y social de la zona de frontera para mitigar las consecuencias sanitarias, econ\u00f3micas y sociales de la pandemia del covid-19\u201d.<\/p>\n\n\n\n<p>Adem\u00e1s, se comprometieron a fortalecer la labor de la Organizaci\u00f3n del Tratado de Cooperaci\u00f3n Amaz\u00f3nica, y enfatizaron en la necesidad de aumentar la movilizaci\u00f3n de recursos de cooperaci\u00f3n t\u00e9cnica y financiera en la regi\u00f3n, para establecer acciones concretas para la protecci\u00f3n y la conservaci\u00f3n de la Amazon\u00eda.<\/p>\n\n\n\n<p>Ecuador acogi\u00f3 la iniciativa de Colombia de convocar a una conferencia internacional de mandatarios latinoamericanos con el objetivo de abordar el Problema Mundial de las Drogas en todos sus aspectos.<\/p>\n\n\n\n<p>Por \u00faltimo, los presidentes de Colombia y Ecuador destacaron \u201cel compromiso mutuo con el mantenimiento de la seguridad mar\u00edtima integral e internacional a trav\u00e9s del fortalecimiento de la articulaci\u00f3n operativa entre las Armadas de los dos pa\u00edses en contra del narcotr\u00e1fico\u201d.<\/p>\n","protected":false},"excerpt":{"rendered":"<p>Trabajar por un acuerdo multilateral para proteger la Selva Amaz\u00f3nica, una pol\u00edtica m\u00e1s agresiva de incautaci\u00f3n de drogas, un comercio m\u00e1s fluido y la construcci\u00f3n de una carretera de doble calzada que comunique con el sur del pa\u00eds y con el resto de Suram\u00e9rica, fueron los temas destacados por el Presidente Gustavo Petro este martes, [&hellip;]<\/p>\n","protected":false},"author":2,"featured_media":0,"comment_status":"open","ping_status":"open","sticky":false,"template":"","format":"standard","meta":{"footnotes":""},"categories":[36,32],"tags":[],"class_list":["post-45312","post","type-post","status-publish","format-standard","hentry","category-destacado","category-nacional"],"yoast_head":"<!-- This site is optimized with the Yoast SEO plugin v26.6 - https:\/\/yoast.com\/wordpress\/plugins\/seo\/ -->\n<title>Proteger la Selva Amaz\u00f3nica, carretera al sur del pa\u00eds, m\u00e1s comercio y mayor incautaci\u00f3n de drogas anunci\u00f3 Petro tras encuentro en Ecuador -<\/title>\n<meta name=\"robots\" content=\"index, follow, max-snippet:-1, max-image-preview:large, max-video-preview:-1\" \/>\n<link rel=\"canonical\" href=\"https:\/\/luchonoticias.com\/editor\/proteger-la-selva-amazonica-carretera-al-sur-del-pais-mas-comercio-y-mayor-incautacion-de-drogas-anuncio-petro-tras-encuentro-en-ecuador\/\" \/>\n<meta property=\"og:locale\" content=\"es_ES\" \/>\n<meta property=\"og:type\" content=\"article\" \/>\n<meta property=\"og:title\" content=\"Proteger la Selva Amaz\u00f3nica, carretera al sur del pa\u00eds, m\u00e1s comercio y mayor incautaci\u00f3n de drogas anunci\u00f3 Petro tras encuentro en Ecuador -\" \/>\n<meta property=\"og:url\" content=\"https:\/\/luchonoticias.com\/editor\/proteger-la-selva-amazonica-carretera-al-sur-del-pais-mas-comercio-y-mayor-incautacion-de-drogas-anuncio-petro-tras-encuentro-en-ecuador\/\" \/>\n<meta property=\"article:publisher\" content=\"https:\/\/www.facebook.com\/luchonoticiasneiva\" \/>\n<meta property=\"article:published_time\" content=\"2023-02-01T12:04:34+00:00\" \/>\n<meta property=\"article:modified_time\" content=\"2023-02-01T12:04:35+00:00\" \/>\n<meta property=\"og:image\" content=\"https:\/\/luchonoticias.com\/wp-content\/uploads\/2023\/02\/WhatsApp-Image-2023-01-31-at-5.22.13-PM-2-1024x704.jpeg\" \/>\n<meta name=\"author\" content=\"Editor General\" \/>\n<meta name=\"twitter:card\" content=\"summary_large_image\" \/>\n<meta name=\"twitter:label1\" content=\"Escrito por\" \/>\n\t<meta name=\"twitter:data1\" content=\"Editor General\" \/>\n\t<meta name=\"twitter:label2\" content=\"Tiempo de lectura\" \/>\n\t<meta name=\"twitter:data2\" content=\"4 minutos\" \/>\n<script type=\"application\/ld+json\" class=\"yoast-schema-graph\">{\"@context\":\"https:\/\/schema.org\",\"@graph\":[{\"@type\":\"Article\",\"@id\":\"https:\/\/luchonoticias.com\/editor\/proteger-la-selva-amazonica-carretera-al-sur-del-pais-mas-comercio-y-mayor-incautacion-de-drogas-anuncio-petro-tras-encuentro-en-ecuador\/#article\",\"isPartOf\":{\"@id\":\"https:\/\/luchonoticias.com\/editor\/proteger-la-selva-amazonica-carretera-al-sur-del-pais-mas-comercio-y-mayor-incautacion-de-drogas-anuncio-petro-tras-encuentro-en-ecuador\/\"},\"author\":{\"name\":\"Editor General\",\"@id\":\"https:\/\/luchonoticias.com\/editor\/#\/schema\/person\/29217990ddf6f14e35912b2866d591fb\"},\"headline\":\"Proteger la Selva Amaz\u00f3nica, carretera al sur del pa\u00eds, m\u00e1s comercio y mayor incautaci\u00f3n de drogas anunci\u00f3 Petro tras encuentro en Ecuador\",\"datePublished\":\"2023-02-01T12:04:34+00:00\",\"dateModified\":\"2023-02-01T12:04:35+00:00\",\"mainEntityOfPage\":{\"@id\":\"https:\/\/luchonoticias.com\/editor\/proteger-la-selva-amazonica-carretera-al-sur-del-pais-mas-comercio-y-mayor-incautacion-de-drogas-anuncio-petro-tras-encuentro-en-ecuador\/\"},\"wordCount\":851,\"commentCount\":0,\"publisher\":{\"@id\":\"https:\/\/luchonoticias.com\/editor\/#\/schema\/person\/7a7fd911f58561fd056dbac7b55af9cd\"},\"image\":{\"@id\":\"https:\/\/luchonoticias.com\/editor\/proteger-la-selva-amazonica-carretera-al-sur-del-pais-mas-comercio-y-mayor-incautacion-de-drogas-anuncio-petro-tras-encuentro-en-ecuador\/#primaryimage\"},\"thumbnailUrl\":\"https:\/\/luchonoticias.com\/wp-content\/uploads\/2023\/02\/WhatsApp-Image-2023-01-31-at-5.22.13-PM-2-1024x704.jpeg\",\"articleSection\":[\"Destacado\",\"Nacional\"],\"inLanguage\":\"es\",\"potentialAction\":[{\"@type\":\"CommentAction\",\"name\":\"Comment\",\"target\":[\"https:\/\/luchonoticias.com\/editor\/proteger-la-selva-amazonica-carretera-al-sur-del-pais-mas-comercio-y-mayor-incautacion-de-drogas-anuncio-petro-tras-encuentro-en-ecuador\/#respond\"]}]},{\"@type\":\"WebPage\",\"@id\":\"https:\/\/luchonoticias.com\/editor\/proteger-la-selva-amazonica-carretera-al-sur-del-pais-mas-comercio-y-mayor-incautacion-de-drogas-anuncio-petro-tras-encuentro-en-ecuador\/\",\"url\":\"https:\/\/luchonoticias.com\/editor\/proteger-la-selva-amazonica-carretera-al-sur-del-pais-mas-comercio-y-mayor-incautacion-de-drogas-anuncio-petro-tras-encuentro-en-ecuador\/\",\"name\":\"Proteger la Selva Amaz\u00f3nica, carretera al sur del pa\u00eds, m\u00e1s comercio y mayor incautaci\u00f3n de drogas anunci\u00f3 Petro tras encuentro en Ecuador -\",\"isPartOf\":{\"@id\":\"https:\/\/luchonoticias.com\/editor\/#website\"},\"primaryImageOfPage\":{\"@id\":\"https:\/\/luchonoticias.com\/editor\/proteger-la-selva-amazonica-carretera-al-sur-del-pais-mas-comercio-y-mayor-incautacion-de-drogas-anuncio-petro-tras-encuentro-en-ecuador\/#primaryimage\"},\"image\":{\"@id\":\"https:\/\/luchonoticias.com\/editor\/proteger-la-selva-amazonica-carretera-al-sur-del-pais-mas-comercio-y-mayor-incautacion-de-drogas-anuncio-petro-tras-encuentro-en-ecuador\/#primaryimage\"},\"thumbnailUrl\":\"https:\/\/luchonoticias.com\/wp-content\/uploads\/2023\/02\/WhatsApp-Image-2023-01-31-at-5.22.13-PM-2-1024x704.jpeg\",\"datePublished\":\"2023-02-01T12:04:34+00:00\",\"dateModified\":\"2023-02-01T12:04:35+00:00\",\"breadcrumb\":{\"@id\":\"https:\/\/luchonoticias.com\/editor\/proteger-la-selva-amazonica-carretera-al-sur-del-pais-mas-comercio-y-mayor-incautacion-de-drogas-anuncio-petro-tras-encuentro-en-ecuador\/#breadcrumb\"},\"inLanguage\":\"es\",\"potentialAction\":[{\"@type\":\"ReadAction\",\"target\":[\"https:\/\/luchonoticias.com\/editor\/proteger-la-selva-amazonica-carretera-al-sur-del-pais-mas-comercio-y-mayor-incautacion-de-drogas-anuncio-petro-tras-encuentro-en-ecuador\/\"]}]},{\"@type\":\"ImageObject\",\"inLanguage\":\"es\",\"@id\":\"https:\/\/luchonoticias.com\/editor\/proteger-la-selva-amazonica-carretera-al-sur-del-pais-mas-comercio-y-mayor-incautacion-de-drogas-anuncio-petro-tras-encuentro-en-ecuador\/#primaryimage\",\"url\":\"https:\/\/luchonoticias.com\/wp-content\/uploads\/2023\/02\/WhatsApp-Image-2023-01-31-at-5.22.13-PM-2-1024x704.jpeg\",\"contentUrl\":\"https:\/\/luchonoticias.com\/wp-content\/uploads\/2023\/02\/WhatsApp-Image-2023-01-31-at-5.22.13-PM-2-1024x704.jpeg\"},{\"@type\":\"BreadcrumbList\",\"@id\":\"https:\/\/luchonoticias.com\/editor\/proteger-la-selva-amazonica-carretera-al-sur-del-pais-mas-comercio-y-mayor-incautacion-de-drogas-anuncio-petro-tras-encuentro-en-ecuador\/#breadcrumb\",\"itemListElement\":[{\"@type\":\"ListItem\",\"position\":1,\"name\":\"Portada\",\"item\":\"https:\/\/luchonoticias.com\/editor\/\"},{\"@type\":\"ListItem\",\"position\":2,\"name\":\"Proteger la Selva Amaz\u00f3nica, carretera al sur del pa\u00eds, m\u00e1s comercio y mayor incautaci\u00f3n de drogas anunci\u00f3 Petro tras encuentro en Ecuador\"}]},{\"@type\":\"WebSite\",\"@id\":\"https:\/\/luchonoticias.com\/editor\/#website\",\"url\":\"https:\/\/luchonoticias.com\/editor\/\",\"name\":\"\",\"description\":\"\",\"publisher\":{\"@id\":\"https:\/\/luchonoticias.com\/editor\/#\/schema\/person\/7a7fd911f58561fd056dbac7b55af9cd\"},\"potentialAction\":[{\"@type\":\"SearchAction\",\"target\":{\"@type\":\"EntryPoint\",\"urlTemplate\":\"https:\/\/luchonoticias.com\/editor\/?s={search_term_string}\"},\"query-input\":{\"@type\":\"PropertyValueSpecification\",\"valueRequired\":true,\"valueName\":\"search_term_string\"}}],\"inLanguage\":\"es\"},{\"@type\":[\"Person\",\"Organization\"],\"@id\":\"https:\/\/luchonoticias.com\/editor\/#\/schema\/person\/7a7fd911f58561fd056dbac7b55af9cd\",\"name\":\"admin\",\"image\":{\"@type\":\"ImageObject\",\"inLanguage\":\"es\",\"@id\":\"https:\/\/luchonoticias.com\/editor\/#\/schema\/person\/image\/\",\"url\":\"https:\/\/luchonoticias.com\/editor\/wp-content\/uploads\/2024\/02\/cropped-cropped-logolu.webp\",\"contentUrl\":\"https:\/\/luchonoticias.com\/editor\/wp-content\/uploads\/2024\/02\/cropped-cropped-logolu.webp\",\"width\":382,\"height\":170,\"caption\":\"admin\"},\"logo\":{\"@id\":\"https:\/\/luchonoticias.com\/editor\/#\/schema\/person\/image\/\"},\"sameAs\":[\"https:\/\/www.facebook.com\/luchonoticiasneiva\"]},{\"@type\":\"Person\",\"@id\":\"https:\/\/luchonoticias.com\/editor\/#\/schema\/person\/29217990ddf6f14e35912b2866d591fb\",\"name\":\"Editor General\",\"image\":{\"@type\":\"ImageObject\",\"inLanguage\":\"es\",\"@id\":\"https:\/\/luchonoticias.com\/editor\/#\/schema\/person\/image\/\",\"url\":\"https:\/\/luchonoticias.com\/editor\/wp-content\/uploads\/2024\/02\/cropped-cropped-logolu-150x150.webp\",\"contentUrl\":\"https:\/\/luchonoticias.com\/editor\/wp-content\/uploads\/2024\/02\/cropped-cropped-logolu-150x150.webp\",\"caption\":\"Editor General\"},\"sameAs\":[\"https:\/\/luchonoticias.com\/\"],\"url\":\"https:\/\/luchonoticias.com\/editor\/author\/editor-general\/\"}]}<\/script>\n<!-- \/ Yoast SEO plugin. -->","yoast_head_json":{"title":"Proteger la Selva Amaz\u00f3nica, carretera al sur del pa\u00eds, m\u00e1s comercio y mayor incautaci\u00f3n de drogas anunci\u00f3 Petro tras encuentro en Ecuador -","robots":{"index":"index","follow":"follow","max-snippet":"max-snippet:-1","max-image-preview":"max-image-preview:large","max-video-preview":"max-video-preview:-1"},"canonical":"https:\/\/luchonoticias.com\/editor\/proteger-la-selva-amazonica-carretera-al-sur-del-pais-mas-comercio-y-mayor-incautacion-de-drogas-anuncio-petro-tras-encuentro-en-ecuador\/","og_locale":"es_ES","og_type":"article","og_title":"Proteger la Selva Amaz\u00f3nica, carretera al sur del pa\u00eds, m\u00e1s comercio y mayor incautaci\u00f3n de drogas anunci\u00f3 Petro tras encuentro en Ecuador -","og_url":"https:\/\/luchonoticias.com\/editor\/proteger-la-selva-amazonica-carretera-al-sur-del-pais-mas-comercio-y-mayor-incautacion-de-drogas-anuncio-petro-tras-encuentro-en-ecuador\/","article_publisher":"https:\/\/www.facebook.com\/luchonoticiasneiva","article_published_time":"2023-02-01T12:04:34+00:00","article_modified_time":"2023-02-01T12:04:35+00:00","og_image":[{"url":"https:\/\/luchonoticias.com\/wp-content\/uploads\/2023\/02\/WhatsApp-Image-2023-01-31-at-5.22.13-PM-2-1024x704.jpeg","type":"","width":"","height":""}],"author":"Editor General","twitter_card":"summary_large_image","twitter_misc":{"Escrito por":"Editor General","Tiempo de lectura":"4 minutos"},"schema":{"@context":"https:\/\/schema.org","@graph":[{"@type":"Article","@id":"https:\/\/luchonoticias.com\/editor\/proteger-la-selva-amazonica-carretera-al-sur-del-pais-mas-comercio-y-mayor-incautacion-de-drogas-anuncio-petro-tras-encuentro-en-ecuador\/#article","isPartOf":{"@id":"https:\/\/luchonoticias.com\/editor\/proteger-la-selva-amazonica-carretera-al-sur-del-pais-mas-comercio-y-mayor-incautacion-de-drogas-anuncio-petro-tras-encuentro-en-ecuador\/"},"author":{"name":"Editor General","@id":"https:\/\/luchonoticias.com\/editor\/#\/schema\/person\/29217990ddf6f14e35912b2866d591fb"},"headline":"Proteger la Selva Amaz\u00f3nica, carretera al sur del pa\u00eds, m\u00e1s comercio y mayor incautaci\u00f3n de drogas anunci\u00f3 Petro tras encuentro en Ecuador","datePublished":"2023-02-01T12:04:34+00:00","dateModified":"2023-02-01T12:04:35+00:00","mainEntityOfPage":{"@id":"https:\/\/luchonoticias.com\/editor\/proteger-la-selva-amazonica-carretera-al-sur-del-pais-mas-comercio-y-mayor-incautacion-de-drogas-anuncio-petro-tras-encuentro-en-ecuador\/"},"wordCount":851,"commentCount":0,"publisher":{"@id":"https:\/\/luchonoticias.com\/editor\/#\/schema\/person\/7a7fd911f58561fd056dbac7b55af9cd"},"image":{"@id":"https:\/\/luchonoticias.com\/editor\/proteger-la-selva-amazonica-carretera-al-sur-del-pais-mas-comercio-y-mayor-incautacion-de-drogas-anuncio-petro-tras-encuentro-en-ecuador\/#primaryimage"},"thumbnailUrl":"https:\/\/luchonoticias.com\/wp-content\/uploads\/2023\/02\/WhatsApp-Image-2023-01-31-at-5.22.13-PM-2-1024x704.jpeg","articleSection":["Destacado","Nacional"],"inLanguage":"es","potentialAction":[{"@type":"CommentAction","name":"Comment","target":["https:\/\/luchonoticias.com\/editor\/proteger-la-selva-amazonica-carretera-al-sur-del-pais-mas-comercio-y-mayor-incautacion-de-drogas-anuncio-petro-tras-encuentro-en-ecuador\/#respond"]}]},{"@type":"WebPage","@id":"https:\/\/luchonoticias.com\/editor\/proteger-la-selva-amazonica-carretera-al-sur-del-pais-mas-comercio-y-mayor-incautacion-de-drogas-anuncio-petro-tras-encuentro-en-ecuador\/","url":"https:\/\/luchonoticias.com\/editor\/proteger-la-selva-amazonica-carretera-al-sur-del-pais-mas-comercio-y-mayor-incautacion-de-drogas-anuncio-petro-tras-encuentro-en-ecuador\/","name":"Proteger la Selva Amaz\u00f3nica, carretera al sur del pa\u00eds, m\u00e1s comercio y mayor incautaci\u00f3n de drogas anunci\u00f3 Petro tras encuentro en Ecuador -","isPartOf":{"@id":"https:\/\/luchonoticias.com\/editor\/#website"},"primaryImageOfPage":{"@id":"https:\/\/luchonoticias.com\/editor\/proteger-la-selva-amazonica-carretera-al-sur-del-pais-mas-comercio-y-mayor-incautacion-de-drogas-anuncio-petro-tras-encuentro-en-ecuador\/#primaryimage"},"image":{"@id":"https:\/\/luchonoticias.com\/editor\/proteger-la-selva-amazonica-carretera-al-sur-del-pais-mas-comercio-y-mayor-incautacion-de-drogas-anuncio-petro-tras-encuentro-en-ecuador\/#primaryimage"},"thumbnailUrl":"https:\/\/luchonoticias.com\/wp-content\/uploads\/2023\/02\/WhatsApp-Image-2023-01-31-at-5.22.13-PM-2-1024x704.jpeg","datePublished":"2023-02-01T12:04:34+00:00","dateModified":"2023-02-01T12:04:35+00:00","breadcrumb":{"@id":"https:\/\/luchonoticias.com\/editor\/proteger-la-selva-amazonica-carretera-al-sur-del-pais-mas-comercio-y-mayor-incautacion-de-drogas-anuncio-petro-tras-encuentro-en-ecuador\/#breadcrumb"},"inLanguage":"es","potentialAction":[{"@type":"ReadAction","target":["https:\/\/luchonoticias.com\/editor\/proteger-la-selva-amazonica-carretera-al-sur-del-pais-mas-comercio-y-mayor-incautacion-de-drogas-anuncio-petro-tras-encuentro-en-ecuador\/"]}]},{"@type":"ImageObject","inLanguage":"es","@id":"https:\/\/luchonoticias.com\/editor\/proteger-la-selva-amazonica-carretera-al-sur-del-pais-mas-comercio-y-mayor-incautacion-de-drogas-anuncio-petro-tras-encuentro-en-ecuador\/#primaryimage","url":"https:\/\/luchonoticias.com\/wp-content\/uploads\/2023\/02\/WhatsApp-Image-2023-01-31-at-5.22.13-PM-2-1024x704.jpeg","contentUrl":"https:\/\/luchonoticias.com\/wp-content\/uploads\/2023\/02\/WhatsApp-Image-2023-01-31-at-5.22.13-PM-2-1024x704.jpeg"},{"@type":"BreadcrumbList","@id":"https:\/\/luchonoticias.com\/editor\/proteger-la-selva-amazonica-carretera-al-sur-del-pais-mas-comercio-y-mayor-incautacion-de-drogas-anuncio-petro-tras-encuentro-en-ecuador\/#breadcrumb","itemListElement":[{"@type":"ListItem","position":1,"name":"Portada","item":"https:\/\/luchonoticias.com\/editor\/"},{"@type":"ListItem","position":2,"name":"Proteger la Selva Amaz\u00f3nica, carretera al sur del pa\u00eds, m\u00e1s comercio y mayor incautaci\u00f3n de drogas anunci\u00f3 Petro tras encuentro en Ecuador"}]},{"@type":"WebSite","@id":"https:\/\/luchonoticias.com\/editor\/#website","url":"https:\/\/luchonoticias.com\/editor\/","name":"","description":"","publisher":{"@id":"https:\/\/luchonoticias.com\/editor\/#\/schema\/person\/7a7fd911f58561fd056dbac7b55af9cd"},"potentialAction":[{"@type":"SearchAction","target":{"@type":"EntryPoint","urlTemplate":"https:\/\/luchonoticias.com\/editor\/?s={search_term_string}"},"query-input":{"@type":"PropertyValueSpecification","valueRequired":true,"valueName":"search_term_string"}}],"inLanguage":"es"},{"@type":["Person","Organization"],"@id":"https:\/\/luchonoticias.com\/editor\/#\/schema\/person\/7a7fd911f58561fd056dbac7b55af9cd","name":"admin","image":{"@type":"ImageObject","inLanguage":"es","@id":"https:\/\/luchonoticias.com\/editor\/#\/schema\/person\/image\/","url":"https:\/\/luchonoticias.com\/editor\/wp-content\/uploads\/2024\/02\/cropped-cropped-logolu.webp","contentUrl":"https:\/\/luchonoticias.com\/editor\/wp-content\/uploads\/2024\/02\/cropped-cropped-logolu.webp","width":382,"height":170,"caption":"admin"},"logo":{"@id":"https:\/\/luchonoticias.com\/editor\/#\/schema\/person\/image\/"},"sameAs":["https:\/\/www.facebook.com\/luchonoticiasneiva"]},{"@type":"Person","@id":"https:\/\/luchonoticias.com\/editor\/#\/schema\/person\/29217990ddf6f14e35912b2866d591fb","name":"Editor General","image":{"@type":"ImageObject","inLanguage":"es","@id":"https:\/\/luchonoticias.com\/editor\/#\/schema\/person\/image\/","url":"https:\/\/luchonoticias.com\/editor\/wp-content\/uploads\/2024\/02\/cropped-cropped-logolu-150x150.webp","contentUrl":"https:\/\/luchonoticias.com\/editor\/wp-content\/uploads\/2024\/02\/cropped-cropped-logolu-150x150.webp","caption":"Editor General"},"sameAs":["https:\/\/luchonoticias.com\/"],"url":"https:\/\/luchonoticias.com\/editor\/author\/editor-general\/"}]}},"_links":{"self":[{"href":"https:\/\/luchonoticias.com\/editor\/wp-json\/wp\/v2\/posts\/45312","targetHints":{"allow":["GET"]}}],"collection":[{"href":"https:\/\/luchonoticias.com\/editor\/wp-json\/wp\/v2\/posts"}],"about":[{"href":"https:\/\/luchonoticias.com\/editor\/wp-json\/wp\/v2\/types\/post"}],"author":[{"embeddable":true,"href":"https:\/\/luchonoticias.com\/editor\/wp-json\/wp\/v2\/users\/2"}],"replies":[{"embeddable":true,"href":"https:\/\/luchonoticias.com\/editor\/wp-json\/wp\/v2\/comments?post=45312"}],"version-history":[{"count":0,"href":"https:\/\/luchonoticias.com\/editor\/wp-json\/wp\/v2\/posts\/45312\/revisions"}],"wp:attachment":[{"href":"https:\/\/luchonoticias.com\/editor\/wp-json\/wp\/v2\/media?parent=45312"}],"wp:term":[{"taxonomy":"category","embeddable":true,"href":"https:\/\/luchonoticias.com\/editor\/wp-json\/wp\/v2\/categories?post=45312"},{"taxonomy":"post_tag","embeddable":true,"href":"https:\/\/luchonoticias.com\/editor\/wp-json\/wp\/v2\/tags?post=45312"}],"curies":[{"name":"wp","href":"https:\/\/api.w.org\/{rel}","templated":true}]}}