{"id":45319,"date":"2023-02-01T07:09:12","date_gmt":"2023-02-01T12:09:12","guid":{"rendered":"https:\/\/luchonoticias.com\/?p=45319"},"modified":"2023-02-01T07:09:13","modified_gmt":"2023-02-01T12:09:13","slug":"con-honores-el-huila-despidio-a-su-veterano-de-la-guerra-de-corea","status":"publish","type":"post","link":"https:\/\/luchonoticias.com\/editor\/con-honores-el-huila-despidio-a-su-veterano-de-la-guerra-de-corea\/","title":{"rendered":"Con honores, el Huila despidi\u00f3 a su veterano de la guerra de Corea"},"content":{"rendered":"\n<p>En el a\u00f1o 1954, Guillermo Montalvo, nacido en el Agrado Huila, demostr\u00f3 valent\u00eda y arrojo cuando fue designado al grupo de soldados que prestaron su servicio en la guerra de Corea. El pasado lunes 23 de enero, a los 90 a\u00f1os, en Neiva, Huila y tras varios quebrantos de salud, este valeroso veterano parti\u00f3 a hacer parte del ej\u00e9rcito celestial.<\/p>\n\n\n\n<figure class=\"wp-block-gallery has-nested-images columns-default is-cropped wp-block-gallery-1 is-layout-flex wp-block-gallery-is-layout-flex\">\n<figure class=\"wp-block-image size-large\"><img decoding=\"async\" data-id=\"45321\" src=\"https:\/\/luchonoticias.com\/wp-content\/uploads\/2023\/02\/WhatsApp-Image-2023-01-31-at-8.47.34-AM.jpeg\" alt=\"\" class=\"wp-image-45321\"\/><\/figure>\n\n\n\n<figure class=\"wp-block-image size-large\"><img decoding=\"async\" data-id=\"45323\" src=\"https:\/\/luchonoticias.com\/wp-content\/uploads\/2023\/02\/WhatsApp-Image-2023-01-31-at-8.47.26-AM-671x1024.jpeg\" alt=\"\" class=\"wp-image-45323\"\/><\/figure>\n\n\n\n<figure class=\"wp-block-image size-large\"><img decoding=\"async\" data-id=\"45322\" src=\"https:\/\/luchonoticias.com\/wp-content\/uploads\/2023\/02\/WhatsApp-Image-2023-01-31-at-8.47.25-AM.jpeg\" alt=\"\" class=\"wp-image-45322\"\/><\/figure>\n<\/figure>\n\n\n\n<p>Guillermo Montalvo, tras su valerosa participaci\u00f3n en la campa\u00f1a de Corea, regres\u00f3 a su Departamento y se radic\u00f3 en la ciudad de Neiva, donde siempre estuvo vinculado al Ej\u00e9rcito Nacional, de ah\u00ed la necesidad de efectuar un justo reconocimiento por su entrega a los ideales de Colombia, por ser gu\u00eda para las nuevas generaciones y por su compa\u00f1\u00eda, hasta sus \u00faltimos d\u00edas de vida, en el camino que hoy transitan los soldados en busca de consolidar la paz y defender la vida.<\/p>\n\n\n\n<figure class=\"wp-block-image size-large\"><img decoding=\"async\" src=\"https:\/\/luchonoticias.com\/wp-content\/uploads\/2023\/02\/WhatsApp-Image-2023-01-31-at-8.47.33-AM-731x1024.jpeg\" alt=\"\" class=\"wp-image-45324\"\/><\/figure>\n\n\n\n<p>Hoy su legado motiva a cada soldado colombiano a entregarlo todo por la defensa de la Naci\u00f3n. Un veterano de guerra que ofrend\u00f3 los mejores a\u00f1os de su vida para garantizar seguridad y bienestar, ratificando la esencia del soldado: velar&nbsp; por la estabilidad de la democracia.<\/p>\n\n\n\n<p>Su legado de vida vislumbra a un ciudadano que contagiaba a la poblaci\u00f3n civil de la necesidad de buenos huilenses que trabajen en funci\u00f3n del progreso de su tierra. A \u00e9l #HonorYGratitud.<\/p>\n","protected":false},"excerpt":{"rendered":"<p>En el a\u00f1o 1954, Guillermo Montalvo, nacido en el Agrado Huila, demostr\u00f3 valent\u00eda y arrojo cuando fue designado al grupo de soldados que prestaron su servicio en la guerra de Corea. El pasado lunes 23 de enero, a los 90 a\u00f1os, en Neiva, Huila y tras varios quebrantos de salud, este valeroso veterano parti\u00f3 a [&hellip;]<\/p>\n","protected":false},"author":2,"featured_media":0,"comment_status":"open","ping_status":"open","sticky":false,"template":"","format":"standard","meta":{"footnotes":""},"categories":[3961,36],"tags":[],"class_list":["post-45319","post","type-post","status-publish","format-standard","hentry","category-comunidad","category-destacado"],"yoast_head":"<!-- This site is optimized with the Yoast SEO plugin v26.6 - https:\/\/yoast.com\/wordpress\/plugins\/seo\/ -->\n<title>Con honores, el Huila despidi\u00f3 a su veterano de la guerra de Corea -<\/title>\n<meta name=\"robots\" content=\"index, follow, max-snippet:-1, max-image-preview:large, max-video-preview:-1\" \/>\n<link rel=\"canonical\" href=\"https:\/\/luchonoticias.com\/editor\/con-honores-el-huila-despidio-a-su-veterano-de-la-guerra-de-corea\/\" \/>\n<meta property=\"og:locale\" content=\"es_ES\" \/>\n<meta property=\"og:type\" content=\"article\" \/>\n<meta property=\"og:title\" content=\"Con honores, el Huila despidi\u00f3 a su veterano de la guerra de Corea -\" \/>\n<meta property=\"og:url\" content=\"https:\/\/luchonoticias.com\/editor\/con-honores-el-huila-despidio-a-su-veterano-de-la-guerra-de-corea\/\" \/>\n<meta property=\"article:publisher\" content=\"https:\/\/www.facebook.com\/luchonoticiasneiva\" \/>\n<meta property=\"article:published_time\" content=\"2023-02-01T12:09:12+00:00\" \/>\n<meta property=\"article:modified_time\" content=\"2023-02-01T12:09:13+00:00\" \/>\n<meta property=\"og:image\" content=\"https:\/\/luchonoticias.com\/wp-content\/uploads\/2023\/02\/WhatsApp-Image-2023-01-31-at-8.47.34-AM.jpeg\" \/>\n<meta name=\"author\" content=\"Editor General\" \/>\n<meta name=\"twitter:card\" content=\"summary_large_image\" \/>\n<meta name=\"twitter:label1\" content=\"Escrito por\" \/>\n\t<meta name=\"twitter:data1\" content=\"Editor General\" \/>\n\t<meta name=\"twitter:label2\" content=\"Tiempo de lectura\" \/>\n\t<meta name=\"twitter:data2\" content=\"1 minuto\" \/>\n<script type=\"application\/ld+json\" class=\"yoast-schema-graph\">{\"@context\":\"https:\/\/schema.org\",\"@graph\":[{\"@type\":\"Article\",\"@id\":\"https:\/\/luchonoticias.com\/editor\/con-honores-el-huila-despidio-a-su-veterano-de-la-guerra-de-corea\/#article\",\"isPartOf\":{\"@id\":\"https:\/\/luchonoticias.com\/editor\/con-honores-el-huila-despidio-a-su-veterano-de-la-guerra-de-corea\/\"},\"author\":{\"name\":\"Editor General\",\"@id\":\"https:\/\/luchonoticias.com\/editor\/#\/schema\/person\/29217990ddf6f14e35912b2866d591fb\"},\"headline\":\"Con honores, el Huila despidi\u00f3 a su veterano de la guerra de Corea\",\"datePublished\":\"2023-02-01T12:09:12+00:00\",\"dateModified\":\"2023-02-01T12:09:13+00:00\",\"mainEntityOfPage\":{\"@id\":\"https:\/\/luchonoticias.com\/editor\/con-honores-el-huila-despidio-a-su-veterano-de-la-guerra-de-corea\/\"},\"wordCount\":245,\"commentCount\":0,\"publisher\":{\"@id\":\"https:\/\/luchonoticias.com\/editor\/#\/schema\/person\/7a7fd911f58561fd056dbac7b55af9cd\"},\"image\":{\"@id\":\"https:\/\/luchonoticias.com\/editor\/con-honores-el-huila-despidio-a-su-veterano-de-la-guerra-de-corea\/#primaryimage\"},\"thumbnailUrl\":\"https:\/\/luchonoticias.com\/wp-content\/uploads\/2023\/02\/WhatsApp-Image-2023-01-31-at-8.47.34-AM.jpeg\",\"articleSection\":[\"Comunidad\",\"Destacado\"],\"inLanguage\":\"es\",\"potentialAction\":[{\"@type\":\"CommentAction\",\"name\":\"Comment\",\"target\":[\"https:\/\/luchonoticias.com\/editor\/con-honores-el-huila-despidio-a-su-veterano-de-la-guerra-de-corea\/#respond\"]}]},{\"@type\":\"WebPage\",\"@id\":\"https:\/\/luchonoticias.com\/editor\/con-honores-el-huila-despidio-a-su-veterano-de-la-guerra-de-corea\/\",\"url\":\"https:\/\/luchonoticias.com\/editor\/con-honores-el-huila-despidio-a-su-veterano-de-la-guerra-de-corea\/\",\"name\":\"Con honores, el Huila despidi\u00f3 a su veterano de la guerra de Corea -\",\"isPartOf\":{\"@id\":\"https:\/\/luchonoticias.com\/editor\/#website\"},\"primaryImageOfPage\":{\"@id\":\"https:\/\/luchonoticias.com\/editor\/con-honores-el-huila-despidio-a-su-veterano-de-la-guerra-de-corea\/#primaryimage\"},\"image\":{\"@id\":\"https:\/\/luchonoticias.com\/editor\/con-honores-el-huila-despidio-a-su-veterano-de-la-guerra-de-corea\/#primaryimage\"},\"thumbnailUrl\":\"https:\/\/luchonoticias.com\/wp-content\/uploads\/2023\/02\/WhatsApp-Image-2023-01-31-at-8.47.34-AM.jpeg\",\"datePublished\":\"2023-02-01T12:09:12+00:00\",\"dateModified\":\"2023-02-01T12:09:13+00:00\",\"breadcrumb\":{\"@id\":\"https:\/\/luchonoticias.com\/editor\/con-honores-el-huila-despidio-a-su-veterano-de-la-guerra-de-corea\/#breadcrumb\"},\"inLanguage\":\"es\",\"potentialAction\":[{\"@type\":\"ReadAction\",\"target\":[\"https:\/\/luchonoticias.com\/editor\/con-honores-el-huila-despidio-a-su-veterano-de-la-guerra-de-corea\/\"]}]},{\"@type\":\"ImageObject\",\"inLanguage\":\"es\",\"@id\":\"https:\/\/luchonoticias.com\/editor\/con-honores-el-huila-despidio-a-su-veterano-de-la-guerra-de-corea\/#primaryimage\",\"url\":\"https:\/\/luchonoticias.com\/wp-content\/uploads\/2023\/02\/WhatsApp-Image-2023-01-31-at-8.47.34-AM.jpeg\",\"contentUrl\":\"https:\/\/luchonoticias.com\/wp-content\/uploads\/2023\/02\/WhatsApp-Image-2023-01-31-at-8.47.34-AM.jpeg\"},{\"@type\":\"BreadcrumbList\",\"@id\":\"https:\/\/luchonoticias.com\/editor\/con-honores-el-huila-despidio-a-su-veterano-de-la-guerra-de-corea\/#breadcrumb\",\"itemListElement\":[{\"@type\":\"ListItem\",\"position\":1,\"name\":\"Portada\",\"item\":\"https:\/\/luchonoticias.com\/editor\/\"},{\"@type\":\"ListItem\",\"position\":2,\"name\":\"Con honores, el Huila despidi\u00f3 a su veterano de la guerra de Corea\"}]},{\"@type\":\"WebSite\",\"@id\":\"https:\/\/luchonoticias.com\/editor\/#website\",\"url\":\"https:\/\/luchonoticias.com\/editor\/\",\"name\":\"\",\"description\":\"\",\"publisher\":{\"@id\":\"https:\/\/luchonoticias.com\/editor\/#\/schema\/person\/7a7fd911f58561fd056dbac7b55af9cd\"},\"potentialAction\":[{\"@type\":\"SearchAction\",\"target\":{\"@type\":\"EntryPoint\",\"urlTemplate\":\"https:\/\/luchonoticias.com\/editor\/?s={search_term_string}\"},\"query-input\":{\"@type\":\"PropertyValueSpecification\",\"valueRequired\":true,\"valueName\":\"search_term_string\"}}],\"inLanguage\":\"es\"},{\"@type\":[\"Person\",\"Organization\"],\"@id\":\"https:\/\/luchonoticias.com\/editor\/#\/schema\/person\/7a7fd911f58561fd056dbac7b55af9cd\",\"name\":\"admin\",\"image\":{\"@type\":\"ImageObject\",\"inLanguage\":\"es\",\"@id\":\"https:\/\/luchonoticias.com\/editor\/#\/schema\/person\/image\/\",\"url\":\"https:\/\/luchonoticias.com\/editor\/wp-content\/uploads\/2024\/02\/cropped-cropped-logolu.webp\",\"contentUrl\":\"https:\/\/luchonoticias.com\/editor\/wp-content\/uploads\/2024\/02\/cropped-cropped-logolu.webp\",\"width\":382,\"height\":170,\"caption\":\"admin\"},\"logo\":{\"@id\":\"https:\/\/luchonoticias.com\/editor\/#\/schema\/person\/image\/\"},\"sameAs\":[\"https:\/\/www.facebook.com\/luchonoticiasneiva\"]},{\"@type\":\"Person\",\"@id\":\"https:\/\/luchonoticias.com\/editor\/#\/schema\/person\/29217990ddf6f14e35912b2866d591fb\",\"name\":\"Editor General\",\"image\":{\"@type\":\"ImageObject\",\"inLanguage\":\"es\",\"@id\":\"https:\/\/luchonoticias.com\/editor\/#\/schema\/person\/image\/\",\"url\":\"https:\/\/luchonoticias.com\/editor\/wp-content\/uploads\/2024\/02\/cropped-cropped-logolu-150x150.webp\",\"contentUrl\":\"https:\/\/luchonoticias.com\/editor\/wp-content\/uploads\/2024\/02\/cropped-cropped-logolu-150x150.webp\",\"caption\":\"Editor General\"},\"sameAs\":[\"https:\/\/luchonoticias.com\/\"],\"url\":\"https:\/\/luchonoticias.com\/editor\/author\/editor-general\/\"}]}<\/script>\n<!-- \/ Yoast SEO plugin. -->","yoast_head_json":{"title":"Con honores, el Huila despidi\u00f3 a su veterano de la guerra de Corea -","robots":{"index":"index","follow":"follow","max-snippet":"max-snippet:-1","max-image-preview":"max-image-preview:large","max-video-preview":"max-video-preview:-1"},"canonical":"https:\/\/luchonoticias.com\/editor\/con-honores-el-huila-despidio-a-su-veterano-de-la-guerra-de-corea\/","og_locale":"es_ES","og_type":"article","og_title":"Con honores, el Huila despidi\u00f3 a su veterano de la guerra de Corea -","og_url":"https:\/\/luchonoticias.com\/editor\/con-honores-el-huila-despidio-a-su-veterano-de-la-guerra-de-corea\/","article_publisher":"https:\/\/www.facebook.com\/luchonoticiasneiva","article_published_time":"2023-02-01T12:09:12+00:00","article_modified_time":"2023-02-01T12:09:13+00:00","og_image":[{"url":"https:\/\/luchonoticias.com\/wp-content\/uploads\/2023\/02\/WhatsApp-Image-2023-01-31-at-8.47.34-AM.jpeg","type":"","width":"","height":""}],"author":"Editor General","twitter_card":"summary_large_image","twitter_misc":{"Escrito por":"Editor General","Tiempo de lectura":"1 minuto"},"schema":{"@context":"https:\/\/schema.org","@graph":[{"@type":"Article","@id":"https:\/\/luchonoticias.com\/editor\/con-honores-el-huila-despidio-a-su-veterano-de-la-guerra-de-corea\/#article","isPartOf":{"@id":"https:\/\/luchonoticias.com\/editor\/con-honores-el-huila-despidio-a-su-veterano-de-la-guerra-de-corea\/"},"author":{"name":"Editor General","@id":"https:\/\/luchonoticias.com\/editor\/#\/schema\/person\/29217990ddf6f14e35912b2866d591fb"},"headline":"Con honores, el Huila despidi\u00f3 a su veterano de la guerra de Corea","datePublished":"2023-02-01T12:09:12+00:00","dateModified":"2023-02-01T12:09:13+00:00","mainEntityOfPage":{"@id":"https:\/\/luchonoticias.com\/editor\/con-honores-el-huila-despidio-a-su-veterano-de-la-guerra-de-corea\/"},"wordCount":245,"commentCount":0,"publisher":{"@id":"https:\/\/luchonoticias.com\/editor\/#\/schema\/person\/7a7fd911f58561fd056dbac7b55af9cd"},"image":{"@id":"https:\/\/luchonoticias.com\/editor\/con-honores-el-huila-despidio-a-su-veterano-de-la-guerra-de-corea\/#primaryimage"},"thumbnailUrl":"https:\/\/luchonoticias.com\/wp-content\/uploads\/2023\/02\/WhatsApp-Image-2023-01-31-at-8.47.34-AM.jpeg","articleSection":["Comunidad","Destacado"],"inLanguage":"es","potentialAction":[{"@type":"CommentAction","name":"Comment","target":["https:\/\/luchonoticias.com\/editor\/con-honores-el-huila-despidio-a-su-veterano-de-la-guerra-de-corea\/#respond"]}]},{"@type":"WebPage","@id":"https:\/\/luchonoticias.com\/editor\/con-honores-el-huila-despidio-a-su-veterano-de-la-guerra-de-corea\/","url":"https:\/\/luchonoticias.com\/editor\/con-honores-el-huila-despidio-a-su-veterano-de-la-guerra-de-corea\/","name":"Con honores, el Huila despidi\u00f3 a su veterano de la guerra de Corea -","isPartOf":{"@id":"https:\/\/luchonoticias.com\/editor\/#website"},"primaryImageOfPage":{"@id":"https:\/\/luchonoticias.com\/editor\/con-honores-el-huila-despidio-a-su-veterano-de-la-guerra-de-corea\/#primaryimage"},"image":{"@id":"https:\/\/luchonoticias.com\/editor\/con-honores-el-huila-despidio-a-su-veterano-de-la-guerra-de-corea\/#primaryimage"},"thumbnailUrl":"https:\/\/luchonoticias.com\/wp-content\/uploads\/2023\/02\/WhatsApp-Image-2023-01-31-at-8.47.34-AM.jpeg","datePublished":"2023-02-01T12:09:12+00:00","dateModified":"2023-02-01T12:09:13+00:00","breadcrumb":{"@id":"https:\/\/luchonoticias.com\/editor\/con-honores-el-huila-despidio-a-su-veterano-de-la-guerra-de-corea\/#breadcrumb"},"inLanguage":"es","potentialAction":[{"@type":"ReadAction","target":["https:\/\/luchonoticias.com\/editor\/con-honores-el-huila-despidio-a-su-veterano-de-la-guerra-de-corea\/"]}]},{"@type":"ImageObject","inLanguage":"es","@id":"https:\/\/luchonoticias.com\/editor\/con-honores-el-huila-despidio-a-su-veterano-de-la-guerra-de-corea\/#primaryimage","url":"https:\/\/luchonoticias.com\/wp-content\/uploads\/2023\/02\/WhatsApp-Image-2023-01-31-at-8.47.34-AM.jpeg","contentUrl":"https:\/\/luchonoticias.com\/wp-content\/uploads\/2023\/02\/WhatsApp-Image-2023-01-31-at-8.47.34-AM.jpeg"},{"@type":"BreadcrumbList","@id":"https:\/\/luchonoticias.com\/editor\/con-honores-el-huila-despidio-a-su-veterano-de-la-guerra-de-corea\/#breadcrumb","itemListElement":[{"@type":"ListItem","position":1,"name":"Portada","item":"https:\/\/luchonoticias.com\/editor\/"},{"@type":"ListItem","position":2,"name":"Con honores, el Huila despidi\u00f3 a su veterano de la guerra de Corea"}]},{"@type":"WebSite","@id":"https:\/\/luchonoticias.com\/editor\/#website","url":"https:\/\/luchonoticias.com\/editor\/","name":"","description":"","publisher":{"@id":"https:\/\/luchonoticias.com\/editor\/#\/schema\/person\/7a7fd911f58561fd056dbac7b55af9cd"},"potentialAction":[{"@type":"SearchAction","target":{"@type":"EntryPoint","urlTemplate":"https:\/\/luchonoticias.com\/editor\/?s={search_term_string}"},"query-input":{"@type":"PropertyValueSpecification","valueRequired":true,"valueName":"search_term_string"}}],"inLanguage":"es"},{"@type":["Person","Organization"],"@id":"https:\/\/luchonoticias.com\/editor\/#\/schema\/person\/7a7fd911f58561fd056dbac7b55af9cd","name":"admin","image":{"@type":"ImageObject","inLanguage":"es","@id":"https:\/\/luchonoticias.com\/editor\/#\/schema\/person\/image\/","url":"https:\/\/luchonoticias.com\/editor\/wp-content\/uploads\/2024\/02\/cropped-cropped-logolu.webp","contentUrl":"https:\/\/luchonoticias.com\/editor\/wp-content\/uploads\/2024\/02\/cropped-cropped-logolu.webp","width":382,"height":170,"caption":"admin"},"logo":{"@id":"https:\/\/luchonoticias.com\/editor\/#\/schema\/person\/image\/"},"sameAs":["https:\/\/www.facebook.com\/luchonoticiasneiva"]},{"@type":"Person","@id":"https:\/\/luchonoticias.com\/editor\/#\/schema\/person\/29217990ddf6f14e35912b2866d591fb","name":"Editor General","image":{"@type":"ImageObject","inLanguage":"es","@id":"https:\/\/luchonoticias.com\/editor\/#\/schema\/person\/image\/","url":"https:\/\/luchonoticias.com\/editor\/wp-content\/uploads\/2024\/02\/cropped-cropped-logolu-150x150.webp","contentUrl":"https:\/\/luchonoticias.com\/editor\/wp-content\/uploads\/2024\/02\/cropped-cropped-logolu-150x150.webp","caption":"Editor General"},"sameAs":["https:\/\/luchonoticias.com\/"],"url":"https:\/\/luchonoticias.com\/editor\/author\/editor-general\/"}]}},"_links":{"self":[{"href":"https:\/\/luchonoticias.com\/editor\/wp-json\/wp\/v2\/posts\/45319","targetHints":{"allow":["GET"]}}],"collection":[{"href":"https:\/\/luchonoticias.com\/editor\/wp-json\/wp\/v2\/posts"}],"about":[{"href":"https:\/\/luchonoticias.com\/editor\/wp-json\/wp\/v2\/types\/post"}],"author":[{"embeddable":true,"href":"https:\/\/luchonoticias.com\/editor\/wp-json\/wp\/v2\/users\/2"}],"replies":[{"embeddable":true,"href":"https:\/\/luchonoticias.com\/editor\/wp-json\/wp\/v2\/comments?post=45319"}],"version-history":[{"count":0,"href":"https:\/\/luchonoticias.com\/editor\/wp-json\/wp\/v2\/posts\/45319\/revisions"}],"wp:attachment":[{"href":"https:\/\/luchonoticias.com\/editor\/wp-json\/wp\/v2\/media?parent=45319"}],"wp:term":[{"taxonomy":"category","embeddable":true,"href":"https:\/\/luchonoticias.com\/editor\/wp-json\/wp\/v2\/categories?post=45319"},{"taxonomy":"post_tag","embeddable":true,"href":"https:\/\/luchonoticias.com\/editor\/wp-json\/wp\/v2\/tags?post=45319"}],"curies":[{"name":"wp","href":"https:\/\/api.w.org\/{rel}","templated":true}]}}