{"id":45335,"date":"2023-02-01T14:53:26","date_gmt":"2023-02-01T19:53:26","guid":{"rendered":"https:\/\/luchonoticias.com\/?p=45335"},"modified":"2023-02-01T14:53:28","modified_gmt":"2023-02-01T19:53:28","slug":"ese-carmen-emilia-ospina-se-vincula-al-cuidado-y-proteccion-del-parque-isla-del-rio-magdalena","status":"publish","type":"post","link":"https:\/\/luchonoticias.com\/editor\/ese-carmen-emilia-ospina-se-vincula-al-cuidado-y-proteccion-del-parque-isla-del-rio-magdalena\/","title":{"rendered":"ESE Carmen Emilia Ospina se vincula al cuidado y protecci\u00f3n del Parque Isla del R\u00edo Magdalena"},"content":{"rendered":"\n<p>Como un aporte al medio ambiente y a los sitios de inter\u00e9s de la ciudad fue calificada la acci\u00f3n realizada por los funcionarios y contratistas de la ESE Carmen Emilia Ospina en el parque isla del r\u00edo Magdalena, hasta donde llegaron para limpiar, guada\u00f1ar, hacer arreglos estructurales y recoger inservibles, d\u00e1ndole otro aspecto al lugar.<\/p>\n\n\n\n<p>El parque isla, cuyo proyecto fue abandonado por administraciones anteriores est\u00e1 volviendo a coger din\u00e1mica, son varias las familias que llegan hasta el embarcadero del monumento La Gaitana para pasear en lancha y de paso reposar en la entrada del parque.<\/p>\n\n\n\n<figure class=\"wp-block-image size-large\"><img decoding=\"async\" src=\"https:\/\/luchonoticias.com\/wp-content\/uploads\/2023\/02\/WhatsApp-Image-2023-02-01-at-1.27.21-PM-1024x768.jpeg\" alt=\"\" class=\"wp-image-45337\"\/><\/figure>\n\n\n\n<p>Los senderos que fueron construidos hace m\u00e1s de 16 a\u00f1os a\u00fan se conservan, por ello la importancia de que la comunidad en general los ayude a cuidar.<\/p>\n\n\n\n<p>En la isla se pueden apreciar varias especias de aves y reptiles, lo que se convierte en otro atractivo para propios y visitantes. Seg\u00fan las personas que trabajan como lancheros, los fines de semana son muchos los que llegan a contratar los paseos en lancha y a caminar por el parque isla.<\/p>\n\n\n\n<p>Por ello y para que las visitas sigan aumentando, la Administraci\u00f3n Municipal en cabeza del alcalde Gorky Mu\u00f1os Calder\u00f3n, est\u00e1 promoviendo la conservaci\u00f3n y embellecimiento del parque isla del r\u00edo Magdalena.<\/p>\n\n\n\n<p>\u201cLo que hemos realizado hoy es una acci\u00f3n en favor del medio ambiente, de la ciudad y de todos, porque este es un lugar que bien vale la pena conservar y disfrutar. El parque isla del r\u00edo Magdalena es un espacio muy agradable y se convertir\u00e1 en un atractivo para los visitantes y para los neivanos. Por ello apoyamos el empe\u00f1o del alcalde Gorky Mu\u00f1oz en el prop\u00f3sito de no abandonar este espacio, sino mantenerlo limpio, atractivo, que las personas que lo visiten se sientan bien\u201d, expres\u00f3 el gerente de la ESE Carmen Emilia Ospina, Jos\u00e9 Antonio Mu\u00f1oz Paz.<\/p>\n\n\n\n<figure class=\"wp-block-image size-large\"><img decoding=\"async\" src=\"https:\/\/luchonoticias.com\/wp-content\/uploads\/2023\/02\/WhatsApp-Image-2023-02-01-at-1.27.23-PM-1024x768.jpeg\" alt=\"\" class=\"wp-image-45338\"\/><\/figure>\n\n\n\n<p><strong>Los trabajos<\/strong><\/p>\n\n\n\n<p>Los trabajos se realizaron en el marco de la gesti\u00f3n ambiental para el buen uso de los recursos p\u00fablicos. Los colaboradores de la ESE, organizados en grupos se desplegaron por el parque para realizar la limpieza, con guada\u00f1as cortaron la maleza que invad\u00eda los senderos, se repar\u00f3 un puente peatonal que cruza por uno de los ca\u00f1os, se pint\u00f3 el punto de llegada y se instal\u00f3 una caneca para la recolecci\u00f3n de inservibles, entre otras labores realizadas por los funcionarios y contratistas de la ESE Carmen Emilia Ospina.<\/p>\n","protected":false},"excerpt":{"rendered":"<p>Como un aporte al medio ambiente y a los sitios de inter\u00e9s de la ciudad fue calificada la acci\u00f3n realizada por los funcionarios y contratistas de la ESE Carmen Emilia Ospina en el parque isla del r\u00edo Magdalena, hasta donde llegaron para limpiar, guada\u00f1ar, hacer arreglos estructurales y recoger inservibles, d\u00e1ndole otro aspecto al lugar. [&hellip;]<\/p>\n","protected":false},"author":2,"featured_media":0,"comment_status":"open","ping_status":"open","sticky":false,"template":"","format":"standard","meta":{"footnotes":""},"categories":[36,31],"tags":[],"class_list":["post-45335","post","type-post","status-publish","format-standard","hentry","category-destacado","category-local"],"yoast_head":"<!-- This site is optimized with the Yoast SEO plugin v26.6 - https:\/\/yoast.com\/wordpress\/plugins\/seo\/ -->\n<title>ESE Carmen Emilia Ospina se vincula al cuidado y protecci\u00f3n del Parque Isla del R\u00edo Magdalena -<\/title>\n<meta name=\"robots\" content=\"index, follow, max-snippet:-1, max-image-preview:large, max-video-preview:-1\" \/>\n<link rel=\"canonical\" href=\"https:\/\/luchonoticias.com\/editor\/ese-carmen-emilia-ospina-se-vincula-al-cuidado-y-proteccion-del-parque-isla-del-rio-magdalena\/\" \/>\n<meta property=\"og:locale\" content=\"es_ES\" \/>\n<meta property=\"og:type\" content=\"article\" \/>\n<meta property=\"og:title\" content=\"ESE Carmen Emilia Ospina se vincula al cuidado y protecci\u00f3n del Parque Isla del R\u00edo Magdalena -\" \/>\n<meta property=\"og:url\" content=\"https:\/\/luchonoticias.com\/editor\/ese-carmen-emilia-ospina-se-vincula-al-cuidado-y-proteccion-del-parque-isla-del-rio-magdalena\/\" \/>\n<meta property=\"article:publisher\" content=\"https:\/\/www.facebook.com\/luchonoticiasneiva\" \/>\n<meta property=\"article:published_time\" content=\"2023-02-01T19:53:26+00:00\" \/>\n<meta property=\"article:modified_time\" content=\"2023-02-01T19:53:28+00:00\" \/>\n<meta property=\"og:image\" content=\"https:\/\/luchonoticias.com\/wp-content\/uploads\/2023\/02\/WhatsApp-Image-2023-02-01-at-1.27.21-PM-1024x768.jpeg\" \/>\n<meta name=\"author\" content=\"Editor General\" \/>\n<meta name=\"twitter:card\" content=\"summary_large_image\" \/>\n<meta name=\"twitter:label1\" content=\"Escrito por\" \/>\n\t<meta name=\"twitter:data1\" content=\"Editor General\" \/>\n\t<meta name=\"twitter:label2\" content=\"Tiempo de lectura\" \/>\n\t<meta name=\"twitter:data2\" content=\"2 minutos\" \/>\n<script type=\"application\/ld+json\" class=\"yoast-schema-graph\">{\"@context\":\"https:\/\/schema.org\",\"@graph\":[{\"@type\":\"Article\",\"@id\":\"https:\/\/luchonoticias.com\/editor\/ese-carmen-emilia-ospina-se-vincula-al-cuidado-y-proteccion-del-parque-isla-del-rio-magdalena\/#article\",\"isPartOf\":{\"@id\":\"https:\/\/luchonoticias.com\/editor\/ese-carmen-emilia-ospina-se-vincula-al-cuidado-y-proteccion-del-parque-isla-del-rio-magdalena\/\"},\"author\":{\"name\":\"Editor General\",\"@id\":\"https:\/\/luchonoticias.com\/editor\/#\/schema\/person\/29217990ddf6f14e35912b2866d591fb\"},\"headline\":\"ESE Carmen Emilia Ospina se vincula al cuidado y protecci\u00f3n del Parque Isla del R\u00edo Magdalena\",\"datePublished\":\"2023-02-01T19:53:26+00:00\",\"dateModified\":\"2023-02-01T19:53:28+00:00\",\"mainEntityOfPage\":{\"@id\":\"https:\/\/luchonoticias.com\/editor\/ese-carmen-emilia-ospina-se-vincula-al-cuidado-y-proteccion-del-parque-isla-del-rio-magdalena\/\"},\"wordCount\":439,\"commentCount\":0,\"publisher\":{\"@id\":\"https:\/\/luchonoticias.com\/editor\/#\/schema\/person\/7a7fd911f58561fd056dbac7b55af9cd\"},\"image\":{\"@id\":\"https:\/\/luchonoticias.com\/editor\/ese-carmen-emilia-ospina-se-vincula-al-cuidado-y-proteccion-del-parque-isla-del-rio-magdalena\/#primaryimage\"},\"thumbnailUrl\":\"https:\/\/luchonoticias.com\/wp-content\/uploads\/2023\/02\/WhatsApp-Image-2023-02-01-at-1.27.21-PM-1024x768.jpeg\",\"articleSection\":[\"Destacado\",\"Local\"],\"inLanguage\":\"es\",\"potentialAction\":[{\"@type\":\"CommentAction\",\"name\":\"Comment\",\"target\":[\"https:\/\/luchonoticias.com\/editor\/ese-carmen-emilia-ospina-se-vincula-al-cuidado-y-proteccion-del-parque-isla-del-rio-magdalena\/#respond\"]}]},{\"@type\":\"WebPage\",\"@id\":\"https:\/\/luchonoticias.com\/editor\/ese-carmen-emilia-ospina-se-vincula-al-cuidado-y-proteccion-del-parque-isla-del-rio-magdalena\/\",\"url\":\"https:\/\/luchonoticias.com\/editor\/ese-carmen-emilia-ospina-se-vincula-al-cuidado-y-proteccion-del-parque-isla-del-rio-magdalena\/\",\"name\":\"ESE Carmen Emilia Ospina se vincula al cuidado y protecci\u00f3n del Parque Isla del R\u00edo Magdalena -\",\"isPartOf\":{\"@id\":\"https:\/\/luchonoticias.com\/editor\/#website\"},\"primaryImageOfPage\":{\"@id\":\"https:\/\/luchonoticias.com\/editor\/ese-carmen-emilia-ospina-se-vincula-al-cuidado-y-proteccion-del-parque-isla-del-rio-magdalena\/#primaryimage\"},\"image\":{\"@id\":\"https:\/\/luchonoticias.com\/editor\/ese-carmen-emilia-ospina-se-vincula-al-cuidado-y-proteccion-del-parque-isla-del-rio-magdalena\/#primaryimage\"},\"thumbnailUrl\":\"https:\/\/luchonoticias.com\/wp-content\/uploads\/2023\/02\/WhatsApp-Image-2023-02-01-at-1.27.21-PM-1024x768.jpeg\",\"datePublished\":\"2023-02-01T19:53:26+00:00\",\"dateModified\":\"2023-02-01T19:53:28+00:00\",\"breadcrumb\":{\"@id\":\"https:\/\/luchonoticias.com\/editor\/ese-carmen-emilia-ospina-se-vincula-al-cuidado-y-proteccion-del-parque-isla-del-rio-magdalena\/#breadcrumb\"},\"inLanguage\":\"es\",\"potentialAction\":[{\"@type\":\"ReadAction\",\"target\":[\"https:\/\/luchonoticias.com\/editor\/ese-carmen-emilia-ospina-se-vincula-al-cuidado-y-proteccion-del-parque-isla-del-rio-magdalena\/\"]}]},{\"@type\":\"ImageObject\",\"inLanguage\":\"es\",\"@id\":\"https:\/\/luchonoticias.com\/editor\/ese-carmen-emilia-ospina-se-vincula-al-cuidado-y-proteccion-del-parque-isla-del-rio-magdalena\/#primaryimage\",\"url\":\"https:\/\/luchonoticias.com\/wp-content\/uploads\/2023\/02\/WhatsApp-Image-2023-02-01-at-1.27.21-PM-1024x768.jpeg\",\"contentUrl\":\"https:\/\/luchonoticias.com\/wp-content\/uploads\/2023\/02\/WhatsApp-Image-2023-02-01-at-1.27.21-PM-1024x768.jpeg\"},{\"@type\":\"BreadcrumbList\",\"@id\":\"https:\/\/luchonoticias.com\/editor\/ese-carmen-emilia-ospina-se-vincula-al-cuidado-y-proteccion-del-parque-isla-del-rio-magdalena\/#breadcrumb\",\"itemListElement\":[{\"@type\":\"ListItem\",\"position\":1,\"name\":\"Portada\",\"item\":\"https:\/\/luchonoticias.com\/editor\/\"},{\"@type\":\"ListItem\",\"position\":2,\"name\":\"ESE Carmen Emilia Ospina se vincula al cuidado y protecci\u00f3n del Parque Isla del R\u00edo Magdalena\"}]},{\"@type\":\"WebSite\",\"@id\":\"https:\/\/luchonoticias.com\/editor\/#website\",\"url\":\"https:\/\/luchonoticias.com\/editor\/\",\"name\":\"\",\"description\":\"\",\"publisher\":{\"@id\":\"https:\/\/luchonoticias.com\/editor\/#\/schema\/person\/7a7fd911f58561fd056dbac7b55af9cd\"},\"potentialAction\":[{\"@type\":\"SearchAction\",\"target\":{\"@type\":\"EntryPoint\",\"urlTemplate\":\"https:\/\/luchonoticias.com\/editor\/?s={search_term_string}\"},\"query-input\":{\"@type\":\"PropertyValueSpecification\",\"valueRequired\":true,\"valueName\":\"search_term_string\"}}],\"inLanguage\":\"es\"},{\"@type\":[\"Person\",\"Organization\"],\"@id\":\"https:\/\/luchonoticias.com\/editor\/#\/schema\/person\/7a7fd911f58561fd056dbac7b55af9cd\",\"name\":\"admin\",\"image\":{\"@type\":\"ImageObject\",\"inLanguage\":\"es\",\"@id\":\"https:\/\/luchonoticias.com\/editor\/#\/schema\/person\/image\/\",\"url\":\"https:\/\/luchonoticias.com\/editor\/wp-content\/uploads\/2024\/02\/cropped-cropped-logolu.webp\",\"contentUrl\":\"https:\/\/luchonoticias.com\/editor\/wp-content\/uploads\/2024\/02\/cropped-cropped-logolu.webp\",\"width\":382,\"height\":170,\"caption\":\"admin\"},\"logo\":{\"@id\":\"https:\/\/luchonoticias.com\/editor\/#\/schema\/person\/image\/\"},\"sameAs\":[\"https:\/\/www.facebook.com\/luchonoticiasneiva\"]},{\"@type\":\"Person\",\"@id\":\"https:\/\/luchonoticias.com\/editor\/#\/schema\/person\/29217990ddf6f14e35912b2866d591fb\",\"name\":\"Editor General\",\"image\":{\"@type\":\"ImageObject\",\"inLanguage\":\"es\",\"@id\":\"https:\/\/luchonoticias.com\/editor\/#\/schema\/person\/image\/\",\"url\":\"https:\/\/luchonoticias.com\/editor\/wp-content\/uploads\/2024\/02\/cropped-cropped-logolu-150x150.webp\",\"contentUrl\":\"https:\/\/luchonoticias.com\/editor\/wp-content\/uploads\/2024\/02\/cropped-cropped-logolu-150x150.webp\",\"caption\":\"Editor General\"},\"sameAs\":[\"https:\/\/luchonoticias.com\/\"],\"url\":\"https:\/\/luchonoticias.com\/editor\/author\/editor-general\/\"}]}<\/script>\n<!-- \/ Yoast SEO plugin. -->","yoast_head_json":{"title":"ESE Carmen Emilia Ospina se vincula al cuidado y protecci\u00f3n del Parque Isla del R\u00edo Magdalena -","robots":{"index":"index","follow":"follow","max-snippet":"max-snippet:-1","max-image-preview":"max-image-preview:large","max-video-preview":"max-video-preview:-1"},"canonical":"https:\/\/luchonoticias.com\/editor\/ese-carmen-emilia-ospina-se-vincula-al-cuidado-y-proteccion-del-parque-isla-del-rio-magdalena\/","og_locale":"es_ES","og_type":"article","og_title":"ESE Carmen Emilia Ospina se vincula al cuidado y protecci\u00f3n del Parque Isla del R\u00edo Magdalena -","og_url":"https:\/\/luchonoticias.com\/editor\/ese-carmen-emilia-ospina-se-vincula-al-cuidado-y-proteccion-del-parque-isla-del-rio-magdalena\/","article_publisher":"https:\/\/www.facebook.com\/luchonoticiasneiva","article_published_time":"2023-02-01T19:53:26+00:00","article_modified_time":"2023-02-01T19:53:28+00:00","og_image":[{"url":"https:\/\/luchonoticias.com\/wp-content\/uploads\/2023\/02\/WhatsApp-Image-2023-02-01-at-1.27.21-PM-1024x768.jpeg","type":"","width":"","height":""}],"author":"Editor General","twitter_card":"summary_large_image","twitter_misc":{"Escrito por":"Editor General","Tiempo de lectura":"2 minutos"},"schema":{"@context":"https:\/\/schema.org","@graph":[{"@type":"Article","@id":"https:\/\/luchonoticias.com\/editor\/ese-carmen-emilia-ospina-se-vincula-al-cuidado-y-proteccion-del-parque-isla-del-rio-magdalena\/#article","isPartOf":{"@id":"https:\/\/luchonoticias.com\/editor\/ese-carmen-emilia-ospina-se-vincula-al-cuidado-y-proteccion-del-parque-isla-del-rio-magdalena\/"},"author":{"name":"Editor General","@id":"https:\/\/luchonoticias.com\/editor\/#\/schema\/person\/29217990ddf6f14e35912b2866d591fb"},"headline":"ESE Carmen Emilia Ospina se vincula al cuidado y protecci\u00f3n del Parque Isla del R\u00edo Magdalena","datePublished":"2023-02-01T19:53:26+00:00","dateModified":"2023-02-01T19:53:28+00:00","mainEntityOfPage":{"@id":"https:\/\/luchonoticias.com\/editor\/ese-carmen-emilia-ospina-se-vincula-al-cuidado-y-proteccion-del-parque-isla-del-rio-magdalena\/"},"wordCount":439,"commentCount":0,"publisher":{"@id":"https:\/\/luchonoticias.com\/editor\/#\/schema\/person\/7a7fd911f58561fd056dbac7b55af9cd"},"image":{"@id":"https:\/\/luchonoticias.com\/editor\/ese-carmen-emilia-ospina-se-vincula-al-cuidado-y-proteccion-del-parque-isla-del-rio-magdalena\/#primaryimage"},"thumbnailUrl":"https:\/\/luchonoticias.com\/wp-content\/uploads\/2023\/02\/WhatsApp-Image-2023-02-01-at-1.27.21-PM-1024x768.jpeg","articleSection":["Destacado","Local"],"inLanguage":"es","potentialAction":[{"@type":"CommentAction","name":"Comment","target":["https:\/\/luchonoticias.com\/editor\/ese-carmen-emilia-ospina-se-vincula-al-cuidado-y-proteccion-del-parque-isla-del-rio-magdalena\/#respond"]}]},{"@type":"WebPage","@id":"https:\/\/luchonoticias.com\/editor\/ese-carmen-emilia-ospina-se-vincula-al-cuidado-y-proteccion-del-parque-isla-del-rio-magdalena\/","url":"https:\/\/luchonoticias.com\/editor\/ese-carmen-emilia-ospina-se-vincula-al-cuidado-y-proteccion-del-parque-isla-del-rio-magdalena\/","name":"ESE Carmen Emilia Ospina se vincula al cuidado y protecci\u00f3n del Parque Isla del R\u00edo Magdalena -","isPartOf":{"@id":"https:\/\/luchonoticias.com\/editor\/#website"},"primaryImageOfPage":{"@id":"https:\/\/luchonoticias.com\/editor\/ese-carmen-emilia-ospina-se-vincula-al-cuidado-y-proteccion-del-parque-isla-del-rio-magdalena\/#primaryimage"},"image":{"@id":"https:\/\/luchonoticias.com\/editor\/ese-carmen-emilia-ospina-se-vincula-al-cuidado-y-proteccion-del-parque-isla-del-rio-magdalena\/#primaryimage"},"thumbnailUrl":"https:\/\/luchonoticias.com\/wp-content\/uploads\/2023\/02\/WhatsApp-Image-2023-02-01-at-1.27.21-PM-1024x768.jpeg","datePublished":"2023-02-01T19:53:26+00:00","dateModified":"2023-02-01T19:53:28+00:00","breadcrumb":{"@id":"https:\/\/luchonoticias.com\/editor\/ese-carmen-emilia-ospina-se-vincula-al-cuidado-y-proteccion-del-parque-isla-del-rio-magdalena\/#breadcrumb"},"inLanguage":"es","potentialAction":[{"@type":"ReadAction","target":["https:\/\/luchonoticias.com\/editor\/ese-carmen-emilia-ospina-se-vincula-al-cuidado-y-proteccion-del-parque-isla-del-rio-magdalena\/"]}]},{"@type":"ImageObject","inLanguage":"es","@id":"https:\/\/luchonoticias.com\/editor\/ese-carmen-emilia-ospina-se-vincula-al-cuidado-y-proteccion-del-parque-isla-del-rio-magdalena\/#primaryimage","url":"https:\/\/luchonoticias.com\/wp-content\/uploads\/2023\/02\/WhatsApp-Image-2023-02-01-at-1.27.21-PM-1024x768.jpeg","contentUrl":"https:\/\/luchonoticias.com\/wp-content\/uploads\/2023\/02\/WhatsApp-Image-2023-02-01-at-1.27.21-PM-1024x768.jpeg"},{"@type":"BreadcrumbList","@id":"https:\/\/luchonoticias.com\/editor\/ese-carmen-emilia-ospina-se-vincula-al-cuidado-y-proteccion-del-parque-isla-del-rio-magdalena\/#breadcrumb","itemListElement":[{"@type":"ListItem","position":1,"name":"Portada","item":"https:\/\/luchonoticias.com\/editor\/"},{"@type":"ListItem","position":2,"name":"ESE Carmen Emilia Ospina se vincula al cuidado y protecci\u00f3n del Parque Isla del R\u00edo Magdalena"}]},{"@type":"WebSite","@id":"https:\/\/luchonoticias.com\/editor\/#website","url":"https:\/\/luchonoticias.com\/editor\/","name":"","description":"","publisher":{"@id":"https:\/\/luchonoticias.com\/editor\/#\/schema\/person\/7a7fd911f58561fd056dbac7b55af9cd"},"potentialAction":[{"@type":"SearchAction","target":{"@type":"EntryPoint","urlTemplate":"https:\/\/luchonoticias.com\/editor\/?s={search_term_string}"},"query-input":{"@type":"PropertyValueSpecification","valueRequired":true,"valueName":"search_term_string"}}],"inLanguage":"es"},{"@type":["Person","Organization"],"@id":"https:\/\/luchonoticias.com\/editor\/#\/schema\/person\/7a7fd911f58561fd056dbac7b55af9cd","name":"admin","image":{"@type":"ImageObject","inLanguage":"es","@id":"https:\/\/luchonoticias.com\/editor\/#\/schema\/person\/image\/","url":"https:\/\/luchonoticias.com\/editor\/wp-content\/uploads\/2024\/02\/cropped-cropped-logolu.webp","contentUrl":"https:\/\/luchonoticias.com\/editor\/wp-content\/uploads\/2024\/02\/cropped-cropped-logolu.webp","width":382,"height":170,"caption":"admin"},"logo":{"@id":"https:\/\/luchonoticias.com\/editor\/#\/schema\/person\/image\/"},"sameAs":["https:\/\/www.facebook.com\/luchonoticiasneiva"]},{"@type":"Person","@id":"https:\/\/luchonoticias.com\/editor\/#\/schema\/person\/29217990ddf6f14e35912b2866d591fb","name":"Editor General","image":{"@type":"ImageObject","inLanguage":"es","@id":"https:\/\/luchonoticias.com\/editor\/#\/schema\/person\/image\/","url":"https:\/\/luchonoticias.com\/editor\/wp-content\/uploads\/2024\/02\/cropped-cropped-logolu-150x150.webp","contentUrl":"https:\/\/luchonoticias.com\/editor\/wp-content\/uploads\/2024\/02\/cropped-cropped-logolu-150x150.webp","caption":"Editor General"},"sameAs":["https:\/\/luchonoticias.com\/"],"url":"https:\/\/luchonoticias.com\/editor\/author\/editor-general\/"}]}},"_links":{"self":[{"href":"https:\/\/luchonoticias.com\/editor\/wp-json\/wp\/v2\/posts\/45335","targetHints":{"allow":["GET"]}}],"collection":[{"href":"https:\/\/luchonoticias.com\/editor\/wp-json\/wp\/v2\/posts"}],"about":[{"href":"https:\/\/luchonoticias.com\/editor\/wp-json\/wp\/v2\/types\/post"}],"author":[{"embeddable":true,"href":"https:\/\/luchonoticias.com\/editor\/wp-json\/wp\/v2\/users\/2"}],"replies":[{"embeddable":true,"href":"https:\/\/luchonoticias.com\/editor\/wp-json\/wp\/v2\/comments?post=45335"}],"version-history":[{"count":0,"href":"https:\/\/luchonoticias.com\/editor\/wp-json\/wp\/v2\/posts\/45335\/revisions"}],"wp:attachment":[{"href":"https:\/\/luchonoticias.com\/editor\/wp-json\/wp\/v2\/media?parent=45335"}],"wp:term":[{"taxonomy":"category","embeddable":true,"href":"https:\/\/luchonoticias.com\/editor\/wp-json\/wp\/v2\/categories?post=45335"},{"taxonomy":"post_tag","embeddable":true,"href":"https:\/\/luchonoticias.com\/editor\/wp-json\/wp\/v2\/tags?post=45335"}],"curies":[{"name":"wp","href":"https:\/\/api.w.org\/{rel}","templated":true}]}}