{"id":45345,"date":"2023-02-01T15:02:09","date_gmt":"2023-02-01T20:02:09","guid":{"rendered":"https:\/\/luchonoticias.com\/?p=45345"},"modified":"2023-02-01T15:02:10","modified_gmt":"2023-02-01T20:02:10","slug":"abc-del-proyecto-de-ley-de-minjusticia-para-restablecer-derechos-a-victimas-y-favorecer-la-resocializacion-de-privados-de-la-libertad","status":"publish","type":"post","link":"https:\/\/luchonoticias.com\/editor\/abc-del-proyecto-de-ley-de-minjusticia-para-restablecer-derechos-a-victimas-y-favorecer-la-resocializacion-de-privados-de-la-libertad\/","title":{"rendered":"ABC del proyecto de ley de MinJusticia para restablecer derechos a v\u00edctimas y favorecer la resocializaci\u00f3n de privados de la libertad"},"content":{"rendered":"\n<p>El Ministerio de Justicia puso a disposici\u00f3n de la ciudadan\u00eda el borrador del proyecto de ley\u200b que \u201cbusca humanizar la pol\u00edtica criminal y penitenciaria para superar el estado de cosas inconstitucional\u201d, tal como lo establece el texto de la iniciativa en su exposici\u00f3n de motivos.<\/p>\n\n\n\n<p>La publicaci\u00f3n del borrador del proyecto hace parte de una campa\u00f1a que emprendi\u00f3 la cartera de Justicia, dirigida a los medios de comunicaci\u00f3n, las redes sociales y a la sociedad en general, con el prop\u00f3sito de socializar la iniciativa y explicar sus alcances.<\/p>\n\n\n\n<p>Es as\u00ed como el Ministro de Justicia, N\u00e9stor Iv\u00e1n Osuna, se reuni\u00f3 en sesi\u00f3n virtual con los gobernadores y alcaldes del pa\u00eds para socializar el proyecto de ley de modernizaci\u00f3n del sistema penitenciario, que busca el cumplimiento de las penas y la reincorporaci\u00f3n social de los condenados y que esta cartera impulsar\u00e1 en la legislatura que comienza en el Congreso.<\/p>\n\n\n\n<p>Al respecto, Osuna ha dicho: \u201cPreferimos que el debate se d\u00e9 sobre bases ciertas. El proyecto de ley que vamos a radicar en el Congreso no es un proyecto de excarcelaci\u00f3n ni much\u00edsimo menos un proyecto de impunidad. Es un proyecto que est\u00e1 centrado en restablecer el derecho a las v\u00edctimas, favorecer la resocializaci\u00f3n de las personas privadas de la libertad y establecer un grado de actividades de las personas privadas de la libertad que les permitir\u00eda irse reincorporando a la sociedad\u201d.<\/p>\n\n\n\n<p>El Ministro de Justicia tambi\u00e9n ha reiterado que esta iniciativa, que se basa en los principios de la justicia restaurativa, busca \u201cevitar la reincidencia\u201d.<\/p>\n\n\n\n<p>Asimismo, ha invitado a \u201cun di\u00e1logo con argumentos, art\u00edculo por art\u00edculo, mirando qu\u00e9 conviene, que se le puede cambiar, pero la democracia es la democracia y bienvenida cualquier forma de expresi\u00f3n democr\u00e1tica. Todos estamos de acuerdo en la finalidad de tener una sociedad con menos impunidad y este proyecto le apunta a eso\u201d.<\/p>\n\n\n\n<p>Estas son los principales ejes del proyecto puesto a consideraci\u00f3n de la ciudadan\u00eda por el Ministerio de Justicia:<\/p>\n\n\n\n<p><strong>\u00bfQu\u00e9 busca este proyecto?<\/strong><\/p>\n\n\n\n<p>\u2022 Este proyecto busca modernizar el sistema penitenciario en todo el pa\u00eds, para que cumpla su finalidad de devolver a la sociedad personas que se han responsabilizado por los delitos que cometieron y que est\u00e1n comprometidos con no volver a delinquir.<\/p>\n\n\n\n<p>\u2022 Lo hace a trav\u00e9s del uso de las herramientas actualmente vigentes en la ley penitenciaria, seguido por un principio elemental: a mayor avance del individuo en su resocializaci\u00f3n, siempre que tenga una conducta ejemplar en prisi\u00f3n, podr\u00e1 progresivamente irse reincorporando a la sociedad a trav\u00e9s de la obtenci\u00f3n de permisos que ser\u00e1n ordenados por jueces. La diferencia est\u00e1 en el dinamismo con que se espera que funcione: si la persona condenada cumple los requisitos ir\u00e1 obteniendo permisos cada vez m\u00e1s progresivos hasta el final de su tiempo en prisi\u00f3n. Pero, si incumple en cualquier momento se acaban las posibilidades de acceso a los permisos.<\/p>\n\n\n\n<p><strong>\u00bfQui\u00e9n no podr\u00eda solicitar la suspensi\u00f3n de la ejecuci\u00f3n de la pena y la detenci\u00f3n domiciliaria como alternativa a la prisi\u00f3n?<\/strong><\/p>\n\n\n\n<p>\u2022 Ning\u00fan condenado por delitos sexuales contra ni\u00f1os, ni\u00f1as y adolescentes ni los condenados por delitos contra las personas y bienes protegidos por el Derecho Internacional Humanitario (DIH), por graves violaciones de los derechos humanos, contra la administraci\u00f3n p\u00fablica, por delitos cometidos por la criminalidad organizada o delitos graves de seguridad ciudadana, puede solicitar la suspensi\u00f3n de la ejecuci\u00f3n de la pena o la detenci\u00f3n domiciliaria como sustitutiva de la prisi\u00f3n intramural.<\/p>\n\n\n\n<p>\u2022 Casos como la extorsi\u00f3n o el hurto con violencia sobre las personas o los atracos que tanto preocupan por el riesgo que corren los ciudadanos, no estar\u00e1n cobijados con esta medida.<\/p>\n\n\n\n<p><strong>\u00bfLos condenados por delitos sexuales contra ni\u00f1os, ni\u00f1as y adolescentes podr\u00e1n salir de la c\u00e1rcel a trabajar?<\/strong><\/p>\n\n\n\n<p>\u2022 La legislaci\u00f3n actual es contundente en restringir la salida de personas condenadas por delitos sexuales, particularmente si las v\u00edctimas son ni\u00f1os, ni\u00f1as y adolescentes. En ning\u00fan caso a los condenados por delitos sexuales contra menores de edad se les permita gozar de alg\u00fan beneficio que les autorice volver a la calle. El proyecto mantiene todas las restricciones ya previstas por el legislador.<\/p>\n\n\n\n<p><strong>\u00bfQu\u00e9 beneficios trae el proyecto?<\/strong><\/p>\n\n\n\n<p>\u2022 Este proyecto busca satisfacer los derechos de las v\u00edctimas, quienes hasta ahora han estado excluidas.<\/p>\n\n\n\n<p>\u2022 Reducir los costos del sistema penitenciario. Para que funcione en condiciones dignas requiere de un presupuesto de 5,1 billones de pesos.<\/p>\n\n\n\n<p>\u2022 El proyecto tambi\u00e9n pretender aumentar la seguridad para los ciudadanos, porque busca reducir los \u00edndices de reincidencia, que una persona que haya sido condenada no vuelva a cometer delitos, entre otras cosas, porque ya conoci\u00f3 lo dura que es la vida en las c\u00e1rceles.<\/p>\n\n\n\n<p><strong>\u00bfEl proyecto de ley propone la rebaja de penas?<\/strong><\/p>\n\n\n\n<p>\u2022 No es un proyecto para conceder rebaja masiva de penas. Tampoco es un proyecto de impunidad ni de excarcelaciones. Es una iniciativa pensada en la seguridad de los ciudadanos, en quitar cargas al sistema judicial, en atender el d\u00e9ficit del acceso a la justicia, y mejorar la capacidad efectiva de los sistemas penal y penitenciario. Adem\u00e1s, abre la puerta a la conciliaci\u00f3n en materia penal en centros de conciliaci\u00f3n, consolidando as\u00ed v\u00edas r\u00e1pidas para la terminaci\u00f3n de conflictos.<\/p>\n\n\n\n<p><strong>\u00bfPor qu\u00e9 la reforma le apuesta a la resocializaci\u00f3n y a la justicia restaurativa?<\/strong><\/p>\n\n\n\n<p>\u2022 El proyecto de reforma le apuesta a que el tiempo que una persona est\u00e9 privada de la libertad sea un tiempo productivo para \u00e9l y para la sociedad. En Colombia no existe la cadena perpetua. Todas las personas que fueron condenadas a prisi\u00f3n, tarde o temprano, van a salir de la c\u00e1rcel.<\/p>\n\n\n\n<p><strong>\u00bfQu\u00e9 busca el proyecto como sociedad?<\/strong><\/p>\n\n\n\n<p>\u2022 Pretende que los presos se conviertan en personas que aporten al desarrollo del pa\u00eds y no sigan engrosando las cifras de la criminalidad.<\/p>\n\n\n\n<p>\u2022 Engordar las estad\u00edsticas de capturas no resuelve los problemas del pa\u00eds. Las c\u00e1rceles no pueden seguir siendo escuelas del crimen. Deben transformarse en espacios de vida, de educaci\u00f3n, de dignidad, de oportunidad, de arrepentimiento y reparaci\u00f3n.<\/p>\n\n\n\n<p><strong>\u00bfLa iniciativa, de ser aprobada, afectar\u00eda la seguridad ciudadana?<\/strong><\/p>\n\n\n\n<p>\u2022 La humanizaci\u00f3n de las c\u00e1rceles no ri\u00f1e con la seguridad ciudadana. Todo lo contrario. En la medida en que logremos reducir la reincidencia habr\u00e1 menos delitos y m\u00e1s seguridad.<\/p>\n\n\n\n<p>\u00bfQu\u00e9 pasa cuando una persona condenada incumple los compromisos de la prisi\u00f3n abierta?<\/p>\n\n\n\n<p>\u2022 El condenado que incumpla los acuerdos que le permitieron acceder a los permisos de una c\u00e1rcel abierta no solo se expone a la revocatoria de estos beneficios y a su exclusi\u00f3n definitiva del programa, sino que tambi\u00e9n deber\u00e1 enfrentar un nuevo proceso penal, por ejemplo, por fuga de presos.<\/p>\n\n\n\n<p><strong>\u00bfA qui\u00e9nes se otorgar\u00edan los beneficios de la prisi\u00f3n abierta?<\/strong><\/p>\n\n\n\n<p>\u2022 Estos permisos son para personas que ya han cumplido una parte significativa de su pena, quienes est\u00e1n pr\u00f3ximos a recuperar su libertad, a saldar su deuda con la sociedad. Si incumplen volver\u00edan a la c\u00e1rcel, sin ning\u00fan beneficio. De hecho, actualmente en Colombia cerca de 3.000 personas privadas de la libertad tienen acceso al beneficio administrativo de 72 horas.<\/p>\n\n\n\n<p><strong>\u00bfSe est\u00e1 pensando convertir las c\u00e1rceles en un hotel?<\/strong><\/p>\n\n\n\n<p>\u2022 Quienes afirman que con la posibilidad de que m\u00e1s personas condenadas salgan a trabajar de d\u00eda y regresen en la noche est\u00e1n convirtiendo las c\u00e1rceles en hoteles, desconocen que esa norma est\u00e1 vigente en el C\u00f3digo de Procedimiento Penal y en el C\u00f3digo Penitenciario desde hace m\u00e1s de 20 a\u00f1os, y, lo que es peor, minimizan lo que significa estar preso.<\/p>\n\n\n\n<p><strong>\u00bfPor qu\u00e9 se propone eliminar el delito de incesto?<\/strong><\/p>\n\n\n\n<p>\u2022 La primera. El incesto actualmente tiene una pena de 1 a 4 a\u00f1os. Con el proyecto buscamos que cuando la v\u00edctima sea una menor de edad estos casos se manejen como un delito de acceso carnal violento agravado, que tiene una pena m\u00ednima de 40 a\u00f1os. Es decir, no es excarcelable.<\/p>\n\n\n\n<div data-wp-interactive=\"core\/file\" class=\"wp-block-file\"><object data-wp-bind--hidden=\"!state.hasPdfPreview\" hidden class=\"wp-block-file__embed\" data=\"https:\/\/luchonoticias.com\/wp-content\/uploads\/2023\/02\/EXPOSICION-DE-MOTIVOS-PL-HUMANIZACION-MJD.pdf\" type=\"application\/pdf\" style=\"width:100%;height:600px\" aria-label=\"Incrustado de EXPOSICION-DE-MOTIVOS-PL-HUMANIZACION-MJD.\"><\/object><a id=\"wp-block-file--media-6c504824-4d17-4e3c-b846-145fd9247392\" href=\"https:\/\/luchonoticias.com\/wp-content\/uploads\/2023\/02\/EXPOSICION-DE-MOTIVOS-PL-HUMANIZACION-MJD.pdf\">EXPOSICION-DE-MOTIVOS-PL-HUMANIZACION-MJD<\/a><a href=\"https:\/\/luchonoticias.com\/wp-content\/uploads\/2023\/02\/EXPOSICION-DE-MOTIVOS-PL-HUMANIZACION-MJD.pdf\" class=\"wp-block-file__button wp-element-button\" download aria-describedby=\"wp-block-file--media-6c504824-4d17-4e3c-b846-145fd9247392\">Descarga<\/a><\/div>\n","protected":false},"excerpt":{"rendered":"<p>El Ministerio de Justicia puso a disposici\u00f3n de la ciudadan\u00eda el borrador del proyecto de ley\u200b que \u201cbusca humanizar la pol\u00edtica criminal y penitenciaria para superar el estado de cosas inconstitucional\u201d, tal como lo establece el texto de la iniciativa en su exposici\u00f3n de motivos. La publicaci\u00f3n del borrador del proyecto hace parte de una [&hellip;]<\/p>\n","protected":false},"author":2,"featured_media":0,"comment_status":"open","ping_status":"open","sticky":false,"template":"","format":"standard","meta":{"footnotes":""},"categories":[36,32],"tags":[],"class_list":["post-45345","post","type-post","status-publish","format-standard","hentry","category-destacado","category-nacional"],"yoast_head":"<!-- This site is optimized with the Yoast SEO plugin v26.6 - https:\/\/yoast.com\/wordpress\/plugins\/seo\/ -->\n<title>ABC del proyecto de ley de MinJusticia para restablecer derechos a v\u00edctimas y favorecer la resocializaci\u00f3n de privados de la libertad -<\/title>\n<meta name=\"robots\" content=\"index, follow, max-snippet:-1, max-image-preview:large, max-video-preview:-1\" \/>\n<link rel=\"canonical\" href=\"https:\/\/luchonoticias.com\/editor\/abc-del-proyecto-de-ley-de-minjusticia-para-restablecer-derechos-a-victimas-y-favorecer-la-resocializacion-de-privados-de-la-libertad\/\" \/>\n<meta property=\"og:locale\" content=\"es_ES\" \/>\n<meta property=\"og:type\" content=\"article\" \/>\n<meta property=\"og:title\" content=\"ABC del proyecto de ley de MinJusticia para restablecer derechos a v\u00edctimas y favorecer la resocializaci\u00f3n de privados de la libertad -\" \/>\n<meta property=\"og:url\" content=\"https:\/\/luchonoticias.com\/editor\/abc-del-proyecto-de-ley-de-minjusticia-para-restablecer-derechos-a-victimas-y-favorecer-la-resocializacion-de-privados-de-la-libertad\/\" \/>\n<meta property=\"article:publisher\" content=\"https:\/\/www.facebook.com\/luchonoticiasneiva\" \/>\n<meta property=\"article:published_time\" content=\"2023-02-01T20:02:09+00:00\" \/>\n<meta property=\"article:modified_time\" content=\"2023-02-01T20:02:10+00:00\" \/>\n<meta name=\"author\" content=\"Editor General\" \/>\n<meta name=\"twitter:card\" content=\"summary_large_image\" \/>\n<meta name=\"twitter:label1\" content=\"Escrito por\" \/>\n\t<meta name=\"twitter:data1\" content=\"Editor General\" \/>\n\t<meta name=\"twitter:label2\" content=\"Tiempo de lectura\" \/>\n\t<meta name=\"twitter:data2\" content=\"7 minutos\" \/>\n<script type=\"application\/ld+json\" class=\"yoast-schema-graph\">{\"@context\":\"https:\/\/schema.org\",\"@graph\":[{\"@type\":\"Article\",\"@id\":\"https:\/\/luchonoticias.com\/editor\/abc-del-proyecto-de-ley-de-minjusticia-para-restablecer-derechos-a-victimas-y-favorecer-la-resocializacion-de-privados-de-la-libertad\/#article\",\"isPartOf\":{\"@id\":\"https:\/\/luchonoticias.com\/editor\/abc-del-proyecto-de-ley-de-minjusticia-para-restablecer-derechos-a-victimas-y-favorecer-la-resocializacion-de-privados-de-la-libertad\/\"},\"author\":{\"name\":\"Editor General\",\"@id\":\"https:\/\/luchonoticias.com\/editor\/#\/schema\/person\/29217990ddf6f14e35912b2866d591fb\"},\"headline\":\"ABC del proyecto de ley de MinJusticia para restablecer derechos a v\u00edctimas y favorecer la resocializaci\u00f3n de privados de la libertad\",\"datePublished\":\"2023-02-01T20:02:09+00:00\",\"dateModified\":\"2023-02-01T20:02:10+00:00\",\"mainEntityOfPage\":{\"@id\":\"https:\/\/luchonoticias.com\/editor\/abc-del-proyecto-de-ley-de-minjusticia-para-restablecer-derechos-a-victimas-y-favorecer-la-resocializacion-de-privados-de-la-libertad\/\"},\"wordCount\":1408,\"commentCount\":0,\"publisher\":{\"@id\":\"https:\/\/luchonoticias.com\/editor\/#\/schema\/person\/7a7fd911f58561fd056dbac7b55af9cd\"},\"articleSection\":[\"Destacado\",\"Nacional\"],\"inLanguage\":\"es\",\"potentialAction\":[{\"@type\":\"CommentAction\",\"name\":\"Comment\",\"target\":[\"https:\/\/luchonoticias.com\/editor\/abc-del-proyecto-de-ley-de-minjusticia-para-restablecer-derechos-a-victimas-y-favorecer-la-resocializacion-de-privados-de-la-libertad\/#respond\"]}]},{\"@type\":\"WebPage\",\"@id\":\"https:\/\/luchonoticias.com\/editor\/abc-del-proyecto-de-ley-de-minjusticia-para-restablecer-derechos-a-victimas-y-favorecer-la-resocializacion-de-privados-de-la-libertad\/\",\"url\":\"https:\/\/luchonoticias.com\/editor\/abc-del-proyecto-de-ley-de-minjusticia-para-restablecer-derechos-a-victimas-y-favorecer-la-resocializacion-de-privados-de-la-libertad\/\",\"name\":\"ABC del proyecto de ley de MinJusticia para restablecer derechos a v\u00edctimas y favorecer la resocializaci\u00f3n de privados de la libertad -\",\"isPartOf\":{\"@id\":\"https:\/\/luchonoticias.com\/editor\/#website\"},\"datePublished\":\"2023-02-01T20:02:09+00:00\",\"dateModified\":\"2023-02-01T20:02:10+00:00\",\"breadcrumb\":{\"@id\":\"https:\/\/luchonoticias.com\/editor\/abc-del-proyecto-de-ley-de-minjusticia-para-restablecer-derechos-a-victimas-y-favorecer-la-resocializacion-de-privados-de-la-libertad\/#breadcrumb\"},\"inLanguage\":\"es\",\"potentialAction\":[{\"@type\":\"ReadAction\",\"target\":[\"https:\/\/luchonoticias.com\/editor\/abc-del-proyecto-de-ley-de-minjusticia-para-restablecer-derechos-a-victimas-y-favorecer-la-resocializacion-de-privados-de-la-libertad\/\"]}]},{\"@type\":\"BreadcrumbList\",\"@id\":\"https:\/\/luchonoticias.com\/editor\/abc-del-proyecto-de-ley-de-minjusticia-para-restablecer-derechos-a-victimas-y-favorecer-la-resocializacion-de-privados-de-la-libertad\/#breadcrumb\",\"itemListElement\":[{\"@type\":\"ListItem\",\"position\":1,\"name\":\"Portada\",\"item\":\"https:\/\/luchonoticias.com\/editor\/\"},{\"@type\":\"ListItem\",\"position\":2,\"name\":\"ABC del proyecto de ley de MinJusticia para restablecer derechos a v\u00edctimas y favorecer la resocializaci\u00f3n de privados de la libertad\"}]},{\"@type\":\"WebSite\",\"@id\":\"https:\/\/luchonoticias.com\/editor\/#website\",\"url\":\"https:\/\/luchonoticias.com\/editor\/\",\"name\":\"\",\"description\":\"\",\"publisher\":{\"@id\":\"https:\/\/luchonoticias.com\/editor\/#\/schema\/person\/7a7fd911f58561fd056dbac7b55af9cd\"},\"potentialAction\":[{\"@type\":\"SearchAction\",\"target\":{\"@type\":\"EntryPoint\",\"urlTemplate\":\"https:\/\/luchonoticias.com\/editor\/?s={search_term_string}\"},\"query-input\":{\"@type\":\"PropertyValueSpecification\",\"valueRequired\":true,\"valueName\":\"search_term_string\"}}],\"inLanguage\":\"es\"},{\"@type\":[\"Person\",\"Organization\"],\"@id\":\"https:\/\/luchonoticias.com\/editor\/#\/schema\/person\/7a7fd911f58561fd056dbac7b55af9cd\",\"name\":\"admin\",\"image\":{\"@type\":\"ImageObject\",\"inLanguage\":\"es\",\"@id\":\"https:\/\/luchonoticias.com\/editor\/#\/schema\/person\/image\/\",\"url\":\"https:\/\/luchonoticias.com\/editor\/wp-content\/uploads\/2024\/02\/cropped-cropped-logolu.webp\",\"contentUrl\":\"https:\/\/luchonoticias.com\/editor\/wp-content\/uploads\/2024\/02\/cropped-cropped-logolu.webp\",\"width\":382,\"height\":170,\"caption\":\"admin\"},\"logo\":{\"@id\":\"https:\/\/luchonoticias.com\/editor\/#\/schema\/person\/image\/\"},\"sameAs\":[\"https:\/\/www.facebook.com\/luchonoticiasneiva\"]},{\"@type\":\"Person\",\"@id\":\"https:\/\/luchonoticias.com\/editor\/#\/schema\/person\/29217990ddf6f14e35912b2866d591fb\",\"name\":\"Editor General\",\"image\":{\"@type\":\"ImageObject\",\"inLanguage\":\"es\",\"@id\":\"https:\/\/luchonoticias.com\/editor\/#\/schema\/person\/image\/\",\"url\":\"https:\/\/luchonoticias.com\/editor\/wp-content\/uploads\/2024\/02\/cropped-cropped-logolu-150x150.webp\",\"contentUrl\":\"https:\/\/luchonoticias.com\/editor\/wp-content\/uploads\/2024\/02\/cropped-cropped-logolu-150x150.webp\",\"caption\":\"Editor General\"},\"sameAs\":[\"https:\/\/luchonoticias.com\/\"],\"url\":\"https:\/\/luchonoticias.com\/editor\/author\/editor-general\/\"}]}<\/script>\n<!-- \/ Yoast SEO plugin. -->","yoast_head_json":{"title":"ABC del proyecto de ley de MinJusticia para restablecer derechos a v\u00edctimas y favorecer la resocializaci\u00f3n de privados de la libertad -","robots":{"index":"index","follow":"follow","max-snippet":"max-snippet:-1","max-image-preview":"max-image-preview:large","max-video-preview":"max-video-preview:-1"},"canonical":"https:\/\/luchonoticias.com\/editor\/abc-del-proyecto-de-ley-de-minjusticia-para-restablecer-derechos-a-victimas-y-favorecer-la-resocializacion-de-privados-de-la-libertad\/","og_locale":"es_ES","og_type":"article","og_title":"ABC del proyecto de ley de MinJusticia para restablecer derechos a v\u00edctimas y favorecer la resocializaci\u00f3n de privados de la libertad -","og_url":"https:\/\/luchonoticias.com\/editor\/abc-del-proyecto-de-ley-de-minjusticia-para-restablecer-derechos-a-victimas-y-favorecer-la-resocializacion-de-privados-de-la-libertad\/","article_publisher":"https:\/\/www.facebook.com\/luchonoticiasneiva","article_published_time":"2023-02-01T20:02:09+00:00","article_modified_time":"2023-02-01T20:02:10+00:00","author":"Editor General","twitter_card":"summary_large_image","twitter_misc":{"Escrito por":"Editor General","Tiempo de lectura":"7 minutos"},"schema":{"@context":"https:\/\/schema.org","@graph":[{"@type":"Article","@id":"https:\/\/luchonoticias.com\/editor\/abc-del-proyecto-de-ley-de-minjusticia-para-restablecer-derechos-a-victimas-y-favorecer-la-resocializacion-de-privados-de-la-libertad\/#article","isPartOf":{"@id":"https:\/\/luchonoticias.com\/editor\/abc-del-proyecto-de-ley-de-minjusticia-para-restablecer-derechos-a-victimas-y-favorecer-la-resocializacion-de-privados-de-la-libertad\/"},"author":{"name":"Editor General","@id":"https:\/\/luchonoticias.com\/editor\/#\/schema\/person\/29217990ddf6f14e35912b2866d591fb"},"headline":"ABC del proyecto de ley de MinJusticia para restablecer derechos a v\u00edctimas y favorecer la resocializaci\u00f3n de privados de la libertad","datePublished":"2023-02-01T20:02:09+00:00","dateModified":"2023-02-01T20:02:10+00:00","mainEntityOfPage":{"@id":"https:\/\/luchonoticias.com\/editor\/abc-del-proyecto-de-ley-de-minjusticia-para-restablecer-derechos-a-victimas-y-favorecer-la-resocializacion-de-privados-de-la-libertad\/"},"wordCount":1408,"commentCount":0,"publisher":{"@id":"https:\/\/luchonoticias.com\/editor\/#\/schema\/person\/7a7fd911f58561fd056dbac7b55af9cd"},"articleSection":["Destacado","Nacional"],"inLanguage":"es","potentialAction":[{"@type":"CommentAction","name":"Comment","target":["https:\/\/luchonoticias.com\/editor\/abc-del-proyecto-de-ley-de-minjusticia-para-restablecer-derechos-a-victimas-y-favorecer-la-resocializacion-de-privados-de-la-libertad\/#respond"]}]},{"@type":"WebPage","@id":"https:\/\/luchonoticias.com\/editor\/abc-del-proyecto-de-ley-de-minjusticia-para-restablecer-derechos-a-victimas-y-favorecer-la-resocializacion-de-privados-de-la-libertad\/","url":"https:\/\/luchonoticias.com\/editor\/abc-del-proyecto-de-ley-de-minjusticia-para-restablecer-derechos-a-victimas-y-favorecer-la-resocializacion-de-privados-de-la-libertad\/","name":"ABC del proyecto de ley de MinJusticia para restablecer derechos a v\u00edctimas y favorecer la resocializaci\u00f3n de privados de la libertad -","isPartOf":{"@id":"https:\/\/luchonoticias.com\/editor\/#website"},"datePublished":"2023-02-01T20:02:09+00:00","dateModified":"2023-02-01T20:02:10+00:00","breadcrumb":{"@id":"https:\/\/luchonoticias.com\/editor\/abc-del-proyecto-de-ley-de-minjusticia-para-restablecer-derechos-a-victimas-y-favorecer-la-resocializacion-de-privados-de-la-libertad\/#breadcrumb"},"inLanguage":"es","potentialAction":[{"@type":"ReadAction","target":["https:\/\/luchonoticias.com\/editor\/abc-del-proyecto-de-ley-de-minjusticia-para-restablecer-derechos-a-victimas-y-favorecer-la-resocializacion-de-privados-de-la-libertad\/"]}]},{"@type":"BreadcrumbList","@id":"https:\/\/luchonoticias.com\/editor\/abc-del-proyecto-de-ley-de-minjusticia-para-restablecer-derechos-a-victimas-y-favorecer-la-resocializacion-de-privados-de-la-libertad\/#breadcrumb","itemListElement":[{"@type":"ListItem","position":1,"name":"Portada","item":"https:\/\/luchonoticias.com\/editor\/"},{"@type":"ListItem","position":2,"name":"ABC del proyecto de ley de MinJusticia para restablecer derechos a v\u00edctimas y favorecer la resocializaci\u00f3n de privados de la libertad"}]},{"@type":"WebSite","@id":"https:\/\/luchonoticias.com\/editor\/#website","url":"https:\/\/luchonoticias.com\/editor\/","name":"","description":"","publisher":{"@id":"https:\/\/luchonoticias.com\/editor\/#\/schema\/person\/7a7fd911f58561fd056dbac7b55af9cd"},"potentialAction":[{"@type":"SearchAction","target":{"@type":"EntryPoint","urlTemplate":"https:\/\/luchonoticias.com\/editor\/?s={search_term_string}"},"query-input":{"@type":"PropertyValueSpecification","valueRequired":true,"valueName":"search_term_string"}}],"inLanguage":"es"},{"@type":["Person","Organization"],"@id":"https:\/\/luchonoticias.com\/editor\/#\/schema\/person\/7a7fd911f58561fd056dbac7b55af9cd","name":"admin","image":{"@type":"ImageObject","inLanguage":"es","@id":"https:\/\/luchonoticias.com\/editor\/#\/schema\/person\/image\/","url":"https:\/\/luchonoticias.com\/editor\/wp-content\/uploads\/2024\/02\/cropped-cropped-logolu.webp","contentUrl":"https:\/\/luchonoticias.com\/editor\/wp-content\/uploads\/2024\/02\/cropped-cropped-logolu.webp","width":382,"height":170,"caption":"admin"},"logo":{"@id":"https:\/\/luchonoticias.com\/editor\/#\/schema\/person\/image\/"},"sameAs":["https:\/\/www.facebook.com\/luchonoticiasneiva"]},{"@type":"Person","@id":"https:\/\/luchonoticias.com\/editor\/#\/schema\/person\/29217990ddf6f14e35912b2866d591fb","name":"Editor General","image":{"@type":"ImageObject","inLanguage":"es","@id":"https:\/\/luchonoticias.com\/editor\/#\/schema\/person\/image\/","url":"https:\/\/luchonoticias.com\/editor\/wp-content\/uploads\/2024\/02\/cropped-cropped-logolu-150x150.webp","contentUrl":"https:\/\/luchonoticias.com\/editor\/wp-content\/uploads\/2024\/02\/cropped-cropped-logolu-150x150.webp","caption":"Editor General"},"sameAs":["https:\/\/luchonoticias.com\/"],"url":"https:\/\/luchonoticias.com\/editor\/author\/editor-general\/"}]}},"_links":{"self":[{"href":"https:\/\/luchonoticias.com\/editor\/wp-json\/wp\/v2\/posts\/45345","targetHints":{"allow":["GET"]}}],"collection":[{"href":"https:\/\/luchonoticias.com\/editor\/wp-json\/wp\/v2\/posts"}],"about":[{"href":"https:\/\/luchonoticias.com\/editor\/wp-json\/wp\/v2\/types\/post"}],"author":[{"embeddable":true,"href":"https:\/\/luchonoticias.com\/editor\/wp-json\/wp\/v2\/users\/2"}],"replies":[{"embeddable":true,"href":"https:\/\/luchonoticias.com\/editor\/wp-json\/wp\/v2\/comments?post=45345"}],"version-history":[{"count":0,"href":"https:\/\/luchonoticias.com\/editor\/wp-json\/wp\/v2\/posts\/45345\/revisions"}],"wp:attachment":[{"href":"https:\/\/luchonoticias.com\/editor\/wp-json\/wp\/v2\/media?parent=45345"}],"wp:term":[{"taxonomy":"category","embeddable":true,"href":"https:\/\/luchonoticias.com\/editor\/wp-json\/wp\/v2\/categories?post=45345"},{"taxonomy":"post_tag","embeddable":true,"href":"https:\/\/luchonoticias.com\/editor\/wp-json\/wp\/v2\/tags?post=45345"}],"curies":[{"name":"wp","href":"https:\/\/api.w.org\/{rel}","templated":true}]}}