{"id":45367,"date":"2023-02-02T07:21:07","date_gmt":"2023-02-02T12:21:07","guid":{"rendered":"https:\/\/luchonoticias.com\/?p=45367"},"modified":"2023-02-02T07:21:31","modified_gmt":"2023-02-02T12:21:31","slug":"iniciaron-las-incorporaciones-para-prestar-el-servicio-militar","status":"publish","type":"post","link":"https:\/\/luchonoticias.com\/editor\/iniciaron-las-incorporaciones-para-prestar-el-servicio-militar\/","title":{"rendered":"Iniciaron las incorporaciones para prestar el servicio militar"},"content":{"rendered":"\n<p>Del 1 al 17 de febrero, en el Huila, a trav\u00e9s de la Novena Zona de Reclutamiento y los Distritos Militares 46&nbsp; y 52, se adelanta el proceso de incorporacion de los hombres y mujeres que prestar\u00e1n su servicio militar haciendo parte del primer contingente 2023.<\/p>\n\n\n\n<p>Los j\u00f3venes entre los 18 y hasta faltando un d\u00eda para cumplir los 24 a\u00f1os de edad, tras superar los examenes psicof\u00edsicos, ser\u00e1n seleccionados por su talento humano, sus aptitudes y por su amor patrio.<\/p>\n\n\n\n<p>Los hombres y mujeres que deciden unirse a esta gran experiencia, recibir\u00e1n, entre otros, los siguientes beneficios:<\/p>\n\n\n\n<p>1. Servicios de salud prioritaria y general, as\u00ed como la atenci\u00f3n en las necesidades b\u00e1sicas.<\/p>\n\n\n\n<p>2. Suministro de vestuario o dotaci\u00f3n necesaria para el uso durante su servicio y al momento de licenciarse con una dotaci\u00f3n de vestido civil equivalente a 1 SMMLV ($1.160.000).<\/p>\n\n\n\n<p>3. Estad\u00eda y alimentaci\u00f3n durante el tiempo de permanencia, con&nbsp; est\u00e1ndares de calidad establecidos por el comit\u00e9 de nutrici\u00f3n.<\/p>\n\n\n\n<p>4. Transporte para su traslado al lugar de destinaci\u00f3n, su sostenimiento durante el viaje y el regreso a su domicilio una vez licenciado o desacuartelado.<\/p>\n\n\n\n<p>5. Bonificaci\u00f3n mensual durante el tiempo de servicio militar equivalente a $348.000 para el a\u00f1o 2023, dinero que, junto a los dem\u00e1s beneficios econ\u00f3micos recibidos por la prestaci\u00f3n del servicio, ser\u00e1 consignado en su cuenta de ahorros, en din\u00e1mica del proyecto de bancarizaci\u00f3n que lideran las Fuerzas Militares; con ello se contribuye en el proceso de iniciar y fortalecer su vida crediticia y comenzar a manejar productos bancarios.<\/p>\n\n\n\n<p>6. Bonificaci\u00f3n en el mes de diciembre equivalente a $348.000 para aquellos soldados que presten su servicio militar.<\/p>\n\n\n\n<p>7. Obtendr\u00e1n un reconocimiento adicional mensual de $55.570 quienes se destaquen en la prestaci\u00f3n de su servicio como dragoneante.<\/p>\n\n\n\n<p>8. Capacitaci\u00f3n para la adaptaci\u00f3n a su regreso a casa en el \u00faltimo mes de su servicio militar.<\/p>\n\n\n\n<p>9. Orientaci\u00f3n opcional y voluntaria en algunos programas de formaci\u00f3n laboral productiva del Servicio Nacional de Aprendizaje, Sena.<\/p>\n\n\n\n<p>10. Obtenci\u00f3n de cr\u00e9dito con el Icetex.<\/p>\n\n\n\n<p>11. Permisos y devoluci\u00f3n econ\u00f3mica proporcional de la partida de alimentaci\u00f3n.<\/p>\n\n\n\n<p>12. Descuento y estudio institucional para otorgamiento de matr\u00edcula cero financiera en la carrera militar en las diferentes escuelas de formaci\u00f3n (oficial, suboficial y soldado profesional).<\/p>\n\n\n\n<p>13. El tiempo que el ciudadano permaneci\u00f3 en la prestaci\u00f3n de servicio militar es computable, es decir, se tendr\u00e1 en cuenta para la sumatoria de semanas de cotizaci\u00f3n en los fondos de pensi\u00f3n p\u00fablico y privados. En las instituciones de la Fuerza P\u00fablica le ser\u00e1 computado para efectos de cesant\u00eda y prima de antig\u00fcedad en los t\u00e9rminos de la ley.<\/p>\n\n\n\n<p>14. Obtenci\u00f3n de tarjeta de reservista de primera clase f\u00edsica y digital con constancia electr\u00f3nica, acreditaci\u00f3n que le permitir\u00e1 ser priorizado en programas o pol\u00edticas de generaci\u00f3n de empleo y promoci\u00f3n de enganche laboral.<\/p>\n\n\n\n<p>15. Prelaci\u00f3n para acceder a cursos de capacitaci\u00f3n en el marco de la Pol\u00edtica de Servicio P\u00fablico de Empleo.<\/p>\n\n\n\n<p>16. Estos j\u00f3venes, con su servicio militar, bien pueden apoyar las labores de la conservaci\u00f3n del medio ambiente, brindar\u00e1n seguridad en las v\u00edas, ayudar\u00e1n en la atenci\u00f3n humanitaria y las situaciones que los requieran; podr\u00e1n desarrollar tambi\u00e9n tareas administrativas fortaleciendo la misi\u00f3n institucional del Ej\u00e9rcito Nacional de Colombia.<\/p>\n\n\n\n<p>De esta forma, el Ej\u00e9rcito Nacional ratifica su firme compromiso de seguir contribuyendo al desarrollo social del pa\u00eds, promoviendo la inclusi\u00f3n social y potenciando el capital humano de los colombianos.<\/p>\n\n\n\n<figure class=\"wp-block-video\"><video controls loop src=\"https:\/\/luchonoticias.com\/wp-content\/uploads\/2023\/02\/WhatsApp-Video-2023-02-01-at-7.10.29-PM-1.mp4\"><\/video><\/figure>\n","protected":false},"excerpt":{"rendered":"<p>Del 1 al 17 de febrero, en el Huila, a trav\u00e9s de la Novena Zona de Reclutamiento y los Distritos Militares 46&nbsp; y 52, se adelanta el proceso de incorporacion de los hombres y mujeres que prestar\u00e1n su servicio militar haciendo parte del primer contingente 2023. Los j\u00f3venes entre los 18 y hasta faltando un [&hellip;]<\/p>\n","protected":false},"author":2,"featured_media":0,"comment_status":"open","ping_status":"open","sticky":false,"template":"","format":"standard","meta":{"footnotes":""},"categories":[36,31,3962],"tags":[],"class_list":["post-45367","post","type-post","status-publish","format-standard","hentry","category-destacado","category-local","category-videos"],"yoast_head":"<!-- This site is optimized with the Yoast SEO plugin v26.6 - https:\/\/yoast.com\/wordpress\/plugins\/seo\/ -->\n<title>Iniciaron las incorporaciones para prestar el servicio militar -<\/title>\n<meta name=\"robots\" content=\"index, follow, max-snippet:-1, max-image-preview:large, max-video-preview:-1\" \/>\n<link rel=\"canonical\" href=\"https:\/\/luchonoticias.com\/editor\/iniciaron-las-incorporaciones-para-prestar-el-servicio-militar\/\" \/>\n<meta property=\"og:locale\" content=\"es_ES\" \/>\n<meta property=\"og:type\" content=\"article\" \/>\n<meta property=\"og:title\" content=\"Iniciaron las incorporaciones para prestar el servicio militar -\" \/>\n<meta property=\"og:url\" content=\"https:\/\/luchonoticias.com\/editor\/iniciaron-las-incorporaciones-para-prestar-el-servicio-militar\/\" \/>\n<meta property=\"article:publisher\" content=\"https:\/\/www.facebook.com\/luchonoticiasneiva\" \/>\n<meta property=\"article:published_time\" content=\"2023-02-02T12:21:07+00:00\" \/>\n<meta property=\"article:modified_time\" content=\"2023-02-02T12:21:31+00:00\" \/>\n<meta name=\"author\" content=\"Editor General\" \/>\n<meta name=\"twitter:card\" content=\"summary_large_image\" \/>\n<meta name=\"twitter:label1\" content=\"Escrito por\" \/>\n\t<meta name=\"twitter:data1\" content=\"Editor General\" \/>\n\t<meta name=\"twitter:label2\" content=\"Tiempo de lectura\" \/>\n\t<meta name=\"twitter:data2\" content=\"3 minutos\" \/>\n<script type=\"application\/ld+json\" class=\"yoast-schema-graph\">{\"@context\":\"https:\/\/schema.org\",\"@graph\":[{\"@type\":\"Article\",\"@id\":\"https:\/\/luchonoticias.com\/editor\/iniciaron-las-incorporaciones-para-prestar-el-servicio-militar\/#article\",\"isPartOf\":{\"@id\":\"https:\/\/luchonoticias.com\/editor\/iniciaron-las-incorporaciones-para-prestar-el-servicio-militar\/\"},\"author\":{\"name\":\"Editor General\",\"@id\":\"https:\/\/luchonoticias.com\/editor\/#\/schema\/person\/29217990ddf6f14e35912b2866d591fb\"},\"headline\":\"Iniciaron las incorporaciones para prestar el servicio militar\",\"datePublished\":\"2023-02-02T12:21:07+00:00\",\"dateModified\":\"2023-02-02T12:21:31+00:00\",\"mainEntityOfPage\":{\"@id\":\"https:\/\/luchonoticias.com\/editor\/iniciaron-las-incorporaciones-para-prestar-el-servicio-militar\/\"},\"wordCount\":613,\"commentCount\":0,\"publisher\":{\"@id\":\"https:\/\/luchonoticias.com\/editor\/#\/schema\/person\/7a7fd911f58561fd056dbac7b55af9cd\"},\"articleSection\":[\"Destacado\",\"Local\",\"Videos\"],\"inLanguage\":\"es\",\"potentialAction\":[{\"@type\":\"CommentAction\",\"name\":\"Comment\",\"target\":[\"https:\/\/luchonoticias.com\/editor\/iniciaron-las-incorporaciones-para-prestar-el-servicio-militar\/#respond\"]}]},{\"@type\":\"WebPage\",\"@id\":\"https:\/\/luchonoticias.com\/editor\/iniciaron-las-incorporaciones-para-prestar-el-servicio-militar\/\",\"url\":\"https:\/\/luchonoticias.com\/editor\/iniciaron-las-incorporaciones-para-prestar-el-servicio-militar\/\",\"name\":\"Iniciaron las incorporaciones para prestar el servicio militar -\",\"isPartOf\":{\"@id\":\"https:\/\/luchonoticias.com\/editor\/#website\"},\"datePublished\":\"2023-02-02T12:21:07+00:00\",\"dateModified\":\"2023-02-02T12:21:31+00:00\",\"breadcrumb\":{\"@id\":\"https:\/\/luchonoticias.com\/editor\/iniciaron-las-incorporaciones-para-prestar-el-servicio-militar\/#breadcrumb\"},\"inLanguage\":\"es\",\"potentialAction\":[{\"@type\":\"ReadAction\",\"target\":[\"https:\/\/luchonoticias.com\/editor\/iniciaron-las-incorporaciones-para-prestar-el-servicio-militar\/\"]}]},{\"@type\":\"BreadcrumbList\",\"@id\":\"https:\/\/luchonoticias.com\/editor\/iniciaron-las-incorporaciones-para-prestar-el-servicio-militar\/#breadcrumb\",\"itemListElement\":[{\"@type\":\"ListItem\",\"position\":1,\"name\":\"Portada\",\"item\":\"https:\/\/luchonoticias.com\/editor\/\"},{\"@type\":\"ListItem\",\"position\":2,\"name\":\"Iniciaron las incorporaciones para prestar el servicio militar\"}]},{\"@type\":\"WebSite\",\"@id\":\"https:\/\/luchonoticias.com\/editor\/#website\",\"url\":\"https:\/\/luchonoticias.com\/editor\/\",\"name\":\"\",\"description\":\"\",\"publisher\":{\"@id\":\"https:\/\/luchonoticias.com\/editor\/#\/schema\/person\/7a7fd911f58561fd056dbac7b55af9cd\"},\"potentialAction\":[{\"@type\":\"SearchAction\",\"target\":{\"@type\":\"EntryPoint\",\"urlTemplate\":\"https:\/\/luchonoticias.com\/editor\/?s={search_term_string}\"},\"query-input\":{\"@type\":\"PropertyValueSpecification\",\"valueRequired\":true,\"valueName\":\"search_term_string\"}}],\"inLanguage\":\"es\"},{\"@type\":[\"Person\",\"Organization\"],\"@id\":\"https:\/\/luchonoticias.com\/editor\/#\/schema\/person\/7a7fd911f58561fd056dbac7b55af9cd\",\"name\":\"admin\",\"image\":{\"@type\":\"ImageObject\",\"inLanguage\":\"es\",\"@id\":\"https:\/\/luchonoticias.com\/editor\/#\/schema\/person\/image\/\",\"url\":\"https:\/\/luchonoticias.com\/editor\/wp-content\/uploads\/2024\/02\/cropped-cropped-logolu.webp\",\"contentUrl\":\"https:\/\/luchonoticias.com\/editor\/wp-content\/uploads\/2024\/02\/cropped-cropped-logolu.webp\",\"width\":382,\"height\":170,\"caption\":\"admin\"},\"logo\":{\"@id\":\"https:\/\/luchonoticias.com\/editor\/#\/schema\/person\/image\/\"},\"sameAs\":[\"https:\/\/www.facebook.com\/luchonoticiasneiva\"]},{\"@type\":\"Person\",\"@id\":\"https:\/\/luchonoticias.com\/editor\/#\/schema\/person\/29217990ddf6f14e35912b2866d591fb\",\"name\":\"Editor General\",\"image\":{\"@type\":\"ImageObject\",\"inLanguage\":\"es\",\"@id\":\"https:\/\/luchonoticias.com\/editor\/#\/schema\/person\/image\/\",\"url\":\"https:\/\/luchonoticias.com\/editor\/wp-content\/uploads\/2024\/02\/cropped-cropped-logolu-150x150.webp\",\"contentUrl\":\"https:\/\/luchonoticias.com\/editor\/wp-content\/uploads\/2024\/02\/cropped-cropped-logolu-150x150.webp\",\"caption\":\"Editor General\"},\"sameAs\":[\"https:\/\/luchonoticias.com\/\"],\"url\":\"https:\/\/luchonoticias.com\/editor\/author\/editor-general\/\"}]}<\/script>\n<!-- \/ Yoast SEO plugin. -->","yoast_head_json":{"title":"Iniciaron las incorporaciones para prestar el servicio militar -","robots":{"index":"index","follow":"follow","max-snippet":"max-snippet:-1","max-image-preview":"max-image-preview:large","max-video-preview":"max-video-preview:-1"},"canonical":"https:\/\/luchonoticias.com\/editor\/iniciaron-las-incorporaciones-para-prestar-el-servicio-militar\/","og_locale":"es_ES","og_type":"article","og_title":"Iniciaron las incorporaciones para prestar el servicio militar -","og_url":"https:\/\/luchonoticias.com\/editor\/iniciaron-las-incorporaciones-para-prestar-el-servicio-militar\/","article_publisher":"https:\/\/www.facebook.com\/luchonoticiasneiva","article_published_time":"2023-02-02T12:21:07+00:00","article_modified_time":"2023-02-02T12:21:31+00:00","author":"Editor General","twitter_card":"summary_large_image","twitter_misc":{"Escrito por":"Editor General","Tiempo de lectura":"3 minutos"},"schema":{"@context":"https:\/\/schema.org","@graph":[{"@type":"Article","@id":"https:\/\/luchonoticias.com\/editor\/iniciaron-las-incorporaciones-para-prestar-el-servicio-militar\/#article","isPartOf":{"@id":"https:\/\/luchonoticias.com\/editor\/iniciaron-las-incorporaciones-para-prestar-el-servicio-militar\/"},"author":{"name":"Editor General","@id":"https:\/\/luchonoticias.com\/editor\/#\/schema\/person\/29217990ddf6f14e35912b2866d591fb"},"headline":"Iniciaron las incorporaciones para prestar el servicio militar","datePublished":"2023-02-02T12:21:07+00:00","dateModified":"2023-02-02T12:21:31+00:00","mainEntityOfPage":{"@id":"https:\/\/luchonoticias.com\/editor\/iniciaron-las-incorporaciones-para-prestar-el-servicio-militar\/"},"wordCount":613,"commentCount":0,"publisher":{"@id":"https:\/\/luchonoticias.com\/editor\/#\/schema\/person\/7a7fd911f58561fd056dbac7b55af9cd"},"articleSection":["Destacado","Local","Videos"],"inLanguage":"es","potentialAction":[{"@type":"CommentAction","name":"Comment","target":["https:\/\/luchonoticias.com\/editor\/iniciaron-las-incorporaciones-para-prestar-el-servicio-militar\/#respond"]}]},{"@type":"WebPage","@id":"https:\/\/luchonoticias.com\/editor\/iniciaron-las-incorporaciones-para-prestar-el-servicio-militar\/","url":"https:\/\/luchonoticias.com\/editor\/iniciaron-las-incorporaciones-para-prestar-el-servicio-militar\/","name":"Iniciaron las incorporaciones para prestar el servicio militar -","isPartOf":{"@id":"https:\/\/luchonoticias.com\/editor\/#website"},"datePublished":"2023-02-02T12:21:07+00:00","dateModified":"2023-02-02T12:21:31+00:00","breadcrumb":{"@id":"https:\/\/luchonoticias.com\/editor\/iniciaron-las-incorporaciones-para-prestar-el-servicio-militar\/#breadcrumb"},"inLanguage":"es","potentialAction":[{"@type":"ReadAction","target":["https:\/\/luchonoticias.com\/editor\/iniciaron-las-incorporaciones-para-prestar-el-servicio-militar\/"]}]},{"@type":"BreadcrumbList","@id":"https:\/\/luchonoticias.com\/editor\/iniciaron-las-incorporaciones-para-prestar-el-servicio-militar\/#breadcrumb","itemListElement":[{"@type":"ListItem","position":1,"name":"Portada","item":"https:\/\/luchonoticias.com\/editor\/"},{"@type":"ListItem","position":2,"name":"Iniciaron las incorporaciones para prestar el servicio militar"}]},{"@type":"WebSite","@id":"https:\/\/luchonoticias.com\/editor\/#website","url":"https:\/\/luchonoticias.com\/editor\/","name":"","description":"","publisher":{"@id":"https:\/\/luchonoticias.com\/editor\/#\/schema\/person\/7a7fd911f58561fd056dbac7b55af9cd"},"potentialAction":[{"@type":"SearchAction","target":{"@type":"EntryPoint","urlTemplate":"https:\/\/luchonoticias.com\/editor\/?s={search_term_string}"},"query-input":{"@type":"PropertyValueSpecification","valueRequired":true,"valueName":"search_term_string"}}],"inLanguage":"es"},{"@type":["Person","Organization"],"@id":"https:\/\/luchonoticias.com\/editor\/#\/schema\/person\/7a7fd911f58561fd056dbac7b55af9cd","name":"admin","image":{"@type":"ImageObject","inLanguage":"es","@id":"https:\/\/luchonoticias.com\/editor\/#\/schema\/person\/image\/","url":"https:\/\/luchonoticias.com\/editor\/wp-content\/uploads\/2024\/02\/cropped-cropped-logolu.webp","contentUrl":"https:\/\/luchonoticias.com\/editor\/wp-content\/uploads\/2024\/02\/cropped-cropped-logolu.webp","width":382,"height":170,"caption":"admin"},"logo":{"@id":"https:\/\/luchonoticias.com\/editor\/#\/schema\/person\/image\/"},"sameAs":["https:\/\/www.facebook.com\/luchonoticiasneiva"]},{"@type":"Person","@id":"https:\/\/luchonoticias.com\/editor\/#\/schema\/person\/29217990ddf6f14e35912b2866d591fb","name":"Editor General","image":{"@type":"ImageObject","inLanguage":"es","@id":"https:\/\/luchonoticias.com\/editor\/#\/schema\/person\/image\/","url":"https:\/\/luchonoticias.com\/editor\/wp-content\/uploads\/2024\/02\/cropped-cropped-logolu-150x150.webp","contentUrl":"https:\/\/luchonoticias.com\/editor\/wp-content\/uploads\/2024\/02\/cropped-cropped-logolu-150x150.webp","caption":"Editor General"},"sameAs":["https:\/\/luchonoticias.com\/"],"url":"https:\/\/luchonoticias.com\/editor\/author\/editor-general\/"}]}},"_links":{"self":[{"href":"https:\/\/luchonoticias.com\/editor\/wp-json\/wp\/v2\/posts\/45367","targetHints":{"allow":["GET"]}}],"collection":[{"href":"https:\/\/luchonoticias.com\/editor\/wp-json\/wp\/v2\/posts"}],"about":[{"href":"https:\/\/luchonoticias.com\/editor\/wp-json\/wp\/v2\/types\/post"}],"author":[{"embeddable":true,"href":"https:\/\/luchonoticias.com\/editor\/wp-json\/wp\/v2\/users\/2"}],"replies":[{"embeddable":true,"href":"https:\/\/luchonoticias.com\/editor\/wp-json\/wp\/v2\/comments?post=45367"}],"version-history":[{"count":0,"href":"https:\/\/luchonoticias.com\/editor\/wp-json\/wp\/v2\/posts\/45367\/revisions"}],"wp:attachment":[{"href":"https:\/\/luchonoticias.com\/editor\/wp-json\/wp\/v2\/media?parent=45367"}],"wp:term":[{"taxonomy":"category","embeddable":true,"href":"https:\/\/luchonoticias.com\/editor\/wp-json\/wp\/v2\/categories?post=45367"},{"taxonomy":"post_tag","embeddable":true,"href":"https:\/\/luchonoticias.com\/editor\/wp-json\/wp\/v2\/tags?post=45367"}],"curies":[{"name":"wp","href":"https:\/\/api.w.org\/{rel}","templated":true}]}}