{"id":45371,"date":"2023-02-02T07:33:06","date_gmt":"2023-02-02T12:33:06","guid":{"rendered":"https:\/\/luchonoticias.com\/?p=45371"},"modified":"2023-02-02T07:33:07","modified_gmt":"2023-02-02T12:33:07","slug":"sera-trasladado-a-carcel-la-picota-de-bogota-el-presunto-asesino-de-la-nina-maria-camila","status":"publish","type":"post","link":"https:\/\/luchonoticias.com\/editor\/sera-trasladado-a-carcel-la-picota-de-bogota-el-presunto-asesino-de-la-nina-maria-camila\/","title":{"rendered":"Ser\u00e1 trasladado a c\u00e1rcel La Picota de Bogot\u00e1 el presunto asesino de la ni\u00f1a Mar\u00eda Camila"},"content":{"rendered":"\n<p>En las \u00faltimas horas, las autoridades revelaron que el investigado por su presunta responsabilidad en el asesinato de la ni\u00f1a Mar\u00eda Camila Plazas Luna, en el municipio de Pitalito y &nbsp;que se encuentra en el centro de reclusi\u00f3n en el Valle de Laboyos, ser\u00e1 llevado por su seguridad a la capital de la Rep\u00fablica.<\/p>\n\n\n\n<p>\u201cEl traslado es por preservar la seguridad del procesado, para que otros miembros de la poblaci\u00f3n carcelaria no atenten contra su vida. Ya est\u00e1 firmada la resoluci\u00f3n de traslado inmediato del asesino de Mar\u00eda Camila a una C\u00e1rcel de m\u00e1xima seguridad. Mantendremos todo el apoyo a la familia y verificaremos jur\u00eddicamente que este caso no quede impune y reciba la pena m\u00e1xima\u201d, puntualiz\u00f3 el mandatario local en Facebook.<\/p>\n\n\n\n<p>El implicado est\u00e1 a la espera que un juez de conocimiento, en segunda instancia, le resuelva la apelaci\u00f3n a la medida de aseguramiento en centro carcelario que le impuso la Juez Promiscua Municipal de Palestina con Funciones de Garant\u00edas.<\/p>\n","protected":false},"excerpt":{"rendered":"<p>En las \u00faltimas horas, las autoridades revelaron que el investigado por su presunta responsabilidad en el asesinato de la ni\u00f1a Mar\u00eda Camila Plazas Luna, en el municipio de Pitalito y &nbsp;que se encuentra en el centro de reclusi\u00f3n en el Valle de Laboyos, ser\u00e1 llevado por su seguridad a la capital de la Rep\u00fablica. \u201cEl [&hellip;]<\/p>\n","protected":false},"author":2,"featured_media":0,"comment_status":"open","ping_status":"open","sticky":false,"template":"","format":"standard","meta":{"footnotes":""},"categories":[36,29],"tags":[],"class_list":["post-45371","post","type-post","status-publish","format-standard","hentry","category-destacado","category-judicial"],"yoast_head":"<!-- This site is optimized with the Yoast SEO plugin v26.6 - https:\/\/yoast.com\/wordpress\/plugins\/seo\/ -->\n<title>Ser\u00e1 trasladado a c\u00e1rcel La Picota de Bogot\u00e1 el presunto asesino de la ni\u00f1a Mar\u00eda Camila -<\/title>\n<meta name=\"robots\" content=\"index, follow, max-snippet:-1, max-image-preview:large, max-video-preview:-1\" \/>\n<link rel=\"canonical\" href=\"https:\/\/luchonoticias.com\/editor\/sera-trasladado-a-carcel-la-picota-de-bogota-el-presunto-asesino-de-la-nina-maria-camila\/\" \/>\n<meta property=\"og:locale\" content=\"es_ES\" \/>\n<meta property=\"og:type\" content=\"article\" \/>\n<meta property=\"og:title\" content=\"Ser\u00e1 trasladado a c\u00e1rcel La Picota de Bogot\u00e1 el presunto asesino de la ni\u00f1a Mar\u00eda Camila -\" \/>\n<meta property=\"og:url\" content=\"https:\/\/luchonoticias.com\/editor\/sera-trasladado-a-carcel-la-picota-de-bogota-el-presunto-asesino-de-la-nina-maria-camila\/\" \/>\n<meta property=\"article:publisher\" content=\"https:\/\/www.facebook.com\/luchonoticiasneiva\" \/>\n<meta property=\"article:published_time\" content=\"2023-02-02T12:33:06+00:00\" \/>\n<meta property=\"article:modified_time\" content=\"2023-02-02T12:33:07+00:00\" \/>\n<meta name=\"author\" content=\"Editor General\" \/>\n<meta name=\"twitter:card\" content=\"summary_large_image\" \/>\n<meta name=\"twitter:label1\" content=\"Escrito por\" \/>\n\t<meta name=\"twitter:data1\" content=\"Editor General\" \/>\n\t<meta name=\"twitter:label2\" content=\"Tiempo de lectura\" \/>\n\t<meta name=\"twitter:data2\" content=\"1 minuto\" \/>\n<script type=\"application\/ld+json\" class=\"yoast-schema-graph\">{\"@context\":\"https:\/\/schema.org\",\"@graph\":[{\"@type\":\"Article\",\"@id\":\"https:\/\/luchonoticias.com\/editor\/sera-trasladado-a-carcel-la-picota-de-bogota-el-presunto-asesino-de-la-nina-maria-camila\/#article\",\"isPartOf\":{\"@id\":\"https:\/\/luchonoticias.com\/editor\/sera-trasladado-a-carcel-la-picota-de-bogota-el-presunto-asesino-de-la-nina-maria-camila\/\"},\"author\":{\"name\":\"Editor General\",\"@id\":\"https:\/\/luchonoticias.com\/editor\/#\/schema\/person\/29217990ddf6f14e35912b2866d591fb\"},\"headline\":\"Ser\u00e1 trasladado a c\u00e1rcel La Picota de Bogot\u00e1 el presunto asesino de la ni\u00f1a Mar\u00eda Camila\",\"datePublished\":\"2023-02-02T12:33:06+00:00\",\"dateModified\":\"2023-02-02T12:33:07+00:00\",\"mainEntityOfPage\":{\"@id\":\"https:\/\/luchonoticias.com\/editor\/sera-trasladado-a-carcel-la-picota-de-bogota-el-presunto-asesino-de-la-nina-maria-camila\/\"},\"wordCount\":194,\"commentCount\":0,\"publisher\":{\"@id\":\"https:\/\/luchonoticias.com\/editor\/#\/schema\/person\/7a7fd911f58561fd056dbac7b55af9cd\"},\"articleSection\":[\"Destacado\",\"Judicial\"],\"inLanguage\":\"es\",\"potentialAction\":[{\"@type\":\"CommentAction\",\"name\":\"Comment\",\"target\":[\"https:\/\/luchonoticias.com\/editor\/sera-trasladado-a-carcel-la-picota-de-bogota-el-presunto-asesino-de-la-nina-maria-camila\/#respond\"]}]},{\"@type\":\"WebPage\",\"@id\":\"https:\/\/luchonoticias.com\/editor\/sera-trasladado-a-carcel-la-picota-de-bogota-el-presunto-asesino-de-la-nina-maria-camila\/\",\"url\":\"https:\/\/luchonoticias.com\/editor\/sera-trasladado-a-carcel-la-picota-de-bogota-el-presunto-asesino-de-la-nina-maria-camila\/\",\"name\":\"Ser\u00e1 trasladado a c\u00e1rcel La Picota de Bogot\u00e1 el presunto asesino de la ni\u00f1a Mar\u00eda Camila -\",\"isPartOf\":{\"@id\":\"https:\/\/luchonoticias.com\/editor\/#website\"},\"datePublished\":\"2023-02-02T12:33:06+00:00\",\"dateModified\":\"2023-02-02T12:33:07+00:00\",\"breadcrumb\":{\"@id\":\"https:\/\/luchonoticias.com\/editor\/sera-trasladado-a-carcel-la-picota-de-bogota-el-presunto-asesino-de-la-nina-maria-camila\/#breadcrumb\"},\"inLanguage\":\"es\",\"potentialAction\":[{\"@type\":\"ReadAction\",\"target\":[\"https:\/\/luchonoticias.com\/editor\/sera-trasladado-a-carcel-la-picota-de-bogota-el-presunto-asesino-de-la-nina-maria-camila\/\"]}]},{\"@type\":\"BreadcrumbList\",\"@id\":\"https:\/\/luchonoticias.com\/editor\/sera-trasladado-a-carcel-la-picota-de-bogota-el-presunto-asesino-de-la-nina-maria-camila\/#breadcrumb\",\"itemListElement\":[{\"@type\":\"ListItem\",\"position\":1,\"name\":\"Portada\",\"item\":\"https:\/\/luchonoticias.com\/editor\/\"},{\"@type\":\"ListItem\",\"position\":2,\"name\":\"Ser\u00e1 trasladado a c\u00e1rcel La Picota de Bogot\u00e1 el presunto asesino de la ni\u00f1a Mar\u00eda Camila\"}]},{\"@type\":\"WebSite\",\"@id\":\"https:\/\/luchonoticias.com\/editor\/#website\",\"url\":\"https:\/\/luchonoticias.com\/editor\/\",\"name\":\"\",\"description\":\"\",\"publisher\":{\"@id\":\"https:\/\/luchonoticias.com\/editor\/#\/schema\/person\/7a7fd911f58561fd056dbac7b55af9cd\"},\"potentialAction\":[{\"@type\":\"SearchAction\",\"target\":{\"@type\":\"EntryPoint\",\"urlTemplate\":\"https:\/\/luchonoticias.com\/editor\/?s={search_term_string}\"},\"query-input\":{\"@type\":\"PropertyValueSpecification\",\"valueRequired\":true,\"valueName\":\"search_term_string\"}}],\"inLanguage\":\"es\"},{\"@type\":[\"Person\",\"Organization\"],\"@id\":\"https:\/\/luchonoticias.com\/editor\/#\/schema\/person\/7a7fd911f58561fd056dbac7b55af9cd\",\"name\":\"admin\",\"image\":{\"@type\":\"ImageObject\",\"inLanguage\":\"es\",\"@id\":\"https:\/\/luchonoticias.com\/editor\/#\/schema\/person\/image\/\",\"url\":\"https:\/\/luchonoticias.com\/editor\/wp-content\/uploads\/2024\/02\/cropped-cropped-logolu.webp\",\"contentUrl\":\"https:\/\/luchonoticias.com\/editor\/wp-content\/uploads\/2024\/02\/cropped-cropped-logolu.webp\",\"width\":382,\"height\":170,\"caption\":\"admin\"},\"logo\":{\"@id\":\"https:\/\/luchonoticias.com\/editor\/#\/schema\/person\/image\/\"},\"sameAs\":[\"https:\/\/www.facebook.com\/luchonoticiasneiva\"]},{\"@type\":\"Person\",\"@id\":\"https:\/\/luchonoticias.com\/editor\/#\/schema\/person\/29217990ddf6f14e35912b2866d591fb\",\"name\":\"Editor General\",\"image\":{\"@type\":\"ImageObject\",\"inLanguage\":\"es\",\"@id\":\"https:\/\/luchonoticias.com\/editor\/#\/schema\/person\/image\/\",\"url\":\"https:\/\/luchonoticias.com\/editor\/wp-content\/uploads\/2024\/02\/cropped-cropped-logolu-150x150.webp\",\"contentUrl\":\"https:\/\/luchonoticias.com\/editor\/wp-content\/uploads\/2024\/02\/cropped-cropped-logolu-150x150.webp\",\"caption\":\"Editor General\"},\"sameAs\":[\"https:\/\/luchonoticias.com\/\"],\"url\":\"https:\/\/luchonoticias.com\/editor\/author\/editor-general\/\"}]}<\/script>\n<!-- \/ Yoast SEO plugin. -->","yoast_head_json":{"title":"Ser\u00e1 trasladado a c\u00e1rcel La Picota de Bogot\u00e1 el presunto asesino de la ni\u00f1a Mar\u00eda Camila -","robots":{"index":"index","follow":"follow","max-snippet":"max-snippet:-1","max-image-preview":"max-image-preview:large","max-video-preview":"max-video-preview:-1"},"canonical":"https:\/\/luchonoticias.com\/editor\/sera-trasladado-a-carcel-la-picota-de-bogota-el-presunto-asesino-de-la-nina-maria-camila\/","og_locale":"es_ES","og_type":"article","og_title":"Ser\u00e1 trasladado a c\u00e1rcel La Picota de Bogot\u00e1 el presunto asesino de la ni\u00f1a Mar\u00eda Camila -","og_url":"https:\/\/luchonoticias.com\/editor\/sera-trasladado-a-carcel-la-picota-de-bogota-el-presunto-asesino-de-la-nina-maria-camila\/","article_publisher":"https:\/\/www.facebook.com\/luchonoticiasneiva","article_published_time":"2023-02-02T12:33:06+00:00","article_modified_time":"2023-02-02T12:33:07+00:00","author":"Editor General","twitter_card":"summary_large_image","twitter_misc":{"Escrito por":"Editor General","Tiempo de lectura":"1 minuto"},"schema":{"@context":"https:\/\/schema.org","@graph":[{"@type":"Article","@id":"https:\/\/luchonoticias.com\/editor\/sera-trasladado-a-carcel-la-picota-de-bogota-el-presunto-asesino-de-la-nina-maria-camila\/#article","isPartOf":{"@id":"https:\/\/luchonoticias.com\/editor\/sera-trasladado-a-carcel-la-picota-de-bogota-el-presunto-asesino-de-la-nina-maria-camila\/"},"author":{"name":"Editor General","@id":"https:\/\/luchonoticias.com\/editor\/#\/schema\/person\/29217990ddf6f14e35912b2866d591fb"},"headline":"Ser\u00e1 trasladado a c\u00e1rcel La Picota de Bogot\u00e1 el presunto asesino de la ni\u00f1a Mar\u00eda Camila","datePublished":"2023-02-02T12:33:06+00:00","dateModified":"2023-02-02T12:33:07+00:00","mainEntityOfPage":{"@id":"https:\/\/luchonoticias.com\/editor\/sera-trasladado-a-carcel-la-picota-de-bogota-el-presunto-asesino-de-la-nina-maria-camila\/"},"wordCount":194,"commentCount":0,"publisher":{"@id":"https:\/\/luchonoticias.com\/editor\/#\/schema\/person\/7a7fd911f58561fd056dbac7b55af9cd"},"articleSection":["Destacado","Judicial"],"inLanguage":"es","potentialAction":[{"@type":"CommentAction","name":"Comment","target":["https:\/\/luchonoticias.com\/editor\/sera-trasladado-a-carcel-la-picota-de-bogota-el-presunto-asesino-de-la-nina-maria-camila\/#respond"]}]},{"@type":"WebPage","@id":"https:\/\/luchonoticias.com\/editor\/sera-trasladado-a-carcel-la-picota-de-bogota-el-presunto-asesino-de-la-nina-maria-camila\/","url":"https:\/\/luchonoticias.com\/editor\/sera-trasladado-a-carcel-la-picota-de-bogota-el-presunto-asesino-de-la-nina-maria-camila\/","name":"Ser\u00e1 trasladado a c\u00e1rcel La Picota de Bogot\u00e1 el presunto asesino de la ni\u00f1a Mar\u00eda Camila -","isPartOf":{"@id":"https:\/\/luchonoticias.com\/editor\/#website"},"datePublished":"2023-02-02T12:33:06+00:00","dateModified":"2023-02-02T12:33:07+00:00","breadcrumb":{"@id":"https:\/\/luchonoticias.com\/editor\/sera-trasladado-a-carcel-la-picota-de-bogota-el-presunto-asesino-de-la-nina-maria-camila\/#breadcrumb"},"inLanguage":"es","potentialAction":[{"@type":"ReadAction","target":["https:\/\/luchonoticias.com\/editor\/sera-trasladado-a-carcel-la-picota-de-bogota-el-presunto-asesino-de-la-nina-maria-camila\/"]}]},{"@type":"BreadcrumbList","@id":"https:\/\/luchonoticias.com\/editor\/sera-trasladado-a-carcel-la-picota-de-bogota-el-presunto-asesino-de-la-nina-maria-camila\/#breadcrumb","itemListElement":[{"@type":"ListItem","position":1,"name":"Portada","item":"https:\/\/luchonoticias.com\/editor\/"},{"@type":"ListItem","position":2,"name":"Ser\u00e1 trasladado a c\u00e1rcel La Picota de Bogot\u00e1 el presunto asesino de la ni\u00f1a Mar\u00eda Camila"}]},{"@type":"WebSite","@id":"https:\/\/luchonoticias.com\/editor\/#website","url":"https:\/\/luchonoticias.com\/editor\/","name":"","description":"","publisher":{"@id":"https:\/\/luchonoticias.com\/editor\/#\/schema\/person\/7a7fd911f58561fd056dbac7b55af9cd"},"potentialAction":[{"@type":"SearchAction","target":{"@type":"EntryPoint","urlTemplate":"https:\/\/luchonoticias.com\/editor\/?s={search_term_string}"},"query-input":{"@type":"PropertyValueSpecification","valueRequired":true,"valueName":"search_term_string"}}],"inLanguage":"es"},{"@type":["Person","Organization"],"@id":"https:\/\/luchonoticias.com\/editor\/#\/schema\/person\/7a7fd911f58561fd056dbac7b55af9cd","name":"admin","image":{"@type":"ImageObject","inLanguage":"es","@id":"https:\/\/luchonoticias.com\/editor\/#\/schema\/person\/image\/","url":"https:\/\/luchonoticias.com\/editor\/wp-content\/uploads\/2024\/02\/cropped-cropped-logolu.webp","contentUrl":"https:\/\/luchonoticias.com\/editor\/wp-content\/uploads\/2024\/02\/cropped-cropped-logolu.webp","width":382,"height":170,"caption":"admin"},"logo":{"@id":"https:\/\/luchonoticias.com\/editor\/#\/schema\/person\/image\/"},"sameAs":["https:\/\/www.facebook.com\/luchonoticiasneiva"]},{"@type":"Person","@id":"https:\/\/luchonoticias.com\/editor\/#\/schema\/person\/29217990ddf6f14e35912b2866d591fb","name":"Editor General","image":{"@type":"ImageObject","inLanguage":"es","@id":"https:\/\/luchonoticias.com\/editor\/#\/schema\/person\/image\/","url":"https:\/\/luchonoticias.com\/editor\/wp-content\/uploads\/2024\/02\/cropped-cropped-logolu-150x150.webp","contentUrl":"https:\/\/luchonoticias.com\/editor\/wp-content\/uploads\/2024\/02\/cropped-cropped-logolu-150x150.webp","caption":"Editor General"},"sameAs":["https:\/\/luchonoticias.com\/"],"url":"https:\/\/luchonoticias.com\/editor\/author\/editor-general\/"}]}},"_links":{"self":[{"href":"https:\/\/luchonoticias.com\/editor\/wp-json\/wp\/v2\/posts\/45371","targetHints":{"allow":["GET"]}}],"collection":[{"href":"https:\/\/luchonoticias.com\/editor\/wp-json\/wp\/v2\/posts"}],"about":[{"href":"https:\/\/luchonoticias.com\/editor\/wp-json\/wp\/v2\/types\/post"}],"author":[{"embeddable":true,"href":"https:\/\/luchonoticias.com\/editor\/wp-json\/wp\/v2\/users\/2"}],"replies":[{"embeddable":true,"href":"https:\/\/luchonoticias.com\/editor\/wp-json\/wp\/v2\/comments?post=45371"}],"version-history":[{"count":0,"href":"https:\/\/luchonoticias.com\/editor\/wp-json\/wp\/v2\/posts\/45371\/revisions"}],"wp:attachment":[{"href":"https:\/\/luchonoticias.com\/editor\/wp-json\/wp\/v2\/media?parent=45371"}],"wp:term":[{"taxonomy":"category","embeddable":true,"href":"https:\/\/luchonoticias.com\/editor\/wp-json\/wp\/v2\/categories?post=45371"},{"taxonomy":"post_tag","embeddable":true,"href":"https:\/\/luchonoticias.com\/editor\/wp-json\/wp\/v2\/tags?post=45371"}],"curies":[{"name":"wp","href":"https:\/\/api.w.org\/{rel}","templated":true}]}}