{"id":45468,"date":"2023-02-03T20:03:21","date_gmt":"2023-02-04T01:03:21","guid":{"rendered":"https:\/\/luchonoticias.com\/?p=45468"},"modified":"2023-02-03T20:28:25","modified_gmt":"2023-02-04T01:28:25","slug":"huila-vuelve-a-perder","status":"publish","type":"post","link":"https:\/\/luchonoticias.com\/editor\/huila-vuelve-a-perder\/","title":{"rendered":"Huila vuelve a perder"},"content":{"rendered":"\n<p><strong>Atl\u00e9tico Huila<\/strong>&nbsp;sigue sin levantar cabeza, en juego de apertura por la tercera fecha el conjunto dirigido por N\u00e9stor Craviotto&nbsp;<strong>perdi\u00f3 1:2 como visitante ante el Pereira<\/strong>, actual campe\u00f3n colombiano.<\/p>\n\n\n\n<p>Como ocurre en los anteriores cotejos el&nbsp;<strong>Huila logra mostrar cosas interesantes<\/strong>&nbsp;pero la falta de definici\u00f3n y los problemas defensivos hacen de las suyas y propician la tercera derrota en l\u00ednea y por el mismo marcador.<\/p>\n\n\n\n<p>Los campeones colombianos&nbsp;<strong>comenzaron el partido tomando la iniciativa&nbsp;<\/strong>con un remate de Arley Rodr\u00edguez pero&nbsp;<strong>los huilenses respondieron al poco tiempo<\/strong>&nbsp;con un disparo fallido de Faber Gil, quien fue el hombre que m\u00e1s lo intent\u00f3 por los lados del equipo dirigido por N\u00e9stor Craviotto.<\/p>\n\n\n\n<p><strong>Otros futbolistas que lo intentaron&nbsp;<\/strong>por los lados huilenses fueron&nbsp;<strong>Sebasti\u00e1n Hern\u00e1ndez&nbsp;<\/strong>con un zurdazo al minuto 29 y el paraguayo&nbsp;<strong>Blas D\u00edaz<\/strong>&nbsp;al poco tiempo.<\/p>\n\n\n\n<p>Destacar que en lo que fue el primer tiempo el conjunto regional incurri\u00f3 en tres fueras de juego.<\/p>\n\n\n\n<p>La cosa se le complic\u00f3 a los huilenses al minuto 40 de partido cuando&nbsp;<strong>Carlos Ram\u00edrez marc\u00f3 para los risaraldenses<\/strong>&nbsp;con un remate de derecha, d\u00e1ndole el 1:0 a los locales; resultado con el que ambos elencos fueron al descanso.<\/p>\n\n\n\n<h5 class=\"wp-block-heading\">El Huila empata pero\u2026<\/h5>\n\n\n\n<p>Para la segunda parte&nbsp;<strong>el onceno regional reaccion\u00f3&nbsp;<\/strong>y a los 53 minutos Jhon Lerma a pase de Gustavo Britos coloc\u00f3 el empate provisional.<\/p>\n\n\n\n<p>No obstante el empate Pereira no baj\u00f3 la guardia y al minuto 53&nbsp;<strong>Arley Rodr\u00edguez coloc\u00f3 el segundo gol<\/strong>&nbsp;a pase de Johan Bocanegra; luego del minuto 70 los huilenses desarrollaron cuatro cambios en busca de revertir el resultado, no obstante la situaci\u00f3n no cambi\u00f3.<\/p>\n\n\n\n<p>Luego de los 80 minutos Huila lo intenta mediante remate de media altura de Jhonatan Franco que no prosper\u00f3 y a falta de cuatro minutos para el final Faber Gil intenta un cabezazo que termina desviado.<\/p>\n\n\n\n<h5 class=\"wp-block-heading\">\u00bfC\u00f3mo le fue a Johan Bocanegra?<\/h5>\n\n\n\n<p>Por los lados del onceno mateca\u00f1a&nbsp;<strong>jug\u00f3 el neivano Johan Bocanegra<\/strong>&nbsp;quien protagoniz\u00f3 dos asistencias as\u00ed como un disparo con su pierna izquierda pasada la media hora de partido.<\/p>\n\n\n\n<p>Ya en la segunda mitad&nbsp;<strong>coloc\u00f3 la asistencia para el segundo tanto \u2018mateca\u00f1a\u2019<\/strong>&nbsp;y fue sustituido al minuto 80, finalmente el joven huilense sufri\u00f3 tres faltas a lo largo del cotejo.<\/p>\n","protected":false},"excerpt":{"rendered":"<p>Atl\u00e9tico Huila&nbsp;sigue sin levantar cabeza, en juego de apertura por la tercera fecha el conjunto dirigido por N\u00e9stor Craviotto&nbsp;perdi\u00f3 1:2 como visitante ante el Pereira, actual campe\u00f3n colombiano. Como ocurre en los anteriores cotejos el&nbsp;Huila logra mostrar cosas interesantes&nbsp;pero la falta de definici\u00f3n y los problemas defensivos hacen de las suyas y propician la tercera [&hellip;]<\/p>\n","protected":false},"author":2,"featured_media":0,"comment_status":"open","ping_status":"open","sticky":false,"template":"","format":"standard","meta":{"footnotes":""},"categories":[34],"tags":[],"class_list":["post-45468","post","type-post","status-publish","format-standard","hentry","category-deportes"],"yoast_head":"<!-- This site is optimized with the Yoast SEO plugin v26.6 - https:\/\/yoast.com\/wordpress\/plugins\/seo\/ -->\n<title>Huila vuelve a perder -<\/title>\n<meta name=\"robots\" content=\"index, follow, max-snippet:-1, max-image-preview:large, max-video-preview:-1\" \/>\n<link rel=\"canonical\" href=\"https:\/\/luchonoticias.com\/editor\/huila-vuelve-a-perder\/\" \/>\n<meta property=\"og:locale\" content=\"es_ES\" \/>\n<meta property=\"og:type\" content=\"article\" \/>\n<meta property=\"og:title\" content=\"Huila vuelve a perder -\" \/>\n<meta property=\"og:url\" content=\"https:\/\/luchonoticias.com\/editor\/huila-vuelve-a-perder\/\" \/>\n<meta property=\"article:publisher\" content=\"https:\/\/www.facebook.com\/luchonoticiasneiva\" \/>\n<meta property=\"article:published_time\" content=\"2023-02-04T01:03:21+00:00\" \/>\n<meta property=\"article:modified_time\" content=\"2023-02-04T01:28:25+00:00\" \/>\n<meta name=\"author\" content=\"Editor General\" \/>\n<meta name=\"twitter:card\" content=\"summary_large_image\" \/>\n<meta name=\"twitter:label1\" content=\"Escrito por\" \/>\n\t<meta name=\"twitter:data1\" content=\"Editor General\" \/>\n\t<meta name=\"twitter:label2\" content=\"Tiempo de lectura\" \/>\n\t<meta name=\"twitter:data2\" content=\"2 minutos\" \/>\n<script type=\"application\/ld+json\" class=\"yoast-schema-graph\">{\"@context\":\"https:\/\/schema.org\",\"@graph\":[{\"@type\":\"Article\",\"@id\":\"https:\/\/luchonoticias.com\/editor\/huila-vuelve-a-perder\/#article\",\"isPartOf\":{\"@id\":\"https:\/\/luchonoticias.com\/editor\/huila-vuelve-a-perder\/\"},\"author\":{\"name\":\"Editor General\",\"@id\":\"https:\/\/luchonoticias.com\/editor\/#\/schema\/person\/29217990ddf6f14e35912b2866d591fb\"},\"headline\":\"Huila vuelve a perder\",\"datePublished\":\"2023-02-04T01:03:21+00:00\",\"dateModified\":\"2023-02-04T01:28:25+00:00\",\"mainEntityOfPage\":{\"@id\":\"https:\/\/luchonoticias.com\/editor\/huila-vuelve-a-perder\/\"},\"wordCount\":408,\"commentCount\":0,\"publisher\":{\"@id\":\"https:\/\/luchonoticias.com\/editor\/#\/schema\/person\/7a7fd911f58561fd056dbac7b55af9cd\"},\"articleSection\":[\"Deportes\"],\"inLanguage\":\"es\",\"potentialAction\":[{\"@type\":\"CommentAction\",\"name\":\"Comment\",\"target\":[\"https:\/\/luchonoticias.com\/editor\/huila-vuelve-a-perder\/#respond\"]}]},{\"@type\":\"WebPage\",\"@id\":\"https:\/\/luchonoticias.com\/editor\/huila-vuelve-a-perder\/\",\"url\":\"https:\/\/luchonoticias.com\/editor\/huila-vuelve-a-perder\/\",\"name\":\"Huila vuelve a perder -\",\"isPartOf\":{\"@id\":\"https:\/\/luchonoticias.com\/editor\/#website\"},\"datePublished\":\"2023-02-04T01:03:21+00:00\",\"dateModified\":\"2023-02-04T01:28:25+00:00\",\"breadcrumb\":{\"@id\":\"https:\/\/luchonoticias.com\/editor\/huila-vuelve-a-perder\/#breadcrumb\"},\"inLanguage\":\"es\",\"potentialAction\":[{\"@type\":\"ReadAction\",\"target\":[\"https:\/\/luchonoticias.com\/editor\/huila-vuelve-a-perder\/\"]}]},{\"@type\":\"BreadcrumbList\",\"@id\":\"https:\/\/luchonoticias.com\/editor\/huila-vuelve-a-perder\/#breadcrumb\",\"itemListElement\":[{\"@type\":\"ListItem\",\"position\":1,\"name\":\"Portada\",\"item\":\"https:\/\/luchonoticias.com\/editor\/\"},{\"@type\":\"ListItem\",\"position\":2,\"name\":\"Huila vuelve a perder\"}]},{\"@type\":\"WebSite\",\"@id\":\"https:\/\/luchonoticias.com\/editor\/#website\",\"url\":\"https:\/\/luchonoticias.com\/editor\/\",\"name\":\"\",\"description\":\"\",\"publisher\":{\"@id\":\"https:\/\/luchonoticias.com\/editor\/#\/schema\/person\/7a7fd911f58561fd056dbac7b55af9cd\"},\"potentialAction\":[{\"@type\":\"SearchAction\",\"target\":{\"@type\":\"EntryPoint\",\"urlTemplate\":\"https:\/\/luchonoticias.com\/editor\/?s={search_term_string}\"},\"query-input\":{\"@type\":\"PropertyValueSpecification\",\"valueRequired\":true,\"valueName\":\"search_term_string\"}}],\"inLanguage\":\"es\"},{\"@type\":[\"Person\",\"Organization\"],\"@id\":\"https:\/\/luchonoticias.com\/editor\/#\/schema\/person\/7a7fd911f58561fd056dbac7b55af9cd\",\"name\":\"admin\",\"image\":{\"@type\":\"ImageObject\",\"inLanguage\":\"es\",\"@id\":\"https:\/\/luchonoticias.com\/editor\/#\/schema\/person\/image\/\",\"url\":\"https:\/\/luchonoticias.com\/editor\/wp-content\/uploads\/2024\/02\/cropped-cropped-logolu.webp\",\"contentUrl\":\"https:\/\/luchonoticias.com\/editor\/wp-content\/uploads\/2024\/02\/cropped-cropped-logolu.webp\",\"width\":382,\"height\":170,\"caption\":\"admin\"},\"logo\":{\"@id\":\"https:\/\/luchonoticias.com\/editor\/#\/schema\/person\/image\/\"},\"sameAs\":[\"https:\/\/www.facebook.com\/luchonoticiasneiva\"]},{\"@type\":\"Person\",\"@id\":\"https:\/\/luchonoticias.com\/editor\/#\/schema\/person\/29217990ddf6f14e35912b2866d591fb\",\"name\":\"Editor General\",\"image\":{\"@type\":\"ImageObject\",\"inLanguage\":\"es\",\"@id\":\"https:\/\/luchonoticias.com\/editor\/#\/schema\/person\/image\/\",\"url\":\"https:\/\/luchonoticias.com\/editor\/wp-content\/uploads\/2024\/02\/cropped-cropped-logolu-150x150.webp\",\"contentUrl\":\"https:\/\/luchonoticias.com\/editor\/wp-content\/uploads\/2024\/02\/cropped-cropped-logolu-150x150.webp\",\"caption\":\"Editor General\"},\"sameAs\":[\"https:\/\/luchonoticias.com\/\"],\"url\":\"https:\/\/luchonoticias.com\/editor\/author\/editor-general\/\"}]}<\/script>\n<!-- \/ Yoast SEO plugin. -->","yoast_head_json":{"title":"Huila vuelve a perder -","robots":{"index":"index","follow":"follow","max-snippet":"max-snippet:-1","max-image-preview":"max-image-preview:large","max-video-preview":"max-video-preview:-1"},"canonical":"https:\/\/luchonoticias.com\/editor\/huila-vuelve-a-perder\/","og_locale":"es_ES","og_type":"article","og_title":"Huila vuelve a perder -","og_url":"https:\/\/luchonoticias.com\/editor\/huila-vuelve-a-perder\/","article_publisher":"https:\/\/www.facebook.com\/luchonoticiasneiva","article_published_time":"2023-02-04T01:03:21+00:00","article_modified_time":"2023-02-04T01:28:25+00:00","author":"Editor General","twitter_card":"summary_large_image","twitter_misc":{"Escrito por":"Editor General","Tiempo de lectura":"2 minutos"},"schema":{"@context":"https:\/\/schema.org","@graph":[{"@type":"Article","@id":"https:\/\/luchonoticias.com\/editor\/huila-vuelve-a-perder\/#article","isPartOf":{"@id":"https:\/\/luchonoticias.com\/editor\/huila-vuelve-a-perder\/"},"author":{"name":"Editor General","@id":"https:\/\/luchonoticias.com\/editor\/#\/schema\/person\/29217990ddf6f14e35912b2866d591fb"},"headline":"Huila vuelve a perder","datePublished":"2023-02-04T01:03:21+00:00","dateModified":"2023-02-04T01:28:25+00:00","mainEntityOfPage":{"@id":"https:\/\/luchonoticias.com\/editor\/huila-vuelve-a-perder\/"},"wordCount":408,"commentCount":0,"publisher":{"@id":"https:\/\/luchonoticias.com\/editor\/#\/schema\/person\/7a7fd911f58561fd056dbac7b55af9cd"},"articleSection":["Deportes"],"inLanguage":"es","potentialAction":[{"@type":"CommentAction","name":"Comment","target":["https:\/\/luchonoticias.com\/editor\/huila-vuelve-a-perder\/#respond"]}]},{"@type":"WebPage","@id":"https:\/\/luchonoticias.com\/editor\/huila-vuelve-a-perder\/","url":"https:\/\/luchonoticias.com\/editor\/huila-vuelve-a-perder\/","name":"Huila vuelve a perder -","isPartOf":{"@id":"https:\/\/luchonoticias.com\/editor\/#website"},"datePublished":"2023-02-04T01:03:21+00:00","dateModified":"2023-02-04T01:28:25+00:00","breadcrumb":{"@id":"https:\/\/luchonoticias.com\/editor\/huila-vuelve-a-perder\/#breadcrumb"},"inLanguage":"es","potentialAction":[{"@type":"ReadAction","target":["https:\/\/luchonoticias.com\/editor\/huila-vuelve-a-perder\/"]}]},{"@type":"BreadcrumbList","@id":"https:\/\/luchonoticias.com\/editor\/huila-vuelve-a-perder\/#breadcrumb","itemListElement":[{"@type":"ListItem","position":1,"name":"Portada","item":"https:\/\/luchonoticias.com\/editor\/"},{"@type":"ListItem","position":2,"name":"Huila vuelve a perder"}]},{"@type":"WebSite","@id":"https:\/\/luchonoticias.com\/editor\/#website","url":"https:\/\/luchonoticias.com\/editor\/","name":"","description":"","publisher":{"@id":"https:\/\/luchonoticias.com\/editor\/#\/schema\/person\/7a7fd911f58561fd056dbac7b55af9cd"},"potentialAction":[{"@type":"SearchAction","target":{"@type":"EntryPoint","urlTemplate":"https:\/\/luchonoticias.com\/editor\/?s={search_term_string}"},"query-input":{"@type":"PropertyValueSpecification","valueRequired":true,"valueName":"search_term_string"}}],"inLanguage":"es"},{"@type":["Person","Organization"],"@id":"https:\/\/luchonoticias.com\/editor\/#\/schema\/person\/7a7fd911f58561fd056dbac7b55af9cd","name":"admin","image":{"@type":"ImageObject","inLanguage":"es","@id":"https:\/\/luchonoticias.com\/editor\/#\/schema\/person\/image\/","url":"https:\/\/luchonoticias.com\/editor\/wp-content\/uploads\/2024\/02\/cropped-cropped-logolu.webp","contentUrl":"https:\/\/luchonoticias.com\/editor\/wp-content\/uploads\/2024\/02\/cropped-cropped-logolu.webp","width":382,"height":170,"caption":"admin"},"logo":{"@id":"https:\/\/luchonoticias.com\/editor\/#\/schema\/person\/image\/"},"sameAs":["https:\/\/www.facebook.com\/luchonoticiasneiva"]},{"@type":"Person","@id":"https:\/\/luchonoticias.com\/editor\/#\/schema\/person\/29217990ddf6f14e35912b2866d591fb","name":"Editor General","image":{"@type":"ImageObject","inLanguage":"es","@id":"https:\/\/luchonoticias.com\/editor\/#\/schema\/person\/image\/","url":"https:\/\/luchonoticias.com\/editor\/wp-content\/uploads\/2024\/02\/cropped-cropped-logolu-150x150.webp","contentUrl":"https:\/\/luchonoticias.com\/editor\/wp-content\/uploads\/2024\/02\/cropped-cropped-logolu-150x150.webp","caption":"Editor General"},"sameAs":["https:\/\/luchonoticias.com\/"],"url":"https:\/\/luchonoticias.com\/editor\/author\/editor-general\/"}]}},"_links":{"self":[{"href":"https:\/\/luchonoticias.com\/editor\/wp-json\/wp\/v2\/posts\/45468","targetHints":{"allow":["GET"]}}],"collection":[{"href":"https:\/\/luchonoticias.com\/editor\/wp-json\/wp\/v2\/posts"}],"about":[{"href":"https:\/\/luchonoticias.com\/editor\/wp-json\/wp\/v2\/types\/post"}],"author":[{"embeddable":true,"href":"https:\/\/luchonoticias.com\/editor\/wp-json\/wp\/v2\/users\/2"}],"replies":[{"embeddable":true,"href":"https:\/\/luchonoticias.com\/editor\/wp-json\/wp\/v2\/comments?post=45468"}],"version-history":[{"count":0,"href":"https:\/\/luchonoticias.com\/editor\/wp-json\/wp\/v2\/posts\/45468\/revisions"}],"wp:attachment":[{"href":"https:\/\/luchonoticias.com\/editor\/wp-json\/wp\/v2\/media?parent=45468"}],"wp:term":[{"taxonomy":"category","embeddable":true,"href":"https:\/\/luchonoticias.com\/editor\/wp-json\/wp\/v2\/categories?post=45468"},{"taxonomy":"post_tag","embeddable":true,"href":"https:\/\/luchonoticias.com\/editor\/wp-json\/wp\/v2\/tags?post=45468"}],"curies":[{"name":"wp","href":"https:\/\/api.w.org\/{rel}","templated":true}]}}