{"id":45472,"date":"2023-02-03T21:53:19","date_gmt":"2023-02-04T02:53:19","guid":{"rendered":"https:\/\/luchonoticias.com\/?p=45472"},"modified":"2023-02-03T21:53:20","modified_gmt":"2023-02-04T02:53:20","slug":"gran-triunfo-de-colombia-ante-paraguay-por-el-sub-20","status":"publish","type":"post","link":"https:\/\/luchonoticias.com\/editor\/gran-triunfo-de-colombia-ante-paraguay-por-el-sub-20\/","title":{"rendered":"Gran triunfo de Colombia ante Paraguay por el sub &#8211; 20"},"content":{"rendered":"\n<p>La&nbsp;<strong>Selecci\u00f3n Colombia reaccion\u00f3<\/strong>&nbsp;en el hexagonal final del suramericano sub \u2013 20 al&nbsp;<strong>superar 3:0 a Paraguay<\/strong>&nbsp;por la segunda fecha de la instancia final.<\/p>\n\n\n\n<p>El equipo&nbsp;<strong>supo sobreponerse de la derrota inicial ante Uruguay<\/strong>&nbsp;y mostr\u00f3 su mejor versi\u00f3n en lo que va del torneo.<\/p>\n\n\n\n<p>En lo que fue el primer tiempo y tras avisar con un gol que termin\u00f3 en fuera de lugar (Jorge Cabezas al minuto 24),&nbsp;<strong>el equipo local abri\u00f3 el marcador<\/strong>&nbsp;al minuto 29 con&nbsp;<strong>Jorge Cabezas<\/strong>&nbsp;mientras&nbsp;<strong>\u00d3scar Cort\u00e9s<\/strong>&nbsp;al minuto 40 coloc\u00f3 el segundo.<\/p>\n\n\n\n<p>En tiempo a\u00f1adido&nbsp;<strong>por guaran\u00edes por poco logran el descuento<\/strong>&nbsp;con Mat\u00edas Segovia pero el marcador no se movi\u00f3.<\/p>\n\n\n\n<p>Ya en la segunda parte&nbsp;<strong>la visita acude a doble cambio<\/strong>&nbsp;en busca del empate e incluso dan aviso con V\u00edctor Quintana, no obstante&nbsp;<strong>Colombia responde<\/strong>&nbsp;con Alexis Castillo Manyoma quien es uno de los m\u00e1s incisivos en el \u00e1rea rival.<\/p>\n\n\n\n<p>Eso s\u00ed, tambi\u00e9n aparecieron hombres como Fernando \u00c1lvarez, Juan David Fuentes e incluso el mismo Cabezas que en el minuto 77 protagoniz\u00f3 un remate al arco de taco que fue neutralizado por el portero; no obstante con remate de larga distancia&nbsp;<strong>Gustavo Puerta al minuto 88 coloc\u00f3 el tercer gol<\/strong>&nbsp;que asegur\u00f3 los tres puntos a los locales.<\/p>\n","protected":false},"excerpt":{"rendered":"<p>La&nbsp;Selecci\u00f3n Colombia reaccion\u00f3&nbsp;en el hexagonal final del suramericano sub \u2013 20 al&nbsp;superar 3:0 a Paraguay&nbsp;por la segunda fecha de la instancia final. El equipo&nbsp;supo sobreponerse de la derrota inicial ante Uruguay&nbsp;y mostr\u00f3 su mejor versi\u00f3n en lo que va del torneo. En lo que fue el primer tiempo y tras avisar con un gol que [&hellip;]<\/p>\n","protected":false},"author":2,"featured_media":0,"comment_status":"open","ping_status":"open","sticky":false,"template":"","format":"standard","meta":{"footnotes":""},"categories":[34],"tags":[],"class_list":["post-45472","post","type-post","status-publish","format-standard","hentry","category-deportes"],"yoast_head":"<!-- This site is optimized with the Yoast SEO plugin v26.6 - https:\/\/yoast.com\/wordpress\/plugins\/seo\/ -->\n<title>Gran triunfo de Colombia ante Paraguay por el sub - 20 -<\/title>\n<meta name=\"robots\" content=\"index, follow, max-snippet:-1, max-image-preview:large, max-video-preview:-1\" \/>\n<link rel=\"canonical\" href=\"https:\/\/luchonoticias.com\/editor\/gran-triunfo-de-colombia-ante-paraguay-por-el-sub-20\/\" \/>\n<meta property=\"og:locale\" content=\"es_ES\" \/>\n<meta property=\"og:type\" content=\"article\" \/>\n<meta property=\"og:title\" content=\"Gran triunfo de Colombia ante Paraguay por el sub - 20 -\" \/>\n<meta property=\"og:url\" content=\"https:\/\/luchonoticias.com\/editor\/gran-triunfo-de-colombia-ante-paraguay-por-el-sub-20\/\" \/>\n<meta property=\"article:publisher\" content=\"https:\/\/www.facebook.com\/luchonoticiasneiva\" \/>\n<meta property=\"article:published_time\" content=\"2023-02-04T02:53:19+00:00\" \/>\n<meta property=\"article:modified_time\" content=\"2023-02-04T02:53:20+00:00\" \/>\n<meta name=\"author\" content=\"Editor General\" \/>\n<meta name=\"twitter:card\" content=\"summary_large_image\" \/>\n<meta name=\"twitter:label1\" content=\"Escrito por\" \/>\n\t<meta name=\"twitter:data1\" content=\"Editor General\" \/>\n\t<meta name=\"twitter:label2\" content=\"Tiempo de lectura\" \/>\n\t<meta name=\"twitter:data2\" content=\"1 minuto\" \/>\n<script type=\"application\/ld+json\" class=\"yoast-schema-graph\">{\"@context\":\"https:\/\/schema.org\",\"@graph\":[{\"@type\":\"Article\",\"@id\":\"https:\/\/luchonoticias.com\/editor\/gran-triunfo-de-colombia-ante-paraguay-por-el-sub-20\/#article\",\"isPartOf\":{\"@id\":\"https:\/\/luchonoticias.com\/editor\/gran-triunfo-de-colombia-ante-paraguay-por-el-sub-20\/\"},\"author\":{\"name\":\"Editor General\",\"@id\":\"https:\/\/luchonoticias.com\/editor\/#\/schema\/person\/29217990ddf6f14e35912b2866d591fb\"},\"headline\":\"Gran triunfo de Colombia ante Paraguay por el sub &#8211; 20\",\"datePublished\":\"2023-02-04T02:53:19+00:00\",\"dateModified\":\"2023-02-04T02:53:20+00:00\",\"mainEntityOfPage\":{\"@id\":\"https:\/\/luchonoticias.com\/editor\/gran-triunfo-de-colombia-ante-paraguay-por-el-sub-20\/\"},\"wordCount\":241,\"commentCount\":0,\"publisher\":{\"@id\":\"https:\/\/luchonoticias.com\/editor\/#\/schema\/person\/7a7fd911f58561fd056dbac7b55af9cd\"},\"articleSection\":[\"Deportes\"],\"inLanguage\":\"es\",\"potentialAction\":[{\"@type\":\"CommentAction\",\"name\":\"Comment\",\"target\":[\"https:\/\/luchonoticias.com\/editor\/gran-triunfo-de-colombia-ante-paraguay-por-el-sub-20\/#respond\"]}]},{\"@type\":\"WebPage\",\"@id\":\"https:\/\/luchonoticias.com\/editor\/gran-triunfo-de-colombia-ante-paraguay-por-el-sub-20\/\",\"url\":\"https:\/\/luchonoticias.com\/editor\/gran-triunfo-de-colombia-ante-paraguay-por-el-sub-20\/\",\"name\":\"Gran triunfo de Colombia ante Paraguay por el sub - 20 -\",\"isPartOf\":{\"@id\":\"https:\/\/luchonoticias.com\/editor\/#website\"},\"datePublished\":\"2023-02-04T02:53:19+00:00\",\"dateModified\":\"2023-02-04T02:53:20+00:00\",\"breadcrumb\":{\"@id\":\"https:\/\/luchonoticias.com\/editor\/gran-triunfo-de-colombia-ante-paraguay-por-el-sub-20\/#breadcrumb\"},\"inLanguage\":\"es\",\"potentialAction\":[{\"@type\":\"ReadAction\",\"target\":[\"https:\/\/luchonoticias.com\/editor\/gran-triunfo-de-colombia-ante-paraguay-por-el-sub-20\/\"]}]},{\"@type\":\"BreadcrumbList\",\"@id\":\"https:\/\/luchonoticias.com\/editor\/gran-triunfo-de-colombia-ante-paraguay-por-el-sub-20\/#breadcrumb\",\"itemListElement\":[{\"@type\":\"ListItem\",\"position\":1,\"name\":\"Portada\",\"item\":\"https:\/\/luchonoticias.com\/editor\/\"},{\"@type\":\"ListItem\",\"position\":2,\"name\":\"Gran triunfo de Colombia ante Paraguay por el sub &#8211; 20\"}]},{\"@type\":\"WebSite\",\"@id\":\"https:\/\/luchonoticias.com\/editor\/#website\",\"url\":\"https:\/\/luchonoticias.com\/editor\/\",\"name\":\"\",\"description\":\"\",\"publisher\":{\"@id\":\"https:\/\/luchonoticias.com\/editor\/#\/schema\/person\/7a7fd911f58561fd056dbac7b55af9cd\"},\"potentialAction\":[{\"@type\":\"SearchAction\",\"target\":{\"@type\":\"EntryPoint\",\"urlTemplate\":\"https:\/\/luchonoticias.com\/editor\/?s={search_term_string}\"},\"query-input\":{\"@type\":\"PropertyValueSpecification\",\"valueRequired\":true,\"valueName\":\"search_term_string\"}}],\"inLanguage\":\"es\"},{\"@type\":[\"Person\",\"Organization\"],\"@id\":\"https:\/\/luchonoticias.com\/editor\/#\/schema\/person\/7a7fd911f58561fd056dbac7b55af9cd\",\"name\":\"admin\",\"image\":{\"@type\":\"ImageObject\",\"inLanguage\":\"es\",\"@id\":\"https:\/\/luchonoticias.com\/editor\/#\/schema\/person\/image\/\",\"url\":\"https:\/\/luchonoticias.com\/editor\/wp-content\/uploads\/2024\/02\/cropped-cropped-logolu.webp\",\"contentUrl\":\"https:\/\/luchonoticias.com\/editor\/wp-content\/uploads\/2024\/02\/cropped-cropped-logolu.webp\",\"width\":382,\"height\":170,\"caption\":\"admin\"},\"logo\":{\"@id\":\"https:\/\/luchonoticias.com\/editor\/#\/schema\/person\/image\/\"},\"sameAs\":[\"https:\/\/www.facebook.com\/luchonoticiasneiva\"]},{\"@type\":\"Person\",\"@id\":\"https:\/\/luchonoticias.com\/editor\/#\/schema\/person\/29217990ddf6f14e35912b2866d591fb\",\"name\":\"Editor General\",\"image\":{\"@type\":\"ImageObject\",\"inLanguage\":\"es\",\"@id\":\"https:\/\/luchonoticias.com\/editor\/#\/schema\/person\/image\/\",\"url\":\"https:\/\/luchonoticias.com\/editor\/wp-content\/uploads\/2024\/02\/cropped-cropped-logolu-150x150.webp\",\"contentUrl\":\"https:\/\/luchonoticias.com\/editor\/wp-content\/uploads\/2024\/02\/cropped-cropped-logolu-150x150.webp\",\"caption\":\"Editor General\"},\"sameAs\":[\"https:\/\/luchonoticias.com\/\"],\"url\":\"https:\/\/luchonoticias.com\/editor\/author\/editor-general\/\"}]}<\/script>\n<!-- \/ Yoast SEO plugin. -->","yoast_head_json":{"title":"Gran triunfo de Colombia ante Paraguay por el sub - 20 -","robots":{"index":"index","follow":"follow","max-snippet":"max-snippet:-1","max-image-preview":"max-image-preview:large","max-video-preview":"max-video-preview:-1"},"canonical":"https:\/\/luchonoticias.com\/editor\/gran-triunfo-de-colombia-ante-paraguay-por-el-sub-20\/","og_locale":"es_ES","og_type":"article","og_title":"Gran triunfo de Colombia ante Paraguay por el sub - 20 -","og_url":"https:\/\/luchonoticias.com\/editor\/gran-triunfo-de-colombia-ante-paraguay-por-el-sub-20\/","article_publisher":"https:\/\/www.facebook.com\/luchonoticiasneiva","article_published_time":"2023-02-04T02:53:19+00:00","article_modified_time":"2023-02-04T02:53:20+00:00","author":"Editor General","twitter_card":"summary_large_image","twitter_misc":{"Escrito por":"Editor General","Tiempo de lectura":"1 minuto"},"schema":{"@context":"https:\/\/schema.org","@graph":[{"@type":"Article","@id":"https:\/\/luchonoticias.com\/editor\/gran-triunfo-de-colombia-ante-paraguay-por-el-sub-20\/#article","isPartOf":{"@id":"https:\/\/luchonoticias.com\/editor\/gran-triunfo-de-colombia-ante-paraguay-por-el-sub-20\/"},"author":{"name":"Editor General","@id":"https:\/\/luchonoticias.com\/editor\/#\/schema\/person\/29217990ddf6f14e35912b2866d591fb"},"headline":"Gran triunfo de Colombia ante Paraguay por el sub &#8211; 20","datePublished":"2023-02-04T02:53:19+00:00","dateModified":"2023-02-04T02:53:20+00:00","mainEntityOfPage":{"@id":"https:\/\/luchonoticias.com\/editor\/gran-triunfo-de-colombia-ante-paraguay-por-el-sub-20\/"},"wordCount":241,"commentCount":0,"publisher":{"@id":"https:\/\/luchonoticias.com\/editor\/#\/schema\/person\/7a7fd911f58561fd056dbac7b55af9cd"},"articleSection":["Deportes"],"inLanguage":"es","potentialAction":[{"@type":"CommentAction","name":"Comment","target":["https:\/\/luchonoticias.com\/editor\/gran-triunfo-de-colombia-ante-paraguay-por-el-sub-20\/#respond"]}]},{"@type":"WebPage","@id":"https:\/\/luchonoticias.com\/editor\/gran-triunfo-de-colombia-ante-paraguay-por-el-sub-20\/","url":"https:\/\/luchonoticias.com\/editor\/gran-triunfo-de-colombia-ante-paraguay-por-el-sub-20\/","name":"Gran triunfo de Colombia ante Paraguay por el sub - 20 -","isPartOf":{"@id":"https:\/\/luchonoticias.com\/editor\/#website"},"datePublished":"2023-02-04T02:53:19+00:00","dateModified":"2023-02-04T02:53:20+00:00","breadcrumb":{"@id":"https:\/\/luchonoticias.com\/editor\/gran-triunfo-de-colombia-ante-paraguay-por-el-sub-20\/#breadcrumb"},"inLanguage":"es","potentialAction":[{"@type":"ReadAction","target":["https:\/\/luchonoticias.com\/editor\/gran-triunfo-de-colombia-ante-paraguay-por-el-sub-20\/"]}]},{"@type":"BreadcrumbList","@id":"https:\/\/luchonoticias.com\/editor\/gran-triunfo-de-colombia-ante-paraguay-por-el-sub-20\/#breadcrumb","itemListElement":[{"@type":"ListItem","position":1,"name":"Portada","item":"https:\/\/luchonoticias.com\/editor\/"},{"@type":"ListItem","position":2,"name":"Gran triunfo de Colombia ante Paraguay por el sub &#8211; 20"}]},{"@type":"WebSite","@id":"https:\/\/luchonoticias.com\/editor\/#website","url":"https:\/\/luchonoticias.com\/editor\/","name":"","description":"","publisher":{"@id":"https:\/\/luchonoticias.com\/editor\/#\/schema\/person\/7a7fd911f58561fd056dbac7b55af9cd"},"potentialAction":[{"@type":"SearchAction","target":{"@type":"EntryPoint","urlTemplate":"https:\/\/luchonoticias.com\/editor\/?s={search_term_string}"},"query-input":{"@type":"PropertyValueSpecification","valueRequired":true,"valueName":"search_term_string"}}],"inLanguage":"es"},{"@type":["Person","Organization"],"@id":"https:\/\/luchonoticias.com\/editor\/#\/schema\/person\/7a7fd911f58561fd056dbac7b55af9cd","name":"admin","image":{"@type":"ImageObject","inLanguage":"es","@id":"https:\/\/luchonoticias.com\/editor\/#\/schema\/person\/image\/","url":"https:\/\/luchonoticias.com\/editor\/wp-content\/uploads\/2024\/02\/cropped-cropped-logolu.webp","contentUrl":"https:\/\/luchonoticias.com\/editor\/wp-content\/uploads\/2024\/02\/cropped-cropped-logolu.webp","width":382,"height":170,"caption":"admin"},"logo":{"@id":"https:\/\/luchonoticias.com\/editor\/#\/schema\/person\/image\/"},"sameAs":["https:\/\/www.facebook.com\/luchonoticiasneiva"]},{"@type":"Person","@id":"https:\/\/luchonoticias.com\/editor\/#\/schema\/person\/29217990ddf6f14e35912b2866d591fb","name":"Editor General","image":{"@type":"ImageObject","inLanguage":"es","@id":"https:\/\/luchonoticias.com\/editor\/#\/schema\/person\/image\/","url":"https:\/\/luchonoticias.com\/editor\/wp-content\/uploads\/2024\/02\/cropped-cropped-logolu-150x150.webp","contentUrl":"https:\/\/luchonoticias.com\/editor\/wp-content\/uploads\/2024\/02\/cropped-cropped-logolu-150x150.webp","caption":"Editor General"},"sameAs":["https:\/\/luchonoticias.com\/"],"url":"https:\/\/luchonoticias.com\/editor\/author\/editor-general\/"}]}},"_links":{"self":[{"href":"https:\/\/luchonoticias.com\/editor\/wp-json\/wp\/v2\/posts\/45472","targetHints":{"allow":["GET"]}}],"collection":[{"href":"https:\/\/luchonoticias.com\/editor\/wp-json\/wp\/v2\/posts"}],"about":[{"href":"https:\/\/luchonoticias.com\/editor\/wp-json\/wp\/v2\/types\/post"}],"author":[{"embeddable":true,"href":"https:\/\/luchonoticias.com\/editor\/wp-json\/wp\/v2\/users\/2"}],"replies":[{"embeddable":true,"href":"https:\/\/luchonoticias.com\/editor\/wp-json\/wp\/v2\/comments?post=45472"}],"version-history":[{"count":0,"href":"https:\/\/luchonoticias.com\/editor\/wp-json\/wp\/v2\/posts\/45472\/revisions"}],"wp:attachment":[{"href":"https:\/\/luchonoticias.com\/editor\/wp-json\/wp\/v2\/media?parent=45472"}],"wp:term":[{"taxonomy":"category","embeddable":true,"href":"https:\/\/luchonoticias.com\/editor\/wp-json\/wp\/v2\/categories?post=45472"},{"taxonomy":"post_tag","embeddable":true,"href":"https:\/\/luchonoticias.com\/editor\/wp-json\/wp\/v2\/tags?post=45472"}],"curies":[{"name":"wp","href":"https:\/\/api.w.org\/{rel}","templated":true}]}}