{"id":45481,"date":"2023-02-04T04:46:56","date_gmt":"2023-02-04T09:46:56","guid":{"rendered":"https:\/\/luchonoticias.com\/?p=45481"},"modified":"2023-02-04T04:46:57","modified_gmt":"2023-02-04T09:46:57","slug":"doble-amistoso-para-la-seleccion-sub-15-del-huila","status":"publish","type":"post","link":"https:\/\/luchonoticias.com\/editor\/doble-amistoso-para-la-seleccion-sub-15-del-huila\/","title":{"rendered":"Doble amistoso para la selecci\u00f3n sub &#8211; 15 del Huila"},"content":{"rendered":"\n<p>La&nbsp;<strong>Selecci\u00f3n sub \u2013 15 de f\u00fatbol del Huila<\/strong>&nbsp;alista lo que ser\u00e1 su \u00faltima semana de trabajos pensando en su participaci\u00f3n en el zonal que ser\u00e1 dentro de dos semanas en Manizales.<\/p>\n\n\n\n<p>Esta semana el onceno dirigido por John G\u00f3ngora tuvo&nbsp;<strong>doble enfrentamiento amistoso contra Tolima,<\/strong>&nbsp;su \u00faltimo juego de preparaci\u00f3n, el primer enfrentamiento fue entre equipos base y que concluy\u00f3 con derrota 2:1, el segundo compromiso fue entre equipos alternos y que finaliz\u00f3 con empate a dos goles.<\/p>\n\n\n\n<p>Ya en en la&nbsp;<strong>\u00faltima semana previa a la competencia<\/strong>&nbsp;el equipo tendr\u00e1 entrenamientos finales para corregir situaciones puntuales para luego viajar el domingo de la pr\u00f3xima semana a Manizales.<\/p>\n\n\n\n<p>\u00abEste fue el \u00faltimo partido de preparaci\u00f3n, en el que&nbsp;<strong>qued\u00e9 muy satisfecho<\/strong>&nbsp;pese a que en el primer partido perdimos por dos errores infantiles pero bien, el equipo atacando encima y muy bien\u00bb, dijo el estratega.<\/p>\n","protected":false},"excerpt":{"rendered":"<p>La&nbsp;Selecci\u00f3n sub \u2013 15 de f\u00fatbol del Huila&nbsp;alista lo que ser\u00e1 su \u00faltima semana de trabajos pensando en su participaci\u00f3n en el zonal que ser\u00e1 dentro de dos semanas en Manizales. Esta semana el onceno dirigido por John G\u00f3ngora tuvo&nbsp;doble enfrentamiento amistoso contra Tolima,&nbsp;su \u00faltimo juego de preparaci\u00f3n, el primer enfrentamiento fue entre equipos base [&hellip;]<\/p>\n","protected":false},"author":2,"featured_media":0,"comment_status":"open","ping_status":"open","sticky":false,"template":"","format":"standard","meta":{"footnotes":""},"categories":[34],"tags":[],"class_list":["post-45481","post","type-post","status-publish","format-standard","hentry","category-deportes"],"yoast_head":"<!-- This site is optimized with the Yoast SEO plugin v26.6 - https:\/\/yoast.com\/wordpress\/plugins\/seo\/ -->\n<title>Doble amistoso para la selecci\u00f3n sub - 15 del Huila -<\/title>\n<meta name=\"robots\" content=\"index, follow, max-snippet:-1, max-image-preview:large, max-video-preview:-1\" \/>\n<link rel=\"canonical\" href=\"https:\/\/luchonoticias.com\/editor\/doble-amistoso-para-la-seleccion-sub-15-del-huila\/\" \/>\n<meta property=\"og:locale\" content=\"es_ES\" \/>\n<meta property=\"og:type\" content=\"article\" \/>\n<meta property=\"og:title\" content=\"Doble amistoso para la selecci\u00f3n sub - 15 del Huila -\" \/>\n<meta property=\"og:url\" content=\"https:\/\/luchonoticias.com\/editor\/doble-amistoso-para-la-seleccion-sub-15-del-huila\/\" \/>\n<meta property=\"article:publisher\" content=\"https:\/\/www.facebook.com\/luchonoticiasneiva\" \/>\n<meta property=\"article:published_time\" content=\"2023-02-04T09:46:56+00:00\" \/>\n<meta property=\"article:modified_time\" content=\"2023-02-04T09:46:57+00:00\" \/>\n<meta name=\"author\" content=\"Editor General\" \/>\n<meta name=\"twitter:card\" content=\"summary_large_image\" \/>\n<meta name=\"twitter:label1\" content=\"Escrito por\" \/>\n\t<meta name=\"twitter:data1\" content=\"Editor General\" \/>\n\t<meta name=\"twitter:label2\" content=\"Tiempo de lectura\" \/>\n\t<meta name=\"twitter:data2\" content=\"1 minuto\" \/>\n<script type=\"application\/ld+json\" class=\"yoast-schema-graph\">{\"@context\":\"https:\/\/schema.org\",\"@graph\":[{\"@type\":\"Article\",\"@id\":\"https:\/\/luchonoticias.com\/editor\/doble-amistoso-para-la-seleccion-sub-15-del-huila\/#article\",\"isPartOf\":{\"@id\":\"https:\/\/luchonoticias.com\/editor\/doble-amistoso-para-la-seleccion-sub-15-del-huila\/\"},\"author\":{\"name\":\"Editor General\",\"@id\":\"https:\/\/luchonoticias.com\/editor\/#\/schema\/person\/29217990ddf6f14e35912b2866d591fb\"},\"headline\":\"Doble amistoso para la selecci\u00f3n sub &#8211; 15 del Huila\",\"datePublished\":\"2023-02-04T09:46:56+00:00\",\"dateModified\":\"2023-02-04T09:46:57+00:00\",\"mainEntityOfPage\":{\"@id\":\"https:\/\/luchonoticias.com\/editor\/doble-amistoso-para-la-seleccion-sub-15-del-huila\/\"},\"wordCount\":169,\"commentCount\":0,\"publisher\":{\"@id\":\"https:\/\/luchonoticias.com\/editor\/#\/schema\/person\/7a7fd911f58561fd056dbac7b55af9cd\"},\"articleSection\":[\"Deportes\"],\"inLanguage\":\"es\",\"potentialAction\":[{\"@type\":\"CommentAction\",\"name\":\"Comment\",\"target\":[\"https:\/\/luchonoticias.com\/editor\/doble-amistoso-para-la-seleccion-sub-15-del-huila\/#respond\"]}]},{\"@type\":\"WebPage\",\"@id\":\"https:\/\/luchonoticias.com\/editor\/doble-amistoso-para-la-seleccion-sub-15-del-huila\/\",\"url\":\"https:\/\/luchonoticias.com\/editor\/doble-amistoso-para-la-seleccion-sub-15-del-huila\/\",\"name\":\"Doble amistoso para la selecci\u00f3n sub - 15 del Huila -\",\"isPartOf\":{\"@id\":\"https:\/\/luchonoticias.com\/editor\/#website\"},\"datePublished\":\"2023-02-04T09:46:56+00:00\",\"dateModified\":\"2023-02-04T09:46:57+00:00\",\"breadcrumb\":{\"@id\":\"https:\/\/luchonoticias.com\/editor\/doble-amistoso-para-la-seleccion-sub-15-del-huila\/#breadcrumb\"},\"inLanguage\":\"es\",\"potentialAction\":[{\"@type\":\"ReadAction\",\"target\":[\"https:\/\/luchonoticias.com\/editor\/doble-amistoso-para-la-seleccion-sub-15-del-huila\/\"]}]},{\"@type\":\"BreadcrumbList\",\"@id\":\"https:\/\/luchonoticias.com\/editor\/doble-amistoso-para-la-seleccion-sub-15-del-huila\/#breadcrumb\",\"itemListElement\":[{\"@type\":\"ListItem\",\"position\":1,\"name\":\"Portada\",\"item\":\"https:\/\/luchonoticias.com\/editor\/\"},{\"@type\":\"ListItem\",\"position\":2,\"name\":\"Doble amistoso para la selecci\u00f3n sub &#8211; 15 del Huila\"}]},{\"@type\":\"WebSite\",\"@id\":\"https:\/\/luchonoticias.com\/editor\/#website\",\"url\":\"https:\/\/luchonoticias.com\/editor\/\",\"name\":\"\",\"description\":\"\",\"publisher\":{\"@id\":\"https:\/\/luchonoticias.com\/editor\/#\/schema\/person\/7a7fd911f58561fd056dbac7b55af9cd\"},\"potentialAction\":[{\"@type\":\"SearchAction\",\"target\":{\"@type\":\"EntryPoint\",\"urlTemplate\":\"https:\/\/luchonoticias.com\/editor\/?s={search_term_string}\"},\"query-input\":{\"@type\":\"PropertyValueSpecification\",\"valueRequired\":true,\"valueName\":\"search_term_string\"}}],\"inLanguage\":\"es\"},{\"@type\":[\"Person\",\"Organization\"],\"@id\":\"https:\/\/luchonoticias.com\/editor\/#\/schema\/person\/7a7fd911f58561fd056dbac7b55af9cd\",\"name\":\"admin\",\"image\":{\"@type\":\"ImageObject\",\"inLanguage\":\"es\",\"@id\":\"https:\/\/luchonoticias.com\/editor\/#\/schema\/person\/image\/\",\"url\":\"https:\/\/luchonoticias.com\/editor\/wp-content\/uploads\/2024\/02\/cropped-cropped-logolu.webp\",\"contentUrl\":\"https:\/\/luchonoticias.com\/editor\/wp-content\/uploads\/2024\/02\/cropped-cropped-logolu.webp\",\"width\":382,\"height\":170,\"caption\":\"admin\"},\"logo\":{\"@id\":\"https:\/\/luchonoticias.com\/editor\/#\/schema\/person\/image\/\"},\"sameAs\":[\"https:\/\/www.facebook.com\/luchonoticiasneiva\"]},{\"@type\":\"Person\",\"@id\":\"https:\/\/luchonoticias.com\/editor\/#\/schema\/person\/29217990ddf6f14e35912b2866d591fb\",\"name\":\"Editor General\",\"image\":{\"@type\":\"ImageObject\",\"inLanguage\":\"es\",\"@id\":\"https:\/\/luchonoticias.com\/editor\/#\/schema\/person\/image\/\",\"url\":\"https:\/\/luchonoticias.com\/editor\/wp-content\/uploads\/2024\/02\/cropped-cropped-logolu-150x150.webp\",\"contentUrl\":\"https:\/\/luchonoticias.com\/editor\/wp-content\/uploads\/2024\/02\/cropped-cropped-logolu-150x150.webp\",\"caption\":\"Editor General\"},\"sameAs\":[\"https:\/\/luchonoticias.com\/\"],\"url\":\"https:\/\/luchonoticias.com\/editor\/author\/editor-general\/\"}]}<\/script>\n<!-- \/ Yoast SEO plugin. -->","yoast_head_json":{"title":"Doble amistoso para la selecci\u00f3n sub - 15 del Huila -","robots":{"index":"index","follow":"follow","max-snippet":"max-snippet:-1","max-image-preview":"max-image-preview:large","max-video-preview":"max-video-preview:-1"},"canonical":"https:\/\/luchonoticias.com\/editor\/doble-amistoso-para-la-seleccion-sub-15-del-huila\/","og_locale":"es_ES","og_type":"article","og_title":"Doble amistoso para la selecci\u00f3n sub - 15 del Huila -","og_url":"https:\/\/luchonoticias.com\/editor\/doble-amistoso-para-la-seleccion-sub-15-del-huila\/","article_publisher":"https:\/\/www.facebook.com\/luchonoticiasneiva","article_published_time":"2023-02-04T09:46:56+00:00","article_modified_time":"2023-02-04T09:46:57+00:00","author":"Editor General","twitter_card":"summary_large_image","twitter_misc":{"Escrito por":"Editor General","Tiempo de lectura":"1 minuto"},"schema":{"@context":"https:\/\/schema.org","@graph":[{"@type":"Article","@id":"https:\/\/luchonoticias.com\/editor\/doble-amistoso-para-la-seleccion-sub-15-del-huila\/#article","isPartOf":{"@id":"https:\/\/luchonoticias.com\/editor\/doble-amistoso-para-la-seleccion-sub-15-del-huila\/"},"author":{"name":"Editor General","@id":"https:\/\/luchonoticias.com\/editor\/#\/schema\/person\/29217990ddf6f14e35912b2866d591fb"},"headline":"Doble amistoso para la selecci\u00f3n sub &#8211; 15 del Huila","datePublished":"2023-02-04T09:46:56+00:00","dateModified":"2023-02-04T09:46:57+00:00","mainEntityOfPage":{"@id":"https:\/\/luchonoticias.com\/editor\/doble-amistoso-para-la-seleccion-sub-15-del-huila\/"},"wordCount":169,"commentCount":0,"publisher":{"@id":"https:\/\/luchonoticias.com\/editor\/#\/schema\/person\/7a7fd911f58561fd056dbac7b55af9cd"},"articleSection":["Deportes"],"inLanguage":"es","potentialAction":[{"@type":"CommentAction","name":"Comment","target":["https:\/\/luchonoticias.com\/editor\/doble-amistoso-para-la-seleccion-sub-15-del-huila\/#respond"]}]},{"@type":"WebPage","@id":"https:\/\/luchonoticias.com\/editor\/doble-amistoso-para-la-seleccion-sub-15-del-huila\/","url":"https:\/\/luchonoticias.com\/editor\/doble-amistoso-para-la-seleccion-sub-15-del-huila\/","name":"Doble amistoso para la selecci\u00f3n sub - 15 del Huila -","isPartOf":{"@id":"https:\/\/luchonoticias.com\/editor\/#website"},"datePublished":"2023-02-04T09:46:56+00:00","dateModified":"2023-02-04T09:46:57+00:00","breadcrumb":{"@id":"https:\/\/luchonoticias.com\/editor\/doble-amistoso-para-la-seleccion-sub-15-del-huila\/#breadcrumb"},"inLanguage":"es","potentialAction":[{"@type":"ReadAction","target":["https:\/\/luchonoticias.com\/editor\/doble-amistoso-para-la-seleccion-sub-15-del-huila\/"]}]},{"@type":"BreadcrumbList","@id":"https:\/\/luchonoticias.com\/editor\/doble-amistoso-para-la-seleccion-sub-15-del-huila\/#breadcrumb","itemListElement":[{"@type":"ListItem","position":1,"name":"Portada","item":"https:\/\/luchonoticias.com\/editor\/"},{"@type":"ListItem","position":2,"name":"Doble amistoso para la selecci\u00f3n sub &#8211; 15 del Huila"}]},{"@type":"WebSite","@id":"https:\/\/luchonoticias.com\/editor\/#website","url":"https:\/\/luchonoticias.com\/editor\/","name":"","description":"","publisher":{"@id":"https:\/\/luchonoticias.com\/editor\/#\/schema\/person\/7a7fd911f58561fd056dbac7b55af9cd"},"potentialAction":[{"@type":"SearchAction","target":{"@type":"EntryPoint","urlTemplate":"https:\/\/luchonoticias.com\/editor\/?s={search_term_string}"},"query-input":{"@type":"PropertyValueSpecification","valueRequired":true,"valueName":"search_term_string"}}],"inLanguage":"es"},{"@type":["Person","Organization"],"@id":"https:\/\/luchonoticias.com\/editor\/#\/schema\/person\/7a7fd911f58561fd056dbac7b55af9cd","name":"admin","image":{"@type":"ImageObject","inLanguage":"es","@id":"https:\/\/luchonoticias.com\/editor\/#\/schema\/person\/image\/","url":"https:\/\/luchonoticias.com\/editor\/wp-content\/uploads\/2024\/02\/cropped-cropped-logolu.webp","contentUrl":"https:\/\/luchonoticias.com\/editor\/wp-content\/uploads\/2024\/02\/cropped-cropped-logolu.webp","width":382,"height":170,"caption":"admin"},"logo":{"@id":"https:\/\/luchonoticias.com\/editor\/#\/schema\/person\/image\/"},"sameAs":["https:\/\/www.facebook.com\/luchonoticiasneiva"]},{"@type":"Person","@id":"https:\/\/luchonoticias.com\/editor\/#\/schema\/person\/29217990ddf6f14e35912b2866d591fb","name":"Editor General","image":{"@type":"ImageObject","inLanguage":"es","@id":"https:\/\/luchonoticias.com\/editor\/#\/schema\/person\/image\/","url":"https:\/\/luchonoticias.com\/editor\/wp-content\/uploads\/2024\/02\/cropped-cropped-logolu-150x150.webp","contentUrl":"https:\/\/luchonoticias.com\/editor\/wp-content\/uploads\/2024\/02\/cropped-cropped-logolu-150x150.webp","caption":"Editor General"},"sameAs":["https:\/\/luchonoticias.com\/"],"url":"https:\/\/luchonoticias.com\/editor\/author\/editor-general\/"}]}},"_links":{"self":[{"href":"https:\/\/luchonoticias.com\/editor\/wp-json\/wp\/v2\/posts\/45481","targetHints":{"allow":["GET"]}}],"collection":[{"href":"https:\/\/luchonoticias.com\/editor\/wp-json\/wp\/v2\/posts"}],"about":[{"href":"https:\/\/luchonoticias.com\/editor\/wp-json\/wp\/v2\/types\/post"}],"author":[{"embeddable":true,"href":"https:\/\/luchonoticias.com\/editor\/wp-json\/wp\/v2\/users\/2"}],"replies":[{"embeddable":true,"href":"https:\/\/luchonoticias.com\/editor\/wp-json\/wp\/v2\/comments?post=45481"}],"version-history":[{"count":0,"href":"https:\/\/luchonoticias.com\/editor\/wp-json\/wp\/v2\/posts\/45481\/revisions"}],"wp:attachment":[{"href":"https:\/\/luchonoticias.com\/editor\/wp-json\/wp\/v2\/media?parent=45481"}],"wp:term":[{"taxonomy":"category","embeddable":true,"href":"https:\/\/luchonoticias.com\/editor\/wp-json\/wp\/v2\/categories?post=45481"},{"taxonomy":"post_tag","embeddable":true,"href":"https:\/\/luchonoticias.com\/editor\/wp-json\/wp\/v2\/tags?post=45481"}],"curies":[{"name":"wp","href":"https:\/\/api.w.org\/{rel}","templated":true}]}}