{"id":45487,"date":"2023-02-04T06:32:59","date_gmt":"2023-02-04T11:32:59","guid":{"rendered":"https:\/\/luchonoticias.com\/?p=45487"},"modified":"2023-02-04T06:33:00","modified_gmt":"2023-02-04T11:33:00","slug":"aseguradas-diez-personas-por-hurto-a-personas-y-residencias-en-el-huila","status":"publish","type":"post","link":"https:\/\/luchonoticias.com\/editor\/aseguradas-diez-personas-por-hurto-a-personas-y-residencias-en-el-huila\/","title":{"rendered":"Aseguradas diez personas por hurto a personas y residencias en el Huila"},"content":{"rendered":"\n<p>La Fiscal\u00eda logr\u00f3 ocho medidas de aseguramiento privativas de la libertad en centro carcelario y dos en lugar de residencia, en contra de personas capturadas en flagrancia y una por orden judicial, por su presunta autor\u00eda en hurtos a personas, residencias y cosas en Suaza, Pitalito y Garz\u00f3n.<\/p>\n\n\n\n<p>Con base a los elementos materiales probatorios recaudados, la Fiscal\u00eda acus\u00f3 a los capturados de acuerdo a su presunta responsabilidad en los delitos de hurto calificado y agravado y hurto calificado y agravado en modalidad de tentativa.<\/p>\n\n\n\n<p><strong><em>Los judicializados por hurto <\/em><\/strong><\/p>\n\n\n\n<p><strong>Suaza<\/strong><\/p>\n\n\n\n<p>En el primer caso los judicializados son Jorge Miguel Moreno S\u00e1nchez, Jhon Eider Ducuara Gordillo, Anderson Jara G\u00f3mez, Yimy Arled Ducuara Gordillo y Alexander Jara G\u00f3mez quienes ingresaron a una finca en la vereda El Avispero de Suaza (Huila) y al parecer amedrentaron con armas de fuego y armas blancas a los residentes.<\/p>\n\n\n\n<p>Lo hombres se habr\u00edan apropiado de tel\u00e9fonos m\u00f3viles, una plancha de ropa, billetera con dinero, documentos personales, relojes de mano, entre otros elementos. En una reacci\u00f3n de Polic\u00eda Nacional fueron capturados hall\u00e1ndoles, adem\u00e1s de las pertenencias hurtadas, un arma traum\u00e1tica, monedas de diferentes denominaciones y un arma cortopunzante.<\/p>\n\n\n\n<p><strong>Pitalito<\/strong><\/p>\n\n\n\n<p>Por otros hechos registrados el pasado 29 de enero, fue judicializado Libaniel Beltr\u00e1n Pe\u00f1a quien al parecer ingres\u00f3 a un inmueble en el barrio Trinidad de Pitalito (Huila) y se llev\u00f3 una bicicleta todoterreno, siendo capturado en flagrancia cuando se movilizaba en la misma. Beltr\u00e1n Pe\u00f1a acept\u00f3 los cargos.<\/p>\n\n\n\n<p>Tambi\u00e9n fue capturado por orden judicial Yilver David Almario C\u00e1rdenas, quien el pasado 3 de octubre frente a un restaurante de ese municipio y junto con otras personas, presuntamente intimid\u00f3 con arma de fuego a dos personas, caus\u00e1ndole heridas a una en diferentes partes de su cuerpo, y hurtando su moto y celular. Su captura fue por orden judicial la realiz\u00f3 Sijin en el barrio Popular del mismo municipio.<\/p>\n\n\n\n<p><strong>Garz\u00f3n<\/strong><\/p>\n\n\n\n<p>Otros dos hechos de hurto se registraron en Garz\u00f3n. Uno, el 31 de enero reciente, cuando Mauricio Arias Montoya en el barrio Santa Teresa, al parecer se subi\u00f3 a un \u00e1rbol de mango tratando de cortar con un machete unos cables que daban internet a la comunidad.<\/p>\n\n\n\n<p>Unas personas del sector lo observaron y no dejaron que el procesado se bajara, dando aviso a las autoridades, quienes lo capturaron. El hombre acept\u00f3 su responsabilidad en los hechos.<\/p>\n\n\n\n<p>Por otro caso m\u00e1s registrado en ese municipio, fueron presentados ante un juez con funci\u00f3n de control de garant\u00edas, Andr\u00e9s Felipe Giraldo Pinz\u00f3n y Juan Diego \u00c1lvarez Sandoval, luego de que el pasado 26 de enero, en el barrio barrio Mar\u00eda Auxiliadora, habr\u00edan amenazado con arma de fuego y pedido sus pertenencias a un hombre que se encontraba all\u00ed sentando en un and\u00e9n.<\/p>\n\n\n\n<p>La v\u00edctima se abalanz\u00f3 y estos emprendieron la huida pero despu\u00e9s fueron capturados por la Polic\u00eda, incaut\u00e1ndoles un arma neum\u00e1tica tipo pistola, con su cargador, un arma blanca tipo machete, y una motocicleta. Estos hombres fueron los \u00fanicos cobijados con medida de aseguramiento en lugar de residencia.<\/p>\n","protected":false},"excerpt":{"rendered":"<p>La Fiscal\u00eda logr\u00f3 ocho medidas de aseguramiento privativas de la libertad en centro carcelario y dos en lugar de residencia, en contra de personas capturadas en flagrancia y una por orden judicial, por su presunta autor\u00eda en hurtos a personas, residencias y cosas en Suaza, Pitalito y Garz\u00f3n. Con base a los elementos materiales probatorios [&hellip;]<\/p>\n","protected":false},"author":2,"featured_media":0,"comment_status":"open","ping_status":"open","sticky":false,"template":"","format":"standard","meta":{"footnotes":""},"categories":[36,29],"tags":[],"class_list":["post-45487","post","type-post","status-publish","format-standard","hentry","category-destacado","category-judicial"],"yoast_head":"<!-- This site is optimized with the Yoast SEO plugin v26.6 - https:\/\/yoast.com\/wordpress\/plugins\/seo\/ -->\n<title>Aseguradas diez personas por hurto a personas y residencias en el Huila -<\/title>\n<meta name=\"robots\" content=\"index, follow, max-snippet:-1, max-image-preview:large, max-video-preview:-1\" \/>\n<link rel=\"canonical\" href=\"https:\/\/luchonoticias.com\/editor\/aseguradas-diez-personas-por-hurto-a-personas-y-residencias-en-el-huila\/\" \/>\n<meta property=\"og:locale\" content=\"es_ES\" \/>\n<meta property=\"og:type\" content=\"article\" \/>\n<meta property=\"og:title\" content=\"Aseguradas diez personas por hurto a personas y residencias en el Huila -\" \/>\n<meta property=\"og:url\" content=\"https:\/\/luchonoticias.com\/editor\/aseguradas-diez-personas-por-hurto-a-personas-y-residencias-en-el-huila\/\" \/>\n<meta property=\"article:publisher\" content=\"https:\/\/www.facebook.com\/luchonoticiasneiva\" \/>\n<meta property=\"article:published_time\" content=\"2023-02-04T11:32:59+00:00\" \/>\n<meta property=\"article:modified_time\" content=\"2023-02-04T11:33:00+00:00\" \/>\n<meta name=\"author\" content=\"Editor General\" \/>\n<meta name=\"twitter:card\" content=\"summary_large_image\" \/>\n<meta name=\"twitter:label1\" content=\"Escrito por\" \/>\n\t<meta name=\"twitter:data1\" content=\"Editor General\" \/>\n\t<meta name=\"twitter:label2\" content=\"Tiempo de lectura\" \/>\n\t<meta name=\"twitter:data2\" content=\"3 minutos\" \/>\n<script type=\"application\/ld+json\" class=\"yoast-schema-graph\">{\"@context\":\"https:\/\/schema.org\",\"@graph\":[{\"@type\":\"Article\",\"@id\":\"https:\/\/luchonoticias.com\/editor\/aseguradas-diez-personas-por-hurto-a-personas-y-residencias-en-el-huila\/#article\",\"isPartOf\":{\"@id\":\"https:\/\/luchonoticias.com\/editor\/aseguradas-diez-personas-por-hurto-a-personas-y-residencias-en-el-huila\/\"},\"author\":{\"name\":\"Editor General\",\"@id\":\"https:\/\/luchonoticias.com\/editor\/#\/schema\/person\/29217990ddf6f14e35912b2866d591fb\"},\"headline\":\"Aseguradas diez personas por hurto a personas y residencias en el Huila\",\"datePublished\":\"2023-02-04T11:32:59+00:00\",\"dateModified\":\"2023-02-04T11:33:00+00:00\",\"mainEntityOfPage\":{\"@id\":\"https:\/\/luchonoticias.com\/editor\/aseguradas-diez-personas-por-hurto-a-personas-y-residencias-en-el-huila\/\"},\"wordCount\":543,\"commentCount\":0,\"publisher\":{\"@id\":\"https:\/\/luchonoticias.com\/editor\/#\/schema\/person\/7a7fd911f58561fd056dbac7b55af9cd\"},\"articleSection\":[\"Destacado\",\"Judicial\"],\"inLanguage\":\"es\",\"potentialAction\":[{\"@type\":\"CommentAction\",\"name\":\"Comment\",\"target\":[\"https:\/\/luchonoticias.com\/editor\/aseguradas-diez-personas-por-hurto-a-personas-y-residencias-en-el-huila\/#respond\"]}]},{\"@type\":\"WebPage\",\"@id\":\"https:\/\/luchonoticias.com\/editor\/aseguradas-diez-personas-por-hurto-a-personas-y-residencias-en-el-huila\/\",\"url\":\"https:\/\/luchonoticias.com\/editor\/aseguradas-diez-personas-por-hurto-a-personas-y-residencias-en-el-huila\/\",\"name\":\"Aseguradas diez personas por hurto a personas y residencias en el Huila -\",\"isPartOf\":{\"@id\":\"https:\/\/luchonoticias.com\/editor\/#website\"},\"datePublished\":\"2023-02-04T11:32:59+00:00\",\"dateModified\":\"2023-02-04T11:33:00+00:00\",\"breadcrumb\":{\"@id\":\"https:\/\/luchonoticias.com\/editor\/aseguradas-diez-personas-por-hurto-a-personas-y-residencias-en-el-huila\/#breadcrumb\"},\"inLanguage\":\"es\",\"potentialAction\":[{\"@type\":\"ReadAction\",\"target\":[\"https:\/\/luchonoticias.com\/editor\/aseguradas-diez-personas-por-hurto-a-personas-y-residencias-en-el-huila\/\"]}]},{\"@type\":\"BreadcrumbList\",\"@id\":\"https:\/\/luchonoticias.com\/editor\/aseguradas-diez-personas-por-hurto-a-personas-y-residencias-en-el-huila\/#breadcrumb\",\"itemListElement\":[{\"@type\":\"ListItem\",\"position\":1,\"name\":\"Portada\",\"item\":\"https:\/\/luchonoticias.com\/editor\/\"},{\"@type\":\"ListItem\",\"position\":2,\"name\":\"Aseguradas diez personas por hurto a personas y residencias en el Huila\"}]},{\"@type\":\"WebSite\",\"@id\":\"https:\/\/luchonoticias.com\/editor\/#website\",\"url\":\"https:\/\/luchonoticias.com\/editor\/\",\"name\":\"\",\"description\":\"\",\"publisher\":{\"@id\":\"https:\/\/luchonoticias.com\/editor\/#\/schema\/person\/7a7fd911f58561fd056dbac7b55af9cd\"},\"potentialAction\":[{\"@type\":\"SearchAction\",\"target\":{\"@type\":\"EntryPoint\",\"urlTemplate\":\"https:\/\/luchonoticias.com\/editor\/?s={search_term_string}\"},\"query-input\":{\"@type\":\"PropertyValueSpecification\",\"valueRequired\":true,\"valueName\":\"search_term_string\"}}],\"inLanguage\":\"es\"},{\"@type\":[\"Person\",\"Organization\"],\"@id\":\"https:\/\/luchonoticias.com\/editor\/#\/schema\/person\/7a7fd911f58561fd056dbac7b55af9cd\",\"name\":\"admin\",\"image\":{\"@type\":\"ImageObject\",\"inLanguage\":\"es\",\"@id\":\"https:\/\/luchonoticias.com\/editor\/#\/schema\/person\/image\/\",\"url\":\"https:\/\/luchonoticias.com\/editor\/wp-content\/uploads\/2024\/02\/cropped-cropped-logolu.webp\",\"contentUrl\":\"https:\/\/luchonoticias.com\/editor\/wp-content\/uploads\/2024\/02\/cropped-cropped-logolu.webp\",\"width\":382,\"height\":170,\"caption\":\"admin\"},\"logo\":{\"@id\":\"https:\/\/luchonoticias.com\/editor\/#\/schema\/person\/image\/\"},\"sameAs\":[\"https:\/\/www.facebook.com\/luchonoticiasneiva\"]},{\"@type\":\"Person\",\"@id\":\"https:\/\/luchonoticias.com\/editor\/#\/schema\/person\/29217990ddf6f14e35912b2866d591fb\",\"name\":\"Editor General\",\"image\":{\"@type\":\"ImageObject\",\"inLanguage\":\"es\",\"@id\":\"https:\/\/luchonoticias.com\/editor\/#\/schema\/person\/image\/\",\"url\":\"https:\/\/luchonoticias.com\/editor\/wp-content\/uploads\/2024\/02\/cropped-cropped-logolu-150x150.webp\",\"contentUrl\":\"https:\/\/luchonoticias.com\/editor\/wp-content\/uploads\/2024\/02\/cropped-cropped-logolu-150x150.webp\",\"caption\":\"Editor General\"},\"sameAs\":[\"https:\/\/luchonoticias.com\/\"],\"url\":\"https:\/\/luchonoticias.com\/editor\/author\/editor-general\/\"}]}<\/script>\n<!-- \/ Yoast SEO plugin. -->","yoast_head_json":{"title":"Aseguradas diez personas por hurto a personas y residencias en el Huila -","robots":{"index":"index","follow":"follow","max-snippet":"max-snippet:-1","max-image-preview":"max-image-preview:large","max-video-preview":"max-video-preview:-1"},"canonical":"https:\/\/luchonoticias.com\/editor\/aseguradas-diez-personas-por-hurto-a-personas-y-residencias-en-el-huila\/","og_locale":"es_ES","og_type":"article","og_title":"Aseguradas diez personas por hurto a personas y residencias en el Huila -","og_url":"https:\/\/luchonoticias.com\/editor\/aseguradas-diez-personas-por-hurto-a-personas-y-residencias-en-el-huila\/","article_publisher":"https:\/\/www.facebook.com\/luchonoticiasneiva","article_published_time":"2023-02-04T11:32:59+00:00","article_modified_time":"2023-02-04T11:33:00+00:00","author":"Editor General","twitter_card":"summary_large_image","twitter_misc":{"Escrito por":"Editor General","Tiempo de lectura":"3 minutos"},"schema":{"@context":"https:\/\/schema.org","@graph":[{"@type":"Article","@id":"https:\/\/luchonoticias.com\/editor\/aseguradas-diez-personas-por-hurto-a-personas-y-residencias-en-el-huila\/#article","isPartOf":{"@id":"https:\/\/luchonoticias.com\/editor\/aseguradas-diez-personas-por-hurto-a-personas-y-residencias-en-el-huila\/"},"author":{"name":"Editor General","@id":"https:\/\/luchonoticias.com\/editor\/#\/schema\/person\/29217990ddf6f14e35912b2866d591fb"},"headline":"Aseguradas diez personas por hurto a personas y residencias en el Huila","datePublished":"2023-02-04T11:32:59+00:00","dateModified":"2023-02-04T11:33:00+00:00","mainEntityOfPage":{"@id":"https:\/\/luchonoticias.com\/editor\/aseguradas-diez-personas-por-hurto-a-personas-y-residencias-en-el-huila\/"},"wordCount":543,"commentCount":0,"publisher":{"@id":"https:\/\/luchonoticias.com\/editor\/#\/schema\/person\/7a7fd911f58561fd056dbac7b55af9cd"},"articleSection":["Destacado","Judicial"],"inLanguage":"es","potentialAction":[{"@type":"CommentAction","name":"Comment","target":["https:\/\/luchonoticias.com\/editor\/aseguradas-diez-personas-por-hurto-a-personas-y-residencias-en-el-huila\/#respond"]}]},{"@type":"WebPage","@id":"https:\/\/luchonoticias.com\/editor\/aseguradas-diez-personas-por-hurto-a-personas-y-residencias-en-el-huila\/","url":"https:\/\/luchonoticias.com\/editor\/aseguradas-diez-personas-por-hurto-a-personas-y-residencias-en-el-huila\/","name":"Aseguradas diez personas por hurto a personas y residencias en el Huila -","isPartOf":{"@id":"https:\/\/luchonoticias.com\/editor\/#website"},"datePublished":"2023-02-04T11:32:59+00:00","dateModified":"2023-02-04T11:33:00+00:00","breadcrumb":{"@id":"https:\/\/luchonoticias.com\/editor\/aseguradas-diez-personas-por-hurto-a-personas-y-residencias-en-el-huila\/#breadcrumb"},"inLanguage":"es","potentialAction":[{"@type":"ReadAction","target":["https:\/\/luchonoticias.com\/editor\/aseguradas-diez-personas-por-hurto-a-personas-y-residencias-en-el-huila\/"]}]},{"@type":"BreadcrumbList","@id":"https:\/\/luchonoticias.com\/editor\/aseguradas-diez-personas-por-hurto-a-personas-y-residencias-en-el-huila\/#breadcrumb","itemListElement":[{"@type":"ListItem","position":1,"name":"Portada","item":"https:\/\/luchonoticias.com\/editor\/"},{"@type":"ListItem","position":2,"name":"Aseguradas diez personas por hurto a personas y residencias en el Huila"}]},{"@type":"WebSite","@id":"https:\/\/luchonoticias.com\/editor\/#website","url":"https:\/\/luchonoticias.com\/editor\/","name":"","description":"","publisher":{"@id":"https:\/\/luchonoticias.com\/editor\/#\/schema\/person\/7a7fd911f58561fd056dbac7b55af9cd"},"potentialAction":[{"@type":"SearchAction","target":{"@type":"EntryPoint","urlTemplate":"https:\/\/luchonoticias.com\/editor\/?s={search_term_string}"},"query-input":{"@type":"PropertyValueSpecification","valueRequired":true,"valueName":"search_term_string"}}],"inLanguage":"es"},{"@type":["Person","Organization"],"@id":"https:\/\/luchonoticias.com\/editor\/#\/schema\/person\/7a7fd911f58561fd056dbac7b55af9cd","name":"admin","image":{"@type":"ImageObject","inLanguage":"es","@id":"https:\/\/luchonoticias.com\/editor\/#\/schema\/person\/image\/","url":"https:\/\/luchonoticias.com\/editor\/wp-content\/uploads\/2024\/02\/cropped-cropped-logolu.webp","contentUrl":"https:\/\/luchonoticias.com\/editor\/wp-content\/uploads\/2024\/02\/cropped-cropped-logolu.webp","width":382,"height":170,"caption":"admin"},"logo":{"@id":"https:\/\/luchonoticias.com\/editor\/#\/schema\/person\/image\/"},"sameAs":["https:\/\/www.facebook.com\/luchonoticiasneiva"]},{"@type":"Person","@id":"https:\/\/luchonoticias.com\/editor\/#\/schema\/person\/29217990ddf6f14e35912b2866d591fb","name":"Editor General","image":{"@type":"ImageObject","inLanguage":"es","@id":"https:\/\/luchonoticias.com\/editor\/#\/schema\/person\/image\/","url":"https:\/\/luchonoticias.com\/editor\/wp-content\/uploads\/2024\/02\/cropped-cropped-logolu-150x150.webp","contentUrl":"https:\/\/luchonoticias.com\/editor\/wp-content\/uploads\/2024\/02\/cropped-cropped-logolu-150x150.webp","caption":"Editor General"},"sameAs":["https:\/\/luchonoticias.com\/"],"url":"https:\/\/luchonoticias.com\/editor\/author\/editor-general\/"}]}},"_links":{"self":[{"href":"https:\/\/luchonoticias.com\/editor\/wp-json\/wp\/v2\/posts\/45487","targetHints":{"allow":["GET"]}}],"collection":[{"href":"https:\/\/luchonoticias.com\/editor\/wp-json\/wp\/v2\/posts"}],"about":[{"href":"https:\/\/luchonoticias.com\/editor\/wp-json\/wp\/v2\/types\/post"}],"author":[{"embeddable":true,"href":"https:\/\/luchonoticias.com\/editor\/wp-json\/wp\/v2\/users\/2"}],"replies":[{"embeddable":true,"href":"https:\/\/luchonoticias.com\/editor\/wp-json\/wp\/v2\/comments?post=45487"}],"version-history":[{"count":0,"href":"https:\/\/luchonoticias.com\/editor\/wp-json\/wp\/v2\/posts\/45487\/revisions"}],"wp:attachment":[{"href":"https:\/\/luchonoticias.com\/editor\/wp-json\/wp\/v2\/media?parent=45487"}],"wp:term":[{"taxonomy":"category","embeddable":true,"href":"https:\/\/luchonoticias.com\/editor\/wp-json\/wp\/v2\/categories?post=45487"},{"taxonomy":"post_tag","embeddable":true,"href":"https:\/\/luchonoticias.com\/editor\/wp-json\/wp\/v2\/tags?post=45487"}],"curies":[{"name":"wp","href":"https:\/\/api.w.org\/{rel}","templated":true}]}}