{"id":45490,"date":"2023-02-04T06:49:37","date_gmt":"2023-02-04T11:49:37","guid":{"rendered":"https:\/\/luchonoticias.com\/?p=45490"},"modified":"2023-02-04T06:49:38","modified_gmt":"2023-02-04T11:49:38","slug":"nadie-que-viva-honestamente-en-los-paramos-de-colombia-sera-criminalizado-en-mi-gobierno-petro","status":"publish","type":"post","link":"https:\/\/luchonoticias.com\/editor\/nadie-que-viva-honestamente-en-los-paramos-de-colombia-sera-criminalizado-en-mi-gobierno-petro\/","title":{"rendered":"Nadie que viva honestamente en los p\u00e1ramos de Colombia ser\u00e1 criminalizado en mi Gobierno: Petro"},"content":{"rendered":"\n<p>Este viernes, durante el di\u00e1logo con la comunidad frente a la Ley de delimitaci\u00f3n de p\u00e1ramos, el Presidente Gustavo Petro afirm\u00f3 que en su Gobierno nadie que viva honestamente en los p\u00e1ramos de Colombia ser\u00e1 criminalizado y que tampoco se va a permitir que haya desalojos de los campesinos que viven en esos ecosistemas de vital importancia para el pa\u00eds.<\/p>\n\n\n\n<p>\u201cNuestra pol\u00edtica no es criminalizar a nuestro pueblo por lo que piensa, por lo que hace, pos sus maneras de intentar sobrevivir, en medio de una situaci\u00f3n que los ha llevado a muchos y muchas al desespero. Nadie que viva honestamente en los p\u00e1ramos de Colombia va a ser criminalizado en mi Gobierno\u201d, enfatiz\u00f3 el Jefe de Estado, y agreg\u00f3: \u201cEn este Gobierno del Cambio no vamos a criminalizar pobres\u201d.<\/p>\n\n\n\n<p>En el mismo contexto, el Mandatario se refiri\u00f3 al caso de dos campesinos que hab\u00edan sido objeto de un desplazamiento en el p\u00e1ramo, raz\u00f3n por la que afirm\u00f3 que \u201ceste Gobierno va a permitir ning\u00fan desalojo de los p\u00e1ramos de Colombia y si hay alguna denuncia estaremos atentos a corregir ese tipo de circunstancia\u201d.<\/p>\n\n\n\n<p>En su intervenci\u00f3n, tambi\u00e9n hizo referencia a la posici\u00f3n del Gobierno Nacional frente a la miner\u00eda en los p\u00e1ramos.<\/p>\n\n\n\n<p>\u201cNo estoy de acuerdo con que en (el p\u00e1ramo de) Santurb\u00e1n haya miner\u00eda del oro a gran escala. No estoy de acuerdo\u201d, porque \u201cprimero es el agua, lo hemos repetido una y otra vez: es m\u00e1s valiosa el agua que el oro, el agua nos permite vivir\u201d.<\/p>\n\n\n\n<p>En el mismo sentido, manifest\u00f3 que en su Gobierno no habr\u00e1 persecuci\u00f3n de los campesinos, y los llam\u00f3 a construir una alianza por la paz.<\/p>\n\n\n\n<p>\u201cEn este Gobierno no habr\u00e1 una guerra contra el campesinado, en este Gobierno lo que planteamos, con todos los problemas que tenemos, es una alianza entre el Estado y el campesinado de Colombia para construir, de verdad, la paz\u201d, destac\u00f3 el Mandatario.<\/p>\n\n\n\n<p>Finalmente, se refiri\u00f3 a la importancia de avanzar en un proceso de titulaci\u00f3n de bald\u00edos para las familias campesinas de los p\u00e1ramos, con el fin de garantizar el \u201cderecho al p\u00e1ramo, pero tambi\u00e9n el deber de cuidarlo\u201d.<\/p>\n","protected":false},"excerpt":{"rendered":"<p>Este viernes, durante el di\u00e1logo con la comunidad frente a la Ley de delimitaci\u00f3n de p\u00e1ramos, el Presidente Gustavo Petro afirm\u00f3 que en su Gobierno nadie que viva honestamente en los p\u00e1ramos de Colombia ser\u00e1 criminalizado y que tampoco se va a permitir que haya desalojos de los campesinos que viven en esos ecosistemas de [&hellip;]<\/p>\n","protected":false},"author":2,"featured_media":0,"comment_status":"open","ping_status":"open","sticky":false,"template":"","format":"standard","meta":{"footnotes":""},"categories":[36,32],"tags":[],"class_list":["post-45490","post","type-post","status-publish","format-standard","hentry","category-destacado","category-nacional"],"yoast_head":"<!-- This site is optimized with the Yoast SEO plugin v26.6 - https:\/\/yoast.com\/wordpress\/plugins\/seo\/ -->\n<title>Nadie que viva honestamente en los p\u00e1ramos de Colombia ser\u00e1 criminalizado en mi Gobierno: Petro -<\/title>\n<meta name=\"robots\" content=\"index, follow, max-snippet:-1, max-image-preview:large, max-video-preview:-1\" \/>\n<link rel=\"canonical\" href=\"https:\/\/luchonoticias.com\/editor\/nadie-que-viva-honestamente-en-los-paramos-de-colombia-sera-criminalizado-en-mi-gobierno-petro\/\" \/>\n<meta property=\"og:locale\" content=\"es_ES\" \/>\n<meta property=\"og:type\" content=\"article\" \/>\n<meta property=\"og:title\" content=\"Nadie que viva honestamente en los p\u00e1ramos de Colombia ser\u00e1 criminalizado en mi Gobierno: Petro -\" \/>\n<meta property=\"og:url\" content=\"https:\/\/luchonoticias.com\/editor\/nadie-que-viva-honestamente-en-los-paramos-de-colombia-sera-criminalizado-en-mi-gobierno-petro\/\" \/>\n<meta property=\"article:publisher\" content=\"https:\/\/www.facebook.com\/luchonoticiasneiva\" \/>\n<meta property=\"article:published_time\" content=\"2023-02-04T11:49:37+00:00\" \/>\n<meta property=\"article:modified_time\" content=\"2023-02-04T11:49:38+00:00\" \/>\n<meta name=\"author\" content=\"Editor General\" \/>\n<meta name=\"twitter:card\" content=\"summary_large_image\" \/>\n<meta name=\"twitter:label1\" content=\"Escrito por\" \/>\n\t<meta name=\"twitter:data1\" content=\"Editor General\" \/>\n\t<meta name=\"twitter:label2\" content=\"Tiempo de lectura\" \/>\n\t<meta name=\"twitter:data2\" content=\"2 minutos\" \/>\n<script type=\"application\/ld+json\" class=\"yoast-schema-graph\">{\"@context\":\"https:\/\/schema.org\",\"@graph\":[{\"@type\":\"Article\",\"@id\":\"https:\/\/luchonoticias.com\/editor\/nadie-que-viva-honestamente-en-los-paramos-de-colombia-sera-criminalizado-en-mi-gobierno-petro\/#article\",\"isPartOf\":{\"@id\":\"https:\/\/luchonoticias.com\/editor\/nadie-que-viva-honestamente-en-los-paramos-de-colombia-sera-criminalizado-en-mi-gobierno-petro\/\"},\"author\":{\"name\":\"Editor General\",\"@id\":\"https:\/\/luchonoticias.com\/editor\/#\/schema\/person\/29217990ddf6f14e35912b2866d591fb\"},\"headline\":\"Nadie que viva honestamente en los p\u00e1ramos de Colombia ser\u00e1 criminalizado en mi Gobierno: Petro\",\"datePublished\":\"2023-02-04T11:49:37+00:00\",\"dateModified\":\"2023-02-04T11:49:38+00:00\",\"mainEntityOfPage\":{\"@id\":\"https:\/\/luchonoticias.com\/editor\/nadie-que-viva-honestamente-en-los-paramos-de-colombia-sera-criminalizado-en-mi-gobierno-petro\/\"},\"wordCount\":398,\"commentCount\":0,\"publisher\":{\"@id\":\"https:\/\/luchonoticias.com\/editor\/#\/schema\/person\/7a7fd911f58561fd056dbac7b55af9cd\"},\"articleSection\":[\"Destacado\",\"Nacional\"],\"inLanguage\":\"es\",\"potentialAction\":[{\"@type\":\"CommentAction\",\"name\":\"Comment\",\"target\":[\"https:\/\/luchonoticias.com\/editor\/nadie-que-viva-honestamente-en-los-paramos-de-colombia-sera-criminalizado-en-mi-gobierno-petro\/#respond\"]}]},{\"@type\":\"WebPage\",\"@id\":\"https:\/\/luchonoticias.com\/editor\/nadie-que-viva-honestamente-en-los-paramos-de-colombia-sera-criminalizado-en-mi-gobierno-petro\/\",\"url\":\"https:\/\/luchonoticias.com\/editor\/nadie-que-viva-honestamente-en-los-paramos-de-colombia-sera-criminalizado-en-mi-gobierno-petro\/\",\"name\":\"Nadie que viva honestamente en los p\u00e1ramos de Colombia ser\u00e1 criminalizado en mi Gobierno: Petro -\",\"isPartOf\":{\"@id\":\"https:\/\/luchonoticias.com\/editor\/#website\"},\"datePublished\":\"2023-02-04T11:49:37+00:00\",\"dateModified\":\"2023-02-04T11:49:38+00:00\",\"breadcrumb\":{\"@id\":\"https:\/\/luchonoticias.com\/editor\/nadie-que-viva-honestamente-en-los-paramos-de-colombia-sera-criminalizado-en-mi-gobierno-petro\/#breadcrumb\"},\"inLanguage\":\"es\",\"potentialAction\":[{\"@type\":\"ReadAction\",\"target\":[\"https:\/\/luchonoticias.com\/editor\/nadie-que-viva-honestamente-en-los-paramos-de-colombia-sera-criminalizado-en-mi-gobierno-petro\/\"]}]},{\"@type\":\"BreadcrumbList\",\"@id\":\"https:\/\/luchonoticias.com\/editor\/nadie-que-viva-honestamente-en-los-paramos-de-colombia-sera-criminalizado-en-mi-gobierno-petro\/#breadcrumb\",\"itemListElement\":[{\"@type\":\"ListItem\",\"position\":1,\"name\":\"Portada\",\"item\":\"https:\/\/luchonoticias.com\/editor\/\"},{\"@type\":\"ListItem\",\"position\":2,\"name\":\"Nadie que viva honestamente en los p\u00e1ramos de Colombia ser\u00e1 criminalizado en mi Gobierno: Petro\"}]},{\"@type\":\"WebSite\",\"@id\":\"https:\/\/luchonoticias.com\/editor\/#website\",\"url\":\"https:\/\/luchonoticias.com\/editor\/\",\"name\":\"\",\"description\":\"\",\"publisher\":{\"@id\":\"https:\/\/luchonoticias.com\/editor\/#\/schema\/person\/7a7fd911f58561fd056dbac7b55af9cd\"},\"potentialAction\":[{\"@type\":\"SearchAction\",\"target\":{\"@type\":\"EntryPoint\",\"urlTemplate\":\"https:\/\/luchonoticias.com\/editor\/?s={search_term_string}\"},\"query-input\":{\"@type\":\"PropertyValueSpecification\",\"valueRequired\":true,\"valueName\":\"search_term_string\"}}],\"inLanguage\":\"es\"},{\"@type\":[\"Person\",\"Organization\"],\"@id\":\"https:\/\/luchonoticias.com\/editor\/#\/schema\/person\/7a7fd911f58561fd056dbac7b55af9cd\",\"name\":\"admin\",\"image\":{\"@type\":\"ImageObject\",\"inLanguage\":\"es\",\"@id\":\"https:\/\/luchonoticias.com\/editor\/#\/schema\/person\/image\/\",\"url\":\"https:\/\/luchonoticias.com\/editor\/wp-content\/uploads\/2024\/02\/cropped-cropped-logolu.webp\",\"contentUrl\":\"https:\/\/luchonoticias.com\/editor\/wp-content\/uploads\/2024\/02\/cropped-cropped-logolu.webp\",\"width\":382,\"height\":170,\"caption\":\"admin\"},\"logo\":{\"@id\":\"https:\/\/luchonoticias.com\/editor\/#\/schema\/person\/image\/\"},\"sameAs\":[\"https:\/\/www.facebook.com\/luchonoticiasneiva\"]},{\"@type\":\"Person\",\"@id\":\"https:\/\/luchonoticias.com\/editor\/#\/schema\/person\/29217990ddf6f14e35912b2866d591fb\",\"name\":\"Editor General\",\"image\":{\"@type\":\"ImageObject\",\"inLanguage\":\"es\",\"@id\":\"https:\/\/luchonoticias.com\/editor\/#\/schema\/person\/image\/\",\"url\":\"https:\/\/luchonoticias.com\/editor\/wp-content\/uploads\/2024\/02\/cropped-cropped-logolu-150x150.webp\",\"contentUrl\":\"https:\/\/luchonoticias.com\/editor\/wp-content\/uploads\/2024\/02\/cropped-cropped-logolu-150x150.webp\",\"caption\":\"Editor General\"},\"sameAs\":[\"https:\/\/luchonoticias.com\/\"],\"url\":\"https:\/\/luchonoticias.com\/editor\/author\/editor-general\/\"}]}<\/script>\n<!-- \/ Yoast SEO plugin. -->","yoast_head_json":{"title":"Nadie que viva honestamente en los p\u00e1ramos de Colombia ser\u00e1 criminalizado en mi Gobierno: Petro -","robots":{"index":"index","follow":"follow","max-snippet":"max-snippet:-1","max-image-preview":"max-image-preview:large","max-video-preview":"max-video-preview:-1"},"canonical":"https:\/\/luchonoticias.com\/editor\/nadie-que-viva-honestamente-en-los-paramos-de-colombia-sera-criminalizado-en-mi-gobierno-petro\/","og_locale":"es_ES","og_type":"article","og_title":"Nadie que viva honestamente en los p\u00e1ramos de Colombia ser\u00e1 criminalizado en mi Gobierno: Petro -","og_url":"https:\/\/luchonoticias.com\/editor\/nadie-que-viva-honestamente-en-los-paramos-de-colombia-sera-criminalizado-en-mi-gobierno-petro\/","article_publisher":"https:\/\/www.facebook.com\/luchonoticiasneiva","article_published_time":"2023-02-04T11:49:37+00:00","article_modified_time":"2023-02-04T11:49:38+00:00","author":"Editor General","twitter_card":"summary_large_image","twitter_misc":{"Escrito por":"Editor General","Tiempo de lectura":"2 minutos"},"schema":{"@context":"https:\/\/schema.org","@graph":[{"@type":"Article","@id":"https:\/\/luchonoticias.com\/editor\/nadie-que-viva-honestamente-en-los-paramos-de-colombia-sera-criminalizado-en-mi-gobierno-petro\/#article","isPartOf":{"@id":"https:\/\/luchonoticias.com\/editor\/nadie-que-viva-honestamente-en-los-paramos-de-colombia-sera-criminalizado-en-mi-gobierno-petro\/"},"author":{"name":"Editor General","@id":"https:\/\/luchonoticias.com\/editor\/#\/schema\/person\/29217990ddf6f14e35912b2866d591fb"},"headline":"Nadie que viva honestamente en los p\u00e1ramos de Colombia ser\u00e1 criminalizado en mi Gobierno: Petro","datePublished":"2023-02-04T11:49:37+00:00","dateModified":"2023-02-04T11:49:38+00:00","mainEntityOfPage":{"@id":"https:\/\/luchonoticias.com\/editor\/nadie-que-viva-honestamente-en-los-paramos-de-colombia-sera-criminalizado-en-mi-gobierno-petro\/"},"wordCount":398,"commentCount":0,"publisher":{"@id":"https:\/\/luchonoticias.com\/editor\/#\/schema\/person\/7a7fd911f58561fd056dbac7b55af9cd"},"articleSection":["Destacado","Nacional"],"inLanguage":"es","potentialAction":[{"@type":"CommentAction","name":"Comment","target":["https:\/\/luchonoticias.com\/editor\/nadie-que-viva-honestamente-en-los-paramos-de-colombia-sera-criminalizado-en-mi-gobierno-petro\/#respond"]}]},{"@type":"WebPage","@id":"https:\/\/luchonoticias.com\/editor\/nadie-que-viva-honestamente-en-los-paramos-de-colombia-sera-criminalizado-en-mi-gobierno-petro\/","url":"https:\/\/luchonoticias.com\/editor\/nadie-que-viva-honestamente-en-los-paramos-de-colombia-sera-criminalizado-en-mi-gobierno-petro\/","name":"Nadie que viva honestamente en los p\u00e1ramos de Colombia ser\u00e1 criminalizado en mi Gobierno: Petro -","isPartOf":{"@id":"https:\/\/luchonoticias.com\/editor\/#website"},"datePublished":"2023-02-04T11:49:37+00:00","dateModified":"2023-02-04T11:49:38+00:00","breadcrumb":{"@id":"https:\/\/luchonoticias.com\/editor\/nadie-que-viva-honestamente-en-los-paramos-de-colombia-sera-criminalizado-en-mi-gobierno-petro\/#breadcrumb"},"inLanguage":"es","potentialAction":[{"@type":"ReadAction","target":["https:\/\/luchonoticias.com\/editor\/nadie-que-viva-honestamente-en-los-paramos-de-colombia-sera-criminalizado-en-mi-gobierno-petro\/"]}]},{"@type":"BreadcrumbList","@id":"https:\/\/luchonoticias.com\/editor\/nadie-que-viva-honestamente-en-los-paramos-de-colombia-sera-criminalizado-en-mi-gobierno-petro\/#breadcrumb","itemListElement":[{"@type":"ListItem","position":1,"name":"Portada","item":"https:\/\/luchonoticias.com\/editor\/"},{"@type":"ListItem","position":2,"name":"Nadie que viva honestamente en los p\u00e1ramos de Colombia ser\u00e1 criminalizado en mi Gobierno: Petro"}]},{"@type":"WebSite","@id":"https:\/\/luchonoticias.com\/editor\/#website","url":"https:\/\/luchonoticias.com\/editor\/","name":"","description":"","publisher":{"@id":"https:\/\/luchonoticias.com\/editor\/#\/schema\/person\/7a7fd911f58561fd056dbac7b55af9cd"},"potentialAction":[{"@type":"SearchAction","target":{"@type":"EntryPoint","urlTemplate":"https:\/\/luchonoticias.com\/editor\/?s={search_term_string}"},"query-input":{"@type":"PropertyValueSpecification","valueRequired":true,"valueName":"search_term_string"}}],"inLanguage":"es"},{"@type":["Person","Organization"],"@id":"https:\/\/luchonoticias.com\/editor\/#\/schema\/person\/7a7fd911f58561fd056dbac7b55af9cd","name":"admin","image":{"@type":"ImageObject","inLanguage":"es","@id":"https:\/\/luchonoticias.com\/editor\/#\/schema\/person\/image\/","url":"https:\/\/luchonoticias.com\/editor\/wp-content\/uploads\/2024\/02\/cropped-cropped-logolu.webp","contentUrl":"https:\/\/luchonoticias.com\/editor\/wp-content\/uploads\/2024\/02\/cropped-cropped-logolu.webp","width":382,"height":170,"caption":"admin"},"logo":{"@id":"https:\/\/luchonoticias.com\/editor\/#\/schema\/person\/image\/"},"sameAs":["https:\/\/www.facebook.com\/luchonoticiasneiva"]},{"@type":"Person","@id":"https:\/\/luchonoticias.com\/editor\/#\/schema\/person\/29217990ddf6f14e35912b2866d591fb","name":"Editor General","image":{"@type":"ImageObject","inLanguage":"es","@id":"https:\/\/luchonoticias.com\/editor\/#\/schema\/person\/image\/","url":"https:\/\/luchonoticias.com\/editor\/wp-content\/uploads\/2024\/02\/cropped-cropped-logolu-150x150.webp","contentUrl":"https:\/\/luchonoticias.com\/editor\/wp-content\/uploads\/2024\/02\/cropped-cropped-logolu-150x150.webp","caption":"Editor General"},"sameAs":["https:\/\/luchonoticias.com\/"],"url":"https:\/\/luchonoticias.com\/editor\/author\/editor-general\/"}]}},"_links":{"self":[{"href":"https:\/\/luchonoticias.com\/editor\/wp-json\/wp\/v2\/posts\/45490","targetHints":{"allow":["GET"]}}],"collection":[{"href":"https:\/\/luchonoticias.com\/editor\/wp-json\/wp\/v2\/posts"}],"about":[{"href":"https:\/\/luchonoticias.com\/editor\/wp-json\/wp\/v2\/types\/post"}],"author":[{"embeddable":true,"href":"https:\/\/luchonoticias.com\/editor\/wp-json\/wp\/v2\/users\/2"}],"replies":[{"embeddable":true,"href":"https:\/\/luchonoticias.com\/editor\/wp-json\/wp\/v2\/comments?post=45490"}],"version-history":[{"count":0,"href":"https:\/\/luchonoticias.com\/editor\/wp-json\/wp\/v2\/posts\/45490\/revisions"}],"wp:attachment":[{"href":"https:\/\/luchonoticias.com\/editor\/wp-json\/wp\/v2\/media?parent=45490"}],"wp:term":[{"taxonomy":"category","embeddable":true,"href":"https:\/\/luchonoticias.com\/editor\/wp-json\/wp\/v2\/categories?post=45490"},{"taxonomy":"post_tag","embeddable":true,"href":"https:\/\/luchonoticias.com\/editor\/wp-json\/wp\/v2\/tags?post=45490"}],"curies":[{"name":"wp","href":"https:\/\/api.w.org\/{rel}","templated":true}]}}