{"id":45493,"date":"2023-02-04T06:51:46","date_gmt":"2023-02-04T11:51:46","guid":{"rendered":"https:\/\/luchonoticias.com\/?p=45493"},"modified":"2023-02-04T06:51:47","modified_gmt":"2023-02-04T11:51:47","slug":"jep-denunciara-la-fiscalia-de-nestor-humberto-martinez-por-posibles-delitos-en-el-caso-de-jesus-santrich","status":"publish","type":"post","link":"https:\/\/luchonoticias.com\/editor\/jep-denunciara-la-fiscalia-de-nestor-humberto-martinez-por-posibles-delitos-en-el-caso-de-jesus-santrich\/","title":{"rendered":"JEP denunciar\u00e1 la Fiscal\u00eda de N\u00e9stor Humberto Mart\u00ednez por posibles delitos en el caso de Jes\u00fas Santrich"},"content":{"rendered":"\n<p>La entidad nacida del Acuerdo de Paz, asegur\u00f3 el viernes 3 de febrero, que el informe que presentar\u00e1 \u201cpermite inferir que se pudieron haber cometido delitos como obstrucci\u00f3n a la justicia, fraude a resoluci\u00f3n judicial y ocultamiento de material probatorio por las presuntas maniobras dilatorias en la entrega de informaci\u00f3n, pruebas y evidencias de parte de la Fiscal\u00eda a la JEP\u201d.<\/p>\n\n\n\n<p>En ese sentido, la justicia de paz indic\u00f3 que fue v\u00edctima de interferencias, omisiones y actuaciones mal intencionadas, que por lo mismo deber\u00e1n ser examinadas por las autoridades competentes a las cuales se les entregar\u00e1 la informaci\u00f3n recaudada.<\/p>\n\n\n\n<p>\u201cUna vez radicadas las respectivas denuncias, la Presidencia de la JEP ampliar\u00e1 detalles sobre las mismas\u201d, finaliz\u00f3 la JEP en su comunicado.<\/p>\n","protected":false},"excerpt":{"rendered":"<p>La entidad nacida del Acuerdo de Paz, asegur\u00f3 el viernes 3 de febrero, que el informe que presentar\u00e1 \u201cpermite inferir que se pudieron haber cometido delitos como obstrucci\u00f3n a la justicia, fraude a resoluci\u00f3n judicial y ocultamiento de material probatorio por las presuntas maniobras dilatorias en la entrega de informaci\u00f3n, pruebas y evidencias de parte [&hellip;]<\/p>\n","protected":false},"author":2,"featured_media":0,"comment_status":"open","ping_status":"open","sticky":false,"template":"","format":"standard","meta":{"footnotes":""},"categories":[28,36],"tags":[],"class_list":["post-45493","post","type-post","status-publish","format-standard","hentry","category-actualidad","category-destacado"],"yoast_head":"<!-- This site is optimized with the Yoast SEO plugin v26.6 - https:\/\/yoast.com\/wordpress\/plugins\/seo\/ -->\n<title>JEP denunciar\u00e1 la Fiscal\u00eda de N\u00e9stor Humberto Mart\u00ednez por posibles delitos en el caso de Jes\u00fas Santrich -<\/title>\n<meta name=\"robots\" content=\"index, follow, max-snippet:-1, max-image-preview:large, max-video-preview:-1\" \/>\n<link rel=\"canonical\" href=\"https:\/\/luchonoticias.com\/editor\/jep-denunciara-la-fiscalia-de-nestor-humberto-martinez-por-posibles-delitos-en-el-caso-de-jesus-santrich\/\" \/>\n<meta property=\"og:locale\" content=\"es_ES\" \/>\n<meta property=\"og:type\" content=\"article\" \/>\n<meta property=\"og:title\" content=\"JEP denunciar\u00e1 la Fiscal\u00eda de N\u00e9stor Humberto Mart\u00ednez por posibles delitos en el caso de Jes\u00fas Santrich -\" \/>\n<meta property=\"og:url\" content=\"https:\/\/luchonoticias.com\/editor\/jep-denunciara-la-fiscalia-de-nestor-humberto-martinez-por-posibles-delitos-en-el-caso-de-jesus-santrich\/\" \/>\n<meta property=\"article:publisher\" content=\"https:\/\/www.facebook.com\/luchonoticiasneiva\" \/>\n<meta property=\"article:published_time\" content=\"2023-02-04T11:51:46+00:00\" \/>\n<meta property=\"article:modified_time\" content=\"2023-02-04T11:51:47+00:00\" \/>\n<meta name=\"author\" content=\"Editor General\" \/>\n<meta name=\"twitter:card\" content=\"summary_large_image\" \/>\n<meta name=\"twitter:label1\" content=\"Escrito por\" \/>\n\t<meta name=\"twitter:data1\" content=\"Editor General\" \/>\n\t<meta name=\"twitter:label2\" content=\"Tiempo de lectura\" \/>\n\t<meta name=\"twitter:data2\" content=\"1 minuto\" \/>\n<script type=\"application\/ld+json\" class=\"yoast-schema-graph\">{\"@context\":\"https:\/\/schema.org\",\"@graph\":[{\"@type\":\"Article\",\"@id\":\"https:\/\/luchonoticias.com\/editor\/jep-denunciara-la-fiscalia-de-nestor-humberto-martinez-por-posibles-delitos-en-el-caso-de-jesus-santrich\/#article\",\"isPartOf\":{\"@id\":\"https:\/\/luchonoticias.com\/editor\/jep-denunciara-la-fiscalia-de-nestor-humberto-martinez-por-posibles-delitos-en-el-caso-de-jesus-santrich\/\"},\"author\":{\"name\":\"Editor General\",\"@id\":\"https:\/\/luchonoticias.com\/editor\/#\/schema\/person\/29217990ddf6f14e35912b2866d591fb\"},\"headline\":\"JEP denunciar\u00e1 la Fiscal\u00eda de N\u00e9stor Humberto Mart\u00ednez por posibles delitos en el caso de Jes\u00fas Santrich\",\"datePublished\":\"2023-02-04T11:51:46+00:00\",\"dateModified\":\"2023-02-04T11:51:47+00:00\",\"mainEntityOfPage\":{\"@id\":\"https:\/\/luchonoticias.com\/editor\/jep-denunciara-la-fiscalia-de-nestor-humberto-martinez-por-posibles-delitos-en-el-caso-de-jesus-santrich\/\"},\"wordCount\":148,\"commentCount\":0,\"publisher\":{\"@id\":\"https:\/\/luchonoticias.com\/editor\/#\/schema\/person\/7a7fd911f58561fd056dbac7b55af9cd\"},\"articleSection\":[\"Actualidad\",\"Destacado\"],\"inLanguage\":\"es\",\"potentialAction\":[{\"@type\":\"CommentAction\",\"name\":\"Comment\",\"target\":[\"https:\/\/luchonoticias.com\/editor\/jep-denunciara-la-fiscalia-de-nestor-humberto-martinez-por-posibles-delitos-en-el-caso-de-jesus-santrich\/#respond\"]}]},{\"@type\":\"WebPage\",\"@id\":\"https:\/\/luchonoticias.com\/editor\/jep-denunciara-la-fiscalia-de-nestor-humberto-martinez-por-posibles-delitos-en-el-caso-de-jesus-santrich\/\",\"url\":\"https:\/\/luchonoticias.com\/editor\/jep-denunciara-la-fiscalia-de-nestor-humberto-martinez-por-posibles-delitos-en-el-caso-de-jesus-santrich\/\",\"name\":\"JEP denunciar\u00e1 la Fiscal\u00eda de N\u00e9stor Humberto Mart\u00ednez por posibles delitos en el caso de Jes\u00fas Santrich -\",\"isPartOf\":{\"@id\":\"https:\/\/luchonoticias.com\/editor\/#website\"},\"datePublished\":\"2023-02-04T11:51:46+00:00\",\"dateModified\":\"2023-02-04T11:51:47+00:00\",\"breadcrumb\":{\"@id\":\"https:\/\/luchonoticias.com\/editor\/jep-denunciara-la-fiscalia-de-nestor-humberto-martinez-por-posibles-delitos-en-el-caso-de-jesus-santrich\/#breadcrumb\"},\"inLanguage\":\"es\",\"potentialAction\":[{\"@type\":\"ReadAction\",\"target\":[\"https:\/\/luchonoticias.com\/editor\/jep-denunciara-la-fiscalia-de-nestor-humberto-martinez-por-posibles-delitos-en-el-caso-de-jesus-santrich\/\"]}]},{\"@type\":\"BreadcrumbList\",\"@id\":\"https:\/\/luchonoticias.com\/editor\/jep-denunciara-la-fiscalia-de-nestor-humberto-martinez-por-posibles-delitos-en-el-caso-de-jesus-santrich\/#breadcrumb\",\"itemListElement\":[{\"@type\":\"ListItem\",\"position\":1,\"name\":\"Portada\",\"item\":\"https:\/\/luchonoticias.com\/editor\/\"},{\"@type\":\"ListItem\",\"position\":2,\"name\":\"JEP denunciar\u00e1 la Fiscal\u00eda de N\u00e9stor Humberto Mart\u00ednez por posibles delitos en el caso de Jes\u00fas Santrich\"}]},{\"@type\":\"WebSite\",\"@id\":\"https:\/\/luchonoticias.com\/editor\/#website\",\"url\":\"https:\/\/luchonoticias.com\/editor\/\",\"name\":\"\",\"description\":\"\",\"publisher\":{\"@id\":\"https:\/\/luchonoticias.com\/editor\/#\/schema\/person\/7a7fd911f58561fd056dbac7b55af9cd\"},\"potentialAction\":[{\"@type\":\"SearchAction\",\"target\":{\"@type\":\"EntryPoint\",\"urlTemplate\":\"https:\/\/luchonoticias.com\/editor\/?s={search_term_string}\"},\"query-input\":{\"@type\":\"PropertyValueSpecification\",\"valueRequired\":true,\"valueName\":\"search_term_string\"}}],\"inLanguage\":\"es\"},{\"@type\":[\"Person\",\"Organization\"],\"@id\":\"https:\/\/luchonoticias.com\/editor\/#\/schema\/person\/7a7fd911f58561fd056dbac7b55af9cd\",\"name\":\"admin\",\"image\":{\"@type\":\"ImageObject\",\"inLanguage\":\"es\",\"@id\":\"https:\/\/luchonoticias.com\/editor\/#\/schema\/person\/image\/\",\"url\":\"https:\/\/luchonoticias.com\/editor\/wp-content\/uploads\/2024\/02\/cropped-cropped-logolu.webp\",\"contentUrl\":\"https:\/\/luchonoticias.com\/editor\/wp-content\/uploads\/2024\/02\/cropped-cropped-logolu.webp\",\"width\":382,\"height\":170,\"caption\":\"admin\"},\"logo\":{\"@id\":\"https:\/\/luchonoticias.com\/editor\/#\/schema\/person\/image\/\"},\"sameAs\":[\"https:\/\/www.facebook.com\/luchonoticiasneiva\"]},{\"@type\":\"Person\",\"@id\":\"https:\/\/luchonoticias.com\/editor\/#\/schema\/person\/29217990ddf6f14e35912b2866d591fb\",\"name\":\"Editor General\",\"image\":{\"@type\":\"ImageObject\",\"inLanguage\":\"es\",\"@id\":\"https:\/\/luchonoticias.com\/editor\/#\/schema\/person\/image\/\",\"url\":\"https:\/\/luchonoticias.com\/editor\/wp-content\/uploads\/2024\/02\/cropped-cropped-logolu-150x150.webp\",\"contentUrl\":\"https:\/\/luchonoticias.com\/editor\/wp-content\/uploads\/2024\/02\/cropped-cropped-logolu-150x150.webp\",\"caption\":\"Editor General\"},\"sameAs\":[\"https:\/\/luchonoticias.com\/\"],\"url\":\"https:\/\/luchonoticias.com\/editor\/author\/editor-general\/\"}]}<\/script>\n<!-- \/ Yoast SEO plugin. -->","yoast_head_json":{"title":"JEP denunciar\u00e1 la Fiscal\u00eda de N\u00e9stor Humberto Mart\u00ednez por posibles delitos en el caso de Jes\u00fas Santrich -","robots":{"index":"index","follow":"follow","max-snippet":"max-snippet:-1","max-image-preview":"max-image-preview:large","max-video-preview":"max-video-preview:-1"},"canonical":"https:\/\/luchonoticias.com\/editor\/jep-denunciara-la-fiscalia-de-nestor-humberto-martinez-por-posibles-delitos-en-el-caso-de-jesus-santrich\/","og_locale":"es_ES","og_type":"article","og_title":"JEP denunciar\u00e1 la Fiscal\u00eda de N\u00e9stor Humberto Mart\u00ednez por posibles delitos en el caso de Jes\u00fas Santrich -","og_url":"https:\/\/luchonoticias.com\/editor\/jep-denunciara-la-fiscalia-de-nestor-humberto-martinez-por-posibles-delitos-en-el-caso-de-jesus-santrich\/","article_publisher":"https:\/\/www.facebook.com\/luchonoticiasneiva","article_published_time":"2023-02-04T11:51:46+00:00","article_modified_time":"2023-02-04T11:51:47+00:00","author":"Editor General","twitter_card":"summary_large_image","twitter_misc":{"Escrito por":"Editor General","Tiempo de lectura":"1 minuto"},"schema":{"@context":"https:\/\/schema.org","@graph":[{"@type":"Article","@id":"https:\/\/luchonoticias.com\/editor\/jep-denunciara-la-fiscalia-de-nestor-humberto-martinez-por-posibles-delitos-en-el-caso-de-jesus-santrich\/#article","isPartOf":{"@id":"https:\/\/luchonoticias.com\/editor\/jep-denunciara-la-fiscalia-de-nestor-humberto-martinez-por-posibles-delitos-en-el-caso-de-jesus-santrich\/"},"author":{"name":"Editor General","@id":"https:\/\/luchonoticias.com\/editor\/#\/schema\/person\/29217990ddf6f14e35912b2866d591fb"},"headline":"JEP denunciar\u00e1 la Fiscal\u00eda de N\u00e9stor Humberto Mart\u00ednez por posibles delitos en el caso de Jes\u00fas Santrich","datePublished":"2023-02-04T11:51:46+00:00","dateModified":"2023-02-04T11:51:47+00:00","mainEntityOfPage":{"@id":"https:\/\/luchonoticias.com\/editor\/jep-denunciara-la-fiscalia-de-nestor-humberto-martinez-por-posibles-delitos-en-el-caso-de-jesus-santrich\/"},"wordCount":148,"commentCount":0,"publisher":{"@id":"https:\/\/luchonoticias.com\/editor\/#\/schema\/person\/7a7fd911f58561fd056dbac7b55af9cd"},"articleSection":["Actualidad","Destacado"],"inLanguage":"es","potentialAction":[{"@type":"CommentAction","name":"Comment","target":["https:\/\/luchonoticias.com\/editor\/jep-denunciara-la-fiscalia-de-nestor-humberto-martinez-por-posibles-delitos-en-el-caso-de-jesus-santrich\/#respond"]}]},{"@type":"WebPage","@id":"https:\/\/luchonoticias.com\/editor\/jep-denunciara-la-fiscalia-de-nestor-humberto-martinez-por-posibles-delitos-en-el-caso-de-jesus-santrich\/","url":"https:\/\/luchonoticias.com\/editor\/jep-denunciara-la-fiscalia-de-nestor-humberto-martinez-por-posibles-delitos-en-el-caso-de-jesus-santrich\/","name":"JEP denunciar\u00e1 la Fiscal\u00eda de N\u00e9stor Humberto Mart\u00ednez por posibles delitos en el caso de Jes\u00fas Santrich -","isPartOf":{"@id":"https:\/\/luchonoticias.com\/editor\/#website"},"datePublished":"2023-02-04T11:51:46+00:00","dateModified":"2023-02-04T11:51:47+00:00","breadcrumb":{"@id":"https:\/\/luchonoticias.com\/editor\/jep-denunciara-la-fiscalia-de-nestor-humberto-martinez-por-posibles-delitos-en-el-caso-de-jesus-santrich\/#breadcrumb"},"inLanguage":"es","potentialAction":[{"@type":"ReadAction","target":["https:\/\/luchonoticias.com\/editor\/jep-denunciara-la-fiscalia-de-nestor-humberto-martinez-por-posibles-delitos-en-el-caso-de-jesus-santrich\/"]}]},{"@type":"BreadcrumbList","@id":"https:\/\/luchonoticias.com\/editor\/jep-denunciara-la-fiscalia-de-nestor-humberto-martinez-por-posibles-delitos-en-el-caso-de-jesus-santrich\/#breadcrumb","itemListElement":[{"@type":"ListItem","position":1,"name":"Portada","item":"https:\/\/luchonoticias.com\/editor\/"},{"@type":"ListItem","position":2,"name":"JEP denunciar\u00e1 la Fiscal\u00eda de N\u00e9stor Humberto Mart\u00ednez por posibles delitos en el caso de Jes\u00fas Santrich"}]},{"@type":"WebSite","@id":"https:\/\/luchonoticias.com\/editor\/#website","url":"https:\/\/luchonoticias.com\/editor\/","name":"","description":"","publisher":{"@id":"https:\/\/luchonoticias.com\/editor\/#\/schema\/person\/7a7fd911f58561fd056dbac7b55af9cd"},"potentialAction":[{"@type":"SearchAction","target":{"@type":"EntryPoint","urlTemplate":"https:\/\/luchonoticias.com\/editor\/?s={search_term_string}"},"query-input":{"@type":"PropertyValueSpecification","valueRequired":true,"valueName":"search_term_string"}}],"inLanguage":"es"},{"@type":["Person","Organization"],"@id":"https:\/\/luchonoticias.com\/editor\/#\/schema\/person\/7a7fd911f58561fd056dbac7b55af9cd","name":"admin","image":{"@type":"ImageObject","inLanguage":"es","@id":"https:\/\/luchonoticias.com\/editor\/#\/schema\/person\/image\/","url":"https:\/\/luchonoticias.com\/editor\/wp-content\/uploads\/2024\/02\/cropped-cropped-logolu.webp","contentUrl":"https:\/\/luchonoticias.com\/editor\/wp-content\/uploads\/2024\/02\/cropped-cropped-logolu.webp","width":382,"height":170,"caption":"admin"},"logo":{"@id":"https:\/\/luchonoticias.com\/editor\/#\/schema\/person\/image\/"},"sameAs":["https:\/\/www.facebook.com\/luchonoticiasneiva"]},{"@type":"Person","@id":"https:\/\/luchonoticias.com\/editor\/#\/schema\/person\/29217990ddf6f14e35912b2866d591fb","name":"Editor General","image":{"@type":"ImageObject","inLanguage":"es","@id":"https:\/\/luchonoticias.com\/editor\/#\/schema\/person\/image\/","url":"https:\/\/luchonoticias.com\/editor\/wp-content\/uploads\/2024\/02\/cropped-cropped-logolu-150x150.webp","contentUrl":"https:\/\/luchonoticias.com\/editor\/wp-content\/uploads\/2024\/02\/cropped-cropped-logolu-150x150.webp","caption":"Editor General"},"sameAs":["https:\/\/luchonoticias.com\/"],"url":"https:\/\/luchonoticias.com\/editor\/author\/editor-general\/"}]}},"_links":{"self":[{"href":"https:\/\/luchonoticias.com\/editor\/wp-json\/wp\/v2\/posts\/45493","targetHints":{"allow":["GET"]}}],"collection":[{"href":"https:\/\/luchonoticias.com\/editor\/wp-json\/wp\/v2\/posts"}],"about":[{"href":"https:\/\/luchonoticias.com\/editor\/wp-json\/wp\/v2\/types\/post"}],"author":[{"embeddable":true,"href":"https:\/\/luchonoticias.com\/editor\/wp-json\/wp\/v2\/users\/2"}],"replies":[{"embeddable":true,"href":"https:\/\/luchonoticias.com\/editor\/wp-json\/wp\/v2\/comments?post=45493"}],"version-history":[{"count":0,"href":"https:\/\/luchonoticias.com\/editor\/wp-json\/wp\/v2\/posts\/45493\/revisions"}],"wp:attachment":[{"href":"https:\/\/luchonoticias.com\/editor\/wp-json\/wp\/v2\/media?parent=45493"}],"wp:term":[{"taxonomy":"category","embeddable":true,"href":"https:\/\/luchonoticias.com\/editor\/wp-json\/wp\/v2\/categories?post=45493"},{"taxonomy":"post_tag","embeddable":true,"href":"https:\/\/luchonoticias.com\/editor\/wp-json\/wp\/v2\/tags?post=45493"}],"curies":[{"name":"wp","href":"https:\/\/api.w.org\/{rel}","templated":true}]}}