{"id":45496,"date":"2023-02-04T07:00:08","date_gmt":"2023-02-04T12:00:08","guid":{"rendered":"https:\/\/luchonoticias.com\/?p=45496"},"modified":"2023-02-04T07:00:08","modified_gmt":"2023-02-04T12:00:08","slug":"procuraduria-da-luz-verde-a-extradicion-de-ex-funcionario-de-la-dian","status":"publish","type":"post","link":"https:\/\/luchonoticias.com\/editor\/procuraduria-da-luz-verde-a-extradicion-de-ex-funcionario-de-la-dian\/","title":{"rendered":"Procuradur\u00eda da luz verde a extradici\u00f3n de ex funcionario de la DIAN"},"content":{"rendered":"\n<p>La Procuradur\u00eda General de la Naci\u00f3n dio luz verde a la extradici\u00f3n de \u00d3mar Ambuila, exfuncionario de la DIAN, y quien deber\u00e1 responder en los Estados Unidos por el delito de lavado de dinero.<\/p>\n\n\n\n<p>El Ministerio P\u00fablico hall\u00f3, constitucional y legalmente ajustados a la ley,&nbsp; los argumentos y las pruebas recolectadas por los investigadores norteamericanos as\u00ed como por las autoridades colombianas para juzgar a&nbsp; Ambuila, nacido en el municipio de Buenos Aires, Cauca.<\/p>\n\n\n\n<p>Los documentos recopilados por las autoridades dan cuenta que entre los a\u00f1os 2012 y 2017 el ex funcionario de la DIAN lav\u00f3, aproximadamente,&nbsp; 1,3 millones de d\u00f3lares, que \u201cpromovieron actividades il\u00edcitas como el tr\u00e1fico de drogas, el fraude, el soborno, la extorsi\u00f3n, y envi\u00f3 de dinero sin licencia\u201d.<\/p>\n\n\n\n<p>Las investigaciones tambi\u00e9n aseguran que Ambuila, aprovechando su cargo como jefe de carga en el puerto de Buenaventura, permiti\u00f3 la entrada de comercio ilegal a cambio de sumas millonarias.<\/p>\n\n\n\n<p>Su historia tom\u00f3 m\u00e1s revuelo luego de que su hija, Jenny Ambuila, apareciera en fotograf\u00edas en las redes sociales&nbsp; en autos lujosos como un Lamborghini y accesorios de grandes marcas, hechos que sumaron a las investigaciones.<\/p>\n\n\n\n<p>En Colombia la Fiscal\u00eda lo asocia con delitos de lavado de activos, enriquecimiento il\u00edcito, favorecimiento al contrabando y concierto para delinquir.<\/p>\n\n\n\n<p>Ambuila fue capturado en marzo de 2019 pero un a\u00f1o m\u00e1s tarde fue dejado en libertad por vencimiento de t\u00e9rminos. Su recaptura se produjo en abril del 2021.<\/p>\n\n\n\n<p>\u201cSe cumple satisfactoriamente esta exigencia, porque el pronunciamiento judicial remitido por el pa\u00eds requiriente que contiene los cargos aprobados por la Corte Distrital de los Estados Unidos para el Distrito Medio de Florida responde al escrito de acusaci\u00f3n de nuestra legislaci\u00f3n penal adjetiva\u201d, reza el concepto favorable de la Procuradur\u00eda para la extradici\u00f3n de \u00d3mar Ambuila.<\/p>\n","protected":false},"excerpt":{"rendered":"<p>La Procuradur\u00eda General de la Naci\u00f3n dio luz verde a la extradici\u00f3n de \u00d3mar Ambuila, exfuncionario de la DIAN, y quien deber\u00e1 responder en los Estados Unidos por el delito de lavado de dinero. El Ministerio P\u00fablico hall\u00f3, constitucional y legalmente ajustados a la ley,&nbsp; los argumentos y las pruebas recolectadas por los investigadores norteamericanos [&hellip;]<\/p>\n","protected":false},"author":2,"featured_media":0,"comment_status":"open","ping_status":"open","sticky":false,"template":"","format":"standard","meta":{"footnotes":""},"categories":[36,29],"tags":[],"class_list":["post-45496","post","type-post","status-publish","format-standard","hentry","category-destacado","category-judicial"],"yoast_head":"<!-- This site is optimized with the Yoast SEO plugin v26.6 - https:\/\/yoast.com\/wordpress\/plugins\/seo\/ -->\n<title>Procuradur\u00eda da luz verde a extradici\u00f3n de ex funcionario de la DIAN -<\/title>\n<meta name=\"robots\" content=\"index, follow, max-snippet:-1, max-image-preview:large, max-video-preview:-1\" \/>\n<link rel=\"canonical\" href=\"https:\/\/luchonoticias.com\/editor\/procuraduria-da-luz-verde-a-extradicion-de-ex-funcionario-de-la-dian\/\" \/>\n<meta property=\"og:locale\" content=\"es_ES\" \/>\n<meta property=\"og:type\" content=\"article\" \/>\n<meta property=\"og:title\" content=\"Procuradur\u00eda da luz verde a extradici\u00f3n de ex funcionario de la DIAN -\" \/>\n<meta property=\"og:url\" content=\"https:\/\/luchonoticias.com\/editor\/procuraduria-da-luz-verde-a-extradicion-de-ex-funcionario-de-la-dian\/\" \/>\n<meta property=\"article:publisher\" content=\"https:\/\/www.facebook.com\/luchonoticiasneiva\" \/>\n<meta property=\"article:published_time\" content=\"2023-02-04T12:00:08+00:00\" \/>\n<meta name=\"author\" content=\"Editor General\" \/>\n<meta name=\"twitter:card\" content=\"summary_large_image\" \/>\n<meta name=\"twitter:label1\" content=\"Escrito por\" \/>\n\t<meta name=\"twitter:data1\" content=\"Editor General\" \/>\n\t<meta name=\"twitter:label2\" content=\"Tiempo de lectura\" \/>\n\t<meta name=\"twitter:data2\" content=\"2 minutos\" \/>\n<script type=\"application\/ld+json\" class=\"yoast-schema-graph\">{\"@context\":\"https:\/\/schema.org\",\"@graph\":[{\"@type\":\"Article\",\"@id\":\"https:\/\/luchonoticias.com\/editor\/procuraduria-da-luz-verde-a-extradicion-de-ex-funcionario-de-la-dian\/#article\",\"isPartOf\":{\"@id\":\"https:\/\/luchonoticias.com\/editor\/procuraduria-da-luz-verde-a-extradicion-de-ex-funcionario-de-la-dian\/\"},\"author\":{\"name\":\"Editor General\",\"@id\":\"https:\/\/luchonoticias.com\/editor\/#\/schema\/person\/29217990ddf6f14e35912b2866d591fb\"},\"headline\":\"Procuradur\u00eda da luz verde a extradici\u00f3n de ex funcionario de la DIAN\",\"datePublished\":\"2023-02-04T12:00:08+00:00\",\"mainEntityOfPage\":{\"@id\":\"https:\/\/luchonoticias.com\/editor\/procuraduria-da-luz-verde-a-extradicion-de-ex-funcionario-de-la-dian\/\"},\"wordCount\":326,\"commentCount\":0,\"publisher\":{\"@id\":\"https:\/\/luchonoticias.com\/editor\/#\/schema\/person\/7a7fd911f58561fd056dbac7b55af9cd\"},\"articleSection\":[\"Destacado\",\"Judicial\"],\"inLanguage\":\"es\",\"potentialAction\":[{\"@type\":\"CommentAction\",\"name\":\"Comment\",\"target\":[\"https:\/\/luchonoticias.com\/editor\/procuraduria-da-luz-verde-a-extradicion-de-ex-funcionario-de-la-dian\/#respond\"]}]},{\"@type\":\"WebPage\",\"@id\":\"https:\/\/luchonoticias.com\/editor\/procuraduria-da-luz-verde-a-extradicion-de-ex-funcionario-de-la-dian\/\",\"url\":\"https:\/\/luchonoticias.com\/editor\/procuraduria-da-luz-verde-a-extradicion-de-ex-funcionario-de-la-dian\/\",\"name\":\"Procuradur\u00eda da luz verde a extradici\u00f3n de ex funcionario de la DIAN -\",\"isPartOf\":{\"@id\":\"https:\/\/luchonoticias.com\/editor\/#website\"},\"datePublished\":\"2023-02-04T12:00:08+00:00\",\"breadcrumb\":{\"@id\":\"https:\/\/luchonoticias.com\/editor\/procuraduria-da-luz-verde-a-extradicion-de-ex-funcionario-de-la-dian\/#breadcrumb\"},\"inLanguage\":\"es\",\"potentialAction\":[{\"@type\":\"ReadAction\",\"target\":[\"https:\/\/luchonoticias.com\/editor\/procuraduria-da-luz-verde-a-extradicion-de-ex-funcionario-de-la-dian\/\"]}]},{\"@type\":\"BreadcrumbList\",\"@id\":\"https:\/\/luchonoticias.com\/editor\/procuraduria-da-luz-verde-a-extradicion-de-ex-funcionario-de-la-dian\/#breadcrumb\",\"itemListElement\":[{\"@type\":\"ListItem\",\"position\":1,\"name\":\"Portada\",\"item\":\"https:\/\/luchonoticias.com\/editor\/\"},{\"@type\":\"ListItem\",\"position\":2,\"name\":\"Procuradur\u00eda da luz verde a extradici\u00f3n de ex funcionario de la DIAN\"}]},{\"@type\":\"WebSite\",\"@id\":\"https:\/\/luchonoticias.com\/editor\/#website\",\"url\":\"https:\/\/luchonoticias.com\/editor\/\",\"name\":\"\",\"description\":\"\",\"publisher\":{\"@id\":\"https:\/\/luchonoticias.com\/editor\/#\/schema\/person\/7a7fd911f58561fd056dbac7b55af9cd\"},\"potentialAction\":[{\"@type\":\"SearchAction\",\"target\":{\"@type\":\"EntryPoint\",\"urlTemplate\":\"https:\/\/luchonoticias.com\/editor\/?s={search_term_string}\"},\"query-input\":{\"@type\":\"PropertyValueSpecification\",\"valueRequired\":true,\"valueName\":\"search_term_string\"}}],\"inLanguage\":\"es\"},{\"@type\":[\"Person\",\"Organization\"],\"@id\":\"https:\/\/luchonoticias.com\/editor\/#\/schema\/person\/7a7fd911f58561fd056dbac7b55af9cd\",\"name\":\"admin\",\"image\":{\"@type\":\"ImageObject\",\"inLanguage\":\"es\",\"@id\":\"https:\/\/luchonoticias.com\/editor\/#\/schema\/person\/image\/\",\"url\":\"https:\/\/luchonoticias.com\/editor\/wp-content\/uploads\/2024\/02\/cropped-cropped-logolu.webp\",\"contentUrl\":\"https:\/\/luchonoticias.com\/editor\/wp-content\/uploads\/2024\/02\/cropped-cropped-logolu.webp\",\"width\":382,\"height\":170,\"caption\":\"admin\"},\"logo\":{\"@id\":\"https:\/\/luchonoticias.com\/editor\/#\/schema\/person\/image\/\"},\"sameAs\":[\"https:\/\/www.facebook.com\/luchonoticiasneiva\"]},{\"@type\":\"Person\",\"@id\":\"https:\/\/luchonoticias.com\/editor\/#\/schema\/person\/29217990ddf6f14e35912b2866d591fb\",\"name\":\"Editor General\",\"image\":{\"@type\":\"ImageObject\",\"inLanguage\":\"es\",\"@id\":\"https:\/\/luchonoticias.com\/editor\/#\/schema\/person\/image\/\",\"url\":\"https:\/\/luchonoticias.com\/editor\/wp-content\/uploads\/2024\/02\/cropped-cropped-logolu-150x150.webp\",\"contentUrl\":\"https:\/\/luchonoticias.com\/editor\/wp-content\/uploads\/2024\/02\/cropped-cropped-logolu-150x150.webp\",\"caption\":\"Editor General\"},\"sameAs\":[\"https:\/\/luchonoticias.com\/\"],\"url\":\"https:\/\/luchonoticias.com\/editor\/author\/editor-general\/\"}]}<\/script>\n<!-- \/ Yoast SEO plugin. -->","yoast_head_json":{"title":"Procuradur\u00eda da luz verde a extradici\u00f3n de ex funcionario de la DIAN -","robots":{"index":"index","follow":"follow","max-snippet":"max-snippet:-1","max-image-preview":"max-image-preview:large","max-video-preview":"max-video-preview:-1"},"canonical":"https:\/\/luchonoticias.com\/editor\/procuraduria-da-luz-verde-a-extradicion-de-ex-funcionario-de-la-dian\/","og_locale":"es_ES","og_type":"article","og_title":"Procuradur\u00eda da luz verde a extradici\u00f3n de ex funcionario de la DIAN -","og_url":"https:\/\/luchonoticias.com\/editor\/procuraduria-da-luz-verde-a-extradicion-de-ex-funcionario-de-la-dian\/","article_publisher":"https:\/\/www.facebook.com\/luchonoticiasneiva","article_published_time":"2023-02-04T12:00:08+00:00","author":"Editor General","twitter_card":"summary_large_image","twitter_misc":{"Escrito por":"Editor General","Tiempo de lectura":"2 minutos"},"schema":{"@context":"https:\/\/schema.org","@graph":[{"@type":"Article","@id":"https:\/\/luchonoticias.com\/editor\/procuraduria-da-luz-verde-a-extradicion-de-ex-funcionario-de-la-dian\/#article","isPartOf":{"@id":"https:\/\/luchonoticias.com\/editor\/procuraduria-da-luz-verde-a-extradicion-de-ex-funcionario-de-la-dian\/"},"author":{"name":"Editor General","@id":"https:\/\/luchonoticias.com\/editor\/#\/schema\/person\/29217990ddf6f14e35912b2866d591fb"},"headline":"Procuradur\u00eda da luz verde a extradici\u00f3n de ex funcionario de la DIAN","datePublished":"2023-02-04T12:00:08+00:00","mainEntityOfPage":{"@id":"https:\/\/luchonoticias.com\/editor\/procuraduria-da-luz-verde-a-extradicion-de-ex-funcionario-de-la-dian\/"},"wordCount":326,"commentCount":0,"publisher":{"@id":"https:\/\/luchonoticias.com\/editor\/#\/schema\/person\/7a7fd911f58561fd056dbac7b55af9cd"},"articleSection":["Destacado","Judicial"],"inLanguage":"es","potentialAction":[{"@type":"CommentAction","name":"Comment","target":["https:\/\/luchonoticias.com\/editor\/procuraduria-da-luz-verde-a-extradicion-de-ex-funcionario-de-la-dian\/#respond"]}]},{"@type":"WebPage","@id":"https:\/\/luchonoticias.com\/editor\/procuraduria-da-luz-verde-a-extradicion-de-ex-funcionario-de-la-dian\/","url":"https:\/\/luchonoticias.com\/editor\/procuraduria-da-luz-verde-a-extradicion-de-ex-funcionario-de-la-dian\/","name":"Procuradur\u00eda da luz verde a extradici\u00f3n de ex funcionario de la DIAN -","isPartOf":{"@id":"https:\/\/luchonoticias.com\/editor\/#website"},"datePublished":"2023-02-04T12:00:08+00:00","breadcrumb":{"@id":"https:\/\/luchonoticias.com\/editor\/procuraduria-da-luz-verde-a-extradicion-de-ex-funcionario-de-la-dian\/#breadcrumb"},"inLanguage":"es","potentialAction":[{"@type":"ReadAction","target":["https:\/\/luchonoticias.com\/editor\/procuraduria-da-luz-verde-a-extradicion-de-ex-funcionario-de-la-dian\/"]}]},{"@type":"BreadcrumbList","@id":"https:\/\/luchonoticias.com\/editor\/procuraduria-da-luz-verde-a-extradicion-de-ex-funcionario-de-la-dian\/#breadcrumb","itemListElement":[{"@type":"ListItem","position":1,"name":"Portada","item":"https:\/\/luchonoticias.com\/editor\/"},{"@type":"ListItem","position":2,"name":"Procuradur\u00eda da luz verde a extradici\u00f3n de ex funcionario de la DIAN"}]},{"@type":"WebSite","@id":"https:\/\/luchonoticias.com\/editor\/#website","url":"https:\/\/luchonoticias.com\/editor\/","name":"","description":"","publisher":{"@id":"https:\/\/luchonoticias.com\/editor\/#\/schema\/person\/7a7fd911f58561fd056dbac7b55af9cd"},"potentialAction":[{"@type":"SearchAction","target":{"@type":"EntryPoint","urlTemplate":"https:\/\/luchonoticias.com\/editor\/?s={search_term_string}"},"query-input":{"@type":"PropertyValueSpecification","valueRequired":true,"valueName":"search_term_string"}}],"inLanguage":"es"},{"@type":["Person","Organization"],"@id":"https:\/\/luchonoticias.com\/editor\/#\/schema\/person\/7a7fd911f58561fd056dbac7b55af9cd","name":"admin","image":{"@type":"ImageObject","inLanguage":"es","@id":"https:\/\/luchonoticias.com\/editor\/#\/schema\/person\/image\/","url":"https:\/\/luchonoticias.com\/editor\/wp-content\/uploads\/2024\/02\/cropped-cropped-logolu.webp","contentUrl":"https:\/\/luchonoticias.com\/editor\/wp-content\/uploads\/2024\/02\/cropped-cropped-logolu.webp","width":382,"height":170,"caption":"admin"},"logo":{"@id":"https:\/\/luchonoticias.com\/editor\/#\/schema\/person\/image\/"},"sameAs":["https:\/\/www.facebook.com\/luchonoticiasneiva"]},{"@type":"Person","@id":"https:\/\/luchonoticias.com\/editor\/#\/schema\/person\/29217990ddf6f14e35912b2866d591fb","name":"Editor General","image":{"@type":"ImageObject","inLanguage":"es","@id":"https:\/\/luchonoticias.com\/editor\/#\/schema\/person\/image\/","url":"https:\/\/luchonoticias.com\/editor\/wp-content\/uploads\/2024\/02\/cropped-cropped-logolu-150x150.webp","contentUrl":"https:\/\/luchonoticias.com\/editor\/wp-content\/uploads\/2024\/02\/cropped-cropped-logolu-150x150.webp","caption":"Editor General"},"sameAs":["https:\/\/luchonoticias.com\/"],"url":"https:\/\/luchonoticias.com\/editor\/author\/editor-general\/"}]}},"_links":{"self":[{"href":"https:\/\/luchonoticias.com\/editor\/wp-json\/wp\/v2\/posts\/45496","targetHints":{"allow":["GET"]}}],"collection":[{"href":"https:\/\/luchonoticias.com\/editor\/wp-json\/wp\/v2\/posts"}],"about":[{"href":"https:\/\/luchonoticias.com\/editor\/wp-json\/wp\/v2\/types\/post"}],"author":[{"embeddable":true,"href":"https:\/\/luchonoticias.com\/editor\/wp-json\/wp\/v2\/users\/2"}],"replies":[{"embeddable":true,"href":"https:\/\/luchonoticias.com\/editor\/wp-json\/wp\/v2\/comments?post=45496"}],"version-history":[{"count":0,"href":"https:\/\/luchonoticias.com\/editor\/wp-json\/wp\/v2\/posts\/45496\/revisions"}],"wp:attachment":[{"href":"https:\/\/luchonoticias.com\/editor\/wp-json\/wp\/v2\/media?parent=45496"}],"wp:term":[{"taxonomy":"category","embeddable":true,"href":"https:\/\/luchonoticias.com\/editor\/wp-json\/wp\/v2\/categories?post=45496"},{"taxonomy":"post_tag","embeddable":true,"href":"https:\/\/luchonoticias.com\/editor\/wp-json\/wp\/v2\/tags?post=45496"}],"curies":[{"name":"wp","href":"https:\/\/api.w.org\/{rel}","templated":true}]}}