{"id":45502,"date":"2023-02-04T16:32:59","date_gmt":"2023-02-04T21:32:59","guid":{"rendered":"https:\/\/luchonoticias.com\/?p=45502"},"modified":"2023-02-04T16:33:00","modified_gmt":"2023-02-04T21:33:00","slug":"policia-sigue-con-la-ofensiva-contra-el-microtrafico-en-el-huila","status":"publish","type":"post","link":"https:\/\/luchonoticias.com\/editor\/policia-sigue-con-la-ofensiva-contra-el-microtrafico-en-el-huila\/","title":{"rendered":"Polic\u00eda sigue con la ofensiva contra el microtr\u00e1fico en el Huila"},"content":{"rendered":"\n<p>Las autoridades huilenses, dieron a conocer hace pocas horas lograron gracias a las fuertes ofensivas contra las bandas dedicadas al trafico de estupefacientes, la captura de 4 personas en acciones judiciales distintas, en los municipios de Tello y La Plata del Huila.<\/p>\n\n\n\n<p>Seg\u00fan lo informado por las fuentes oficiales, el primer capturado se llev\u00f3 cuando el hombre implicado al parecer portada 25 cigarrillos de marihuana en inmediaciones al cementerio del municipio de Tello<\/p>\n\n\n\n<p>\u201cGracias a las acciones adelantadas por las patrullas, se logr\u00f3 la captura de un sujeto con 25 cigarrillos de marihuana. El individuo desaf\u00edo a los polic\u00edas indic\u00e1ndoles a la distancia que no lo podr\u00edan capturar \u00bb les faltan hue&#8230; para cogerme, sin son muy berracos vengan y me alcanzan&#8230;\u00bb, luego de su inmanente captura se puso a llorar\u201d, indicaron las autoridades en un informe oficial.<\/p>\n\n\n\n<p><strong>Capturados en La Plata<\/strong><\/p>\n\n\n\n<p>Asimismo, las fuentes oficiales revelaron que el segundo operativo donde se capturaron a tres sujetos, el cual al parecer ten\u00edan en su poder cerca de 100 cigarrillos de marihuana, se llev\u00f3 acabo al oportuno llamado de la comunidad del barrio Jord\u00e1n del municipio de La Plata sur del Huila, que hab\u00edan notado la presencia de los implicados presuntamente consumiendo y vendiendo los estupefacientes.<\/p>\n\n\n\n<p>\u201cEn inmediaciones al barrio Jord\u00e1n de La Plata, fueron capturados estos tres sujetos luego de un oportuno llamado de la ciudadan\u00eda, al indicar que al parecer estar\u00edan consumiendo y distribuyendo alucin\u00f3genos en inmediaciones a la quebrada que pasa por este sector\u201d, agregaron los policiales.<\/p>\n\n\n\n<p>Finalmente, el Coronel Gustavo Camargo, comandante del departamento de Polic\u00eda Huila, dio a conocer que las cuatro personas capturadas fueron dejadas a disposici\u00f3n &nbsp;de la Fiscal\u00eda, quienes ser\u00e1n los encargados de presentar a los implicados ante un juez de la rep\u00fablica, para que les resuelva sus situaciones jur\u00eddicas.<\/p>\n\n\n\n<p>\u00abLa lucha contra el tr\u00e1fico local de estupefacientes no da tregua en el departamento, los vamos a capturar las veces que sean necesarias para llevarlos ante la justicia\u00bb asegur\u00f3 el Coronel Gustavo Camargo, comandante del departamento de Polic\u00eda Huila.<\/p>\n","protected":false},"excerpt":{"rendered":"<p>Las autoridades huilenses, dieron a conocer hace pocas horas lograron gracias a las fuertes ofensivas contra las bandas dedicadas al trafico de estupefacientes, la captura de 4 personas en acciones judiciales distintas, en los municipios de Tello y La Plata del Huila. Seg\u00fan lo informado por las fuentes oficiales, el primer capturado se llev\u00f3 cuando [&hellip;]<\/p>\n","protected":false},"author":2,"featured_media":0,"comment_status":"open","ping_status":"open","sticky":false,"template":"","format":"standard","meta":{"footnotes":""},"categories":[36,29],"tags":[],"class_list":["post-45502","post","type-post","status-publish","format-standard","hentry","category-destacado","category-judicial"],"yoast_head":"<!-- This site is optimized with the Yoast SEO plugin v26.6 - https:\/\/yoast.com\/wordpress\/plugins\/seo\/ -->\n<title>Polic\u00eda sigue con la ofensiva contra el microtr\u00e1fico en el Huila -<\/title>\n<meta name=\"robots\" content=\"index, follow, max-snippet:-1, max-image-preview:large, max-video-preview:-1\" \/>\n<link rel=\"canonical\" href=\"https:\/\/luchonoticias.com\/editor\/policia-sigue-con-la-ofensiva-contra-el-microtrafico-en-el-huila\/\" \/>\n<meta property=\"og:locale\" content=\"es_ES\" \/>\n<meta property=\"og:type\" content=\"article\" \/>\n<meta property=\"og:title\" content=\"Polic\u00eda sigue con la ofensiva contra el microtr\u00e1fico en el Huila -\" \/>\n<meta property=\"og:url\" content=\"https:\/\/luchonoticias.com\/editor\/policia-sigue-con-la-ofensiva-contra-el-microtrafico-en-el-huila\/\" \/>\n<meta property=\"article:publisher\" content=\"https:\/\/www.facebook.com\/luchonoticiasneiva\" \/>\n<meta property=\"article:published_time\" content=\"2023-02-04T21:32:59+00:00\" \/>\n<meta property=\"article:modified_time\" content=\"2023-02-04T21:33:00+00:00\" \/>\n<meta name=\"author\" content=\"Editor General\" \/>\n<meta name=\"twitter:card\" content=\"summary_large_image\" \/>\n<meta name=\"twitter:label1\" content=\"Escrito por\" \/>\n\t<meta name=\"twitter:data1\" content=\"Editor General\" \/>\n\t<meta name=\"twitter:label2\" content=\"Tiempo de lectura\" \/>\n\t<meta name=\"twitter:data2\" content=\"2 minutos\" \/>\n<script type=\"application\/ld+json\" class=\"yoast-schema-graph\">{\"@context\":\"https:\/\/schema.org\",\"@graph\":[{\"@type\":\"Article\",\"@id\":\"https:\/\/luchonoticias.com\/editor\/policia-sigue-con-la-ofensiva-contra-el-microtrafico-en-el-huila\/#article\",\"isPartOf\":{\"@id\":\"https:\/\/luchonoticias.com\/editor\/policia-sigue-con-la-ofensiva-contra-el-microtrafico-en-el-huila\/\"},\"author\":{\"name\":\"Editor General\",\"@id\":\"https:\/\/luchonoticias.com\/editor\/#\/schema\/person\/29217990ddf6f14e35912b2866d591fb\"},\"headline\":\"Polic\u00eda sigue con la ofensiva contra el microtr\u00e1fico en el Huila\",\"datePublished\":\"2023-02-04T21:32:59+00:00\",\"dateModified\":\"2023-02-04T21:33:00+00:00\",\"mainEntityOfPage\":{\"@id\":\"https:\/\/luchonoticias.com\/editor\/policia-sigue-con-la-ofensiva-contra-el-microtrafico-en-el-huila\/\"},\"wordCount\":365,\"commentCount\":0,\"publisher\":{\"@id\":\"https:\/\/luchonoticias.com\/editor\/#\/schema\/person\/7a7fd911f58561fd056dbac7b55af9cd\"},\"articleSection\":[\"Destacado\",\"Judicial\"],\"inLanguage\":\"es\",\"potentialAction\":[{\"@type\":\"CommentAction\",\"name\":\"Comment\",\"target\":[\"https:\/\/luchonoticias.com\/editor\/policia-sigue-con-la-ofensiva-contra-el-microtrafico-en-el-huila\/#respond\"]}]},{\"@type\":\"WebPage\",\"@id\":\"https:\/\/luchonoticias.com\/editor\/policia-sigue-con-la-ofensiva-contra-el-microtrafico-en-el-huila\/\",\"url\":\"https:\/\/luchonoticias.com\/editor\/policia-sigue-con-la-ofensiva-contra-el-microtrafico-en-el-huila\/\",\"name\":\"Polic\u00eda sigue con la ofensiva contra el microtr\u00e1fico en el Huila -\",\"isPartOf\":{\"@id\":\"https:\/\/luchonoticias.com\/editor\/#website\"},\"datePublished\":\"2023-02-04T21:32:59+00:00\",\"dateModified\":\"2023-02-04T21:33:00+00:00\",\"breadcrumb\":{\"@id\":\"https:\/\/luchonoticias.com\/editor\/policia-sigue-con-la-ofensiva-contra-el-microtrafico-en-el-huila\/#breadcrumb\"},\"inLanguage\":\"es\",\"potentialAction\":[{\"@type\":\"ReadAction\",\"target\":[\"https:\/\/luchonoticias.com\/editor\/policia-sigue-con-la-ofensiva-contra-el-microtrafico-en-el-huila\/\"]}]},{\"@type\":\"BreadcrumbList\",\"@id\":\"https:\/\/luchonoticias.com\/editor\/policia-sigue-con-la-ofensiva-contra-el-microtrafico-en-el-huila\/#breadcrumb\",\"itemListElement\":[{\"@type\":\"ListItem\",\"position\":1,\"name\":\"Portada\",\"item\":\"https:\/\/luchonoticias.com\/editor\/\"},{\"@type\":\"ListItem\",\"position\":2,\"name\":\"Polic\u00eda sigue con la ofensiva contra el microtr\u00e1fico en el Huila\"}]},{\"@type\":\"WebSite\",\"@id\":\"https:\/\/luchonoticias.com\/editor\/#website\",\"url\":\"https:\/\/luchonoticias.com\/editor\/\",\"name\":\"\",\"description\":\"\",\"publisher\":{\"@id\":\"https:\/\/luchonoticias.com\/editor\/#\/schema\/person\/7a7fd911f58561fd056dbac7b55af9cd\"},\"potentialAction\":[{\"@type\":\"SearchAction\",\"target\":{\"@type\":\"EntryPoint\",\"urlTemplate\":\"https:\/\/luchonoticias.com\/editor\/?s={search_term_string}\"},\"query-input\":{\"@type\":\"PropertyValueSpecification\",\"valueRequired\":true,\"valueName\":\"search_term_string\"}}],\"inLanguage\":\"es\"},{\"@type\":[\"Person\",\"Organization\"],\"@id\":\"https:\/\/luchonoticias.com\/editor\/#\/schema\/person\/7a7fd911f58561fd056dbac7b55af9cd\",\"name\":\"admin\",\"image\":{\"@type\":\"ImageObject\",\"inLanguage\":\"es\",\"@id\":\"https:\/\/luchonoticias.com\/editor\/#\/schema\/person\/image\/\",\"url\":\"https:\/\/luchonoticias.com\/editor\/wp-content\/uploads\/2024\/02\/cropped-cropped-logolu.webp\",\"contentUrl\":\"https:\/\/luchonoticias.com\/editor\/wp-content\/uploads\/2024\/02\/cropped-cropped-logolu.webp\",\"width\":382,\"height\":170,\"caption\":\"admin\"},\"logo\":{\"@id\":\"https:\/\/luchonoticias.com\/editor\/#\/schema\/person\/image\/\"},\"sameAs\":[\"https:\/\/www.facebook.com\/luchonoticiasneiva\"]},{\"@type\":\"Person\",\"@id\":\"https:\/\/luchonoticias.com\/editor\/#\/schema\/person\/29217990ddf6f14e35912b2866d591fb\",\"name\":\"Editor General\",\"image\":{\"@type\":\"ImageObject\",\"inLanguage\":\"es\",\"@id\":\"https:\/\/luchonoticias.com\/editor\/#\/schema\/person\/image\/\",\"url\":\"https:\/\/luchonoticias.com\/editor\/wp-content\/uploads\/2024\/02\/cropped-cropped-logolu-150x150.webp\",\"contentUrl\":\"https:\/\/luchonoticias.com\/editor\/wp-content\/uploads\/2024\/02\/cropped-cropped-logolu-150x150.webp\",\"caption\":\"Editor General\"},\"sameAs\":[\"https:\/\/luchonoticias.com\/\"],\"url\":\"https:\/\/luchonoticias.com\/editor\/author\/editor-general\/\"}]}<\/script>\n<!-- \/ Yoast SEO plugin. -->","yoast_head_json":{"title":"Polic\u00eda sigue con la ofensiva contra el microtr\u00e1fico en el Huila -","robots":{"index":"index","follow":"follow","max-snippet":"max-snippet:-1","max-image-preview":"max-image-preview:large","max-video-preview":"max-video-preview:-1"},"canonical":"https:\/\/luchonoticias.com\/editor\/policia-sigue-con-la-ofensiva-contra-el-microtrafico-en-el-huila\/","og_locale":"es_ES","og_type":"article","og_title":"Polic\u00eda sigue con la ofensiva contra el microtr\u00e1fico en el Huila -","og_url":"https:\/\/luchonoticias.com\/editor\/policia-sigue-con-la-ofensiva-contra-el-microtrafico-en-el-huila\/","article_publisher":"https:\/\/www.facebook.com\/luchonoticiasneiva","article_published_time":"2023-02-04T21:32:59+00:00","article_modified_time":"2023-02-04T21:33:00+00:00","author":"Editor General","twitter_card":"summary_large_image","twitter_misc":{"Escrito por":"Editor General","Tiempo de lectura":"2 minutos"},"schema":{"@context":"https:\/\/schema.org","@graph":[{"@type":"Article","@id":"https:\/\/luchonoticias.com\/editor\/policia-sigue-con-la-ofensiva-contra-el-microtrafico-en-el-huila\/#article","isPartOf":{"@id":"https:\/\/luchonoticias.com\/editor\/policia-sigue-con-la-ofensiva-contra-el-microtrafico-en-el-huila\/"},"author":{"name":"Editor General","@id":"https:\/\/luchonoticias.com\/editor\/#\/schema\/person\/29217990ddf6f14e35912b2866d591fb"},"headline":"Polic\u00eda sigue con la ofensiva contra el microtr\u00e1fico en el Huila","datePublished":"2023-02-04T21:32:59+00:00","dateModified":"2023-02-04T21:33:00+00:00","mainEntityOfPage":{"@id":"https:\/\/luchonoticias.com\/editor\/policia-sigue-con-la-ofensiva-contra-el-microtrafico-en-el-huila\/"},"wordCount":365,"commentCount":0,"publisher":{"@id":"https:\/\/luchonoticias.com\/editor\/#\/schema\/person\/7a7fd911f58561fd056dbac7b55af9cd"},"articleSection":["Destacado","Judicial"],"inLanguage":"es","potentialAction":[{"@type":"CommentAction","name":"Comment","target":["https:\/\/luchonoticias.com\/editor\/policia-sigue-con-la-ofensiva-contra-el-microtrafico-en-el-huila\/#respond"]}]},{"@type":"WebPage","@id":"https:\/\/luchonoticias.com\/editor\/policia-sigue-con-la-ofensiva-contra-el-microtrafico-en-el-huila\/","url":"https:\/\/luchonoticias.com\/editor\/policia-sigue-con-la-ofensiva-contra-el-microtrafico-en-el-huila\/","name":"Polic\u00eda sigue con la ofensiva contra el microtr\u00e1fico en el Huila -","isPartOf":{"@id":"https:\/\/luchonoticias.com\/editor\/#website"},"datePublished":"2023-02-04T21:32:59+00:00","dateModified":"2023-02-04T21:33:00+00:00","breadcrumb":{"@id":"https:\/\/luchonoticias.com\/editor\/policia-sigue-con-la-ofensiva-contra-el-microtrafico-en-el-huila\/#breadcrumb"},"inLanguage":"es","potentialAction":[{"@type":"ReadAction","target":["https:\/\/luchonoticias.com\/editor\/policia-sigue-con-la-ofensiva-contra-el-microtrafico-en-el-huila\/"]}]},{"@type":"BreadcrumbList","@id":"https:\/\/luchonoticias.com\/editor\/policia-sigue-con-la-ofensiva-contra-el-microtrafico-en-el-huila\/#breadcrumb","itemListElement":[{"@type":"ListItem","position":1,"name":"Portada","item":"https:\/\/luchonoticias.com\/editor\/"},{"@type":"ListItem","position":2,"name":"Polic\u00eda sigue con la ofensiva contra el microtr\u00e1fico en el Huila"}]},{"@type":"WebSite","@id":"https:\/\/luchonoticias.com\/editor\/#website","url":"https:\/\/luchonoticias.com\/editor\/","name":"","description":"","publisher":{"@id":"https:\/\/luchonoticias.com\/editor\/#\/schema\/person\/7a7fd911f58561fd056dbac7b55af9cd"},"potentialAction":[{"@type":"SearchAction","target":{"@type":"EntryPoint","urlTemplate":"https:\/\/luchonoticias.com\/editor\/?s={search_term_string}"},"query-input":{"@type":"PropertyValueSpecification","valueRequired":true,"valueName":"search_term_string"}}],"inLanguage":"es"},{"@type":["Person","Organization"],"@id":"https:\/\/luchonoticias.com\/editor\/#\/schema\/person\/7a7fd911f58561fd056dbac7b55af9cd","name":"admin","image":{"@type":"ImageObject","inLanguage":"es","@id":"https:\/\/luchonoticias.com\/editor\/#\/schema\/person\/image\/","url":"https:\/\/luchonoticias.com\/editor\/wp-content\/uploads\/2024\/02\/cropped-cropped-logolu.webp","contentUrl":"https:\/\/luchonoticias.com\/editor\/wp-content\/uploads\/2024\/02\/cropped-cropped-logolu.webp","width":382,"height":170,"caption":"admin"},"logo":{"@id":"https:\/\/luchonoticias.com\/editor\/#\/schema\/person\/image\/"},"sameAs":["https:\/\/www.facebook.com\/luchonoticiasneiva"]},{"@type":"Person","@id":"https:\/\/luchonoticias.com\/editor\/#\/schema\/person\/29217990ddf6f14e35912b2866d591fb","name":"Editor General","image":{"@type":"ImageObject","inLanguage":"es","@id":"https:\/\/luchonoticias.com\/editor\/#\/schema\/person\/image\/","url":"https:\/\/luchonoticias.com\/editor\/wp-content\/uploads\/2024\/02\/cropped-cropped-logolu-150x150.webp","contentUrl":"https:\/\/luchonoticias.com\/editor\/wp-content\/uploads\/2024\/02\/cropped-cropped-logolu-150x150.webp","caption":"Editor General"},"sameAs":["https:\/\/luchonoticias.com\/"],"url":"https:\/\/luchonoticias.com\/editor\/author\/editor-general\/"}]}},"_links":{"self":[{"href":"https:\/\/luchonoticias.com\/editor\/wp-json\/wp\/v2\/posts\/45502","targetHints":{"allow":["GET"]}}],"collection":[{"href":"https:\/\/luchonoticias.com\/editor\/wp-json\/wp\/v2\/posts"}],"about":[{"href":"https:\/\/luchonoticias.com\/editor\/wp-json\/wp\/v2\/types\/post"}],"author":[{"embeddable":true,"href":"https:\/\/luchonoticias.com\/editor\/wp-json\/wp\/v2\/users\/2"}],"replies":[{"embeddable":true,"href":"https:\/\/luchonoticias.com\/editor\/wp-json\/wp\/v2\/comments?post=45502"}],"version-history":[{"count":0,"href":"https:\/\/luchonoticias.com\/editor\/wp-json\/wp\/v2\/posts\/45502\/revisions"}],"wp:attachment":[{"href":"https:\/\/luchonoticias.com\/editor\/wp-json\/wp\/v2\/media?parent=45502"}],"wp:term":[{"taxonomy":"category","embeddable":true,"href":"https:\/\/luchonoticias.com\/editor\/wp-json\/wp\/v2\/categories?post=45502"},{"taxonomy":"post_tag","embeddable":true,"href":"https:\/\/luchonoticias.com\/editor\/wp-json\/wp\/v2\/tags?post=45502"}],"curies":[{"name":"wp","href":"https:\/\/api.w.org\/{rel}","templated":true}]}}