{"id":45508,"date":"2023-02-04T16:42:42","date_gmt":"2023-02-04T21:42:42","guid":{"rendered":"https:\/\/luchonoticias.com\/?p=45508"},"modified":"2023-02-04T16:42:43","modified_gmt":"2023-02-04T21:42:43","slug":"19-jovenes-juraron-bandera-como-auxiliares-en-la-policia-metropolitana-de-neiva","status":"publish","type":"post","link":"https:\/\/luchonoticias.com\/editor\/19-jovenes-juraron-bandera-como-auxiliares-en-la-policia-metropolitana-de-neiva\/","title":{"rendered":"19 j\u00f3venes juraron bandera como auxiliares en la Polic\u00eda Metropolitana de Neiva"},"content":{"rendered":"\n<p>En el Comando de la Polic\u00eda Metropolitana de Neiva y con presencia de familiares se llev\u00f3 a cabo el juramento de banderas de 19 auxiliares que hoy har\u00e1n parte de la unidad para garantizar la seguridad y convivencia del \u00e1rea metropolitana.<\/p>\n\n\n\n<figure class=\"wp-block-gallery has-nested-images columns-default is-cropped wp-block-gallery-1 is-layout-flex wp-block-gallery-is-layout-flex\">\n<figure class=\"wp-block-image size-large\"><img decoding=\"async\" data-id=\"45512\" src=\"https:\/\/luchonoticias.com\/wp-content\/uploads\/2023\/02\/WhatsApp-Image-2023-02-04-at-2.29.12-PM-1024x575.jpeg\" alt=\"\" class=\"wp-image-45512\"\/><\/figure>\n\n\n\n<figure class=\"wp-block-image size-large\"><img decoding=\"async\" data-id=\"45510\" src=\"https:\/\/luchonoticias.com\/wp-content\/uploads\/2023\/02\/WhatsApp-Image-2023-02-04-at-2.29.11-PM-2-1024x575.jpeg\" alt=\"\" class=\"wp-image-45510\"\/><\/figure>\n\n\n\n<figure class=\"wp-block-image size-large\"><img decoding=\"async\" data-id=\"45511\" src=\"https:\/\/luchonoticias.com\/wp-content\/uploads\/2023\/02\/WhatsApp-Image-2023-02-04-at-2.29.11-PM-1-1024x575.jpeg\" alt=\"\" class=\"wp-image-45511\"\/><\/figure>\n<\/figure>\n\n\n\n<p>Durante la ceremonia que cont\u00f3 con la presencia del se\u00f1or Coronel Juan Pablo Ruiz Rodr\u00edguez Comandante de la Polic\u00eda Metropolitana de Neiva, el se\u00f1or Mayor Rub\u00e9n Dar\u00edo Mu\u00f1oz Cruz Jefe del Grupo de Talento Humano, el se\u00f1or Sargento Mayor Jos\u00e9 Manuel Amaya Puentes suboficial de comando, Comisario Ermes Ome Melo Comandante Grupo Auxiliares de Polic\u00eda, el presb\u00edtero David Noel Sierra Capell\u00e1n Parroquia Se\u00f1or de los Milagros, oficiales, suboficiales, patrulleros y auxiliares de Polic\u00eda.<\/p>\n\n\n\n<figure class=\"wp-block-gallery has-nested-images columns-default is-cropped wp-block-gallery-2 is-layout-flex wp-block-gallery-is-layout-flex\">\n<figure class=\"wp-block-image size-large\"><img decoding=\"async\" data-id=\"45513\" src=\"https:\/\/luchonoticias.com\/wp-content\/uploads\/2023\/02\/WhatsApp-Image-2023-02-04-at-2.29.13-PM-1-1024x575.jpeg\" alt=\"\" class=\"wp-image-45513\"\/><\/figure>\n\n\n\n<figure class=\"wp-block-image size-large\"><img decoding=\"async\" data-id=\"45514\" src=\"https:\/\/luchonoticias.com\/wp-content\/uploads\/2023\/02\/WhatsApp-Image-2023-02-04-at-2.29.12-PM-1-1024x575.jpeg\" alt=\"\" class=\"wp-image-45514\"\/><\/figure>\n\n\n\n<figure class=\"wp-block-image size-large\"><img decoding=\"async\" data-id=\"45515\" src=\"https:\/\/luchonoticias.com\/wp-content\/uploads\/2023\/02\/WhatsApp-Image-2023-02-04-at-2.29.13-PM-1024x575.jpeg\" alt=\"\" class=\"wp-image-45515\"\/><\/figure>\n<\/figure>\n\n\n\n<p>Las 13 mujeres y los 6 hombres que recibieron formaci\u00f3n en derechos humanos, uso de la fuerza, derecho constitucional, orden cerrado, preparaci\u00f3n f\u00edsica estar\u00e1n disponibles al servicio de la comunidad, para fortalecer el \u00e1rea de prevenci\u00f3n, proteccion a la Infancia, protecci\u00f3n ambiental y turismo.<\/p>\n","protected":false},"excerpt":{"rendered":"<p>En el Comando de la Polic\u00eda Metropolitana de Neiva y con presencia de familiares se llev\u00f3 a cabo el juramento de banderas de 19 auxiliares que hoy har\u00e1n parte de la unidad para garantizar la seguridad y convivencia del \u00e1rea metropolitana. Durante la ceremonia que cont\u00f3 con la presencia del se\u00f1or Coronel Juan Pablo Ruiz [&hellip;]<\/p>\n","protected":false},"author":2,"featured_media":0,"comment_status":"open","ping_status":"open","sticky":false,"template":"","format":"standard","meta":{"footnotes":""},"categories":[36,31],"tags":[],"class_list":["post-45508","post","type-post","status-publish","format-standard","hentry","category-destacado","category-local"],"yoast_head":"<!-- This site is optimized with the Yoast SEO plugin v26.6 - https:\/\/yoast.com\/wordpress\/plugins\/seo\/ -->\n<title>19 j\u00f3venes juraron bandera como auxiliares en la Polic\u00eda Metropolitana de Neiva -<\/title>\n<meta name=\"robots\" content=\"index, follow, max-snippet:-1, max-image-preview:large, max-video-preview:-1\" \/>\n<link rel=\"canonical\" href=\"https:\/\/luchonoticias.com\/editor\/19-jovenes-juraron-bandera-como-auxiliares-en-la-policia-metropolitana-de-neiva\/\" \/>\n<meta property=\"og:locale\" content=\"es_ES\" \/>\n<meta property=\"og:type\" content=\"article\" \/>\n<meta property=\"og:title\" content=\"19 j\u00f3venes juraron bandera como auxiliares en la Polic\u00eda Metropolitana de Neiva -\" \/>\n<meta property=\"og:url\" content=\"https:\/\/luchonoticias.com\/editor\/19-jovenes-juraron-bandera-como-auxiliares-en-la-policia-metropolitana-de-neiva\/\" \/>\n<meta property=\"article:publisher\" content=\"https:\/\/www.facebook.com\/luchonoticiasneiva\" \/>\n<meta property=\"article:published_time\" content=\"2023-02-04T21:42:42+00:00\" \/>\n<meta property=\"article:modified_time\" content=\"2023-02-04T21:42:43+00:00\" \/>\n<meta property=\"og:image\" content=\"https:\/\/luchonoticias.com\/wp-content\/uploads\/2023\/02\/WhatsApp-Image-2023-02-04-at-2.29.12-PM-1024x575.jpeg\" \/>\n<meta name=\"author\" content=\"Editor General\" \/>\n<meta name=\"twitter:card\" content=\"summary_large_image\" \/>\n<meta name=\"twitter:label1\" content=\"Escrito por\" \/>\n\t<meta name=\"twitter:data1\" content=\"Editor General\" \/>\n\t<meta name=\"twitter:label2\" content=\"Tiempo de lectura\" \/>\n\t<meta name=\"twitter:data2\" content=\"1 minuto\" \/>\n<script type=\"application\/ld+json\" class=\"yoast-schema-graph\">{\"@context\":\"https:\/\/schema.org\",\"@graph\":[{\"@type\":\"Article\",\"@id\":\"https:\/\/luchonoticias.com\/editor\/19-jovenes-juraron-bandera-como-auxiliares-en-la-policia-metropolitana-de-neiva\/#article\",\"isPartOf\":{\"@id\":\"https:\/\/luchonoticias.com\/editor\/19-jovenes-juraron-bandera-como-auxiliares-en-la-policia-metropolitana-de-neiva\/\"},\"author\":{\"name\":\"Editor General\",\"@id\":\"https:\/\/luchonoticias.com\/editor\/#\/schema\/person\/29217990ddf6f14e35912b2866d591fb\"},\"headline\":\"19 j\u00f3venes juraron bandera como auxiliares en la Polic\u00eda Metropolitana de Neiva\",\"datePublished\":\"2023-02-04T21:42:42+00:00\",\"dateModified\":\"2023-02-04T21:42:43+00:00\",\"mainEntityOfPage\":{\"@id\":\"https:\/\/luchonoticias.com\/editor\/19-jovenes-juraron-bandera-como-auxiliares-en-la-policia-metropolitana-de-neiva\/\"},\"wordCount\":189,\"commentCount\":0,\"publisher\":{\"@id\":\"https:\/\/luchonoticias.com\/editor\/#\/schema\/person\/7a7fd911f58561fd056dbac7b55af9cd\"},\"image\":{\"@id\":\"https:\/\/luchonoticias.com\/editor\/19-jovenes-juraron-bandera-como-auxiliares-en-la-policia-metropolitana-de-neiva\/#primaryimage\"},\"thumbnailUrl\":\"https:\/\/luchonoticias.com\/wp-content\/uploads\/2023\/02\/WhatsApp-Image-2023-02-04-at-2.29.12-PM-1024x575.jpeg\",\"articleSection\":[\"Destacado\",\"Local\"],\"inLanguage\":\"es\",\"potentialAction\":[{\"@type\":\"CommentAction\",\"name\":\"Comment\",\"target\":[\"https:\/\/luchonoticias.com\/editor\/19-jovenes-juraron-bandera-como-auxiliares-en-la-policia-metropolitana-de-neiva\/#respond\"]}]},{\"@type\":\"WebPage\",\"@id\":\"https:\/\/luchonoticias.com\/editor\/19-jovenes-juraron-bandera-como-auxiliares-en-la-policia-metropolitana-de-neiva\/\",\"url\":\"https:\/\/luchonoticias.com\/editor\/19-jovenes-juraron-bandera-como-auxiliares-en-la-policia-metropolitana-de-neiva\/\",\"name\":\"19 j\u00f3venes juraron bandera como auxiliares en la Polic\u00eda Metropolitana de Neiva -\",\"isPartOf\":{\"@id\":\"https:\/\/luchonoticias.com\/editor\/#website\"},\"primaryImageOfPage\":{\"@id\":\"https:\/\/luchonoticias.com\/editor\/19-jovenes-juraron-bandera-como-auxiliares-en-la-policia-metropolitana-de-neiva\/#primaryimage\"},\"image\":{\"@id\":\"https:\/\/luchonoticias.com\/editor\/19-jovenes-juraron-bandera-como-auxiliares-en-la-policia-metropolitana-de-neiva\/#primaryimage\"},\"thumbnailUrl\":\"https:\/\/luchonoticias.com\/wp-content\/uploads\/2023\/02\/WhatsApp-Image-2023-02-04-at-2.29.12-PM-1024x575.jpeg\",\"datePublished\":\"2023-02-04T21:42:42+00:00\",\"dateModified\":\"2023-02-04T21:42:43+00:00\",\"breadcrumb\":{\"@id\":\"https:\/\/luchonoticias.com\/editor\/19-jovenes-juraron-bandera-como-auxiliares-en-la-policia-metropolitana-de-neiva\/#breadcrumb\"},\"inLanguage\":\"es\",\"potentialAction\":[{\"@type\":\"ReadAction\",\"target\":[\"https:\/\/luchonoticias.com\/editor\/19-jovenes-juraron-bandera-como-auxiliares-en-la-policia-metropolitana-de-neiva\/\"]}]},{\"@type\":\"ImageObject\",\"inLanguage\":\"es\",\"@id\":\"https:\/\/luchonoticias.com\/editor\/19-jovenes-juraron-bandera-como-auxiliares-en-la-policia-metropolitana-de-neiva\/#primaryimage\",\"url\":\"https:\/\/luchonoticias.com\/wp-content\/uploads\/2023\/02\/WhatsApp-Image-2023-02-04-at-2.29.12-PM-1024x575.jpeg\",\"contentUrl\":\"https:\/\/luchonoticias.com\/wp-content\/uploads\/2023\/02\/WhatsApp-Image-2023-02-04-at-2.29.12-PM-1024x575.jpeg\"},{\"@type\":\"BreadcrumbList\",\"@id\":\"https:\/\/luchonoticias.com\/editor\/19-jovenes-juraron-bandera-como-auxiliares-en-la-policia-metropolitana-de-neiva\/#breadcrumb\",\"itemListElement\":[{\"@type\":\"ListItem\",\"position\":1,\"name\":\"Portada\",\"item\":\"https:\/\/luchonoticias.com\/editor\/\"},{\"@type\":\"ListItem\",\"position\":2,\"name\":\"19 j\u00f3venes juraron bandera como auxiliares en la Polic\u00eda Metropolitana de Neiva\"}]},{\"@type\":\"WebSite\",\"@id\":\"https:\/\/luchonoticias.com\/editor\/#website\",\"url\":\"https:\/\/luchonoticias.com\/editor\/\",\"name\":\"\",\"description\":\"\",\"publisher\":{\"@id\":\"https:\/\/luchonoticias.com\/editor\/#\/schema\/person\/7a7fd911f58561fd056dbac7b55af9cd\"},\"potentialAction\":[{\"@type\":\"SearchAction\",\"target\":{\"@type\":\"EntryPoint\",\"urlTemplate\":\"https:\/\/luchonoticias.com\/editor\/?s={search_term_string}\"},\"query-input\":{\"@type\":\"PropertyValueSpecification\",\"valueRequired\":true,\"valueName\":\"search_term_string\"}}],\"inLanguage\":\"es\"},{\"@type\":[\"Person\",\"Organization\"],\"@id\":\"https:\/\/luchonoticias.com\/editor\/#\/schema\/person\/7a7fd911f58561fd056dbac7b55af9cd\",\"name\":\"admin\",\"image\":{\"@type\":\"ImageObject\",\"inLanguage\":\"es\",\"@id\":\"https:\/\/luchonoticias.com\/editor\/#\/schema\/person\/image\/\",\"url\":\"https:\/\/luchonoticias.com\/editor\/wp-content\/uploads\/2024\/02\/cropped-cropped-logolu.webp\",\"contentUrl\":\"https:\/\/luchonoticias.com\/editor\/wp-content\/uploads\/2024\/02\/cropped-cropped-logolu.webp\",\"width\":382,\"height\":170,\"caption\":\"admin\"},\"logo\":{\"@id\":\"https:\/\/luchonoticias.com\/editor\/#\/schema\/person\/image\/\"},\"sameAs\":[\"https:\/\/www.facebook.com\/luchonoticiasneiva\"]},{\"@type\":\"Person\",\"@id\":\"https:\/\/luchonoticias.com\/editor\/#\/schema\/person\/29217990ddf6f14e35912b2866d591fb\",\"name\":\"Editor General\",\"image\":{\"@type\":\"ImageObject\",\"inLanguage\":\"es\",\"@id\":\"https:\/\/luchonoticias.com\/editor\/#\/schema\/person\/image\/\",\"url\":\"https:\/\/luchonoticias.com\/editor\/wp-content\/uploads\/2024\/02\/cropped-cropped-logolu-150x150.webp\",\"contentUrl\":\"https:\/\/luchonoticias.com\/editor\/wp-content\/uploads\/2024\/02\/cropped-cropped-logolu-150x150.webp\",\"caption\":\"Editor General\"},\"sameAs\":[\"https:\/\/luchonoticias.com\/\"],\"url\":\"https:\/\/luchonoticias.com\/editor\/author\/editor-general\/\"}]}<\/script>\n<!-- \/ Yoast SEO plugin. -->","yoast_head_json":{"title":"19 j\u00f3venes juraron bandera como auxiliares en la Polic\u00eda Metropolitana de Neiva -","robots":{"index":"index","follow":"follow","max-snippet":"max-snippet:-1","max-image-preview":"max-image-preview:large","max-video-preview":"max-video-preview:-1"},"canonical":"https:\/\/luchonoticias.com\/editor\/19-jovenes-juraron-bandera-como-auxiliares-en-la-policia-metropolitana-de-neiva\/","og_locale":"es_ES","og_type":"article","og_title":"19 j\u00f3venes juraron bandera como auxiliares en la Polic\u00eda Metropolitana de Neiva -","og_url":"https:\/\/luchonoticias.com\/editor\/19-jovenes-juraron-bandera-como-auxiliares-en-la-policia-metropolitana-de-neiva\/","article_publisher":"https:\/\/www.facebook.com\/luchonoticiasneiva","article_published_time":"2023-02-04T21:42:42+00:00","article_modified_time":"2023-02-04T21:42:43+00:00","og_image":[{"url":"https:\/\/luchonoticias.com\/wp-content\/uploads\/2023\/02\/WhatsApp-Image-2023-02-04-at-2.29.12-PM-1024x575.jpeg","type":"","width":"","height":""}],"author":"Editor General","twitter_card":"summary_large_image","twitter_misc":{"Escrito por":"Editor General","Tiempo de lectura":"1 minuto"},"schema":{"@context":"https:\/\/schema.org","@graph":[{"@type":"Article","@id":"https:\/\/luchonoticias.com\/editor\/19-jovenes-juraron-bandera-como-auxiliares-en-la-policia-metropolitana-de-neiva\/#article","isPartOf":{"@id":"https:\/\/luchonoticias.com\/editor\/19-jovenes-juraron-bandera-como-auxiliares-en-la-policia-metropolitana-de-neiva\/"},"author":{"name":"Editor General","@id":"https:\/\/luchonoticias.com\/editor\/#\/schema\/person\/29217990ddf6f14e35912b2866d591fb"},"headline":"19 j\u00f3venes juraron bandera como auxiliares en la Polic\u00eda Metropolitana de Neiva","datePublished":"2023-02-04T21:42:42+00:00","dateModified":"2023-02-04T21:42:43+00:00","mainEntityOfPage":{"@id":"https:\/\/luchonoticias.com\/editor\/19-jovenes-juraron-bandera-como-auxiliares-en-la-policia-metropolitana-de-neiva\/"},"wordCount":189,"commentCount":0,"publisher":{"@id":"https:\/\/luchonoticias.com\/editor\/#\/schema\/person\/7a7fd911f58561fd056dbac7b55af9cd"},"image":{"@id":"https:\/\/luchonoticias.com\/editor\/19-jovenes-juraron-bandera-como-auxiliares-en-la-policia-metropolitana-de-neiva\/#primaryimage"},"thumbnailUrl":"https:\/\/luchonoticias.com\/wp-content\/uploads\/2023\/02\/WhatsApp-Image-2023-02-04-at-2.29.12-PM-1024x575.jpeg","articleSection":["Destacado","Local"],"inLanguage":"es","potentialAction":[{"@type":"CommentAction","name":"Comment","target":["https:\/\/luchonoticias.com\/editor\/19-jovenes-juraron-bandera-como-auxiliares-en-la-policia-metropolitana-de-neiva\/#respond"]}]},{"@type":"WebPage","@id":"https:\/\/luchonoticias.com\/editor\/19-jovenes-juraron-bandera-como-auxiliares-en-la-policia-metropolitana-de-neiva\/","url":"https:\/\/luchonoticias.com\/editor\/19-jovenes-juraron-bandera-como-auxiliares-en-la-policia-metropolitana-de-neiva\/","name":"19 j\u00f3venes juraron bandera como auxiliares en la Polic\u00eda Metropolitana de Neiva -","isPartOf":{"@id":"https:\/\/luchonoticias.com\/editor\/#website"},"primaryImageOfPage":{"@id":"https:\/\/luchonoticias.com\/editor\/19-jovenes-juraron-bandera-como-auxiliares-en-la-policia-metropolitana-de-neiva\/#primaryimage"},"image":{"@id":"https:\/\/luchonoticias.com\/editor\/19-jovenes-juraron-bandera-como-auxiliares-en-la-policia-metropolitana-de-neiva\/#primaryimage"},"thumbnailUrl":"https:\/\/luchonoticias.com\/wp-content\/uploads\/2023\/02\/WhatsApp-Image-2023-02-04-at-2.29.12-PM-1024x575.jpeg","datePublished":"2023-02-04T21:42:42+00:00","dateModified":"2023-02-04T21:42:43+00:00","breadcrumb":{"@id":"https:\/\/luchonoticias.com\/editor\/19-jovenes-juraron-bandera-como-auxiliares-en-la-policia-metropolitana-de-neiva\/#breadcrumb"},"inLanguage":"es","potentialAction":[{"@type":"ReadAction","target":["https:\/\/luchonoticias.com\/editor\/19-jovenes-juraron-bandera-como-auxiliares-en-la-policia-metropolitana-de-neiva\/"]}]},{"@type":"ImageObject","inLanguage":"es","@id":"https:\/\/luchonoticias.com\/editor\/19-jovenes-juraron-bandera-como-auxiliares-en-la-policia-metropolitana-de-neiva\/#primaryimage","url":"https:\/\/luchonoticias.com\/wp-content\/uploads\/2023\/02\/WhatsApp-Image-2023-02-04-at-2.29.12-PM-1024x575.jpeg","contentUrl":"https:\/\/luchonoticias.com\/wp-content\/uploads\/2023\/02\/WhatsApp-Image-2023-02-04-at-2.29.12-PM-1024x575.jpeg"},{"@type":"BreadcrumbList","@id":"https:\/\/luchonoticias.com\/editor\/19-jovenes-juraron-bandera-como-auxiliares-en-la-policia-metropolitana-de-neiva\/#breadcrumb","itemListElement":[{"@type":"ListItem","position":1,"name":"Portada","item":"https:\/\/luchonoticias.com\/editor\/"},{"@type":"ListItem","position":2,"name":"19 j\u00f3venes juraron bandera como auxiliares en la Polic\u00eda Metropolitana de Neiva"}]},{"@type":"WebSite","@id":"https:\/\/luchonoticias.com\/editor\/#website","url":"https:\/\/luchonoticias.com\/editor\/","name":"","description":"","publisher":{"@id":"https:\/\/luchonoticias.com\/editor\/#\/schema\/person\/7a7fd911f58561fd056dbac7b55af9cd"},"potentialAction":[{"@type":"SearchAction","target":{"@type":"EntryPoint","urlTemplate":"https:\/\/luchonoticias.com\/editor\/?s={search_term_string}"},"query-input":{"@type":"PropertyValueSpecification","valueRequired":true,"valueName":"search_term_string"}}],"inLanguage":"es"},{"@type":["Person","Organization"],"@id":"https:\/\/luchonoticias.com\/editor\/#\/schema\/person\/7a7fd911f58561fd056dbac7b55af9cd","name":"admin","image":{"@type":"ImageObject","inLanguage":"es","@id":"https:\/\/luchonoticias.com\/editor\/#\/schema\/person\/image\/","url":"https:\/\/luchonoticias.com\/editor\/wp-content\/uploads\/2024\/02\/cropped-cropped-logolu.webp","contentUrl":"https:\/\/luchonoticias.com\/editor\/wp-content\/uploads\/2024\/02\/cropped-cropped-logolu.webp","width":382,"height":170,"caption":"admin"},"logo":{"@id":"https:\/\/luchonoticias.com\/editor\/#\/schema\/person\/image\/"},"sameAs":["https:\/\/www.facebook.com\/luchonoticiasneiva"]},{"@type":"Person","@id":"https:\/\/luchonoticias.com\/editor\/#\/schema\/person\/29217990ddf6f14e35912b2866d591fb","name":"Editor General","image":{"@type":"ImageObject","inLanguage":"es","@id":"https:\/\/luchonoticias.com\/editor\/#\/schema\/person\/image\/","url":"https:\/\/luchonoticias.com\/editor\/wp-content\/uploads\/2024\/02\/cropped-cropped-logolu-150x150.webp","contentUrl":"https:\/\/luchonoticias.com\/editor\/wp-content\/uploads\/2024\/02\/cropped-cropped-logolu-150x150.webp","caption":"Editor General"},"sameAs":["https:\/\/luchonoticias.com\/"],"url":"https:\/\/luchonoticias.com\/editor\/author\/editor-general\/"}]}},"_links":{"self":[{"href":"https:\/\/luchonoticias.com\/editor\/wp-json\/wp\/v2\/posts\/45508","targetHints":{"allow":["GET"]}}],"collection":[{"href":"https:\/\/luchonoticias.com\/editor\/wp-json\/wp\/v2\/posts"}],"about":[{"href":"https:\/\/luchonoticias.com\/editor\/wp-json\/wp\/v2\/types\/post"}],"author":[{"embeddable":true,"href":"https:\/\/luchonoticias.com\/editor\/wp-json\/wp\/v2\/users\/2"}],"replies":[{"embeddable":true,"href":"https:\/\/luchonoticias.com\/editor\/wp-json\/wp\/v2\/comments?post=45508"}],"version-history":[{"count":0,"href":"https:\/\/luchonoticias.com\/editor\/wp-json\/wp\/v2\/posts\/45508\/revisions"}],"wp:attachment":[{"href":"https:\/\/luchonoticias.com\/editor\/wp-json\/wp\/v2\/media?parent=45508"}],"wp:term":[{"taxonomy":"category","embeddable":true,"href":"https:\/\/luchonoticias.com\/editor\/wp-json\/wp\/v2\/categories?post=45508"},{"taxonomy":"post_tag","embeddable":true,"href":"https:\/\/luchonoticias.com\/editor\/wp-json\/wp\/v2\/tags?post=45508"}],"curies":[{"name":"wp","href":"https:\/\/api.w.org\/{rel}","templated":true}]}}