{"id":45517,"date":"2023-02-04T16:54:29","date_gmt":"2023-02-04T21:54:29","guid":{"rendered":"https:\/\/luchonoticias.com\/?p=45517"},"modified":"2023-02-04T16:54:30","modified_gmt":"2023-02-04T21:54:30","slug":"reforma-a-la-salud-seria-insostenible-alvaro-uribe","status":"publish","type":"post","link":"https:\/\/luchonoticias.com\/editor\/reforma-a-la-salud-seria-insostenible-alvaro-uribe\/","title":{"rendered":"Reforma a la salud ser\u00eda insostenible: \u00c1lvaro Uribe"},"content":{"rendered":"\n<p>Seg\u00fan Uribe, la propuesta por el Gobierno Petro llevar\u00eda a que las personas, para acceder a la salud, tengan que acudir a fondos regionales, organismos de monopolios burocr\u00e1ticos estatales.<\/p>\n\n\n\n<p>\u201cSin EPS se debilitar\u00eda la racionalidad para utilizar el servicio. Adem\u00e1s, en un monopolio estatal aumentar\u00eda el peligro de crecientes influencias politiqueras para obtener citas, acceso a especialistas, a procedimientos y cirug\u00edas\u201d, se\u00f1al\u00f3 el ex presidente de Colombia<\/p>\n\n\n\n<p>As\u00ed mismo, dijo que el nuevo sistema ser\u00eda insostenible. \u201cAl cabo de un tiempo, por agotamiento de recursos, obligar\u00eda a las personas a pagar m\u00e1s de su bolsillo o a quedarse sin servicio\u201d.<\/p>\n\n\n\n<p>Finalmente, el ex mandatario de Colombia, reconoci\u00f3 que hay corrupci\u00f3n en EPS privadas y hospitales p\u00fablicos, sin embargo, \u201cen nuestro medio, la tutela, la posibilidad de que sea norma general o precedente para que no se tenga que repetir, la depuraci\u00f3n y el mejoramiento del sistema, van mostrando menos demoras que en otras partes del mundo\u201d.<\/p>\n","protected":false},"excerpt":{"rendered":"<p>Seg\u00fan Uribe, la propuesta por el Gobierno Petro llevar\u00eda a que las personas, para acceder a la salud, tengan que acudir a fondos regionales, organismos de monopolios burocr\u00e1ticos estatales. \u201cSin EPS se debilitar\u00eda la racionalidad para utilizar el servicio. Adem\u00e1s, en un monopolio estatal aumentar\u00eda el peligro de crecientes influencias politiqueras para obtener citas, acceso [&hellip;]<\/p>\n","protected":false},"author":2,"featured_media":0,"comment_status":"open","ping_status":"open","sticky":false,"template":"","format":"standard","meta":{"footnotes":""},"categories":[28,36],"tags":[],"class_list":["post-45517","post","type-post","status-publish","format-standard","hentry","category-actualidad","category-destacado"],"yoast_head":"<!-- This site is optimized with the Yoast SEO plugin v26.6 - https:\/\/yoast.com\/wordpress\/plugins\/seo\/ -->\n<title>Reforma a la salud ser\u00eda insostenible: \u00c1lvaro Uribe -<\/title>\n<meta name=\"robots\" content=\"index, follow, max-snippet:-1, max-image-preview:large, max-video-preview:-1\" \/>\n<link rel=\"canonical\" href=\"https:\/\/luchonoticias.com\/editor\/reforma-a-la-salud-seria-insostenible-alvaro-uribe\/\" \/>\n<meta property=\"og:locale\" content=\"es_ES\" \/>\n<meta property=\"og:type\" content=\"article\" \/>\n<meta property=\"og:title\" content=\"Reforma a la salud ser\u00eda insostenible: \u00c1lvaro Uribe -\" \/>\n<meta property=\"og:url\" content=\"https:\/\/luchonoticias.com\/editor\/reforma-a-la-salud-seria-insostenible-alvaro-uribe\/\" \/>\n<meta property=\"article:publisher\" content=\"https:\/\/www.facebook.com\/luchonoticiasneiva\" \/>\n<meta property=\"article:published_time\" content=\"2023-02-04T21:54:29+00:00\" \/>\n<meta property=\"article:modified_time\" content=\"2023-02-04T21:54:30+00:00\" \/>\n<meta name=\"author\" content=\"Editor General\" \/>\n<meta name=\"twitter:card\" content=\"summary_large_image\" \/>\n<meta name=\"twitter:label1\" content=\"Escrito por\" \/>\n\t<meta name=\"twitter:data1\" content=\"Editor General\" \/>\n\t<meta name=\"twitter:label2\" content=\"Tiempo de lectura\" \/>\n\t<meta name=\"twitter:data2\" content=\"1 minuto\" \/>\n<script type=\"application\/ld+json\" class=\"yoast-schema-graph\">{\"@context\":\"https:\/\/schema.org\",\"@graph\":[{\"@type\":\"Article\",\"@id\":\"https:\/\/luchonoticias.com\/editor\/reforma-a-la-salud-seria-insostenible-alvaro-uribe\/#article\",\"isPartOf\":{\"@id\":\"https:\/\/luchonoticias.com\/editor\/reforma-a-la-salud-seria-insostenible-alvaro-uribe\/\"},\"author\":{\"name\":\"Editor General\",\"@id\":\"https:\/\/luchonoticias.com\/editor\/#\/schema\/person\/29217990ddf6f14e35912b2866d591fb\"},\"headline\":\"Reforma a la salud ser\u00eda insostenible: \u00c1lvaro Uribe\",\"datePublished\":\"2023-02-04T21:54:29+00:00\",\"dateModified\":\"2023-02-04T21:54:30+00:00\",\"mainEntityOfPage\":{\"@id\":\"https:\/\/luchonoticias.com\/editor\/reforma-a-la-salud-seria-insostenible-alvaro-uribe\/\"},\"wordCount\":179,\"commentCount\":0,\"publisher\":{\"@id\":\"https:\/\/luchonoticias.com\/editor\/#\/schema\/person\/7a7fd911f58561fd056dbac7b55af9cd\"},\"articleSection\":[\"Actualidad\",\"Destacado\"],\"inLanguage\":\"es\",\"potentialAction\":[{\"@type\":\"CommentAction\",\"name\":\"Comment\",\"target\":[\"https:\/\/luchonoticias.com\/editor\/reforma-a-la-salud-seria-insostenible-alvaro-uribe\/#respond\"]}]},{\"@type\":\"WebPage\",\"@id\":\"https:\/\/luchonoticias.com\/editor\/reforma-a-la-salud-seria-insostenible-alvaro-uribe\/\",\"url\":\"https:\/\/luchonoticias.com\/editor\/reforma-a-la-salud-seria-insostenible-alvaro-uribe\/\",\"name\":\"Reforma a la salud ser\u00eda insostenible: \u00c1lvaro Uribe -\",\"isPartOf\":{\"@id\":\"https:\/\/luchonoticias.com\/editor\/#website\"},\"datePublished\":\"2023-02-04T21:54:29+00:00\",\"dateModified\":\"2023-02-04T21:54:30+00:00\",\"breadcrumb\":{\"@id\":\"https:\/\/luchonoticias.com\/editor\/reforma-a-la-salud-seria-insostenible-alvaro-uribe\/#breadcrumb\"},\"inLanguage\":\"es\",\"potentialAction\":[{\"@type\":\"ReadAction\",\"target\":[\"https:\/\/luchonoticias.com\/editor\/reforma-a-la-salud-seria-insostenible-alvaro-uribe\/\"]}]},{\"@type\":\"BreadcrumbList\",\"@id\":\"https:\/\/luchonoticias.com\/editor\/reforma-a-la-salud-seria-insostenible-alvaro-uribe\/#breadcrumb\",\"itemListElement\":[{\"@type\":\"ListItem\",\"position\":1,\"name\":\"Portada\",\"item\":\"https:\/\/luchonoticias.com\/editor\/\"},{\"@type\":\"ListItem\",\"position\":2,\"name\":\"Reforma a la salud ser\u00eda insostenible: \u00c1lvaro Uribe\"}]},{\"@type\":\"WebSite\",\"@id\":\"https:\/\/luchonoticias.com\/editor\/#website\",\"url\":\"https:\/\/luchonoticias.com\/editor\/\",\"name\":\"\",\"description\":\"\",\"publisher\":{\"@id\":\"https:\/\/luchonoticias.com\/editor\/#\/schema\/person\/7a7fd911f58561fd056dbac7b55af9cd\"},\"potentialAction\":[{\"@type\":\"SearchAction\",\"target\":{\"@type\":\"EntryPoint\",\"urlTemplate\":\"https:\/\/luchonoticias.com\/editor\/?s={search_term_string}\"},\"query-input\":{\"@type\":\"PropertyValueSpecification\",\"valueRequired\":true,\"valueName\":\"search_term_string\"}}],\"inLanguage\":\"es\"},{\"@type\":[\"Person\",\"Organization\"],\"@id\":\"https:\/\/luchonoticias.com\/editor\/#\/schema\/person\/7a7fd911f58561fd056dbac7b55af9cd\",\"name\":\"admin\",\"image\":{\"@type\":\"ImageObject\",\"inLanguage\":\"es\",\"@id\":\"https:\/\/luchonoticias.com\/editor\/#\/schema\/person\/image\/\",\"url\":\"https:\/\/luchonoticias.com\/editor\/wp-content\/uploads\/2024\/02\/cropped-cropped-logolu.webp\",\"contentUrl\":\"https:\/\/luchonoticias.com\/editor\/wp-content\/uploads\/2024\/02\/cropped-cropped-logolu.webp\",\"width\":382,\"height\":170,\"caption\":\"admin\"},\"logo\":{\"@id\":\"https:\/\/luchonoticias.com\/editor\/#\/schema\/person\/image\/\"},\"sameAs\":[\"https:\/\/www.facebook.com\/luchonoticiasneiva\"]},{\"@type\":\"Person\",\"@id\":\"https:\/\/luchonoticias.com\/editor\/#\/schema\/person\/29217990ddf6f14e35912b2866d591fb\",\"name\":\"Editor General\",\"image\":{\"@type\":\"ImageObject\",\"inLanguage\":\"es\",\"@id\":\"https:\/\/luchonoticias.com\/editor\/#\/schema\/person\/image\/\",\"url\":\"https:\/\/luchonoticias.com\/editor\/wp-content\/uploads\/2024\/02\/cropped-cropped-logolu-150x150.webp\",\"contentUrl\":\"https:\/\/luchonoticias.com\/editor\/wp-content\/uploads\/2024\/02\/cropped-cropped-logolu-150x150.webp\",\"caption\":\"Editor General\"},\"sameAs\":[\"https:\/\/luchonoticias.com\/\"],\"url\":\"https:\/\/luchonoticias.com\/editor\/author\/editor-general\/\"}]}<\/script>\n<!-- \/ Yoast SEO plugin. -->","yoast_head_json":{"title":"Reforma a la salud ser\u00eda insostenible: \u00c1lvaro Uribe -","robots":{"index":"index","follow":"follow","max-snippet":"max-snippet:-1","max-image-preview":"max-image-preview:large","max-video-preview":"max-video-preview:-1"},"canonical":"https:\/\/luchonoticias.com\/editor\/reforma-a-la-salud-seria-insostenible-alvaro-uribe\/","og_locale":"es_ES","og_type":"article","og_title":"Reforma a la salud ser\u00eda insostenible: \u00c1lvaro Uribe -","og_url":"https:\/\/luchonoticias.com\/editor\/reforma-a-la-salud-seria-insostenible-alvaro-uribe\/","article_publisher":"https:\/\/www.facebook.com\/luchonoticiasneiva","article_published_time":"2023-02-04T21:54:29+00:00","article_modified_time":"2023-02-04T21:54:30+00:00","author":"Editor General","twitter_card":"summary_large_image","twitter_misc":{"Escrito por":"Editor General","Tiempo de lectura":"1 minuto"},"schema":{"@context":"https:\/\/schema.org","@graph":[{"@type":"Article","@id":"https:\/\/luchonoticias.com\/editor\/reforma-a-la-salud-seria-insostenible-alvaro-uribe\/#article","isPartOf":{"@id":"https:\/\/luchonoticias.com\/editor\/reforma-a-la-salud-seria-insostenible-alvaro-uribe\/"},"author":{"name":"Editor General","@id":"https:\/\/luchonoticias.com\/editor\/#\/schema\/person\/29217990ddf6f14e35912b2866d591fb"},"headline":"Reforma a la salud ser\u00eda insostenible: \u00c1lvaro Uribe","datePublished":"2023-02-04T21:54:29+00:00","dateModified":"2023-02-04T21:54:30+00:00","mainEntityOfPage":{"@id":"https:\/\/luchonoticias.com\/editor\/reforma-a-la-salud-seria-insostenible-alvaro-uribe\/"},"wordCount":179,"commentCount":0,"publisher":{"@id":"https:\/\/luchonoticias.com\/editor\/#\/schema\/person\/7a7fd911f58561fd056dbac7b55af9cd"},"articleSection":["Actualidad","Destacado"],"inLanguage":"es","potentialAction":[{"@type":"CommentAction","name":"Comment","target":["https:\/\/luchonoticias.com\/editor\/reforma-a-la-salud-seria-insostenible-alvaro-uribe\/#respond"]}]},{"@type":"WebPage","@id":"https:\/\/luchonoticias.com\/editor\/reforma-a-la-salud-seria-insostenible-alvaro-uribe\/","url":"https:\/\/luchonoticias.com\/editor\/reforma-a-la-salud-seria-insostenible-alvaro-uribe\/","name":"Reforma a la salud ser\u00eda insostenible: \u00c1lvaro Uribe -","isPartOf":{"@id":"https:\/\/luchonoticias.com\/editor\/#website"},"datePublished":"2023-02-04T21:54:29+00:00","dateModified":"2023-02-04T21:54:30+00:00","breadcrumb":{"@id":"https:\/\/luchonoticias.com\/editor\/reforma-a-la-salud-seria-insostenible-alvaro-uribe\/#breadcrumb"},"inLanguage":"es","potentialAction":[{"@type":"ReadAction","target":["https:\/\/luchonoticias.com\/editor\/reforma-a-la-salud-seria-insostenible-alvaro-uribe\/"]}]},{"@type":"BreadcrumbList","@id":"https:\/\/luchonoticias.com\/editor\/reforma-a-la-salud-seria-insostenible-alvaro-uribe\/#breadcrumb","itemListElement":[{"@type":"ListItem","position":1,"name":"Portada","item":"https:\/\/luchonoticias.com\/editor\/"},{"@type":"ListItem","position":2,"name":"Reforma a la salud ser\u00eda insostenible: \u00c1lvaro Uribe"}]},{"@type":"WebSite","@id":"https:\/\/luchonoticias.com\/editor\/#website","url":"https:\/\/luchonoticias.com\/editor\/","name":"","description":"","publisher":{"@id":"https:\/\/luchonoticias.com\/editor\/#\/schema\/person\/7a7fd911f58561fd056dbac7b55af9cd"},"potentialAction":[{"@type":"SearchAction","target":{"@type":"EntryPoint","urlTemplate":"https:\/\/luchonoticias.com\/editor\/?s={search_term_string}"},"query-input":{"@type":"PropertyValueSpecification","valueRequired":true,"valueName":"search_term_string"}}],"inLanguage":"es"},{"@type":["Person","Organization"],"@id":"https:\/\/luchonoticias.com\/editor\/#\/schema\/person\/7a7fd911f58561fd056dbac7b55af9cd","name":"admin","image":{"@type":"ImageObject","inLanguage":"es","@id":"https:\/\/luchonoticias.com\/editor\/#\/schema\/person\/image\/","url":"https:\/\/luchonoticias.com\/editor\/wp-content\/uploads\/2024\/02\/cropped-cropped-logolu.webp","contentUrl":"https:\/\/luchonoticias.com\/editor\/wp-content\/uploads\/2024\/02\/cropped-cropped-logolu.webp","width":382,"height":170,"caption":"admin"},"logo":{"@id":"https:\/\/luchonoticias.com\/editor\/#\/schema\/person\/image\/"},"sameAs":["https:\/\/www.facebook.com\/luchonoticiasneiva"]},{"@type":"Person","@id":"https:\/\/luchonoticias.com\/editor\/#\/schema\/person\/29217990ddf6f14e35912b2866d591fb","name":"Editor General","image":{"@type":"ImageObject","inLanguage":"es","@id":"https:\/\/luchonoticias.com\/editor\/#\/schema\/person\/image\/","url":"https:\/\/luchonoticias.com\/editor\/wp-content\/uploads\/2024\/02\/cropped-cropped-logolu-150x150.webp","contentUrl":"https:\/\/luchonoticias.com\/editor\/wp-content\/uploads\/2024\/02\/cropped-cropped-logolu-150x150.webp","caption":"Editor General"},"sameAs":["https:\/\/luchonoticias.com\/"],"url":"https:\/\/luchonoticias.com\/editor\/author\/editor-general\/"}]}},"_links":{"self":[{"href":"https:\/\/luchonoticias.com\/editor\/wp-json\/wp\/v2\/posts\/45517","targetHints":{"allow":["GET"]}}],"collection":[{"href":"https:\/\/luchonoticias.com\/editor\/wp-json\/wp\/v2\/posts"}],"about":[{"href":"https:\/\/luchonoticias.com\/editor\/wp-json\/wp\/v2\/types\/post"}],"author":[{"embeddable":true,"href":"https:\/\/luchonoticias.com\/editor\/wp-json\/wp\/v2\/users\/2"}],"replies":[{"embeddable":true,"href":"https:\/\/luchonoticias.com\/editor\/wp-json\/wp\/v2\/comments?post=45517"}],"version-history":[{"count":0,"href":"https:\/\/luchonoticias.com\/editor\/wp-json\/wp\/v2\/posts\/45517\/revisions"}],"wp:attachment":[{"href":"https:\/\/luchonoticias.com\/editor\/wp-json\/wp\/v2\/media?parent=45517"}],"wp:term":[{"taxonomy":"category","embeddable":true,"href":"https:\/\/luchonoticias.com\/editor\/wp-json\/wp\/v2\/categories?post=45517"},{"taxonomy":"post_tag","embeddable":true,"href":"https:\/\/luchonoticias.com\/editor\/wp-json\/wp\/v2\/tags?post=45517"}],"curies":[{"name":"wp","href":"https:\/\/api.w.org\/{rel}","templated":true}]}}