{"id":45520,"date":"2023-02-04T17:14:50","date_gmt":"2023-02-04T22:14:50","guid":{"rendered":"https:\/\/luchonoticias.com\/?p=45520"},"modified":"2023-02-04T17:14:51","modified_gmt":"2023-02-04T22:14:51","slug":"inflacion-en-colombia-supera-nuevamente-sus-registros-historicos","status":"publish","type":"post","link":"https:\/\/luchonoticias.com\/editor\/inflacion-en-colombia-supera-nuevamente-sus-registros-historicos\/","title":{"rendered":"Inflaci\u00f3n en Colombia supera nuevamente sus registros hist\u00f3ricos"},"content":{"rendered":"\n<p>El Departamento Administrativo Nacional de Estad\u00edstica, dio a conocer en un informe que, en enero de 2023, la variaci\u00f3n anual del IPC fue 13,25%, es decir, 6,31 puntos porcentuales mayor que la reportada en el mismo periodo del a\u00f1o anterior, cuando fue de 6,94%. De acuerdo al informe, la variaci\u00f3n mensual del IPC fue 1,78% frente a diciembre de 2022.<\/p>\n\n\n\n<p>\u201cEl comportamiento mensual del IPC total en enero de 2023 (1,78%) se explic\u00f3 principalmente por la variaci\u00f3n mensual de las divisiones de Transporte y de Alimentos y bebidas no alcoh\u00f3licas. Las mayores variaciones se presentaron en las divisiones Transporte (3,98%) y Restaurantes y hoteles (3,11%)\u201d, indic\u00f3 la entidad.<\/p>\n\n\n\n<div data-wp-interactive=\"core\/file\" class=\"wp-block-file\"><object data-wp-bind--hidden=\"!state.hasPdfPreview\" hidden class=\"wp-block-file__embed\" data=\"https:\/\/luchonoticias.com\/wp-content\/uploads\/2023\/02\/ipc_rueda_prensa_ene23.pdf\" type=\"application\/pdf\" style=\"width:100%;height:600px\" aria-label=\"Incrustado de ipc_rueda_prensa_ene23.\"><\/object><a id=\"wp-block-file--media-c10bf1b3-30f6-4dba-b59c-a9c0db17ae3e\" href=\"https:\/\/luchonoticias.com\/wp-content\/uploads\/2023\/02\/ipc_rueda_prensa_ene23.pdf\">ipc_rueda_prensa_ene23<\/a><a href=\"https:\/\/luchonoticias.com\/wp-content\/uploads\/2023\/02\/ipc_rueda_prensa_ene23.pdf\" class=\"wp-block-file__button wp-element-button\" download aria-describedby=\"wp-block-file--media-c10bf1b3-30f6-4dba-b59c-a9c0db17ae3e\">Descarga<\/a><\/div>\n\n\n\n<p><strong>Variaci\u00f3n en alimentos y bebidas<\/strong><\/p>\n\n\n\n<p>La divisi\u00f3n Alimentos y bebidas no alcoh\u00f3licas registr\u00f3 una variaci\u00f3n anual de 26,18%, siendo esta la mayor variaci\u00f3n anual. En enero de 2023, los mayores incrementos de precio se registraron en las subclases: arracacha, \u00f1ame y otros tub\u00e9rculos (106,83%), cebolla (101,51%) y yuca para consumo en el hogar (63,17%).<\/p>\n\n\n\n<p>Los menores incrementos de precio se reportaron en las subclases: panela cruda para consumo en el hogar (4,28%), agua mineral (con y sin gas) para consumo en el hogar (9,36%) y concentrados para preparar refrescos (9,52%).<\/p>\n\n\n\n<p><strong>Variaci\u00f3n en registro hotelero<\/strong><\/p>\n\n\n\n<p>La divisi\u00f3n Restaurantes y hoteles registr\u00f3 una variaci\u00f3n anual de 19,36%, siendo esta la segunda mayor variaci\u00f3n anual.<\/p>\n\n\n\n<p>En enero de 2023, los mayores incrementos de precio se registraron en las subclases: comidas preparadas fuera del hogar para consumo inmediato, en establecimientos de servicio a la mesa y autoservicio (21,29%), bebidas calientes (20,80%) y comidas en establecimientos de servicio a la mesa y autoservicio (19,75%).<\/p>\n\n\n\n<p>Los menores incrementos de precio se reportaron en las subclases: pago por alimentaci\u00f3n en comedores (6,90%), gastos en discotecas (7,59%) y gaseosa y otros refrescos en establecimientos de servicio a la mesa y autoservicio (16,71%).<\/p>\n\n\n\n<div data-wp-interactive=\"core\/file\" class=\"wp-block-file\"><object data-wp-bind--hidden=\"!state.hasPdfPreview\" hidden class=\"wp-block-file__embed\" data=\"https:\/\/luchonoticias.com\/wp-content\/uploads\/2023\/02\/cp_ipc_ene23.pdf\" type=\"application\/pdf\" style=\"width:100%;height:600px\" aria-label=\"Incrustado de cp_ipc_ene23.\"><\/object><a id=\"wp-block-file--media-22c90eda-3cdb-49dc-9c50-ba7d2fbe5a0c\" href=\"https:\/\/luchonoticias.com\/wp-content\/uploads\/2023\/02\/cp_ipc_ene23.pdf\">cp_ipc_ene23<\/a><a href=\"https:\/\/luchonoticias.com\/wp-content\/uploads\/2023\/02\/cp_ipc_ene23.pdf\" class=\"wp-block-file__button wp-element-button\" download aria-describedby=\"wp-block-file--media-22c90eda-3cdb-49dc-9c50-ba7d2fbe5a0c\">Descarga<\/a><\/div>\n","protected":false},"excerpt":{"rendered":"<p>El Departamento Administrativo Nacional de Estad\u00edstica, dio a conocer en un informe que, en enero de 2023, la variaci\u00f3n anual del IPC fue 13,25%, es decir, 6,31 puntos porcentuales mayor que la reportada en el mismo periodo del a\u00f1o anterior, cuando fue de 6,94%. De acuerdo al informe, la variaci\u00f3n mensual del IPC fue 1,78% [&hellip;]<\/p>\n","protected":false},"author":2,"featured_media":0,"comment_status":"open","ping_status":"open","sticky":false,"template":"","format":"standard","meta":{"footnotes":""},"categories":[36,32],"tags":[],"class_list":["post-45520","post","type-post","status-publish","format-standard","hentry","category-destacado","category-nacional"],"yoast_head":"<!-- This site is optimized with the Yoast SEO plugin v26.6 - https:\/\/yoast.com\/wordpress\/plugins\/seo\/ -->\n<title>Inflaci\u00f3n en Colombia supera nuevamente sus registros hist\u00f3ricos -<\/title>\n<meta name=\"robots\" content=\"index, follow, max-snippet:-1, max-image-preview:large, max-video-preview:-1\" \/>\n<link rel=\"canonical\" href=\"https:\/\/luchonoticias.com\/editor\/inflacion-en-colombia-supera-nuevamente-sus-registros-historicos\/\" \/>\n<meta property=\"og:locale\" content=\"es_ES\" \/>\n<meta property=\"og:type\" content=\"article\" \/>\n<meta property=\"og:title\" content=\"Inflaci\u00f3n en Colombia supera nuevamente sus registros hist\u00f3ricos -\" \/>\n<meta property=\"og:url\" content=\"https:\/\/luchonoticias.com\/editor\/inflacion-en-colombia-supera-nuevamente-sus-registros-historicos\/\" \/>\n<meta property=\"article:publisher\" content=\"https:\/\/www.facebook.com\/luchonoticiasneiva\" \/>\n<meta property=\"article:published_time\" content=\"2023-02-04T22:14:50+00:00\" \/>\n<meta property=\"article:modified_time\" content=\"2023-02-04T22:14:51+00:00\" \/>\n<meta name=\"author\" content=\"Editor General\" \/>\n<meta name=\"twitter:card\" content=\"summary_large_image\" \/>\n<meta name=\"twitter:label1\" content=\"Escrito por\" \/>\n\t<meta name=\"twitter:data1\" content=\"Editor General\" \/>\n\t<meta name=\"twitter:label2\" content=\"Tiempo de lectura\" \/>\n\t<meta name=\"twitter:data2\" content=\"2 minutos\" \/>\n<script type=\"application\/ld+json\" class=\"yoast-schema-graph\">{\"@context\":\"https:\/\/schema.org\",\"@graph\":[{\"@type\":\"Article\",\"@id\":\"https:\/\/luchonoticias.com\/editor\/inflacion-en-colombia-supera-nuevamente-sus-registros-historicos\/#article\",\"isPartOf\":{\"@id\":\"https:\/\/luchonoticias.com\/editor\/inflacion-en-colombia-supera-nuevamente-sus-registros-historicos\/\"},\"author\":{\"name\":\"Editor General\",\"@id\":\"https:\/\/luchonoticias.com\/editor\/#\/schema\/person\/29217990ddf6f14e35912b2866d591fb\"},\"headline\":\"Inflaci\u00f3n en Colombia supera nuevamente sus registros hist\u00f3ricos\",\"datePublished\":\"2023-02-04T22:14:50+00:00\",\"dateModified\":\"2023-02-04T22:14:51+00:00\",\"mainEntityOfPage\":{\"@id\":\"https:\/\/luchonoticias.com\/editor\/inflacion-en-colombia-supera-nuevamente-sus-registros-historicos\/\"},\"wordCount\":312,\"commentCount\":0,\"publisher\":{\"@id\":\"https:\/\/luchonoticias.com\/editor\/#\/schema\/person\/7a7fd911f58561fd056dbac7b55af9cd\"},\"articleSection\":[\"Destacado\",\"Nacional\"],\"inLanguage\":\"es\",\"potentialAction\":[{\"@type\":\"CommentAction\",\"name\":\"Comment\",\"target\":[\"https:\/\/luchonoticias.com\/editor\/inflacion-en-colombia-supera-nuevamente-sus-registros-historicos\/#respond\"]}]},{\"@type\":\"WebPage\",\"@id\":\"https:\/\/luchonoticias.com\/editor\/inflacion-en-colombia-supera-nuevamente-sus-registros-historicos\/\",\"url\":\"https:\/\/luchonoticias.com\/editor\/inflacion-en-colombia-supera-nuevamente-sus-registros-historicos\/\",\"name\":\"Inflaci\u00f3n en Colombia supera nuevamente sus registros hist\u00f3ricos -\",\"isPartOf\":{\"@id\":\"https:\/\/luchonoticias.com\/editor\/#website\"},\"datePublished\":\"2023-02-04T22:14:50+00:00\",\"dateModified\":\"2023-02-04T22:14:51+00:00\",\"breadcrumb\":{\"@id\":\"https:\/\/luchonoticias.com\/editor\/inflacion-en-colombia-supera-nuevamente-sus-registros-historicos\/#breadcrumb\"},\"inLanguage\":\"es\",\"potentialAction\":[{\"@type\":\"ReadAction\",\"target\":[\"https:\/\/luchonoticias.com\/editor\/inflacion-en-colombia-supera-nuevamente-sus-registros-historicos\/\"]}]},{\"@type\":\"BreadcrumbList\",\"@id\":\"https:\/\/luchonoticias.com\/editor\/inflacion-en-colombia-supera-nuevamente-sus-registros-historicos\/#breadcrumb\",\"itemListElement\":[{\"@type\":\"ListItem\",\"position\":1,\"name\":\"Portada\",\"item\":\"https:\/\/luchonoticias.com\/editor\/\"},{\"@type\":\"ListItem\",\"position\":2,\"name\":\"Inflaci\u00f3n en Colombia supera nuevamente sus registros hist\u00f3ricos\"}]},{\"@type\":\"WebSite\",\"@id\":\"https:\/\/luchonoticias.com\/editor\/#website\",\"url\":\"https:\/\/luchonoticias.com\/editor\/\",\"name\":\"\",\"description\":\"\",\"publisher\":{\"@id\":\"https:\/\/luchonoticias.com\/editor\/#\/schema\/person\/7a7fd911f58561fd056dbac7b55af9cd\"},\"potentialAction\":[{\"@type\":\"SearchAction\",\"target\":{\"@type\":\"EntryPoint\",\"urlTemplate\":\"https:\/\/luchonoticias.com\/editor\/?s={search_term_string}\"},\"query-input\":{\"@type\":\"PropertyValueSpecification\",\"valueRequired\":true,\"valueName\":\"search_term_string\"}}],\"inLanguage\":\"es\"},{\"@type\":[\"Person\",\"Organization\"],\"@id\":\"https:\/\/luchonoticias.com\/editor\/#\/schema\/person\/7a7fd911f58561fd056dbac7b55af9cd\",\"name\":\"admin\",\"image\":{\"@type\":\"ImageObject\",\"inLanguage\":\"es\",\"@id\":\"https:\/\/luchonoticias.com\/editor\/#\/schema\/person\/image\/\",\"url\":\"https:\/\/luchonoticias.com\/editor\/wp-content\/uploads\/2024\/02\/cropped-cropped-logolu.webp\",\"contentUrl\":\"https:\/\/luchonoticias.com\/editor\/wp-content\/uploads\/2024\/02\/cropped-cropped-logolu.webp\",\"width\":382,\"height\":170,\"caption\":\"admin\"},\"logo\":{\"@id\":\"https:\/\/luchonoticias.com\/editor\/#\/schema\/person\/image\/\"},\"sameAs\":[\"https:\/\/www.facebook.com\/luchonoticiasneiva\"]},{\"@type\":\"Person\",\"@id\":\"https:\/\/luchonoticias.com\/editor\/#\/schema\/person\/29217990ddf6f14e35912b2866d591fb\",\"name\":\"Editor General\",\"image\":{\"@type\":\"ImageObject\",\"inLanguage\":\"es\",\"@id\":\"https:\/\/luchonoticias.com\/editor\/#\/schema\/person\/image\/\",\"url\":\"https:\/\/luchonoticias.com\/editor\/wp-content\/uploads\/2024\/02\/cropped-cropped-logolu-150x150.webp\",\"contentUrl\":\"https:\/\/luchonoticias.com\/editor\/wp-content\/uploads\/2024\/02\/cropped-cropped-logolu-150x150.webp\",\"caption\":\"Editor General\"},\"sameAs\":[\"https:\/\/luchonoticias.com\/\"],\"url\":\"https:\/\/luchonoticias.com\/editor\/author\/editor-general\/\"}]}<\/script>\n<!-- \/ Yoast SEO plugin. -->","yoast_head_json":{"title":"Inflaci\u00f3n en Colombia supera nuevamente sus registros hist\u00f3ricos -","robots":{"index":"index","follow":"follow","max-snippet":"max-snippet:-1","max-image-preview":"max-image-preview:large","max-video-preview":"max-video-preview:-1"},"canonical":"https:\/\/luchonoticias.com\/editor\/inflacion-en-colombia-supera-nuevamente-sus-registros-historicos\/","og_locale":"es_ES","og_type":"article","og_title":"Inflaci\u00f3n en Colombia supera nuevamente sus registros hist\u00f3ricos -","og_url":"https:\/\/luchonoticias.com\/editor\/inflacion-en-colombia-supera-nuevamente-sus-registros-historicos\/","article_publisher":"https:\/\/www.facebook.com\/luchonoticiasneiva","article_published_time":"2023-02-04T22:14:50+00:00","article_modified_time":"2023-02-04T22:14:51+00:00","author":"Editor General","twitter_card":"summary_large_image","twitter_misc":{"Escrito por":"Editor General","Tiempo de lectura":"2 minutos"},"schema":{"@context":"https:\/\/schema.org","@graph":[{"@type":"Article","@id":"https:\/\/luchonoticias.com\/editor\/inflacion-en-colombia-supera-nuevamente-sus-registros-historicos\/#article","isPartOf":{"@id":"https:\/\/luchonoticias.com\/editor\/inflacion-en-colombia-supera-nuevamente-sus-registros-historicos\/"},"author":{"name":"Editor General","@id":"https:\/\/luchonoticias.com\/editor\/#\/schema\/person\/29217990ddf6f14e35912b2866d591fb"},"headline":"Inflaci\u00f3n en Colombia supera nuevamente sus registros hist\u00f3ricos","datePublished":"2023-02-04T22:14:50+00:00","dateModified":"2023-02-04T22:14:51+00:00","mainEntityOfPage":{"@id":"https:\/\/luchonoticias.com\/editor\/inflacion-en-colombia-supera-nuevamente-sus-registros-historicos\/"},"wordCount":312,"commentCount":0,"publisher":{"@id":"https:\/\/luchonoticias.com\/editor\/#\/schema\/person\/7a7fd911f58561fd056dbac7b55af9cd"},"articleSection":["Destacado","Nacional"],"inLanguage":"es","potentialAction":[{"@type":"CommentAction","name":"Comment","target":["https:\/\/luchonoticias.com\/editor\/inflacion-en-colombia-supera-nuevamente-sus-registros-historicos\/#respond"]}]},{"@type":"WebPage","@id":"https:\/\/luchonoticias.com\/editor\/inflacion-en-colombia-supera-nuevamente-sus-registros-historicos\/","url":"https:\/\/luchonoticias.com\/editor\/inflacion-en-colombia-supera-nuevamente-sus-registros-historicos\/","name":"Inflaci\u00f3n en Colombia supera nuevamente sus registros hist\u00f3ricos -","isPartOf":{"@id":"https:\/\/luchonoticias.com\/editor\/#website"},"datePublished":"2023-02-04T22:14:50+00:00","dateModified":"2023-02-04T22:14:51+00:00","breadcrumb":{"@id":"https:\/\/luchonoticias.com\/editor\/inflacion-en-colombia-supera-nuevamente-sus-registros-historicos\/#breadcrumb"},"inLanguage":"es","potentialAction":[{"@type":"ReadAction","target":["https:\/\/luchonoticias.com\/editor\/inflacion-en-colombia-supera-nuevamente-sus-registros-historicos\/"]}]},{"@type":"BreadcrumbList","@id":"https:\/\/luchonoticias.com\/editor\/inflacion-en-colombia-supera-nuevamente-sus-registros-historicos\/#breadcrumb","itemListElement":[{"@type":"ListItem","position":1,"name":"Portada","item":"https:\/\/luchonoticias.com\/editor\/"},{"@type":"ListItem","position":2,"name":"Inflaci\u00f3n en Colombia supera nuevamente sus registros hist\u00f3ricos"}]},{"@type":"WebSite","@id":"https:\/\/luchonoticias.com\/editor\/#website","url":"https:\/\/luchonoticias.com\/editor\/","name":"","description":"","publisher":{"@id":"https:\/\/luchonoticias.com\/editor\/#\/schema\/person\/7a7fd911f58561fd056dbac7b55af9cd"},"potentialAction":[{"@type":"SearchAction","target":{"@type":"EntryPoint","urlTemplate":"https:\/\/luchonoticias.com\/editor\/?s={search_term_string}"},"query-input":{"@type":"PropertyValueSpecification","valueRequired":true,"valueName":"search_term_string"}}],"inLanguage":"es"},{"@type":["Person","Organization"],"@id":"https:\/\/luchonoticias.com\/editor\/#\/schema\/person\/7a7fd911f58561fd056dbac7b55af9cd","name":"admin","image":{"@type":"ImageObject","inLanguage":"es","@id":"https:\/\/luchonoticias.com\/editor\/#\/schema\/person\/image\/","url":"https:\/\/luchonoticias.com\/editor\/wp-content\/uploads\/2024\/02\/cropped-cropped-logolu.webp","contentUrl":"https:\/\/luchonoticias.com\/editor\/wp-content\/uploads\/2024\/02\/cropped-cropped-logolu.webp","width":382,"height":170,"caption":"admin"},"logo":{"@id":"https:\/\/luchonoticias.com\/editor\/#\/schema\/person\/image\/"},"sameAs":["https:\/\/www.facebook.com\/luchonoticiasneiva"]},{"@type":"Person","@id":"https:\/\/luchonoticias.com\/editor\/#\/schema\/person\/29217990ddf6f14e35912b2866d591fb","name":"Editor General","image":{"@type":"ImageObject","inLanguage":"es","@id":"https:\/\/luchonoticias.com\/editor\/#\/schema\/person\/image\/","url":"https:\/\/luchonoticias.com\/editor\/wp-content\/uploads\/2024\/02\/cropped-cropped-logolu-150x150.webp","contentUrl":"https:\/\/luchonoticias.com\/editor\/wp-content\/uploads\/2024\/02\/cropped-cropped-logolu-150x150.webp","caption":"Editor General"},"sameAs":["https:\/\/luchonoticias.com\/"],"url":"https:\/\/luchonoticias.com\/editor\/author\/editor-general\/"}]}},"_links":{"self":[{"href":"https:\/\/luchonoticias.com\/editor\/wp-json\/wp\/v2\/posts\/45520","targetHints":{"allow":["GET"]}}],"collection":[{"href":"https:\/\/luchonoticias.com\/editor\/wp-json\/wp\/v2\/posts"}],"about":[{"href":"https:\/\/luchonoticias.com\/editor\/wp-json\/wp\/v2\/types\/post"}],"author":[{"embeddable":true,"href":"https:\/\/luchonoticias.com\/editor\/wp-json\/wp\/v2\/users\/2"}],"replies":[{"embeddable":true,"href":"https:\/\/luchonoticias.com\/editor\/wp-json\/wp\/v2\/comments?post=45520"}],"version-history":[{"count":0,"href":"https:\/\/luchonoticias.com\/editor\/wp-json\/wp\/v2\/posts\/45520\/revisions"}],"wp:attachment":[{"href":"https:\/\/luchonoticias.com\/editor\/wp-json\/wp\/v2\/media?parent=45520"}],"wp:term":[{"taxonomy":"category","embeddable":true,"href":"https:\/\/luchonoticias.com\/editor\/wp-json\/wp\/v2\/categories?post=45520"},{"taxonomy":"post_tag","embeddable":true,"href":"https:\/\/luchonoticias.com\/editor\/wp-json\/wp\/v2\/tags?post=45520"}],"curies":[{"name":"wp","href":"https:\/\/api.w.org\/{rel}","templated":true}]}}