{"id":45525,"date":"2023-02-05T06:41:10","date_gmt":"2023-02-05T11:41:10","guid":{"rendered":"https:\/\/luchonoticias.com\/?p=45525"},"modified":"2023-02-05T06:41:11","modified_gmt":"2023-02-05T11:41:11","slug":"capturada-alias-nena-presunta-integrante-de-la-estructura-urbana-del-eln-en-valle-del-cauca","status":"publish","type":"post","link":"https:\/\/luchonoticias.com\/editor\/capturada-alias-nena-presunta-integrante-de-la-estructura-urbana-del-eln-en-valle-del-cauca\/","title":{"rendered":"Capturada alias \u2018Nena\u2019 presunta integrante de la estructura urbana del ELN en Valle del Cauca"},"content":{"rendered":"\n<p>La Fiscal\u00eda General de la Naci\u00f3n, en un trabajo conjunto con la DIJIN de la Polic\u00eda Nacional, identific\u00f3 y logr\u00f3 la captura de Luz Karime Riascos Riascos, alias Nena o Chocolatico, presunta integrante de una estructura urbana del Frente Jos\u00e9 Mar\u00eda Becerra del ELN, que delinque en la ciudad de Cali del Valle del Cauca.<\/p>\n\n\n\n<p>\u201cEsta mujer ser\u00eda la responsable de transportar dineros il\u00edcitos producto de la miner\u00eda ilegal y la extorsi\u00f3n, desde las zonas campamentarias en Cauca y Nari\u00f1o hasta Cali, y custodiarlos y administrarlos de acuerdo con las ordenes impartidas por los cabecillas del grupo armado ilegal, alias Marcos Pac\u00edfico y alias Modesto\u201d, indic\u00f3 el ente acusador en un comunicado. <\/p>\n\n\n\n<p>Asimismo, las autoridades revelaron que los elementos de prueba indican que Riascos Riascos usaba los recursos para adquirir bienes; comprar elementos tecnol\u00f3gicos, armas, material de intendencia y v\u00edveres; o cubrir el pago de la n\u00f3mina del ELN en esa zona del pa\u00eds.<\/p>\n\n\n\n<p>\u201cUna fiscal de la Direcci\u00f3n Especializada contra las Organizaciones Criminales imput\u00f3 a alias Nena o Chocolatico el delito de rebeli\u00f3n. Por disposici\u00f3n del juez de control de garant\u00edas, la mujer deber\u00e1 cumplir medida de aseguramiento privativa de la libertad en establecimiento carcelario\u201d, concluy\u00f3 la Fiscal\u00eda en el informe oficial.<\/p>\n","protected":false},"excerpt":{"rendered":"<p>La Fiscal\u00eda General de la Naci\u00f3n, en un trabajo conjunto con la DIJIN de la Polic\u00eda Nacional, identific\u00f3 y logr\u00f3 la captura de Luz Karime Riascos Riascos, alias Nena o Chocolatico, presunta integrante de una estructura urbana del Frente Jos\u00e9 Mar\u00eda Becerra del ELN, que delinque en la ciudad de Cali del Valle del Cauca. [&hellip;]<\/p>\n","protected":false},"author":2,"featured_media":0,"comment_status":"open","ping_status":"open","sticky":false,"template":"","format":"standard","meta":{"footnotes":""},"categories":[36,29],"tags":[],"class_list":["post-45525","post","type-post","status-publish","format-standard","hentry","category-destacado","category-judicial"],"yoast_head":"<!-- This site is optimized with the Yoast SEO plugin v26.6 - https:\/\/yoast.com\/wordpress\/plugins\/seo\/ -->\n<title>Capturada alias \u2018Nena\u2019 presunta integrante de la estructura urbana del ELN en Valle del Cauca -<\/title>\n<meta name=\"robots\" content=\"index, follow, max-snippet:-1, max-image-preview:large, max-video-preview:-1\" \/>\n<link rel=\"canonical\" href=\"https:\/\/luchonoticias.com\/editor\/capturada-alias-nena-presunta-integrante-de-la-estructura-urbana-del-eln-en-valle-del-cauca\/\" \/>\n<meta property=\"og:locale\" content=\"es_ES\" \/>\n<meta property=\"og:type\" content=\"article\" \/>\n<meta property=\"og:title\" content=\"Capturada alias \u2018Nena\u2019 presunta integrante de la estructura urbana del ELN en Valle del Cauca -\" \/>\n<meta property=\"og:url\" content=\"https:\/\/luchonoticias.com\/editor\/capturada-alias-nena-presunta-integrante-de-la-estructura-urbana-del-eln-en-valle-del-cauca\/\" \/>\n<meta property=\"article:publisher\" content=\"https:\/\/www.facebook.com\/luchonoticiasneiva\" \/>\n<meta property=\"article:published_time\" content=\"2023-02-05T11:41:10+00:00\" \/>\n<meta property=\"article:modified_time\" content=\"2023-02-05T11:41:11+00:00\" \/>\n<meta name=\"author\" content=\"Editor General\" \/>\n<meta name=\"twitter:card\" content=\"summary_large_image\" \/>\n<meta name=\"twitter:label1\" content=\"Escrito por\" \/>\n\t<meta name=\"twitter:data1\" content=\"Editor General\" \/>\n\t<meta name=\"twitter:label2\" content=\"Tiempo de lectura\" \/>\n\t<meta name=\"twitter:data2\" content=\"1 minuto\" \/>\n<script type=\"application\/ld+json\" class=\"yoast-schema-graph\">{\"@context\":\"https:\/\/schema.org\",\"@graph\":[{\"@type\":\"Article\",\"@id\":\"https:\/\/luchonoticias.com\/editor\/capturada-alias-nena-presunta-integrante-de-la-estructura-urbana-del-eln-en-valle-del-cauca\/#article\",\"isPartOf\":{\"@id\":\"https:\/\/luchonoticias.com\/editor\/capturada-alias-nena-presunta-integrante-de-la-estructura-urbana-del-eln-en-valle-del-cauca\/\"},\"author\":{\"name\":\"Editor General\",\"@id\":\"https:\/\/luchonoticias.com\/editor\/#\/schema\/person\/29217990ddf6f14e35912b2866d591fb\"},\"headline\":\"Capturada alias \u2018Nena\u2019 presunta integrante de la estructura urbana del ELN en Valle del Cauca\",\"datePublished\":\"2023-02-05T11:41:10+00:00\",\"dateModified\":\"2023-02-05T11:41:11+00:00\",\"mainEntityOfPage\":{\"@id\":\"https:\/\/luchonoticias.com\/editor\/capturada-alias-nena-presunta-integrante-de-la-estructura-urbana-del-eln-en-valle-del-cauca\/\"},\"wordCount\":237,\"commentCount\":0,\"publisher\":{\"@id\":\"https:\/\/luchonoticias.com\/editor\/#\/schema\/person\/7a7fd911f58561fd056dbac7b55af9cd\"},\"articleSection\":[\"Destacado\",\"Judicial\"],\"inLanguage\":\"es\",\"potentialAction\":[{\"@type\":\"CommentAction\",\"name\":\"Comment\",\"target\":[\"https:\/\/luchonoticias.com\/editor\/capturada-alias-nena-presunta-integrante-de-la-estructura-urbana-del-eln-en-valle-del-cauca\/#respond\"]}]},{\"@type\":\"WebPage\",\"@id\":\"https:\/\/luchonoticias.com\/editor\/capturada-alias-nena-presunta-integrante-de-la-estructura-urbana-del-eln-en-valle-del-cauca\/\",\"url\":\"https:\/\/luchonoticias.com\/editor\/capturada-alias-nena-presunta-integrante-de-la-estructura-urbana-del-eln-en-valle-del-cauca\/\",\"name\":\"Capturada alias \u2018Nena\u2019 presunta integrante de la estructura urbana del ELN en Valle del Cauca -\",\"isPartOf\":{\"@id\":\"https:\/\/luchonoticias.com\/editor\/#website\"},\"datePublished\":\"2023-02-05T11:41:10+00:00\",\"dateModified\":\"2023-02-05T11:41:11+00:00\",\"breadcrumb\":{\"@id\":\"https:\/\/luchonoticias.com\/editor\/capturada-alias-nena-presunta-integrante-de-la-estructura-urbana-del-eln-en-valle-del-cauca\/#breadcrumb\"},\"inLanguage\":\"es\",\"potentialAction\":[{\"@type\":\"ReadAction\",\"target\":[\"https:\/\/luchonoticias.com\/editor\/capturada-alias-nena-presunta-integrante-de-la-estructura-urbana-del-eln-en-valle-del-cauca\/\"]}]},{\"@type\":\"BreadcrumbList\",\"@id\":\"https:\/\/luchonoticias.com\/editor\/capturada-alias-nena-presunta-integrante-de-la-estructura-urbana-del-eln-en-valle-del-cauca\/#breadcrumb\",\"itemListElement\":[{\"@type\":\"ListItem\",\"position\":1,\"name\":\"Portada\",\"item\":\"https:\/\/luchonoticias.com\/editor\/\"},{\"@type\":\"ListItem\",\"position\":2,\"name\":\"Capturada alias \u2018Nena\u2019 presunta integrante de la estructura urbana del ELN en Valle del Cauca\"}]},{\"@type\":\"WebSite\",\"@id\":\"https:\/\/luchonoticias.com\/editor\/#website\",\"url\":\"https:\/\/luchonoticias.com\/editor\/\",\"name\":\"\",\"description\":\"\",\"publisher\":{\"@id\":\"https:\/\/luchonoticias.com\/editor\/#\/schema\/person\/7a7fd911f58561fd056dbac7b55af9cd\"},\"potentialAction\":[{\"@type\":\"SearchAction\",\"target\":{\"@type\":\"EntryPoint\",\"urlTemplate\":\"https:\/\/luchonoticias.com\/editor\/?s={search_term_string}\"},\"query-input\":{\"@type\":\"PropertyValueSpecification\",\"valueRequired\":true,\"valueName\":\"search_term_string\"}}],\"inLanguage\":\"es\"},{\"@type\":[\"Person\",\"Organization\"],\"@id\":\"https:\/\/luchonoticias.com\/editor\/#\/schema\/person\/7a7fd911f58561fd056dbac7b55af9cd\",\"name\":\"admin\",\"image\":{\"@type\":\"ImageObject\",\"inLanguage\":\"es\",\"@id\":\"https:\/\/luchonoticias.com\/editor\/#\/schema\/person\/image\/\",\"url\":\"https:\/\/luchonoticias.com\/editor\/wp-content\/uploads\/2024\/02\/cropped-cropped-logolu.webp\",\"contentUrl\":\"https:\/\/luchonoticias.com\/editor\/wp-content\/uploads\/2024\/02\/cropped-cropped-logolu.webp\",\"width\":382,\"height\":170,\"caption\":\"admin\"},\"logo\":{\"@id\":\"https:\/\/luchonoticias.com\/editor\/#\/schema\/person\/image\/\"},\"sameAs\":[\"https:\/\/www.facebook.com\/luchonoticiasneiva\"]},{\"@type\":\"Person\",\"@id\":\"https:\/\/luchonoticias.com\/editor\/#\/schema\/person\/29217990ddf6f14e35912b2866d591fb\",\"name\":\"Editor General\",\"image\":{\"@type\":\"ImageObject\",\"inLanguage\":\"es\",\"@id\":\"https:\/\/luchonoticias.com\/editor\/#\/schema\/person\/image\/\",\"url\":\"https:\/\/luchonoticias.com\/editor\/wp-content\/uploads\/2024\/02\/cropped-cropped-logolu-150x150.webp\",\"contentUrl\":\"https:\/\/luchonoticias.com\/editor\/wp-content\/uploads\/2024\/02\/cropped-cropped-logolu-150x150.webp\",\"caption\":\"Editor General\"},\"sameAs\":[\"https:\/\/luchonoticias.com\/\"],\"url\":\"https:\/\/luchonoticias.com\/editor\/author\/editor-general\/\"}]}<\/script>\n<!-- \/ Yoast SEO plugin. -->","yoast_head_json":{"title":"Capturada alias \u2018Nena\u2019 presunta integrante de la estructura urbana del ELN en Valle del Cauca -","robots":{"index":"index","follow":"follow","max-snippet":"max-snippet:-1","max-image-preview":"max-image-preview:large","max-video-preview":"max-video-preview:-1"},"canonical":"https:\/\/luchonoticias.com\/editor\/capturada-alias-nena-presunta-integrante-de-la-estructura-urbana-del-eln-en-valle-del-cauca\/","og_locale":"es_ES","og_type":"article","og_title":"Capturada alias \u2018Nena\u2019 presunta integrante de la estructura urbana del ELN en Valle del Cauca -","og_url":"https:\/\/luchonoticias.com\/editor\/capturada-alias-nena-presunta-integrante-de-la-estructura-urbana-del-eln-en-valle-del-cauca\/","article_publisher":"https:\/\/www.facebook.com\/luchonoticiasneiva","article_published_time":"2023-02-05T11:41:10+00:00","article_modified_time":"2023-02-05T11:41:11+00:00","author":"Editor General","twitter_card":"summary_large_image","twitter_misc":{"Escrito por":"Editor General","Tiempo de lectura":"1 minuto"},"schema":{"@context":"https:\/\/schema.org","@graph":[{"@type":"Article","@id":"https:\/\/luchonoticias.com\/editor\/capturada-alias-nena-presunta-integrante-de-la-estructura-urbana-del-eln-en-valle-del-cauca\/#article","isPartOf":{"@id":"https:\/\/luchonoticias.com\/editor\/capturada-alias-nena-presunta-integrante-de-la-estructura-urbana-del-eln-en-valle-del-cauca\/"},"author":{"name":"Editor General","@id":"https:\/\/luchonoticias.com\/editor\/#\/schema\/person\/29217990ddf6f14e35912b2866d591fb"},"headline":"Capturada alias \u2018Nena\u2019 presunta integrante de la estructura urbana del ELN en Valle del Cauca","datePublished":"2023-02-05T11:41:10+00:00","dateModified":"2023-02-05T11:41:11+00:00","mainEntityOfPage":{"@id":"https:\/\/luchonoticias.com\/editor\/capturada-alias-nena-presunta-integrante-de-la-estructura-urbana-del-eln-en-valle-del-cauca\/"},"wordCount":237,"commentCount":0,"publisher":{"@id":"https:\/\/luchonoticias.com\/editor\/#\/schema\/person\/7a7fd911f58561fd056dbac7b55af9cd"},"articleSection":["Destacado","Judicial"],"inLanguage":"es","potentialAction":[{"@type":"CommentAction","name":"Comment","target":["https:\/\/luchonoticias.com\/editor\/capturada-alias-nena-presunta-integrante-de-la-estructura-urbana-del-eln-en-valle-del-cauca\/#respond"]}]},{"@type":"WebPage","@id":"https:\/\/luchonoticias.com\/editor\/capturada-alias-nena-presunta-integrante-de-la-estructura-urbana-del-eln-en-valle-del-cauca\/","url":"https:\/\/luchonoticias.com\/editor\/capturada-alias-nena-presunta-integrante-de-la-estructura-urbana-del-eln-en-valle-del-cauca\/","name":"Capturada alias \u2018Nena\u2019 presunta integrante de la estructura urbana del ELN en Valle del Cauca -","isPartOf":{"@id":"https:\/\/luchonoticias.com\/editor\/#website"},"datePublished":"2023-02-05T11:41:10+00:00","dateModified":"2023-02-05T11:41:11+00:00","breadcrumb":{"@id":"https:\/\/luchonoticias.com\/editor\/capturada-alias-nena-presunta-integrante-de-la-estructura-urbana-del-eln-en-valle-del-cauca\/#breadcrumb"},"inLanguage":"es","potentialAction":[{"@type":"ReadAction","target":["https:\/\/luchonoticias.com\/editor\/capturada-alias-nena-presunta-integrante-de-la-estructura-urbana-del-eln-en-valle-del-cauca\/"]}]},{"@type":"BreadcrumbList","@id":"https:\/\/luchonoticias.com\/editor\/capturada-alias-nena-presunta-integrante-de-la-estructura-urbana-del-eln-en-valle-del-cauca\/#breadcrumb","itemListElement":[{"@type":"ListItem","position":1,"name":"Portada","item":"https:\/\/luchonoticias.com\/editor\/"},{"@type":"ListItem","position":2,"name":"Capturada alias \u2018Nena\u2019 presunta integrante de la estructura urbana del ELN en Valle del Cauca"}]},{"@type":"WebSite","@id":"https:\/\/luchonoticias.com\/editor\/#website","url":"https:\/\/luchonoticias.com\/editor\/","name":"","description":"","publisher":{"@id":"https:\/\/luchonoticias.com\/editor\/#\/schema\/person\/7a7fd911f58561fd056dbac7b55af9cd"},"potentialAction":[{"@type":"SearchAction","target":{"@type":"EntryPoint","urlTemplate":"https:\/\/luchonoticias.com\/editor\/?s={search_term_string}"},"query-input":{"@type":"PropertyValueSpecification","valueRequired":true,"valueName":"search_term_string"}}],"inLanguage":"es"},{"@type":["Person","Organization"],"@id":"https:\/\/luchonoticias.com\/editor\/#\/schema\/person\/7a7fd911f58561fd056dbac7b55af9cd","name":"admin","image":{"@type":"ImageObject","inLanguage":"es","@id":"https:\/\/luchonoticias.com\/editor\/#\/schema\/person\/image\/","url":"https:\/\/luchonoticias.com\/editor\/wp-content\/uploads\/2024\/02\/cropped-cropped-logolu.webp","contentUrl":"https:\/\/luchonoticias.com\/editor\/wp-content\/uploads\/2024\/02\/cropped-cropped-logolu.webp","width":382,"height":170,"caption":"admin"},"logo":{"@id":"https:\/\/luchonoticias.com\/editor\/#\/schema\/person\/image\/"},"sameAs":["https:\/\/www.facebook.com\/luchonoticiasneiva"]},{"@type":"Person","@id":"https:\/\/luchonoticias.com\/editor\/#\/schema\/person\/29217990ddf6f14e35912b2866d591fb","name":"Editor General","image":{"@type":"ImageObject","inLanguage":"es","@id":"https:\/\/luchonoticias.com\/editor\/#\/schema\/person\/image\/","url":"https:\/\/luchonoticias.com\/editor\/wp-content\/uploads\/2024\/02\/cropped-cropped-logolu-150x150.webp","contentUrl":"https:\/\/luchonoticias.com\/editor\/wp-content\/uploads\/2024\/02\/cropped-cropped-logolu-150x150.webp","caption":"Editor General"},"sameAs":["https:\/\/luchonoticias.com\/"],"url":"https:\/\/luchonoticias.com\/editor\/author\/editor-general\/"}]}},"_links":{"self":[{"href":"https:\/\/luchonoticias.com\/editor\/wp-json\/wp\/v2\/posts\/45525","targetHints":{"allow":["GET"]}}],"collection":[{"href":"https:\/\/luchonoticias.com\/editor\/wp-json\/wp\/v2\/posts"}],"about":[{"href":"https:\/\/luchonoticias.com\/editor\/wp-json\/wp\/v2\/types\/post"}],"author":[{"embeddable":true,"href":"https:\/\/luchonoticias.com\/editor\/wp-json\/wp\/v2\/users\/2"}],"replies":[{"embeddable":true,"href":"https:\/\/luchonoticias.com\/editor\/wp-json\/wp\/v2\/comments?post=45525"}],"version-history":[{"count":0,"href":"https:\/\/luchonoticias.com\/editor\/wp-json\/wp\/v2\/posts\/45525\/revisions"}],"wp:attachment":[{"href":"https:\/\/luchonoticias.com\/editor\/wp-json\/wp\/v2\/media?parent=45525"}],"wp:term":[{"taxonomy":"category","embeddable":true,"href":"https:\/\/luchonoticias.com\/editor\/wp-json\/wp\/v2\/categories?post=45525"},{"taxonomy":"post_tag","embeddable":true,"href":"https:\/\/luchonoticias.com\/editor\/wp-json\/wp\/v2\/tags?post=45525"}],"curies":[{"name":"wp","href":"https:\/\/api.w.org\/{rel}","templated":true}]}}