{"id":45536,"date":"2023-02-05T07:37:20","date_gmt":"2023-02-05T12:37:20","guid":{"rendered":"https:\/\/luchonoticias.com\/?p=45536"},"modified":"2023-02-05T07:37:21","modified_gmt":"2023-02-05T12:37:21","slug":"exsenador-ernesto-macias-se-aparta-del-centro-democratico","status":"publish","type":"post","link":"https:\/\/luchonoticias.com\/editor\/exsenador-ernesto-macias-se-aparta-del-centro-democratico\/","title":{"rendered":"Exsenador Ernesto Mac\u00edas se aparta del Centro Democr\u00e1tico"},"content":{"rendered":"\n<p>El expresidente \u00c1lvaro Uribe ya tiene en sus manos la carta de renuncia al Centro Democr\u00e1tico de exsenador Ernesto Mac\u00edas, quien consider\u00f3 ser perseguido en el uribismo.<\/p>\n\n\n\n<p>\u201cCon sorpresa y dolor he padecido la animadversi\u00f3n y hasta el maltrato de un sector institucional del Partido; no s\u00e9, me pregunto yo, si por mi cercan\u00eda con el presidente Duque, quien a pesar de la herencia que recibi\u00f3, la pandemia y la oposici\u00f3n irracional que padeci\u00f3 realiz\u00f3 un extraordinario Gobierno\u201d.<\/p>\n\n\n\n<p>El exsenador asegur\u00f3 que ha sido un cr\u00edtico sin reservas, ni c\u00e1lculos, del manejo que se le ha dado a partido, desde luego, por su gesti\u00f3n como militante.<\/p>\n\n\n\n<p>En pocos d\u00edas se dar\u00e1 en el Huila, regi\u00f3n de donde es Mac\u00edas, uno de los encuentros regionales que viene realizando el expresidente Uribe por el pa\u00eds, para retomar el vuelo del Centro Democr\u00e1tico, pero \u00e9l ni se hab\u00eda enterado, no lo invitaron ni fue el organizador como era costumbre. Por eso, entre su gente m\u00e1s cercana afirma: \u201cyo no me sal\u00ed, me sacaron\u201d. \u00bfQu\u00e9 le responder\u00e1 Uribe?<\/p>\n","protected":false},"excerpt":{"rendered":"<p>El expresidente \u00c1lvaro Uribe ya tiene en sus manos la carta de renuncia al Centro Democr\u00e1tico de exsenador Ernesto Mac\u00edas, quien consider\u00f3 ser perseguido en el uribismo. \u201cCon sorpresa y dolor he padecido la animadversi\u00f3n y hasta el maltrato de un sector institucional del Partido; no s\u00e9, me pregunto yo, si por mi cercan\u00eda con [&hellip;]<\/p>\n","protected":false},"author":2,"featured_media":0,"comment_status":"open","ping_status":"open","sticky":false,"template":"","format":"standard","meta":{"footnotes":""},"categories":[36,617],"tags":[],"class_list":["post-45536","post","type-post","status-publish","format-standard","hentry","category-destacado","category-politica"],"yoast_head":"<!-- This site is optimized with the Yoast SEO plugin v26.6 - https:\/\/yoast.com\/wordpress\/plugins\/seo\/ -->\n<title>Exsenador Ernesto Mac\u00edas se aparta del Centro Democr\u00e1tico -<\/title>\n<meta name=\"robots\" content=\"index, follow, max-snippet:-1, max-image-preview:large, max-video-preview:-1\" \/>\n<link rel=\"canonical\" href=\"https:\/\/luchonoticias.com\/editor\/exsenador-ernesto-macias-se-aparta-del-centro-democratico\/\" \/>\n<meta property=\"og:locale\" content=\"es_ES\" \/>\n<meta property=\"og:type\" content=\"article\" \/>\n<meta property=\"og:title\" content=\"Exsenador Ernesto Mac\u00edas se aparta del Centro Democr\u00e1tico -\" \/>\n<meta property=\"og:url\" content=\"https:\/\/luchonoticias.com\/editor\/exsenador-ernesto-macias-se-aparta-del-centro-democratico\/\" \/>\n<meta property=\"article:publisher\" content=\"https:\/\/www.facebook.com\/luchonoticiasneiva\" \/>\n<meta property=\"article:published_time\" content=\"2023-02-05T12:37:20+00:00\" \/>\n<meta property=\"article:modified_time\" content=\"2023-02-05T12:37:21+00:00\" \/>\n<meta name=\"author\" content=\"Editor General\" \/>\n<meta name=\"twitter:card\" content=\"summary_large_image\" \/>\n<meta name=\"twitter:label1\" content=\"Escrito por\" \/>\n\t<meta name=\"twitter:data1\" content=\"Editor General\" \/>\n\t<meta name=\"twitter:label2\" content=\"Tiempo de lectura\" \/>\n\t<meta name=\"twitter:data2\" content=\"1 minuto\" \/>\n<script type=\"application\/ld+json\" class=\"yoast-schema-graph\">{\"@context\":\"https:\/\/schema.org\",\"@graph\":[{\"@type\":\"Article\",\"@id\":\"https:\/\/luchonoticias.com\/editor\/exsenador-ernesto-macias-se-aparta-del-centro-democratico\/#article\",\"isPartOf\":{\"@id\":\"https:\/\/luchonoticias.com\/editor\/exsenador-ernesto-macias-se-aparta-del-centro-democratico\/\"},\"author\":{\"name\":\"Editor General\",\"@id\":\"https:\/\/luchonoticias.com\/editor\/#\/schema\/person\/29217990ddf6f14e35912b2866d591fb\"},\"headline\":\"Exsenador Ernesto Mac\u00edas se aparta del Centro Democr\u00e1tico\",\"datePublished\":\"2023-02-05T12:37:20+00:00\",\"dateModified\":\"2023-02-05T12:37:21+00:00\",\"mainEntityOfPage\":{\"@id\":\"https:\/\/luchonoticias.com\/editor\/exsenador-ernesto-macias-se-aparta-del-centro-democratico\/\"},\"wordCount\":199,\"commentCount\":0,\"publisher\":{\"@id\":\"https:\/\/luchonoticias.com\/editor\/#\/schema\/person\/7a7fd911f58561fd056dbac7b55af9cd\"},\"articleSection\":[\"Destacado\",\"Pol\u00edtica\"],\"inLanguage\":\"es\",\"potentialAction\":[{\"@type\":\"CommentAction\",\"name\":\"Comment\",\"target\":[\"https:\/\/luchonoticias.com\/editor\/exsenador-ernesto-macias-se-aparta-del-centro-democratico\/#respond\"]}]},{\"@type\":\"WebPage\",\"@id\":\"https:\/\/luchonoticias.com\/editor\/exsenador-ernesto-macias-se-aparta-del-centro-democratico\/\",\"url\":\"https:\/\/luchonoticias.com\/editor\/exsenador-ernesto-macias-se-aparta-del-centro-democratico\/\",\"name\":\"Exsenador Ernesto Mac\u00edas se aparta del Centro Democr\u00e1tico -\",\"isPartOf\":{\"@id\":\"https:\/\/luchonoticias.com\/editor\/#website\"},\"datePublished\":\"2023-02-05T12:37:20+00:00\",\"dateModified\":\"2023-02-05T12:37:21+00:00\",\"breadcrumb\":{\"@id\":\"https:\/\/luchonoticias.com\/editor\/exsenador-ernesto-macias-se-aparta-del-centro-democratico\/#breadcrumb\"},\"inLanguage\":\"es\",\"potentialAction\":[{\"@type\":\"ReadAction\",\"target\":[\"https:\/\/luchonoticias.com\/editor\/exsenador-ernesto-macias-se-aparta-del-centro-democratico\/\"]}]},{\"@type\":\"BreadcrumbList\",\"@id\":\"https:\/\/luchonoticias.com\/editor\/exsenador-ernesto-macias-se-aparta-del-centro-democratico\/#breadcrumb\",\"itemListElement\":[{\"@type\":\"ListItem\",\"position\":1,\"name\":\"Portada\",\"item\":\"https:\/\/luchonoticias.com\/editor\/\"},{\"@type\":\"ListItem\",\"position\":2,\"name\":\"Exsenador Ernesto Mac\u00edas se aparta del Centro Democr\u00e1tico\"}]},{\"@type\":\"WebSite\",\"@id\":\"https:\/\/luchonoticias.com\/editor\/#website\",\"url\":\"https:\/\/luchonoticias.com\/editor\/\",\"name\":\"\",\"description\":\"\",\"publisher\":{\"@id\":\"https:\/\/luchonoticias.com\/editor\/#\/schema\/person\/7a7fd911f58561fd056dbac7b55af9cd\"},\"potentialAction\":[{\"@type\":\"SearchAction\",\"target\":{\"@type\":\"EntryPoint\",\"urlTemplate\":\"https:\/\/luchonoticias.com\/editor\/?s={search_term_string}\"},\"query-input\":{\"@type\":\"PropertyValueSpecification\",\"valueRequired\":true,\"valueName\":\"search_term_string\"}}],\"inLanguage\":\"es\"},{\"@type\":[\"Person\",\"Organization\"],\"@id\":\"https:\/\/luchonoticias.com\/editor\/#\/schema\/person\/7a7fd911f58561fd056dbac7b55af9cd\",\"name\":\"admin\",\"image\":{\"@type\":\"ImageObject\",\"inLanguage\":\"es\",\"@id\":\"https:\/\/luchonoticias.com\/editor\/#\/schema\/person\/image\/\",\"url\":\"https:\/\/luchonoticias.com\/editor\/wp-content\/uploads\/2024\/02\/cropped-cropped-logolu.webp\",\"contentUrl\":\"https:\/\/luchonoticias.com\/editor\/wp-content\/uploads\/2024\/02\/cropped-cropped-logolu.webp\",\"width\":382,\"height\":170,\"caption\":\"admin\"},\"logo\":{\"@id\":\"https:\/\/luchonoticias.com\/editor\/#\/schema\/person\/image\/\"},\"sameAs\":[\"https:\/\/www.facebook.com\/luchonoticiasneiva\"]},{\"@type\":\"Person\",\"@id\":\"https:\/\/luchonoticias.com\/editor\/#\/schema\/person\/29217990ddf6f14e35912b2866d591fb\",\"name\":\"Editor General\",\"image\":{\"@type\":\"ImageObject\",\"inLanguage\":\"es\",\"@id\":\"https:\/\/luchonoticias.com\/editor\/#\/schema\/person\/image\/\",\"url\":\"https:\/\/luchonoticias.com\/editor\/wp-content\/uploads\/2024\/02\/cropped-cropped-logolu-150x150.webp\",\"contentUrl\":\"https:\/\/luchonoticias.com\/editor\/wp-content\/uploads\/2024\/02\/cropped-cropped-logolu-150x150.webp\",\"caption\":\"Editor General\"},\"sameAs\":[\"https:\/\/luchonoticias.com\/\"],\"url\":\"https:\/\/luchonoticias.com\/editor\/author\/editor-general\/\"}]}<\/script>\n<!-- \/ Yoast SEO plugin. -->","yoast_head_json":{"title":"Exsenador Ernesto Mac\u00edas se aparta del Centro Democr\u00e1tico -","robots":{"index":"index","follow":"follow","max-snippet":"max-snippet:-1","max-image-preview":"max-image-preview:large","max-video-preview":"max-video-preview:-1"},"canonical":"https:\/\/luchonoticias.com\/editor\/exsenador-ernesto-macias-se-aparta-del-centro-democratico\/","og_locale":"es_ES","og_type":"article","og_title":"Exsenador Ernesto Mac\u00edas se aparta del Centro Democr\u00e1tico -","og_url":"https:\/\/luchonoticias.com\/editor\/exsenador-ernesto-macias-se-aparta-del-centro-democratico\/","article_publisher":"https:\/\/www.facebook.com\/luchonoticiasneiva","article_published_time":"2023-02-05T12:37:20+00:00","article_modified_time":"2023-02-05T12:37:21+00:00","author":"Editor General","twitter_card":"summary_large_image","twitter_misc":{"Escrito por":"Editor General","Tiempo de lectura":"1 minuto"},"schema":{"@context":"https:\/\/schema.org","@graph":[{"@type":"Article","@id":"https:\/\/luchonoticias.com\/editor\/exsenador-ernesto-macias-se-aparta-del-centro-democratico\/#article","isPartOf":{"@id":"https:\/\/luchonoticias.com\/editor\/exsenador-ernesto-macias-se-aparta-del-centro-democratico\/"},"author":{"name":"Editor General","@id":"https:\/\/luchonoticias.com\/editor\/#\/schema\/person\/29217990ddf6f14e35912b2866d591fb"},"headline":"Exsenador Ernesto Mac\u00edas se aparta del Centro Democr\u00e1tico","datePublished":"2023-02-05T12:37:20+00:00","dateModified":"2023-02-05T12:37:21+00:00","mainEntityOfPage":{"@id":"https:\/\/luchonoticias.com\/editor\/exsenador-ernesto-macias-se-aparta-del-centro-democratico\/"},"wordCount":199,"commentCount":0,"publisher":{"@id":"https:\/\/luchonoticias.com\/editor\/#\/schema\/person\/7a7fd911f58561fd056dbac7b55af9cd"},"articleSection":["Destacado","Pol\u00edtica"],"inLanguage":"es","potentialAction":[{"@type":"CommentAction","name":"Comment","target":["https:\/\/luchonoticias.com\/editor\/exsenador-ernesto-macias-se-aparta-del-centro-democratico\/#respond"]}]},{"@type":"WebPage","@id":"https:\/\/luchonoticias.com\/editor\/exsenador-ernesto-macias-se-aparta-del-centro-democratico\/","url":"https:\/\/luchonoticias.com\/editor\/exsenador-ernesto-macias-se-aparta-del-centro-democratico\/","name":"Exsenador Ernesto Mac\u00edas se aparta del Centro Democr\u00e1tico -","isPartOf":{"@id":"https:\/\/luchonoticias.com\/editor\/#website"},"datePublished":"2023-02-05T12:37:20+00:00","dateModified":"2023-02-05T12:37:21+00:00","breadcrumb":{"@id":"https:\/\/luchonoticias.com\/editor\/exsenador-ernesto-macias-se-aparta-del-centro-democratico\/#breadcrumb"},"inLanguage":"es","potentialAction":[{"@type":"ReadAction","target":["https:\/\/luchonoticias.com\/editor\/exsenador-ernesto-macias-se-aparta-del-centro-democratico\/"]}]},{"@type":"BreadcrumbList","@id":"https:\/\/luchonoticias.com\/editor\/exsenador-ernesto-macias-se-aparta-del-centro-democratico\/#breadcrumb","itemListElement":[{"@type":"ListItem","position":1,"name":"Portada","item":"https:\/\/luchonoticias.com\/editor\/"},{"@type":"ListItem","position":2,"name":"Exsenador Ernesto Mac\u00edas se aparta del Centro Democr\u00e1tico"}]},{"@type":"WebSite","@id":"https:\/\/luchonoticias.com\/editor\/#website","url":"https:\/\/luchonoticias.com\/editor\/","name":"","description":"","publisher":{"@id":"https:\/\/luchonoticias.com\/editor\/#\/schema\/person\/7a7fd911f58561fd056dbac7b55af9cd"},"potentialAction":[{"@type":"SearchAction","target":{"@type":"EntryPoint","urlTemplate":"https:\/\/luchonoticias.com\/editor\/?s={search_term_string}"},"query-input":{"@type":"PropertyValueSpecification","valueRequired":true,"valueName":"search_term_string"}}],"inLanguage":"es"},{"@type":["Person","Organization"],"@id":"https:\/\/luchonoticias.com\/editor\/#\/schema\/person\/7a7fd911f58561fd056dbac7b55af9cd","name":"admin","image":{"@type":"ImageObject","inLanguage":"es","@id":"https:\/\/luchonoticias.com\/editor\/#\/schema\/person\/image\/","url":"https:\/\/luchonoticias.com\/editor\/wp-content\/uploads\/2024\/02\/cropped-cropped-logolu.webp","contentUrl":"https:\/\/luchonoticias.com\/editor\/wp-content\/uploads\/2024\/02\/cropped-cropped-logolu.webp","width":382,"height":170,"caption":"admin"},"logo":{"@id":"https:\/\/luchonoticias.com\/editor\/#\/schema\/person\/image\/"},"sameAs":["https:\/\/www.facebook.com\/luchonoticiasneiva"]},{"@type":"Person","@id":"https:\/\/luchonoticias.com\/editor\/#\/schema\/person\/29217990ddf6f14e35912b2866d591fb","name":"Editor General","image":{"@type":"ImageObject","inLanguage":"es","@id":"https:\/\/luchonoticias.com\/editor\/#\/schema\/person\/image\/","url":"https:\/\/luchonoticias.com\/editor\/wp-content\/uploads\/2024\/02\/cropped-cropped-logolu-150x150.webp","contentUrl":"https:\/\/luchonoticias.com\/editor\/wp-content\/uploads\/2024\/02\/cropped-cropped-logolu-150x150.webp","caption":"Editor General"},"sameAs":["https:\/\/luchonoticias.com\/"],"url":"https:\/\/luchonoticias.com\/editor\/author\/editor-general\/"}]}},"_links":{"self":[{"href":"https:\/\/luchonoticias.com\/editor\/wp-json\/wp\/v2\/posts\/45536","targetHints":{"allow":["GET"]}}],"collection":[{"href":"https:\/\/luchonoticias.com\/editor\/wp-json\/wp\/v2\/posts"}],"about":[{"href":"https:\/\/luchonoticias.com\/editor\/wp-json\/wp\/v2\/types\/post"}],"author":[{"embeddable":true,"href":"https:\/\/luchonoticias.com\/editor\/wp-json\/wp\/v2\/users\/2"}],"replies":[{"embeddable":true,"href":"https:\/\/luchonoticias.com\/editor\/wp-json\/wp\/v2\/comments?post=45536"}],"version-history":[{"count":0,"href":"https:\/\/luchonoticias.com\/editor\/wp-json\/wp\/v2\/posts\/45536\/revisions"}],"wp:attachment":[{"href":"https:\/\/luchonoticias.com\/editor\/wp-json\/wp\/v2\/media?parent=45536"}],"wp:term":[{"taxonomy":"category","embeddable":true,"href":"https:\/\/luchonoticias.com\/editor\/wp-json\/wp\/v2\/categories?post=45536"},{"taxonomy":"post_tag","embeddable":true,"href":"https:\/\/luchonoticias.com\/editor\/wp-json\/wp\/v2\/tags?post=45536"}],"curies":[{"name":"wp","href":"https:\/\/api.w.org\/{rel}","templated":true}]}}