{"id":45648,"date":"2023-02-06T18:41:28","date_gmt":"2023-02-06T23:41:28","guid":{"rendered":"https:\/\/luchonoticias.com\/?p=45648"},"modified":"2023-02-06T18:41:29","modified_gmt":"2023-02-06T23:41:29","slug":"importante-iniciativa-en-pro-de-la-produccion-de-platano-en-el-huila","status":"publish","type":"post","link":"https:\/\/luchonoticias.com\/editor\/importante-iniciativa-en-pro-de-la-produccion-de-platano-en-el-huila\/","title":{"rendered":"Importante iniciativa en pro de la producci\u00f3n de pl\u00e1tano en el Huila"},"content":{"rendered":"\n<p>Gracias al liderazgo del gobierno \u201cHuila Crece\u201d que orienta el ingeniero, Luis Enrique Duss\u00e1n L\u00f3pez, el departamento lider\u00f3 la&nbsp;<strong>gesti\u00f3n de recursos por m\u00e1s de $100.000 millones,<\/strong>&nbsp;direccionados al desarrollo de proyectos de ciencia y tecnolog\u00eda, que sin duda redundar\u00e1n en hacer m\u00e1s prospera la regi\u00f3n.<\/p>\n\n\n\n<p>De ese total de recursos para investigaci\u00f3n,&nbsp;<strong>m\u00e1s de $31.000 millones est\u00e1n destinados a proyectos del sector agropecuario<\/strong>, espec\u00edficamente en cacaocultura, piscicultura, ganader\u00eda, pasifloras, cereales, y mus\u00e1ceas.<\/p>\n\n\n\n<p>En ese sentido fue cerrado con \u00e9xito el pasado 6 de diciembre de 2022 el&nbsp;<strong>proyecto \u201cDesarrollo de modelo productivo de pl\u00e1tano<\/strong>&nbsp;con \u00e9nfasis en material de propagaci\u00f3n que atienda el problema de productividad y seguridad alimentaria derivado de la emergencia causada por el COVID-19 en el departamento del Huila\u201d, por un monto de $2.633.387.311, que permiti\u00f3 implementar&nbsp;<strong>infraestructura de punta en los municipios de Santa Mar\u00eda, Garz\u00f3n, Palermo, y Timan\u00e1<\/strong>, para la producci\u00f3n de semilla inocua y de alta calidad.<\/p>\n\n\n\n<p>Este logro fue posible gracias a la&nbsp;<strong>articulaci\u00f3n de esfuerzos entre Gobernaci\u00f3n del Huila, Asohofrucol, universidad UNAD, y Agrosavia<\/strong>, que hoy permite ofertar a los productores de todo el departamento, semilla producida bajo la implementaci\u00f3n de buenas pr\u00e1cticas agr\u00edcolas (BPA) y estrictos protocolos de bioseguridad que garantizan pl\u00e1ntulas sanas y con alto potencial productivo.<\/p>\n\n\n\n<h5 class=\"wp-block-heading\">Mejores condiciones de producci\u00f3n<\/h5>\n\n\n\n<p>Cada complejo cuenta con&nbsp;<strong>lote de multiplicaci\u00f3n de semillas, huerto semicomercial, y huerto comercial<\/strong>, sumado a un sistemas de t\u00faneles y c\u00e1maras t\u00e9rmicas dotado de riego por micro-aspersi\u00f3n para la estimulaci\u00f3n yemas de los cormos tratados (colinos) que son expuestos a altas temperaturas y humedad, para agilizar la producci\u00f3n de nuevas plantas que posteriormente son llevadas a un vivero y depositadas en bolsas, donde continuar\u00e1n su desarrollo hasta alcanzar las condiciones para ser llevadas al sitio de siembra definitivo.<\/p>\n\n\n\n<p>Para el secretario de Agricultura y Miner\u00eda del Huila, Dilberto Trujillo, este millonario proyecto financiado por la Gobernaci\u00f3n del Huila, permitir\u00e1&nbsp;<strong>mejorar la producci\u00f3n y calidad del pl\u00e1tano en el departamento,<\/strong>&nbsp;impactando positivamente a los agricultores.<\/p>\n\n\n\n<p>\u201cEste proyecto pretende&nbsp;<strong>mejorar las condiciones de producci\u00f3n de semilla de pl\u00e1tano y banano, evitando que la semilla que compran los campesinos est\u00e9 infectada con plagas y enfermedades<\/strong>&nbsp;que pueden terminar afectando sus cultivos; es&nbsp;<strong>un proyecto quiz\u00e1s de los m\u00e1s importantes que ha financiado el gobierno departamental&nbsp;<\/strong>el cual cuenta con 4 n\u00facleos en los municipios de Timan\u00e1, Santa Mar\u00eda, Palermo y Garz\u00f3n, donde ya se est\u00e1n vendiendo colinos producidos en estos sistemas de c\u00e1maras t\u00e9rmicas que est\u00e1n en manos de las asociaciones de productores, podemos asegurar sin lugar a equivocarnos que este proyecto va a beneficiar a todos los cultivadores de banano y pl\u00e1tano del departamento\u201d, sostuvo el funcionario.<\/p>\n","protected":false},"excerpt":{"rendered":"<p>Gracias al liderazgo del gobierno \u201cHuila Crece\u201d que orienta el ingeniero, Luis Enrique Duss\u00e1n L\u00f3pez, el departamento lider\u00f3 la&nbsp;gesti\u00f3n de recursos por m\u00e1s de $100.000 millones,&nbsp;direccionados al desarrollo de proyectos de ciencia y tecnolog\u00eda, que sin duda redundar\u00e1n en hacer m\u00e1s prospera la regi\u00f3n. De ese total de recursos para investigaci\u00f3n,&nbsp;m\u00e1s de $31.000 millones est\u00e1n [&hellip;]<\/p>\n","protected":false},"author":2,"featured_media":0,"comment_status":"open","ping_status":"open","sticky":false,"template":"","format":"standard","meta":{"footnotes":""},"categories":[33],"tags":[],"class_list":["post-45648","post","type-post","status-publish","format-standard","hentry","category-huila"],"yoast_head":"<!-- This site is optimized with the Yoast SEO plugin v26.6 - https:\/\/yoast.com\/wordpress\/plugins\/seo\/ -->\n<title>Importante iniciativa en pro de la producci\u00f3n de pl\u00e1tano en el Huila -<\/title>\n<meta name=\"robots\" content=\"index, follow, max-snippet:-1, max-image-preview:large, max-video-preview:-1\" \/>\n<link rel=\"canonical\" href=\"https:\/\/luchonoticias.com\/editor\/importante-iniciativa-en-pro-de-la-produccion-de-platano-en-el-huila\/\" \/>\n<meta property=\"og:locale\" content=\"es_ES\" \/>\n<meta property=\"og:type\" content=\"article\" \/>\n<meta property=\"og:title\" content=\"Importante iniciativa en pro de la producci\u00f3n de pl\u00e1tano en el Huila -\" \/>\n<meta property=\"og:url\" content=\"https:\/\/luchonoticias.com\/editor\/importante-iniciativa-en-pro-de-la-produccion-de-platano-en-el-huila\/\" \/>\n<meta property=\"article:publisher\" content=\"https:\/\/www.facebook.com\/luchonoticiasneiva\" \/>\n<meta property=\"article:published_time\" content=\"2023-02-06T23:41:28+00:00\" \/>\n<meta property=\"article:modified_time\" content=\"2023-02-06T23:41:29+00:00\" \/>\n<meta name=\"author\" content=\"Editor General\" \/>\n<meta name=\"twitter:card\" content=\"summary_large_image\" \/>\n<meta name=\"twitter:label1\" content=\"Escrito por\" \/>\n\t<meta name=\"twitter:data1\" content=\"Editor General\" \/>\n\t<meta name=\"twitter:label2\" content=\"Tiempo de lectura\" \/>\n\t<meta name=\"twitter:data2\" content=\"2 minutos\" \/>\n<script type=\"application\/ld+json\" class=\"yoast-schema-graph\">{\"@context\":\"https:\/\/schema.org\",\"@graph\":[{\"@type\":\"Article\",\"@id\":\"https:\/\/luchonoticias.com\/editor\/importante-iniciativa-en-pro-de-la-produccion-de-platano-en-el-huila\/#article\",\"isPartOf\":{\"@id\":\"https:\/\/luchonoticias.com\/editor\/importante-iniciativa-en-pro-de-la-produccion-de-platano-en-el-huila\/\"},\"author\":{\"name\":\"Editor General\",\"@id\":\"https:\/\/luchonoticias.com\/editor\/#\/schema\/person\/29217990ddf6f14e35912b2866d591fb\"},\"headline\":\"Importante iniciativa en pro de la producci\u00f3n de pl\u00e1tano en el Huila\",\"datePublished\":\"2023-02-06T23:41:28+00:00\",\"dateModified\":\"2023-02-06T23:41:29+00:00\",\"mainEntityOfPage\":{\"@id\":\"https:\/\/luchonoticias.com\/editor\/importante-iniciativa-en-pro-de-la-produccion-de-platano-en-el-huila\/\"},\"wordCount\":510,\"commentCount\":0,\"publisher\":{\"@id\":\"https:\/\/luchonoticias.com\/editor\/#\/schema\/person\/7a7fd911f58561fd056dbac7b55af9cd\"},\"articleSection\":[\"Huila\"],\"inLanguage\":\"es\",\"potentialAction\":[{\"@type\":\"CommentAction\",\"name\":\"Comment\",\"target\":[\"https:\/\/luchonoticias.com\/editor\/importante-iniciativa-en-pro-de-la-produccion-de-platano-en-el-huila\/#respond\"]}]},{\"@type\":\"WebPage\",\"@id\":\"https:\/\/luchonoticias.com\/editor\/importante-iniciativa-en-pro-de-la-produccion-de-platano-en-el-huila\/\",\"url\":\"https:\/\/luchonoticias.com\/editor\/importante-iniciativa-en-pro-de-la-produccion-de-platano-en-el-huila\/\",\"name\":\"Importante iniciativa en pro de la producci\u00f3n de pl\u00e1tano en el Huila -\",\"isPartOf\":{\"@id\":\"https:\/\/luchonoticias.com\/editor\/#website\"},\"datePublished\":\"2023-02-06T23:41:28+00:00\",\"dateModified\":\"2023-02-06T23:41:29+00:00\",\"breadcrumb\":{\"@id\":\"https:\/\/luchonoticias.com\/editor\/importante-iniciativa-en-pro-de-la-produccion-de-platano-en-el-huila\/#breadcrumb\"},\"inLanguage\":\"es\",\"potentialAction\":[{\"@type\":\"ReadAction\",\"target\":[\"https:\/\/luchonoticias.com\/editor\/importante-iniciativa-en-pro-de-la-produccion-de-platano-en-el-huila\/\"]}]},{\"@type\":\"BreadcrumbList\",\"@id\":\"https:\/\/luchonoticias.com\/editor\/importante-iniciativa-en-pro-de-la-produccion-de-platano-en-el-huila\/#breadcrumb\",\"itemListElement\":[{\"@type\":\"ListItem\",\"position\":1,\"name\":\"Portada\",\"item\":\"https:\/\/luchonoticias.com\/editor\/\"},{\"@type\":\"ListItem\",\"position\":2,\"name\":\"Importante iniciativa en pro de la producci\u00f3n de pl\u00e1tano en el Huila\"}]},{\"@type\":\"WebSite\",\"@id\":\"https:\/\/luchonoticias.com\/editor\/#website\",\"url\":\"https:\/\/luchonoticias.com\/editor\/\",\"name\":\"\",\"description\":\"\",\"publisher\":{\"@id\":\"https:\/\/luchonoticias.com\/editor\/#\/schema\/person\/7a7fd911f58561fd056dbac7b55af9cd\"},\"potentialAction\":[{\"@type\":\"SearchAction\",\"target\":{\"@type\":\"EntryPoint\",\"urlTemplate\":\"https:\/\/luchonoticias.com\/editor\/?s={search_term_string}\"},\"query-input\":{\"@type\":\"PropertyValueSpecification\",\"valueRequired\":true,\"valueName\":\"search_term_string\"}}],\"inLanguage\":\"es\"},{\"@type\":[\"Person\",\"Organization\"],\"@id\":\"https:\/\/luchonoticias.com\/editor\/#\/schema\/person\/7a7fd911f58561fd056dbac7b55af9cd\",\"name\":\"admin\",\"image\":{\"@type\":\"ImageObject\",\"inLanguage\":\"es\",\"@id\":\"https:\/\/luchonoticias.com\/editor\/#\/schema\/person\/image\/\",\"url\":\"https:\/\/luchonoticias.com\/editor\/wp-content\/uploads\/2024\/02\/cropped-cropped-logolu.webp\",\"contentUrl\":\"https:\/\/luchonoticias.com\/editor\/wp-content\/uploads\/2024\/02\/cropped-cropped-logolu.webp\",\"width\":382,\"height\":170,\"caption\":\"admin\"},\"logo\":{\"@id\":\"https:\/\/luchonoticias.com\/editor\/#\/schema\/person\/image\/\"},\"sameAs\":[\"https:\/\/www.facebook.com\/luchonoticiasneiva\"]},{\"@type\":\"Person\",\"@id\":\"https:\/\/luchonoticias.com\/editor\/#\/schema\/person\/29217990ddf6f14e35912b2866d591fb\",\"name\":\"Editor General\",\"image\":{\"@type\":\"ImageObject\",\"inLanguage\":\"es\",\"@id\":\"https:\/\/luchonoticias.com\/editor\/#\/schema\/person\/image\/\",\"url\":\"https:\/\/luchonoticias.com\/editor\/wp-content\/uploads\/2024\/02\/cropped-cropped-logolu-150x150.webp\",\"contentUrl\":\"https:\/\/luchonoticias.com\/editor\/wp-content\/uploads\/2024\/02\/cropped-cropped-logolu-150x150.webp\",\"caption\":\"Editor General\"},\"sameAs\":[\"https:\/\/luchonoticias.com\/\"],\"url\":\"https:\/\/luchonoticias.com\/editor\/author\/editor-general\/\"}]}<\/script>\n<!-- \/ Yoast SEO plugin. -->","yoast_head_json":{"title":"Importante iniciativa en pro de la producci\u00f3n de pl\u00e1tano en el Huila -","robots":{"index":"index","follow":"follow","max-snippet":"max-snippet:-1","max-image-preview":"max-image-preview:large","max-video-preview":"max-video-preview:-1"},"canonical":"https:\/\/luchonoticias.com\/editor\/importante-iniciativa-en-pro-de-la-produccion-de-platano-en-el-huila\/","og_locale":"es_ES","og_type":"article","og_title":"Importante iniciativa en pro de la producci\u00f3n de pl\u00e1tano en el Huila -","og_url":"https:\/\/luchonoticias.com\/editor\/importante-iniciativa-en-pro-de-la-produccion-de-platano-en-el-huila\/","article_publisher":"https:\/\/www.facebook.com\/luchonoticiasneiva","article_published_time":"2023-02-06T23:41:28+00:00","article_modified_time":"2023-02-06T23:41:29+00:00","author":"Editor General","twitter_card":"summary_large_image","twitter_misc":{"Escrito por":"Editor General","Tiempo de lectura":"2 minutos"},"schema":{"@context":"https:\/\/schema.org","@graph":[{"@type":"Article","@id":"https:\/\/luchonoticias.com\/editor\/importante-iniciativa-en-pro-de-la-produccion-de-platano-en-el-huila\/#article","isPartOf":{"@id":"https:\/\/luchonoticias.com\/editor\/importante-iniciativa-en-pro-de-la-produccion-de-platano-en-el-huila\/"},"author":{"name":"Editor General","@id":"https:\/\/luchonoticias.com\/editor\/#\/schema\/person\/29217990ddf6f14e35912b2866d591fb"},"headline":"Importante iniciativa en pro de la producci\u00f3n de pl\u00e1tano en el Huila","datePublished":"2023-02-06T23:41:28+00:00","dateModified":"2023-02-06T23:41:29+00:00","mainEntityOfPage":{"@id":"https:\/\/luchonoticias.com\/editor\/importante-iniciativa-en-pro-de-la-produccion-de-platano-en-el-huila\/"},"wordCount":510,"commentCount":0,"publisher":{"@id":"https:\/\/luchonoticias.com\/editor\/#\/schema\/person\/7a7fd911f58561fd056dbac7b55af9cd"},"articleSection":["Huila"],"inLanguage":"es","potentialAction":[{"@type":"CommentAction","name":"Comment","target":["https:\/\/luchonoticias.com\/editor\/importante-iniciativa-en-pro-de-la-produccion-de-platano-en-el-huila\/#respond"]}]},{"@type":"WebPage","@id":"https:\/\/luchonoticias.com\/editor\/importante-iniciativa-en-pro-de-la-produccion-de-platano-en-el-huila\/","url":"https:\/\/luchonoticias.com\/editor\/importante-iniciativa-en-pro-de-la-produccion-de-platano-en-el-huila\/","name":"Importante iniciativa en pro de la producci\u00f3n de pl\u00e1tano en el Huila -","isPartOf":{"@id":"https:\/\/luchonoticias.com\/editor\/#website"},"datePublished":"2023-02-06T23:41:28+00:00","dateModified":"2023-02-06T23:41:29+00:00","breadcrumb":{"@id":"https:\/\/luchonoticias.com\/editor\/importante-iniciativa-en-pro-de-la-produccion-de-platano-en-el-huila\/#breadcrumb"},"inLanguage":"es","potentialAction":[{"@type":"ReadAction","target":["https:\/\/luchonoticias.com\/editor\/importante-iniciativa-en-pro-de-la-produccion-de-platano-en-el-huila\/"]}]},{"@type":"BreadcrumbList","@id":"https:\/\/luchonoticias.com\/editor\/importante-iniciativa-en-pro-de-la-produccion-de-platano-en-el-huila\/#breadcrumb","itemListElement":[{"@type":"ListItem","position":1,"name":"Portada","item":"https:\/\/luchonoticias.com\/editor\/"},{"@type":"ListItem","position":2,"name":"Importante iniciativa en pro de la producci\u00f3n de pl\u00e1tano en el Huila"}]},{"@type":"WebSite","@id":"https:\/\/luchonoticias.com\/editor\/#website","url":"https:\/\/luchonoticias.com\/editor\/","name":"","description":"","publisher":{"@id":"https:\/\/luchonoticias.com\/editor\/#\/schema\/person\/7a7fd911f58561fd056dbac7b55af9cd"},"potentialAction":[{"@type":"SearchAction","target":{"@type":"EntryPoint","urlTemplate":"https:\/\/luchonoticias.com\/editor\/?s={search_term_string}"},"query-input":{"@type":"PropertyValueSpecification","valueRequired":true,"valueName":"search_term_string"}}],"inLanguage":"es"},{"@type":["Person","Organization"],"@id":"https:\/\/luchonoticias.com\/editor\/#\/schema\/person\/7a7fd911f58561fd056dbac7b55af9cd","name":"admin","image":{"@type":"ImageObject","inLanguage":"es","@id":"https:\/\/luchonoticias.com\/editor\/#\/schema\/person\/image\/","url":"https:\/\/luchonoticias.com\/editor\/wp-content\/uploads\/2024\/02\/cropped-cropped-logolu.webp","contentUrl":"https:\/\/luchonoticias.com\/editor\/wp-content\/uploads\/2024\/02\/cropped-cropped-logolu.webp","width":382,"height":170,"caption":"admin"},"logo":{"@id":"https:\/\/luchonoticias.com\/editor\/#\/schema\/person\/image\/"},"sameAs":["https:\/\/www.facebook.com\/luchonoticiasneiva"]},{"@type":"Person","@id":"https:\/\/luchonoticias.com\/editor\/#\/schema\/person\/29217990ddf6f14e35912b2866d591fb","name":"Editor General","image":{"@type":"ImageObject","inLanguage":"es","@id":"https:\/\/luchonoticias.com\/editor\/#\/schema\/person\/image\/","url":"https:\/\/luchonoticias.com\/editor\/wp-content\/uploads\/2024\/02\/cropped-cropped-logolu-150x150.webp","contentUrl":"https:\/\/luchonoticias.com\/editor\/wp-content\/uploads\/2024\/02\/cropped-cropped-logolu-150x150.webp","caption":"Editor General"},"sameAs":["https:\/\/luchonoticias.com\/"],"url":"https:\/\/luchonoticias.com\/editor\/author\/editor-general\/"}]}},"_links":{"self":[{"href":"https:\/\/luchonoticias.com\/editor\/wp-json\/wp\/v2\/posts\/45648","targetHints":{"allow":["GET"]}}],"collection":[{"href":"https:\/\/luchonoticias.com\/editor\/wp-json\/wp\/v2\/posts"}],"about":[{"href":"https:\/\/luchonoticias.com\/editor\/wp-json\/wp\/v2\/types\/post"}],"author":[{"embeddable":true,"href":"https:\/\/luchonoticias.com\/editor\/wp-json\/wp\/v2\/users\/2"}],"replies":[{"embeddable":true,"href":"https:\/\/luchonoticias.com\/editor\/wp-json\/wp\/v2\/comments?post=45648"}],"version-history":[{"count":0,"href":"https:\/\/luchonoticias.com\/editor\/wp-json\/wp\/v2\/posts\/45648\/revisions"}],"wp:attachment":[{"href":"https:\/\/luchonoticias.com\/editor\/wp-json\/wp\/v2\/media?parent=45648"}],"wp:term":[{"taxonomy":"category","embeddable":true,"href":"https:\/\/luchonoticias.com\/editor\/wp-json\/wp\/v2\/categories?post=45648"},{"taxonomy":"post_tag","embeddable":true,"href":"https:\/\/luchonoticias.com\/editor\/wp-json\/wp\/v2\/tags?post=45648"}],"curies":[{"name":"wp","href":"https:\/\/api.w.org\/{rel}","templated":true}]}}