{"id":45731,"date":"2023-02-08T03:36:02","date_gmt":"2023-02-08T08:36:02","guid":{"rendered":"https:\/\/luchonoticias.com\/?p=45731"},"modified":"2023-02-08T03:36:03","modified_gmt":"2023-02-08T08:36:03","slug":"capturan-a-presunto-temido-delincuente-de-neiva-y-un-juez-lo-dejo-en-libertad","status":"publish","type":"post","link":"https:\/\/luchonoticias.com\/editor\/capturan-a-presunto-temido-delincuente-de-neiva-y-un-juez-lo-dejo-en-libertad\/","title":{"rendered":"Capturan a presunto temido delincuente de Neiva y un juez lo dej\u00f3 en libertad"},"content":{"rendered":"\n<p>En las \u00faltimas horas, las autoridades neivanas dieron a conocer que uniformados de la Polic\u00eda Metropolitana, lograron la captura de un hombre conocido como \u2018Pinocho\u2019, que al parecer es identificado por la ciudadan\u00eda como el presunto autor de varios hurtos a establecimientos de comercio en la ciudad.<\/p>\n\n\n\n<p>\u201cDe esta forma nuestra Seccional de Investigaci\u00f3n Criminal SIJIN, como resultado a un riguroso trabajo investigativo&nbsp; adelantado por un per\u00edodo de 4 meses, donde se recolectaron entrevistas, inspecci\u00f3n a procesos, an\u00e1lisis link,&nbsp; reconocimientos fotogr\u00e1ficos, comparaciones morfol\u00f3gicas, digitalizaci\u00f3n de im\u00e1genes y el an\u00e1lisis de m\u00e1s de 300 horas de grabaci\u00f3n; nos permitieron determinar la presunta responsabilidad de Armando Tique Quintero&nbsp; conocido como \u2018Pinocho\u2019 de 31 a\u00f1os, solicitado mediante orden de captura por el delito de Hurto Calificado y Agravado\u201d, indicaron las fuentes oficiales.<\/p>\n\n\n\n<p>Asimismo, las autoridades opitas dieron a conocer que presuntamente el hoy procesado, sembraba el terror y la zozobra en algunos es establecimientos de comercio de Neiva<\/p>\n\n\n\n<p>\u201cEste actor delincuencial, conocido como el terror de los establecimientos de comercio en Neiva, siendo identificado como el presunto autor de varios hurtos a establecimientos de comercio de la ciudad. Es un dinamizador del hurto en todas sus modalidades en el sector c\u00e9ntrico de la ciudad, en especial el sector comercial. Este individuo, a quien le registran 4 antecedentes por el delito de hurto Calificado, 3 por Lesiones Personales y 1 por Violencia Intrafamiliar, se logra determinar su presunta participaci\u00f3n en por lo menos 8 hechos de Hurto a establecimientos de comercio en Neiva y el \u00e1rea metropolitana\u201d, agregaron las fuentes policiales.<\/p>\n\n\n\n<p>Finalmente, las autoridades revelaron que el hoy capturado quien al parecer delinqui\u00f3 con Jair M\u00e9ndez ya capturado desde el pasado 25 de abril del 2022, fue presentado ante el juez de control de garant\u00edas, quien determin\u00f3 dejarlo en libertad, con la vinculaci\u00f3n a este proceso.<\/p>\n","protected":false},"excerpt":{"rendered":"<p>En las \u00faltimas horas, las autoridades neivanas dieron a conocer que uniformados de la Polic\u00eda Metropolitana, lograron la captura de un hombre conocido como \u2018Pinocho\u2019, que al parecer es identificado por la ciudadan\u00eda como el presunto autor de varios hurtos a establecimientos de comercio en la ciudad. \u201cDe esta forma nuestra Seccional de Investigaci\u00f3n Criminal [&hellip;]<\/p>\n","protected":false},"author":2,"featured_media":0,"comment_status":"open","ping_status":"open","sticky":false,"template":"","format":"standard","meta":{"footnotes":""},"categories":[36,29],"tags":[],"class_list":["post-45731","post","type-post","status-publish","format-standard","hentry","category-destacado","category-judicial"],"yoast_head":"<!-- This site is optimized with the Yoast SEO plugin v26.6 - https:\/\/yoast.com\/wordpress\/plugins\/seo\/ -->\n<title>Capturan a presunto temido delincuente de Neiva y un juez lo dej\u00f3 en libertad -<\/title>\n<meta name=\"robots\" content=\"index, follow, max-snippet:-1, max-image-preview:large, max-video-preview:-1\" \/>\n<link rel=\"canonical\" href=\"https:\/\/luchonoticias.com\/editor\/capturan-a-presunto-temido-delincuente-de-neiva-y-un-juez-lo-dejo-en-libertad\/\" \/>\n<meta property=\"og:locale\" content=\"es_ES\" \/>\n<meta property=\"og:type\" content=\"article\" \/>\n<meta property=\"og:title\" content=\"Capturan a presunto temido delincuente de Neiva y un juez lo dej\u00f3 en libertad -\" \/>\n<meta property=\"og:url\" content=\"https:\/\/luchonoticias.com\/editor\/capturan-a-presunto-temido-delincuente-de-neiva-y-un-juez-lo-dejo-en-libertad\/\" \/>\n<meta property=\"article:publisher\" content=\"https:\/\/www.facebook.com\/luchonoticiasneiva\" \/>\n<meta property=\"article:published_time\" content=\"2023-02-08T08:36:02+00:00\" \/>\n<meta property=\"article:modified_time\" content=\"2023-02-08T08:36:03+00:00\" \/>\n<meta name=\"author\" content=\"Editor General\" \/>\n<meta name=\"twitter:card\" content=\"summary_large_image\" \/>\n<meta name=\"twitter:label1\" content=\"Escrito por\" \/>\n\t<meta name=\"twitter:data1\" content=\"Editor General\" \/>\n\t<meta name=\"twitter:label2\" content=\"Tiempo de lectura\" \/>\n\t<meta name=\"twitter:data2\" content=\"2 minutos\" \/>\n<script type=\"application\/ld+json\" class=\"yoast-schema-graph\">{\"@context\":\"https:\/\/schema.org\",\"@graph\":[{\"@type\":\"Article\",\"@id\":\"https:\/\/luchonoticias.com\/editor\/capturan-a-presunto-temido-delincuente-de-neiva-y-un-juez-lo-dejo-en-libertad\/#article\",\"isPartOf\":{\"@id\":\"https:\/\/luchonoticias.com\/editor\/capturan-a-presunto-temido-delincuente-de-neiva-y-un-juez-lo-dejo-en-libertad\/\"},\"author\":{\"name\":\"Editor General\",\"@id\":\"https:\/\/luchonoticias.com\/editor\/#\/schema\/person\/29217990ddf6f14e35912b2866d591fb\"},\"headline\":\"Capturan a presunto temido delincuente de Neiva y un juez lo dej\u00f3 en libertad\",\"datePublished\":\"2023-02-08T08:36:02+00:00\",\"dateModified\":\"2023-02-08T08:36:03+00:00\",\"mainEntityOfPage\":{\"@id\":\"https:\/\/luchonoticias.com\/editor\/capturan-a-presunto-temido-delincuente-de-neiva-y-un-juez-lo-dejo-en-libertad\/\"},\"wordCount\":329,\"commentCount\":0,\"publisher\":{\"@id\":\"https:\/\/luchonoticias.com\/editor\/#\/schema\/person\/7a7fd911f58561fd056dbac7b55af9cd\"},\"articleSection\":[\"Destacado\",\"Judicial\"],\"inLanguage\":\"es\",\"potentialAction\":[{\"@type\":\"CommentAction\",\"name\":\"Comment\",\"target\":[\"https:\/\/luchonoticias.com\/editor\/capturan-a-presunto-temido-delincuente-de-neiva-y-un-juez-lo-dejo-en-libertad\/#respond\"]}]},{\"@type\":\"WebPage\",\"@id\":\"https:\/\/luchonoticias.com\/editor\/capturan-a-presunto-temido-delincuente-de-neiva-y-un-juez-lo-dejo-en-libertad\/\",\"url\":\"https:\/\/luchonoticias.com\/editor\/capturan-a-presunto-temido-delincuente-de-neiva-y-un-juez-lo-dejo-en-libertad\/\",\"name\":\"Capturan a presunto temido delincuente de Neiva y un juez lo dej\u00f3 en libertad -\",\"isPartOf\":{\"@id\":\"https:\/\/luchonoticias.com\/editor\/#website\"},\"datePublished\":\"2023-02-08T08:36:02+00:00\",\"dateModified\":\"2023-02-08T08:36:03+00:00\",\"breadcrumb\":{\"@id\":\"https:\/\/luchonoticias.com\/editor\/capturan-a-presunto-temido-delincuente-de-neiva-y-un-juez-lo-dejo-en-libertad\/#breadcrumb\"},\"inLanguage\":\"es\",\"potentialAction\":[{\"@type\":\"ReadAction\",\"target\":[\"https:\/\/luchonoticias.com\/editor\/capturan-a-presunto-temido-delincuente-de-neiva-y-un-juez-lo-dejo-en-libertad\/\"]}]},{\"@type\":\"BreadcrumbList\",\"@id\":\"https:\/\/luchonoticias.com\/editor\/capturan-a-presunto-temido-delincuente-de-neiva-y-un-juez-lo-dejo-en-libertad\/#breadcrumb\",\"itemListElement\":[{\"@type\":\"ListItem\",\"position\":1,\"name\":\"Portada\",\"item\":\"https:\/\/luchonoticias.com\/editor\/\"},{\"@type\":\"ListItem\",\"position\":2,\"name\":\"Capturan a presunto temido delincuente de Neiva y un juez lo dej\u00f3 en libertad\"}]},{\"@type\":\"WebSite\",\"@id\":\"https:\/\/luchonoticias.com\/editor\/#website\",\"url\":\"https:\/\/luchonoticias.com\/editor\/\",\"name\":\"\",\"description\":\"\",\"publisher\":{\"@id\":\"https:\/\/luchonoticias.com\/editor\/#\/schema\/person\/7a7fd911f58561fd056dbac7b55af9cd\"},\"potentialAction\":[{\"@type\":\"SearchAction\",\"target\":{\"@type\":\"EntryPoint\",\"urlTemplate\":\"https:\/\/luchonoticias.com\/editor\/?s={search_term_string}\"},\"query-input\":{\"@type\":\"PropertyValueSpecification\",\"valueRequired\":true,\"valueName\":\"search_term_string\"}}],\"inLanguage\":\"es\"},{\"@type\":[\"Person\",\"Organization\"],\"@id\":\"https:\/\/luchonoticias.com\/editor\/#\/schema\/person\/7a7fd911f58561fd056dbac7b55af9cd\",\"name\":\"admin\",\"image\":{\"@type\":\"ImageObject\",\"inLanguage\":\"es\",\"@id\":\"https:\/\/luchonoticias.com\/editor\/#\/schema\/person\/image\/\",\"url\":\"https:\/\/luchonoticias.com\/editor\/wp-content\/uploads\/2024\/02\/cropped-cropped-logolu.webp\",\"contentUrl\":\"https:\/\/luchonoticias.com\/editor\/wp-content\/uploads\/2024\/02\/cropped-cropped-logolu.webp\",\"width\":382,\"height\":170,\"caption\":\"admin\"},\"logo\":{\"@id\":\"https:\/\/luchonoticias.com\/editor\/#\/schema\/person\/image\/\"},\"sameAs\":[\"https:\/\/www.facebook.com\/luchonoticiasneiva\"]},{\"@type\":\"Person\",\"@id\":\"https:\/\/luchonoticias.com\/editor\/#\/schema\/person\/29217990ddf6f14e35912b2866d591fb\",\"name\":\"Editor General\",\"image\":{\"@type\":\"ImageObject\",\"inLanguage\":\"es\",\"@id\":\"https:\/\/luchonoticias.com\/editor\/#\/schema\/person\/image\/\",\"url\":\"https:\/\/luchonoticias.com\/editor\/wp-content\/uploads\/2024\/02\/cropped-cropped-logolu-150x150.webp\",\"contentUrl\":\"https:\/\/luchonoticias.com\/editor\/wp-content\/uploads\/2024\/02\/cropped-cropped-logolu-150x150.webp\",\"caption\":\"Editor General\"},\"sameAs\":[\"https:\/\/luchonoticias.com\/\"],\"url\":\"https:\/\/luchonoticias.com\/editor\/author\/editor-general\/\"}]}<\/script>\n<!-- \/ Yoast SEO plugin. -->","yoast_head_json":{"title":"Capturan a presunto temido delincuente de Neiva y un juez lo dej\u00f3 en libertad -","robots":{"index":"index","follow":"follow","max-snippet":"max-snippet:-1","max-image-preview":"max-image-preview:large","max-video-preview":"max-video-preview:-1"},"canonical":"https:\/\/luchonoticias.com\/editor\/capturan-a-presunto-temido-delincuente-de-neiva-y-un-juez-lo-dejo-en-libertad\/","og_locale":"es_ES","og_type":"article","og_title":"Capturan a presunto temido delincuente de Neiva y un juez lo dej\u00f3 en libertad -","og_url":"https:\/\/luchonoticias.com\/editor\/capturan-a-presunto-temido-delincuente-de-neiva-y-un-juez-lo-dejo-en-libertad\/","article_publisher":"https:\/\/www.facebook.com\/luchonoticiasneiva","article_published_time":"2023-02-08T08:36:02+00:00","article_modified_time":"2023-02-08T08:36:03+00:00","author":"Editor General","twitter_card":"summary_large_image","twitter_misc":{"Escrito por":"Editor General","Tiempo de lectura":"2 minutos"},"schema":{"@context":"https:\/\/schema.org","@graph":[{"@type":"Article","@id":"https:\/\/luchonoticias.com\/editor\/capturan-a-presunto-temido-delincuente-de-neiva-y-un-juez-lo-dejo-en-libertad\/#article","isPartOf":{"@id":"https:\/\/luchonoticias.com\/editor\/capturan-a-presunto-temido-delincuente-de-neiva-y-un-juez-lo-dejo-en-libertad\/"},"author":{"name":"Editor General","@id":"https:\/\/luchonoticias.com\/editor\/#\/schema\/person\/29217990ddf6f14e35912b2866d591fb"},"headline":"Capturan a presunto temido delincuente de Neiva y un juez lo dej\u00f3 en libertad","datePublished":"2023-02-08T08:36:02+00:00","dateModified":"2023-02-08T08:36:03+00:00","mainEntityOfPage":{"@id":"https:\/\/luchonoticias.com\/editor\/capturan-a-presunto-temido-delincuente-de-neiva-y-un-juez-lo-dejo-en-libertad\/"},"wordCount":329,"commentCount":0,"publisher":{"@id":"https:\/\/luchonoticias.com\/editor\/#\/schema\/person\/7a7fd911f58561fd056dbac7b55af9cd"},"articleSection":["Destacado","Judicial"],"inLanguage":"es","potentialAction":[{"@type":"CommentAction","name":"Comment","target":["https:\/\/luchonoticias.com\/editor\/capturan-a-presunto-temido-delincuente-de-neiva-y-un-juez-lo-dejo-en-libertad\/#respond"]}]},{"@type":"WebPage","@id":"https:\/\/luchonoticias.com\/editor\/capturan-a-presunto-temido-delincuente-de-neiva-y-un-juez-lo-dejo-en-libertad\/","url":"https:\/\/luchonoticias.com\/editor\/capturan-a-presunto-temido-delincuente-de-neiva-y-un-juez-lo-dejo-en-libertad\/","name":"Capturan a presunto temido delincuente de Neiva y un juez lo dej\u00f3 en libertad -","isPartOf":{"@id":"https:\/\/luchonoticias.com\/editor\/#website"},"datePublished":"2023-02-08T08:36:02+00:00","dateModified":"2023-02-08T08:36:03+00:00","breadcrumb":{"@id":"https:\/\/luchonoticias.com\/editor\/capturan-a-presunto-temido-delincuente-de-neiva-y-un-juez-lo-dejo-en-libertad\/#breadcrumb"},"inLanguage":"es","potentialAction":[{"@type":"ReadAction","target":["https:\/\/luchonoticias.com\/editor\/capturan-a-presunto-temido-delincuente-de-neiva-y-un-juez-lo-dejo-en-libertad\/"]}]},{"@type":"BreadcrumbList","@id":"https:\/\/luchonoticias.com\/editor\/capturan-a-presunto-temido-delincuente-de-neiva-y-un-juez-lo-dejo-en-libertad\/#breadcrumb","itemListElement":[{"@type":"ListItem","position":1,"name":"Portada","item":"https:\/\/luchonoticias.com\/editor\/"},{"@type":"ListItem","position":2,"name":"Capturan a presunto temido delincuente de Neiva y un juez lo dej\u00f3 en libertad"}]},{"@type":"WebSite","@id":"https:\/\/luchonoticias.com\/editor\/#website","url":"https:\/\/luchonoticias.com\/editor\/","name":"","description":"","publisher":{"@id":"https:\/\/luchonoticias.com\/editor\/#\/schema\/person\/7a7fd911f58561fd056dbac7b55af9cd"},"potentialAction":[{"@type":"SearchAction","target":{"@type":"EntryPoint","urlTemplate":"https:\/\/luchonoticias.com\/editor\/?s={search_term_string}"},"query-input":{"@type":"PropertyValueSpecification","valueRequired":true,"valueName":"search_term_string"}}],"inLanguage":"es"},{"@type":["Person","Organization"],"@id":"https:\/\/luchonoticias.com\/editor\/#\/schema\/person\/7a7fd911f58561fd056dbac7b55af9cd","name":"admin","image":{"@type":"ImageObject","inLanguage":"es","@id":"https:\/\/luchonoticias.com\/editor\/#\/schema\/person\/image\/","url":"https:\/\/luchonoticias.com\/editor\/wp-content\/uploads\/2024\/02\/cropped-cropped-logolu.webp","contentUrl":"https:\/\/luchonoticias.com\/editor\/wp-content\/uploads\/2024\/02\/cropped-cropped-logolu.webp","width":382,"height":170,"caption":"admin"},"logo":{"@id":"https:\/\/luchonoticias.com\/editor\/#\/schema\/person\/image\/"},"sameAs":["https:\/\/www.facebook.com\/luchonoticiasneiva"]},{"@type":"Person","@id":"https:\/\/luchonoticias.com\/editor\/#\/schema\/person\/29217990ddf6f14e35912b2866d591fb","name":"Editor General","image":{"@type":"ImageObject","inLanguage":"es","@id":"https:\/\/luchonoticias.com\/editor\/#\/schema\/person\/image\/","url":"https:\/\/luchonoticias.com\/editor\/wp-content\/uploads\/2024\/02\/cropped-cropped-logolu-150x150.webp","contentUrl":"https:\/\/luchonoticias.com\/editor\/wp-content\/uploads\/2024\/02\/cropped-cropped-logolu-150x150.webp","caption":"Editor General"},"sameAs":["https:\/\/luchonoticias.com\/"],"url":"https:\/\/luchonoticias.com\/editor\/author\/editor-general\/"}]}},"_links":{"self":[{"href":"https:\/\/luchonoticias.com\/editor\/wp-json\/wp\/v2\/posts\/45731","targetHints":{"allow":["GET"]}}],"collection":[{"href":"https:\/\/luchonoticias.com\/editor\/wp-json\/wp\/v2\/posts"}],"about":[{"href":"https:\/\/luchonoticias.com\/editor\/wp-json\/wp\/v2\/types\/post"}],"author":[{"embeddable":true,"href":"https:\/\/luchonoticias.com\/editor\/wp-json\/wp\/v2\/users\/2"}],"replies":[{"embeddable":true,"href":"https:\/\/luchonoticias.com\/editor\/wp-json\/wp\/v2\/comments?post=45731"}],"version-history":[{"count":0,"href":"https:\/\/luchonoticias.com\/editor\/wp-json\/wp\/v2\/posts\/45731\/revisions"}],"wp:attachment":[{"href":"https:\/\/luchonoticias.com\/editor\/wp-json\/wp\/v2\/media?parent=45731"}],"wp:term":[{"taxonomy":"category","embeddable":true,"href":"https:\/\/luchonoticias.com\/editor\/wp-json\/wp\/v2\/categories?post=45731"},{"taxonomy":"post_tag","embeddable":true,"href":"https:\/\/luchonoticias.com\/editor\/wp-json\/wp\/v2\/tags?post=45731"}],"curies":[{"name":"wp","href":"https:\/\/api.w.org\/{rel}","templated":true}]}}