{"id":45852,"date":"2023-02-09T17:00:59","date_gmt":"2023-02-09T22:00:59","guid":{"rendered":"https:\/\/luchonoticias.com\/?p=45852"},"modified":"2023-02-09T17:01:00","modified_gmt":"2023-02-09T22:01:00","slug":"adelante-programa-de-formalizacion-de-tierras-en-el-huila","status":"publish","type":"post","link":"https:\/\/luchonoticias.com\/editor\/adelante-programa-de-formalizacion-de-tierras-en-el-huila\/","title":{"rendered":"Adelante programa de formalizaci\u00f3n de tierras en el Huila"},"content":{"rendered":"\n<p>En la sala de juntas del gobernador del Huila, Luis Enrique Duss\u00e1n, fueron&nbsp;<strong>socializados los avances del del proceso de levantamiento topogr\u00e1fico<\/strong>&nbsp;(GPS en predios para inspecci\u00f3n p\u00fablica) adelantado con el apoyo de Kadaster, como parte del programa de formalizaci\u00f3n de predios emprendido por el gobierno \u201cHuila Crece\u201d en el departamento.<\/p>\n\n\n\n<p>La jornada de exposici\u00f3n estuvo presidida por la delegaci\u00f3n de los Pa\u00edses Bajos encabezada por el embajador de esa naci\u00f3n en Colombia, Ernst Noorman, el director general de Kadaster, Frank Tierolff, el Gerente Regional para Am\u00e9rica Latina de Kadaster, Mathilde Molendijk, entre otros altos funcionarios.<\/p>\n\n\n\n<p>De acuerdo a Piet Spijkers -consultor de Kadaster,&nbsp;<strong>este tambi\u00e9n es un proceso de cartograf\u00eda social con representantes de la acci\u00f3n comunal&nbsp;<\/strong>de la zona rural en los municipios intervenidos, \u201cse les entrega a los due\u00f1os de los predios una antena con GPS que recorre los linderos de su tierra recolectando los datos que se env\u00edan a la nube con un sat\u00e9lite entonces eso lo hacemos en los 80 predios de esta ribera midiendo los linderos, de ah\u00ed un mapa que sirve para inspecci\u00f3n p\u00fablica y proyectamos el resultado con las fotos de la c\u00e9dula, nombre completo y si tiene alg\u00fan papel del predio ll\u00e1mese carta venta, escritura u otra, se ubica en la base de datos\u201d, explic\u00f3.<\/p>\n\n\n\n<p>Para el alcalde de Hobo, Juan Carlos Perdomo Rivas, este proceso era una deuda hist\u00f3rica que volvi\u00e9ndose realidad servir\u00e1 para organizar la casa, \u201ctenemos mucho entusiasmo por el programa, es de mucha tecnolog\u00eda que nos permite organizar la renta, tenemos 120 predios en el sector rural con alrededor de 700 familias que son en su mayor\u00eda caficultoras, muchos est\u00e1n en esas grandes extensiones y no tienen ese t\u00edtulo para acceder a cr\u00e9ditos y programas, incluso lo que nos permite la tecnolog\u00eda es un acuerdo entre vecinos y hacer reuni\u00f3n formal para llegar unos acuerdos de linderos\u201d.<\/p>\n\n\n\n<h5 class=\"wp-block-heading\">Ordenamiento productivo<\/h5>\n\n\n\n<p>El gobernador Duss\u00e1n L\u00f3pez manifest\u00f3 su&nbsp;<strong>apoyo total a este proceso por su importancia para el desarrollo productivo<\/strong>, \u201chay que dejar un motor para que esto trascienda en el tiempo y no muera con un cambio de Gobierno, lo que hemos venidos haciendo es&nbsp;<strong>construir un Modelo de Desarrollo Productivo que genere una ruta que perdure en el tiempo<\/strong>, por eso, el Ordenamiento Productivo de la Propiedad Rural, el Plan de Riego, el Plan de Agrolog\u00edsitica y todos los dem\u00e1s elementos que se van derivando en el ejercicio de cadenas productivas\u201d, precis\u00f3.<\/p>\n\n\n\n<p>Agreg\u00f3 que estas capacitaciones a j\u00f3venes y productores sobre levantamiento topogr\u00e1fico est\u00e1n&nbsp;<strong>orientadas al mismo norte que es mejorar la competitividad<\/strong>&nbsp;\u201cpor eso creemos que es un modelo de desarrollo productivo, donde sin duda la tenencia y propiedad de la tierra es vital, en el Huila no es tanto un tema de conflicto de propiedad con grandes latifundios, es m\u00e1s un problema de formalizaci\u00f3n de la propiedad y para ello, tenemos que tener un tema de catastro muy bien definido, que tambi\u00e9n es un problema de pa\u00eds, pero vamos avanzando en eso\u201d.<\/p>\n","protected":false},"excerpt":{"rendered":"<p>En la sala de juntas del gobernador del Huila, Luis Enrique Duss\u00e1n, fueron&nbsp;socializados los avances del del proceso de levantamiento topogr\u00e1fico&nbsp;(GPS en predios para inspecci\u00f3n p\u00fablica) adelantado con el apoyo de Kadaster, como parte del programa de formalizaci\u00f3n de predios emprendido por el gobierno \u201cHuila Crece\u201d en el departamento. La jornada de exposici\u00f3n estuvo presidida [&hellip;]<\/p>\n","protected":false},"author":2,"featured_media":0,"comment_status":"open","ping_status":"open","sticky":false,"template":"","format":"standard","meta":{"footnotes":""},"categories":[33],"tags":[],"class_list":["post-45852","post","type-post","status-publish","format-standard","hentry","category-huila"],"yoast_head":"<!-- This site is optimized with the Yoast SEO plugin v26.6 - https:\/\/yoast.com\/wordpress\/plugins\/seo\/ -->\n<title>Adelante programa de formalizaci\u00f3n de tierras en el Huila -<\/title>\n<meta name=\"robots\" content=\"index, follow, max-snippet:-1, max-image-preview:large, max-video-preview:-1\" \/>\n<link rel=\"canonical\" href=\"https:\/\/luchonoticias.com\/editor\/adelante-programa-de-formalizacion-de-tierras-en-el-huila\/\" \/>\n<meta property=\"og:locale\" content=\"es_ES\" \/>\n<meta property=\"og:type\" content=\"article\" \/>\n<meta property=\"og:title\" content=\"Adelante programa de formalizaci\u00f3n de tierras en el Huila -\" \/>\n<meta property=\"og:url\" content=\"https:\/\/luchonoticias.com\/editor\/adelante-programa-de-formalizacion-de-tierras-en-el-huila\/\" \/>\n<meta property=\"article:publisher\" content=\"https:\/\/www.facebook.com\/luchonoticiasneiva\" \/>\n<meta property=\"article:published_time\" content=\"2023-02-09T22:00:59+00:00\" \/>\n<meta property=\"article:modified_time\" content=\"2023-02-09T22:01:00+00:00\" \/>\n<meta name=\"author\" content=\"Editor General\" \/>\n<meta name=\"twitter:card\" content=\"summary_large_image\" \/>\n<meta name=\"twitter:label1\" content=\"Escrito por\" \/>\n\t<meta name=\"twitter:data1\" content=\"Editor General\" \/>\n\t<meta name=\"twitter:label2\" content=\"Tiempo de lectura\" \/>\n\t<meta name=\"twitter:data2\" content=\"3 minutos\" \/>\n<script type=\"application\/ld+json\" class=\"yoast-schema-graph\">{\"@context\":\"https:\/\/schema.org\",\"@graph\":[{\"@type\":\"Article\",\"@id\":\"https:\/\/luchonoticias.com\/editor\/adelante-programa-de-formalizacion-de-tierras-en-el-huila\/#article\",\"isPartOf\":{\"@id\":\"https:\/\/luchonoticias.com\/editor\/adelante-programa-de-formalizacion-de-tierras-en-el-huila\/\"},\"author\":{\"name\":\"Editor General\",\"@id\":\"https:\/\/luchonoticias.com\/editor\/#\/schema\/person\/29217990ddf6f14e35912b2866d591fb\"},\"headline\":\"Adelante programa de formalizaci\u00f3n de tierras en el Huila\",\"datePublished\":\"2023-02-09T22:00:59+00:00\",\"dateModified\":\"2023-02-09T22:01:00+00:00\",\"mainEntityOfPage\":{\"@id\":\"https:\/\/luchonoticias.com\/editor\/adelante-programa-de-formalizacion-de-tierras-en-el-huila\/\"},\"wordCount\":552,\"commentCount\":0,\"publisher\":{\"@id\":\"https:\/\/luchonoticias.com\/editor\/#\/schema\/person\/7a7fd911f58561fd056dbac7b55af9cd\"},\"articleSection\":[\"Huila\"],\"inLanguage\":\"es\",\"potentialAction\":[{\"@type\":\"CommentAction\",\"name\":\"Comment\",\"target\":[\"https:\/\/luchonoticias.com\/editor\/adelante-programa-de-formalizacion-de-tierras-en-el-huila\/#respond\"]}]},{\"@type\":\"WebPage\",\"@id\":\"https:\/\/luchonoticias.com\/editor\/adelante-programa-de-formalizacion-de-tierras-en-el-huila\/\",\"url\":\"https:\/\/luchonoticias.com\/editor\/adelante-programa-de-formalizacion-de-tierras-en-el-huila\/\",\"name\":\"Adelante programa de formalizaci\u00f3n de tierras en el Huila -\",\"isPartOf\":{\"@id\":\"https:\/\/luchonoticias.com\/editor\/#website\"},\"datePublished\":\"2023-02-09T22:00:59+00:00\",\"dateModified\":\"2023-02-09T22:01:00+00:00\",\"breadcrumb\":{\"@id\":\"https:\/\/luchonoticias.com\/editor\/adelante-programa-de-formalizacion-de-tierras-en-el-huila\/#breadcrumb\"},\"inLanguage\":\"es\",\"potentialAction\":[{\"@type\":\"ReadAction\",\"target\":[\"https:\/\/luchonoticias.com\/editor\/adelante-programa-de-formalizacion-de-tierras-en-el-huila\/\"]}]},{\"@type\":\"BreadcrumbList\",\"@id\":\"https:\/\/luchonoticias.com\/editor\/adelante-programa-de-formalizacion-de-tierras-en-el-huila\/#breadcrumb\",\"itemListElement\":[{\"@type\":\"ListItem\",\"position\":1,\"name\":\"Portada\",\"item\":\"https:\/\/luchonoticias.com\/editor\/\"},{\"@type\":\"ListItem\",\"position\":2,\"name\":\"Adelante programa de formalizaci\u00f3n de tierras en el Huila\"}]},{\"@type\":\"WebSite\",\"@id\":\"https:\/\/luchonoticias.com\/editor\/#website\",\"url\":\"https:\/\/luchonoticias.com\/editor\/\",\"name\":\"\",\"description\":\"\",\"publisher\":{\"@id\":\"https:\/\/luchonoticias.com\/editor\/#\/schema\/person\/7a7fd911f58561fd056dbac7b55af9cd\"},\"potentialAction\":[{\"@type\":\"SearchAction\",\"target\":{\"@type\":\"EntryPoint\",\"urlTemplate\":\"https:\/\/luchonoticias.com\/editor\/?s={search_term_string}\"},\"query-input\":{\"@type\":\"PropertyValueSpecification\",\"valueRequired\":true,\"valueName\":\"search_term_string\"}}],\"inLanguage\":\"es\"},{\"@type\":[\"Person\",\"Organization\"],\"@id\":\"https:\/\/luchonoticias.com\/editor\/#\/schema\/person\/7a7fd911f58561fd056dbac7b55af9cd\",\"name\":\"admin\",\"image\":{\"@type\":\"ImageObject\",\"inLanguage\":\"es\",\"@id\":\"https:\/\/luchonoticias.com\/editor\/#\/schema\/person\/image\/\",\"url\":\"https:\/\/luchonoticias.com\/editor\/wp-content\/uploads\/2024\/02\/cropped-cropped-logolu.webp\",\"contentUrl\":\"https:\/\/luchonoticias.com\/editor\/wp-content\/uploads\/2024\/02\/cropped-cropped-logolu.webp\",\"width\":382,\"height\":170,\"caption\":\"admin\"},\"logo\":{\"@id\":\"https:\/\/luchonoticias.com\/editor\/#\/schema\/person\/image\/\"},\"sameAs\":[\"https:\/\/www.facebook.com\/luchonoticiasneiva\"]},{\"@type\":\"Person\",\"@id\":\"https:\/\/luchonoticias.com\/editor\/#\/schema\/person\/29217990ddf6f14e35912b2866d591fb\",\"name\":\"Editor General\",\"image\":{\"@type\":\"ImageObject\",\"inLanguage\":\"es\",\"@id\":\"https:\/\/luchonoticias.com\/editor\/#\/schema\/person\/image\/\",\"url\":\"https:\/\/luchonoticias.com\/editor\/wp-content\/uploads\/2024\/02\/cropped-cropped-logolu-150x150.webp\",\"contentUrl\":\"https:\/\/luchonoticias.com\/editor\/wp-content\/uploads\/2024\/02\/cropped-cropped-logolu-150x150.webp\",\"caption\":\"Editor General\"},\"sameAs\":[\"https:\/\/luchonoticias.com\/\"],\"url\":\"https:\/\/luchonoticias.com\/editor\/author\/editor-general\/\"}]}<\/script>\n<!-- \/ Yoast SEO plugin. -->","yoast_head_json":{"title":"Adelante programa de formalizaci\u00f3n de tierras en el Huila -","robots":{"index":"index","follow":"follow","max-snippet":"max-snippet:-1","max-image-preview":"max-image-preview:large","max-video-preview":"max-video-preview:-1"},"canonical":"https:\/\/luchonoticias.com\/editor\/adelante-programa-de-formalizacion-de-tierras-en-el-huila\/","og_locale":"es_ES","og_type":"article","og_title":"Adelante programa de formalizaci\u00f3n de tierras en el Huila -","og_url":"https:\/\/luchonoticias.com\/editor\/adelante-programa-de-formalizacion-de-tierras-en-el-huila\/","article_publisher":"https:\/\/www.facebook.com\/luchonoticiasneiva","article_published_time":"2023-02-09T22:00:59+00:00","article_modified_time":"2023-02-09T22:01:00+00:00","author":"Editor General","twitter_card":"summary_large_image","twitter_misc":{"Escrito por":"Editor General","Tiempo de lectura":"3 minutos"},"schema":{"@context":"https:\/\/schema.org","@graph":[{"@type":"Article","@id":"https:\/\/luchonoticias.com\/editor\/adelante-programa-de-formalizacion-de-tierras-en-el-huila\/#article","isPartOf":{"@id":"https:\/\/luchonoticias.com\/editor\/adelante-programa-de-formalizacion-de-tierras-en-el-huila\/"},"author":{"name":"Editor General","@id":"https:\/\/luchonoticias.com\/editor\/#\/schema\/person\/29217990ddf6f14e35912b2866d591fb"},"headline":"Adelante programa de formalizaci\u00f3n de tierras en el Huila","datePublished":"2023-02-09T22:00:59+00:00","dateModified":"2023-02-09T22:01:00+00:00","mainEntityOfPage":{"@id":"https:\/\/luchonoticias.com\/editor\/adelante-programa-de-formalizacion-de-tierras-en-el-huila\/"},"wordCount":552,"commentCount":0,"publisher":{"@id":"https:\/\/luchonoticias.com\/editor\/#\/schema\/person\/7a7fd911f58561fd056dbac7b55af9cd"},"articleSection":["Huila"],"inLanguage":"es","potentialAction":[{"@type":"CommentAction","name":"Comment","target":["https:\/\/luchonoticias.com\/editor\/adelante-programa-de-formalizacion-de-tierras-en-el-huila\/#respond"]}]},{"@type":"WebPage","@id":"https:\/\/luchonoticias.com\/editor\/adelante-programa-de-formalizacion-de-tierras-en-el-huila\/","url":"https:\/\/luchonoticias.com\/editor\/adelante-programa-de-formalizacion-de-tierras-en-el-huila\/","name":"Adelante programa de formalizaci\u00f3n de tierras en el Huila -","isPartOf":{"@id":"https:\/\/luchonoticias.com\/editor\/#website"},"datePublished":"2023-02-09T22:00:59+00:00","dateModified":"2023-02-09T22:01:00+00:00","breadcrumb":{"@id":"https:\/\/luchonoticias.com\/editor\/adelante-programa-de-formalizacion-de-tierras-en-el-huila\/#breadcrumb"},"inLanguage":"es","potentialAction":[{"@type":"ReadAction","target":["https:\/\/luchonoticias.com\/editor\/adelante-programa-de-formalizacion-de-tierras-en-el-huila\/"]}]},{"@type":"BreadcrumbList","@id":"https:\/\/luchonoticias.com\/editor\/adelante-programa-de-formalizacion-de-tierras-en-el-huila\/#breadcrumb","itemListElement":[{"@type":"ListItem","position":1,"name":"Portada","item":"https:\/\/luchonoticias.com\/editor\/"},{"@type":"ListItem","position":2,"name":"Adelante programa de formalizaci\u00f3n de tierras en el Huila"}]},{"@type":"WebSite","@id":"https:\/\/luchonoticias.com\/editor\/#website","url":"https:\/\/luchonoticias.com\/editor\/","name":"","description":"","publisher":{"@id":"https:\/\/luchonoticias.com\/editor\/#\/schema\/person\/7a7fd911f58561fd056dbac7b55af9cd"},"potentialAction":[{"@type":"SearchAction","target":{"@type":"EntryPoint","urlTemplate":"https:\/\/luchonoticias.com\/editor\/?s={search_term_string}"},"query-input":{"@type":"PropertyValueSpecification","valueRequired":true,"valueName":"search_term_string"}}],"inLanguage":"es"},{"@type":["Person","Organization"],"@id":"https:\/\/luchonoticias.com\/editor\/#\/schema\/person\/7a7fd911f58561fd056dbac7b55af9cd","name":"admin","image":{"@type":"ImageObject","inLanguage":"es","@id":"https:\/\/luchonoticias.com\/editor\/#\/schema\/person\/image\/","url":"https:\/\/luchonoticias.com\/editor\/wp-content\/uploads\/2024\/02\/cropped-cropped-logolu.webp","contentUrl":"https:\/\/luchonoticias.com\/editor\/wp-content\/uploads\/2024\/02\/cropped-cropped-logolu.webp","width":382,"height":170,"caption":"admin"},"logo":{"@id":"https:\/\/luchonoticias.com\/editor\/#\/schema\/person\/image\/"},"sameAs":["https:\/\/www.facebook.com\/luchonoticiasneiva"]},{"@type":"Person","@id":"https:\/\/luchonoticias.com\/editor\/#\/schema\/person\/29217990ddf6f14e35912b2866d591fb","name":"Editor General","image":{"@type":"ImageObject","inLanguage":"es","@id":"https:\/\/luchonoticias.com\/editor\/#\/schema\/person\/image\/","url":"https:\/\/luchonoticias.com\/editor\/wp-content\/uploads\/2024\/02\/cropped-cropped-logolu-150x150.webp","contentUrl":"https:\/\/luchonoticias.com\/editor\/wp-content\/uploads\/2024\/02\/cropped-cropped-logolu-150x150.webp","caption":"Editor General"},"sameAs":["https:\/\/luchonoticias.com\/"],"url":"https:\/\/luchonoticias.com\/editor\/author\/editor-general\/"}]}},"_links":{"self":[{"href":"https:\/\/luchonoticias.com\/editor\/wp-json\/wp\/v2\/posts\/45852","targetHints":{"allow":["GET"]}}],"collection":[{"href":"https:\/\/luchonoticias.com\/editor\/wp-json\/wp\/v2\/posts"}],"about":[{"href":"https:\/\/luchonoticias.com\/editor\/wp-json\/wp\/v2\/types\/post"}],"author":[{"embeddable":true,"href":"https:\/\/luchonoticias.com\/editor\/wp-json\/wp\/v2\/users\/2"}],"replies":[{"embeddable":true,"href":"https:\/\/luchonoticias.com\/editor\/wp-json\/wp\/v2\/comments?post=45852"}],"version-history":[{"count":0,"href":"https:\/\/luchonoticias.com\/editor\/wp-json\/wp\/v2\/posts\/45852\/revisions"}],"wp:attachment":[{"href":"https:\/\/luchonoticias.com\/editor\/wp-json\/wp\/v2\/media?parent=45852"}],"wp:term":[{"taxonomy":"category","embeddable":true,"href":"https:\/\/luchonoticias.com\/editor\/wp-json\/wp\/v2\/categories?post=45852"},{"taxonomy":"post_tag","embeddable":true,"href":"https:\/\/luchonoticias.com\/editor\/wp-json\/wp\/v2\/tags?post=45852"}],"curies":[{"name":"wp","href":"https:\/\/api.w.org\/{rel}","templated":true}]}}