{"id":45855,"date":"2023-02-09T21:57:38","date_gmt":"2023-02-10T02:57:38","guid":{"rendered":"https:\/\/luchonoticias.com\/?p=45855"},"modified":"2023-02-09T21:57:39","modified_gmt":"2023-02-10T02:57:39","slug":"empate-con-sabor-a-victoria-para-colombia","status":"publish","type":"post","link":"https:\/\/luchonoticias.com\/editor\/empate-con-sabor-a-victoria-para-colombia\/","title":{"rendered":"Empate con sabor a victoria para Colombia"},"content":{"rendered":"\n<p><strong>Colombia igual\u00f3<\/strong>&nbsp;sin goles ante&nbsp;<strong>Brasil&nbsp;<\/strong>en juego correspondiente a la pen\u00faltima fecha del hexagonal final del&nbsp;<strong>suramericano sub \u2013 20<\/strong><\/p>\n\n\n\n<p>Pese al empate el cuadro nacional&nbsp;<strong>asegur\u00f3 su paso al mundial juvenil<\/strong>&nbsp;que ser\u00e1 en Indonesia, esto gracias al empate a un gol entre Venezuela y Ecuador.<\/p>\n\n\n\n<p>En lo que fue el primer tiempo&nbsp;<strong>los brasile\u00f1os comenzaron las acciones<\/strong>&nbsp;con un remate de Patryck al minuto 6 aunque Colombia respondi\u00f3 al poco tiempo con \u00d3scar Cortes.<\/p>\n\n\n\n<p><strong>La acci\u00f3n m\u00e1s clara de Colombia\u00a0<\/strong>fue al minuto 15 con un cabezazo de Jorge Cabezas que fue neutralizado por el portero mientras que\u00a0<strong>Brasil tuvo su opci\u00f3n sobre el minuto 42<\/strong>\u00a0en un remate a bal\u00f3n parado y rechazado por el portero Luis Marquinez.<\/p>\n\n\n\n<p>Para el minuto 53 una&nbsp;<strong>falta imprudente del portero<\/strong>&nbsp;repercuti\u00f3 en un tiro penal a favor de Colombia no obstante&nbsp;<strong>Gustavo Puerta tom\u00f3 poco impulso<\/strong>&nbsp;y eso le permiti\u00f3 a&nbsp;<strong>Kaique atajar el disparo<\/strong>&nbsp;y redimirse.<\/p>\n\n\n\n<p>Para completar el mal momento colombiano al minuto 60&nbsp;<strong>recibi\u00f3 doble amonestaci\u00f3n Johan Torres<\/strong>&nbsp;y en consecuencia el equipo nacional se qued\u00f3 con un jugador menos, a\u00fan as\u00ed el cuadro nacional busc\u00f3 no dejarse llevar por el contexto y ejecut\u00f3 algunos cambios buscando la apertura del marcador, cosa que al final no se dio.<\/p>\n\n\n\n<p>Sobre el final del compromiso un contragolpe de Brasil (motivado por una mala colocaci\u00f3n del \u00e1rbitro en una jugada de Colombia) por poco le da el gol del triunfo aunque este acab\u00f3 desviado.<\/p>\n","protected":false},"excerpt":{"rendered":"<p>Colombia igual\u00f3&nbsp;sin goles ante&nbsp;Brasil&nbsp;en juego correspondiente a la pen\u00faltima fecha del hexagonal final del&nbsp;suramericano sub \u2013 20 Pese al empate el cuadro nacional&nbsp;asegur\u00f3 su paso al mundial juvenil&nbsp;que ser\u00e1 en Indonesia, esto gracias al empate a un gol entre Venezuela y Ecuador. En lo que fue el primer tiempo&nbsp;los brasile\u00f1os comenzaron las acciones&nbsp;con un remate [&hellip;]<\/p>\n","protected":false},"author":2,"featured_media":0,"comment_status":"open","ping_status":"open","sticky":false,"template":"","format":"standard","meta":{"footnotes":""},"categories":[34],"tags":[],"class_list":["post-45855","post","type-post","status-publish","format-standard","hentry","category-deportes"],"yoast_head":"<!-- This site is optimized with the Yoast SEO plugin v26.6 - https:\/\/yoast.com\/wordpress\/plugins\/seo\/ -->\n<title>Empate con sabor a victoria para Colombia -<\/title>\n<meta name=\"robots\" content=\"index, follow, max-snippet:-1, max-image-preview:large, max-video-preview:-1\" \/>\n<link rel=\"canonical\" href=\"https:\/\/luchonoticias.com\/editor\/empate-con-sabor-a-victoria-para-colombia\/\" \/>\n<meta property=\"og:locale\" content=\"es_ES\" \/>\n<meta property=\"og:type\" content=\"article\" \/>\n<meta property=\"og:title\" content=\"Empate con sabor a victoria para Colombia -\" \/>\n<meta property=\"og:url\" content=\"https:\/\/luchonoticias.com\/editor\/empate-con-sabor-a-victoria-para-colombia\/\" \/>\n<meta property=\"article:publisher\" content=\"https:\/\/www.facebook.com\/luchonoticiasneiva\" \/>\n<meta property=\"article:published_time\" content=\"2023-02-10T02:57:38+00:00\" \/>\n<meta property=\"article:modified_time\" content=\"2023-02-10T02:57:39+00:00\" \/>\n<meta name=\"author\" content=\"Editor General\" \/>\n<meta name=\"twitter:card\" content=\"summary_large_image\" \/>\n<meta name=\"twitter:label1\" content=\"Escrito por\" \/>\n\t<meta name=\"twitter:data1\" content=\"Editor General\" \/>\n\t<meta name=\"twitter:label2\" content=\"Tiempo de lectura\" \/>\n\t<meta name=\"twitter:data2\" content=\"1 minuto\" \/>\n<script type=\"application\/ld+json\" class=\"yoast-schema-graph\">{\"@context\":\"https:\/\/schema.org\",\"@graph\":[{\"@type\":\"Article\",\"@id\":\"https:\/\/luchonoticias.com\/editor\/empate-con-sabor-a-victoria-para-colombia\/#article\",\"isPartOf\":{\"@id\":\"https:\/\/luchonoticias.com\/editor\/empate-con-sabor-a-victoria-para-colombia\/\"},\"author\":{\"name\":\"Editor General\",\"@id\":\"https:\/\/luchonoticias.com\/editor\/#\/schema\/person\/29217990ddf6f14e35912b2866d591fb\"},\"headline\":\"Empate con sabor a victoria para Colombia\",\"datePublished\":\"2023-02-10T02:57:38+00:00\",\"dateModified\":\"2023-02-10T02:57:39+00:00\",\"mainEntityOfPage\":{\"@id\":\"https:\/\/luchonoticias.com\/editor\/empate-con-sabor-a-victoria-para-colombia\/\"},\"wordCount\":270,\"commentCount\":0,\"publisher\":{\"@id\":\"https:\/\/luchonoticias.com\/editor\/#\/schema\/person\/7a7fd911f58561fd056dbac7b55af9cd\"},\"articleSection\":[\"Deportes\"],\"inLanguage\":\"es\",\"potentialAction\":[{\"@type\":\"CommentAction\",\"name\":\"Comment\",\"target\":[\"https:\/\/luchonoticias.com\/editor\/empate-con-sabor-a-victoria-para-colombia\/#respond\"]}]},{\"@type\":\"WebPage\",\"@id\":\"https:\/\/luchonoticias.com\/editor\/empate-con-sabor-a-victoria-para-colombia\/\",\"url\":\"https:\/\/luchonoticias.com\/editor\/empate-con-sabor-a-victoria-para-colombia\/\",\"name\":\"Empate con sabor a victoria para Colombia -\",\"isPartOf\":{\"@id\":\"https:\/\/luchonoticias.com\/editor\/#website\"},\"datePublished\":\"2023-02-10T02:57:38+00:00\",\"dateModified\":\"2023-02-10T02:57:39+00:00\",\"breadcrumb\":{\"@id\":\"https:\/\/luchonoticias.com\/editor\/empate-con-sabor-a-victoria-para-colombia\/#breadcrumb\"},\"inLanguage\":\"es\",\"potentialAction\":[{\"@type\":\"ReadAction\",\"target\":[\"https:\/\/luchonoticias.com\/editor\/empate-con-sabor-a-victoria-para-colombia\/\"]}]},{\"@type\":\"BreadcrumbList\",\"@id\":\"https:\/\/luchonoticias.com\/editor\/empate-con-sabor-a-victoria-para-colombia\/#breadcrumb\",\"itemListElement\":[{\"@type\":\"ListItem\",\"position\":1,\"name\":\"Portada\",\"item\":\"https:\/\/luchonoticias.com\/editor\/\"},{\"@type\":\"ListItem\",\"position\":2,\"name\":\"Empate con sabor a victoria para Colombia\"}]},{\"@type\":\"WebSite\",\"@id\":\"https:\/\/luchonoticias.com\/editor\/#website\",\"url\":\"https:\/\/luchonoticias.com\/editor\/\",\"name\":\"\",\"description\":\"\",\"publisher\":{\"@id\":\"https:\/\/luchonoticias.com\/editor\/#\/schema\/person\/7a7fd911f58561fd056dbac7b55af9cd\"},\"potentialAction\":[{\"@type\":\"SearchAction\",\"target\":{\"@type\":\"EntryPoint\",\"urlTemplate\":\"https:\/\/luchonoticias.com\/editor\/?s={search_term_string}\"},\"query-input\":{\"@type\":\"PropertyValueSpecification\",\"valueRequired\":true,\"valueName\":\"search_term_string\"}}],\"inLanguage\":\"es\"},{\"@type\":[\"Person\",\"Organization\"],\"@id\":\"https:\/\/luchonoticias.com\/editor\/#\/schema\/person\/7a7fd911f58561fd056dbac7b55af9cd\",\"name\":\"admin\",\"image\":{\"@type\":\"ImageObject\",\"inLanguage\":\"es\",\"@id\":\"https:\/\/luchonoticias.com\/editor\/#\/schema\/person\/image\/\",\"url\":\"https:\/\/luchonoticias.com\/editor\/wp-content\/uploads\/2024\/02\/cropped-cropped-logolu.webp\",\"contentUrl\":\"https:\/\/luchonoticias.com\/editor\/wp-content\/uploads\/2024\/02\/cropped-cropped-logolu.webp\",\"width\":382,\"height\":170,\"caption\":\"admin\"},\"logo\":{\"@id\":\"https:\/\/luchonoticias.com\/editor\/#\/schema\/person\/image\/\"},\"sameAs\":[\"https:\/\/www.facebook.com\/luchonoticiasneiva\"]},{\"@type\":\"Person\",\"@id\":\"https:\/\/luchonoticias.com\/editor\/#\/schema\/person\/29217990ddf6f14e35912b2866d591fb\",\"name\":\"Editor General\",\"image\":{\"@type\":\"ImageObject\",\"inLanguage\":\"es\",\"@id\":\"https:\/\/luchonoticias.com\/editor\/#\/schema\/person\/image\/\",\"url\":\"https:\/\/luchonoticias.com\/editor\/wp-content\/uploads\/2024\/02\/cropped-cropped-logolu-150x150.webp\",\"contentUrl\":\"https:\/\/luchonoticias.com\/editor\/wp-content\/uploads\/2024\/02\/cropped-cropped-logolu-150x150.webp\",\"caption\":\"Editor General\"},\"sameAs\":[\"https:\/\/luchonoticias.com\/\"],\"url\":\"https:\/\/luchonoticias.com\/editor\/author\/editor-general\/\"}]}<\/script>\n<!-- \/ Yoast SEO plugin. -->","yoast_head_json":{"title":"Empate con sabor a victoria para Colombia -","robots":{"index":"index","follow":"follow","max-snippet":"max-snippet:-1","max-image-preview":"max-image-preview:large","max-video-preview":"max-video-preview:-1"},"canonical":"https:\/\/luchonoticias.com\/editor\/empate-con-sabor-a-victoria-para-colombia\/","og_locale":"es_ES","og_type":"article","og_title":"Empate con sabor a victoria para Colombia -","og_url":"https:\/\/luchonoticias.com\/editor\/empate-con-sabor-a-victoria-para-colombia\/","article_publisher":"https:\/\/www.facebook.com\/luchonoticiasneiva","article_published_time":"2023-02-10T02:57:38+00:00","article_modified_time":"2023-02-10T02:57:39+00:00","author":"Editor General","twitter_card":"summary_large_image","twitter_misc":{"Escrito por":"Editor General","Tiempo de lectura":"1 minuto"},"schema":{"@context":"https:\/\/schema.org","@graph":[{"@type":"Article","@id":"https:\/\/luchonoticias.com\/editor\/empate-con-sabor-a-victoria-para-colombia\/#article","isPartOf":{"@id":"https:\/\/luchonoticias.com\/editor\/empate-con-sabor-a-victoria-para-colombia\/"},"author":{"name":"Editor General","@id":"https:\/\/luchonoticias.com\/editor\/#\/schema\/person\/29217990ddf6f14e35912b2866d591fb"},"headline":"Empate con sabor a victoria para Colombia","datePublished":"2023-02-10T02:57:38+00:00","dateModified":"2023-02-10T02:57:39+00:00","mainEntityOfPage":{"@id":"https:\/\/luchonoticias.com\/editor\/empate-con-sabor-a-victoria-para-colombia\/"},"wordCount":270,"commentCount":0,"publisher":{"@id":"https:\/\/luchonoticias.com\/editor\/#\/schema\/person\/7a7fd911f58561fd056dbac7b55af9cd"},"articleSection":["Deportes"],"inLanguage":"es","potentialAction":[{"@type":"CommentAction","name":"Comment","target":["https:\/\/luchonoticias.com\/editor\/empate-con-sabor-a-victoria-para-colombia\/#respond"]}]},{"@type":"WebPage","@id":"https:\/\/luchonoticias.com\/editor\/empate-con-sabor-a-victoria-para-colombia\/","url":"https:\/\/luchonoticias.com\/editor\/empate-con-sabor-a-victoria-para-colombia\/","name":"Empate con sabor a victoria para Colombia -","isPartOf":{"@id":"https:\/\/luchonoticias.com\/editor\/#website"},"datePublished":"2023-02-10T02:57:38+00:00","dateModified":"2023-02-10T02:57:39+00:00","breadcrumb":{"@id":"https:\/\/luchonoticias.com\/editor\/empate-con-sabor-a-victoria-para-colombia\/#breadcrumb"},"inLanguage":"es","potentialAction":[{"@type":"ReadAction","target":["https:\/\/luchonoticias.com\/editor\/empate-con-sabor-a-victoria-para-colombia\/"]}]},{"@type":"BreadcrumbList","@id":"https:\/\/luchonoticias.com\/editor\/empate-con-sabor-a-victoria-para-colombia\/#breadcrumb","itemListElement":[{"@type":"ListItem","position":1,"name":"Portada","item":"https:\/\/luchonoticias.com\/editor\/"},{"@type":"ListItem","position":2,"name":"Empate con sabor a victoria para Colombia"}]},{"@type":"WebSite","@id":"https:\/\/luchonoticias.com\/editor\/#website","url":"https:\/\/luchonoticias.com\/editor\/","name":"","description":"","publisher":{"@id":"https:\/\/luchonoticias.com\/editor\/#\/schema\/person\/7a7fd911f58561fd056dbac7b55af9cd"},"potentialAction":[{"@type":"SearchAction","target":{"@type":"EntryPoint","urlTemplate":"https:\/\/luchonoticias.com\/editor\/?s={search_term_string}"},"query-input":{"@type":"PropertyValueSpecification","valueRequired":true,"valueName":"search_term_string"}}],"inLanguage":"es"},{"@type":["Person","Organization"],"@id":"https:\/\/luchonoticias.com\/editor\/#\/schema\/person\/7a7fd911f58561fd056dbac7b55af9cd","name":"admin","image":{"@type":"ImageObject","inLanguage":"es","@id":"https:\/\/luchonoticias.com\/editor\/#\/schema\/person\/image\/","url":"https:\/\/luchonoticias.com\/editor\/wp-content\/uploads\/2024\/02\/cropped-cropped-logolu.webp","contentUrl":"https:\/\/luchonoticias.com\/editor\/wp-content\/uploads\/2024\/02\/cropped-cropped-logolu.webp","width":382,"height":170,"caption":"admin"},"logo":{"@id":"https:\/\/luchonoticias.com\/editor\/#\/schema\/person\/image\/"},"sameAs":["https:\/\/www.facebook.com\/luchonoticiasneiva"]},{"@type":"Person","@id":"https:\/\/luchonoticias.com\/editor\/#\/schema\/person\/29217990ddf6f14e35912b2866d591fb","name":"Editor General","image":{"@type":"ImageObject","inLanguage":"es","@id":"https:\/\/luchonoticias.com\/editor\/#\/schema\/person\/image\/","url":"https:\/\/luchonoticias.com\/editor\/wp-content\/uploads\/2024\/02\/cropped-cropped-logolu-150x150.webp","contentUrl":"https:\/\/luchonoticias.com\/editor\/wp-content\/uploads\/2024\/02\/cropped-cropped-logolu-150x150.webp","caption":"Editor General"},"sameAs":["https:\/\/luchonoticias.com\/"],"url":"https:\/\/luchonoticias.com\/editor\/author\/editor-general\/"}]}},"_links":{"self":[{"href":"https:\/\/luchonoticias.com\/editor\/wp-json\/wp\/v2\/posts\/45855","targetHints":{"allow":["GET"]}}],"collection":[{"href":"https:\/\/luchonoticias.com\/editor\/wp-json\/wp\/v2\/posts"}],"about":[{"href":"https:\/\/luchonoticias.com\/editor\/wp-json\/wp\/v2\/types\/post"}],"author":[{"embeddable":true,"href":"https:\/\/luchonoticias.com\/editor\/wp-json\/wp\/v2\/users\/2"}],"replies":[{"embeddable":true,"href":"https:\/\/luchonoticias.com\/editor\/wp-json\/wp\/v2\/comments?post=45855"}],"version-history":[{"count":0,"href":"https:\/\/luchonoticias.com\/editor\/wp-json\/wp\/v2\/posts\/45855\/revisions"}],"wp:attachment":[{"href":"https:\/\/luchonoticias.com\/editor\/wp-json\/wp\/v2\/media?parent=45855"}],"wp:term":[{"taxonomy":"category","embeddable":true,"href":"https:\/\/luchonoticias.com\/editor\/wp-json\/wp\/v2\/categories?post=45855"},{"taxonomy":"post_tag","embeddable":true,"href":"https:\/\/luchonoticias.com\/editor\/wp-json\/wp\/v2\/tags?post=45855"}],"curies":[{"name":"wp","href":"https:\/\/api.w.org\/{rel}","templated":true}]}}