{"id":45858,"date":"2023-02-10T04:09:25","date_gmt":"2023-02-10T09:09:25","guid":{"rendered":"https:\/\/luchonoticias.com\/?p=45858"},"modified":"2023-02-10T04:09:26","modified_gmt":"2023-02-10T09:09:26","slug":"la-transformacion-del-icbf-es-la-prioridad-de-la-nueva-directora-designada-de-la-entidad","status":"publish","type":"post","link":"https:\/\/luchonoticias.com\/editor\/la-transformacion-del-icbf-es-la-prioridad-de-la-nueva-directora-designada-de-la-entidad\/","title":{"rendered":"La transformaci\u00f3n del ICBF es la prioridad de la nueva Directora designada de la entidad"},"content":{"rendered":"\n<p>La designada Directora General del Instituto Colombiano de Bienestar Familiar (ICBF), Astrid C\u00e1ceres, present\u00f3 los primeros y principales compromisos que encarar\u00e1 durante su administraci\u00f3n, una vez tome posesi\u00f3n de su cargo ante el Presidente Gustavo Petro.<\/p>\n\n\n\n<p>Entre estos retos, C\u00e1ceres resalt\u00f3 la transformaci\u00f3n del ICBF y la respuesta oportuna y eficaz para la atenci\u00f3n de la ni\u00f1ez, tema en el que \u2013indic\u00f3\u2013 ya se trabaja en un plan en los municipios priorizados que muestran los mayores \u00edndices de violencia en contra de los ni\u00f1os y ni\u00f1as.<\/p>\n\n\n\n<p>Asimismo, se refiri\u00f3 al compromiso del Gobierno del Cambio con las madres comunitarias.<\/p>\n\n\n\n<p>&nbsp;\u201cLa situaci\u00f3n que se presenta con la formalizaci\u00f3n de las madres comunitarias en el pa\u00eds es algo que estamos trabajando desde hace varios d\u00edas; aqu\u00ed no tenemos disparidad de compromisos con lo que ellas han pedido y lo que el Presidente ha dicho en su programa de gobierno; estamos trabajando con tiempos y fechas para hacerlos realidad\u201d, precis\u00f3.<\/p>\n\n\n\n<p>Finalmente, la designada Directora asegur\u00f3 que se fortalecer\u00e1 la articulaci\u00f3n entre todas las entidades del Estado para lograr unas acciones intersectoriales efectivas que garanticen el bienestar de los ni\u00f1os, ni\u00f1as y adolescentes en cada departamento y zona del pa\u00eds.<\/p>\n","protected":false},"excerpt":{"rendered":"<p>La designada Directora General del Instituto Colombiano de Bienestar Familiar (ICBF), Astrid C\u00e1ceres, present\u00f3 los primeros y principales compromisos que encarar\u00e1 durante su administraci\u00f3n, una vez tome posesi\u00f3n de su cargo ante el Presidente Gustavo Petro. Entre estos retos, C\u00e1ceres resalt\u00f3 la transformaci\u00f3n del ICBF y la respuesta oportuna y eficaz para la atenci\u00f3n de [&hellip;]<\/p>\n","protected":false},"author":2,"featured_media":0,"comment_status":"open","ping_status":"open","sticky":false,"template":"","format":"standard","meta":{"footnotes":""},"categories":[28,36],"tags":[],"class_list":["post-45858","post","type-post","status-publish","format-standard","hentry","category-actualidad","category-destacado"],"yoast_head":"<!-- This site is optimized with the Yoast SEO plugin v26.6 - https:\/\/yoast.com\/wordpress\/plugins\/seo\/ -->\n<title>La transformaci\u00f3n del ICBF es la prioridad de la nueva Directora designada de la entidad -<\/title>\n<meta name=\"robots\" content=\"index, follow, max-snippet:-1, max-image-preview:large, max-video-preview:-1\" \/>\n<link rel=\"canonical\" href=\"https:\/\/luchonoticias.com\/editor\/la-transformacion-del-icbf-es-la-prioridad-de-la-nueva-directora-designada-de-la-entidad\/\" \/>\n<meta property=\"og:locale\" content=\"es_ES\" \/>\n<meta property=\"og:type\" content=\"article\" \/>\n<meta property=\"og:title\" content=\"La transformaci\u00f3n del ICBF es la prioridad de la nueva Directora designada de la entidad -\" \/>\n<meta property=\"og:url\" content=\"https:\/\/luchonoticias.com\/editor\/la-transformacion-del-icbf-es-la-prioridad-de-la-nueva-directora-designada-de-la-entidad\/\" \/>\n<meta property=\"article:publisher\" content=\"https:\/\/www.facebook.com\/luchonoticiasneiva\" \/>\n<meta property=\"article:published_time\" content=\"2023-02-10T09:09:25+00:00\" \/>\n<meta property=\"article:modified_time\" content=\"2023-02-10T09:09:26+00:00\" \/>\n<meta name=\"author\" content=\"Editor General\" \/>\n<meta name=\"twitter:card\" content=\"summary_large_image\" \/>\n<meta name=\"twitter:label1\" content=\"Escrito por\" \/>\n\t<meta name=\"twitter:data1\" content=\"Editor General\" \/>\n\t<meta name=\"twitter:label2\" content=\"Tiempo de lectura\" \/>\n\t<meta name=\"twitter:data2\" content=\"1 minuto\" \/>\n<script type=\"application\/ld+json\" class=\"yoast-schema-graph\">{\"@context\":\"https:\/\/schema.org\",\"@graph\":[{\"@type\":\"Article\",\"@id\":\"https:\/\/luchonoticias.com\/editor\/la-transformacion-del-icbf-es-la-prioridad-de-la-nueva-directora-designada-de-la-entidad\/#article\",\"isPartOf\":{\"@id\":\"https:\/\/luchonoticias.com\/editor\/la-transformacion-del-icbf-es-la-prioridad-de-la-nueva-directora-designada-de-la-entidad\/\"},\"author\":{\"name\":\"Editor General\",\"@id\":\"https:\/\/luchonoticias.com\/editor\/#\/schema\/person\/29217990ddf6f14e35912b2866d591fb\"},\"headline\":\"La transformaci\u00f3n del ICBF es la prioridad de la nueva Directora designada de la entidad\",\"datePublished\":\"2023-02-10T09:09:25+00:00\",\"dateModified\":\"2023-02-10T09:09:26+00:00\",\"mainEntityOfPage\":{\"@id\":\"https:\/\/luchonoticias.com\/editor\/la-transformacion-del-icbf-es-la-prioridad-de-la-nueva-directora-designada-de-la-entidad\/\"},\"wordCount\":230,\"commentCount\":0,\"publisher\":{\"@id\":\"https:\/\/luchonoticias.com\/editor\/#\/schema\/person\/7a7fd911f58561fd056dbac7b55af9cd\"},\"articleSection\":[\"Actualidad\",\"Destacado\"],\"inLanguage\":\"es\",\"potentialAction\":[{\"@type\":\"CommentAction\",\"name\":\"Comment\",\"target\":[\"https:\/\/luchonoticias.com\/editor\/la-transformacion-del-icbf-es-la-prioridad-de-la-nueva-directora-designada-de-la-entidad\/#respond\"]}]},{\"@type\":\"WebPage\",\"@id\":\"https:\/\/luchonoticias.com\/editor\/la-transformacion-del-icbf-es-la-prioridad-de-la-nueva-directora-designada-de-la-entidad\/\",\"url\":\"https:\/\/luchonoticias.com\/editor\/la-transformacion-del-icbf-es-la-prioridad-de-la-nueva-directora-designada-de-la-entidad\/\",\"name\":\"La transformaci\u00f3n del ICBF es la prioridad de la nueva Directora designada de la entidad -\",\"isPartOf\":{\"@id\":\"https:\/\/luchonoticias.com\/editor\/#website\"},\"datePublished\":\"2023-02-10T09:09:25+00:00\",\"dateModified\":\"2023-02-10T09:09:26+00:00\",\"breadcrumb\":{\"@id\":\"https:\/\/luchonoticias.com\/editor\/la-transformacion-del-icbf-es-la-prioridad-de-la-nueva-directora-designada-de-la-entidad\/#breadcrumb\"},\"inLanguage\":\"es\",\"potentialAction\":[{\"@type\":\"ReadAction\",\"target\":[\"https:\/\/luchonoticias.com\/editor\/la-transformacion-del-icbf-es-la-prioridad-de-la-nueva-directora-designada-de-la-entidad\/\"]}]},{\"@type\":\"BreadcrumbList\",\"@id\":\"https:\/\/luchonoticias.com\/editor\/la-transformacion-del-icbf-es-la-prioridad-de-la-nueva-directora-designada-de-la-entidad\/#breadcrumb\",\"itemListElement\":[{\"@type\":\"ListItem\",\"position\":1,\"name\":\"Portada\",\"item\":\"https:\/\/luchonoticias.com\/editor\/\"},{\"@type\":\"ListItem\",\"position\":2,\"name\":\"La transformaci\u00f3n del ICBF es la prioridad de la nueva Directora designada de la entidad\"}]},{\"@type\":\"WebSite\",\"@id\":\"https:\/\/luchonoticias.com\/editor\/#website\",\"url\":\"https:\/\/luchonoticias.com\/editor\/\",\"name\":\"\",\"description\":\"\",\"publisher\":{\"@id\":\"https:\/\/luchonoticias.com\/editor\/#\/schema\/person\/7a7fd911f58561fd056dbac7b55af9cd\"},\"potentialAction\":[{\"@type\":\"SearchAction\",\"target\":{\"@type\":\"EntryPoint\",\"urlTemplate\":\"https:\/\/luchonoticias.com\/editor\/?s={search_term_string}\"},\"query-input\":{\"@type\":\"PropertyValueSpecification\",\"valueRequired\":true,\"valueName\":\"search_term_string\"}}],\"inLanguage\":\"es\"},{\"@type\":[\"Person\",\"Organization\"],\"@id\":\"https:\/\/luchonoticias.com\/editor\/#\/schema\/person\/7a7fd911f58561fd056dbac7b55af9cd\",\"name\":\"admin\",\"image\":{\"@type\":\"ImageObject\",\"inLanguage\":\"es\",\"@id\":\"https:\/\/luchonoticias.com\/editor\/#\/schema\/person\/image\/\",\"url\":\"https:\/\/luchonoticias.com\/editor\/wp-content\/uploads\/2024\/02\/cropped-cropped-logolu.webp\",\"contentUrl\":\"https:\/\/luchonoticias.com\/editor\/wp-content\/uploads\/2024\/02\/cropped-cropped-logolu.webp\",\"width\":382,\"height\":170,\"caption\":\"admin\"},\"logo\":{\"@id\":\"https:\/\/luchonoticias.com\/editor\/#\/schema\/person\/image\/\"},\"sameAs\":[\"https:\/\/www.facebook.com\/luchonoticiasneiva\"]},{\"@type\":\"Person\",\"@id\":\"https:\/\/luchonoticias.com\/editor\/#\/schema\/person\/29217990ddf6f14e35912b2866d591fb\",\"name\":\"Editor General\",\"image\":{\"@type\":\"ImageObject\",\"inLanguage\":\"es\",\"@id\":\"https:\/\/luchonoticias.com\/editor\/#\/schema\/person\/image\/\",\"url\":\"https:\/\/luchonoticias.com\/editor\/wp-content\/uploads\/2024\/02\/cropped-cropped-logolu-150x150.webp\",\"contentUrl\":\"https:\/\/luchonoticias.com\/editor\/wp-content\/uploads\/2024\/02\/cropped-cropped-logolu-150x150.webp\",\"caption\":\"Editor General\"},\"sameAs\":[\"https:\/\/luchonoticias.com\/\"],\"url\":\"https:\/\/luchonoticias.com\/editor\/author\/editor-general\/\"}]}<\/script>\n<!-- \/ Yoast SEO plugin. -->","yoast_head_json":{"title":"La transformaci\u00f3n del ICBF es la prioridad de la nueva Directora designada de la entidad -","robots":{"index":"index","follow":"follow","max-snippet":"max-snippet:-1","max-image-preview":"max-image-preview:large","max-video-preview":"max-video-preview:-1"},"canonical":"https:\/\/luchonoticias.com\/editor\/la-transformacion-del-icbf-es-la-prioridad-de-la-nueva-directora-designada-de-la-entidad\/","og_locale":"es_ES","og_type":"article","og_title":"La transformaci\u00f3n del ICBF es la prioridad de la nueva Directora designada de la entidad -","og_url":"https:\/\/luchonoticias.com\/editor\/la-transformacion-del-icbf-es-la-prioridad-de-la-nueva-directora-designada-de-la-entidad\/","article_publisher":"https:\/\/www.facebook.com\/luchonoticiasneiva","article_published_time":"2023-02-10T09:09:25+00:00","article_modified_time":"2023-02-10T09:09:26+00:00","author":"Editor General","twitter_card":"summary_large_image","twitter_misc":{"Escrito por":"Editor General","Tiempo de lectura":"1 minuto"},"schema":{"@context":"https:\/\/schema.org","@graph":[{"@type":"Article","@id":"https:\/\/luchonoticias.com\/editor\/la-transformacion-del-icbf-es-la-prioridad-de-la-nueva-directora-designada-de-la-entidad\/#article","isPartOf":{"@id":"https:\/\/luchonoticias.com\/editor\/la-transformacion-del-icbf-es-la-prioridad-de-la-nueva-directora-designada-de-la-entidad\/"},"author":{"name":"Editor General","@id":"https:\/\/luchonoticias.com\/editor\/#\/schema\/person\/29217990ddf6f14e35912b2866d591fb"},"headline":"La transformaci\u00f3n del ICBF es la prioridad de la nueva Directora designada de la entidad","datePublished":"2023-02-10T09:09:25+00:00","dateModified":"2023-02-10T09:09:26+00:00","mainEntityOfPage":{"@id":"https:\/\/luchonoticias.com\/editor\/la-transformacion-del-icbf-es-la-prioridad-de-la-nueva-directora-designada-de-la-entidad\/"},"wordCount":230,"commentCount":0,"publisher":{"@id":"https:\/\/luchonoticias.com\/editor\/#\/schema\/person\/7a7fd911f58561fd056dbac7b55af9cd"},"articleSection":["Actualidad","Destacado"],"inLanguage":"es","potentialAction":[{"@type":"CommentAction","name":"Comment","target":["https:\/\/luchonoticias.com\/editor\/la-transformacion-del-icbf-es-la-prioridad-de-la-nueva-directora-designada-de-la-entidad\/#respond"]}]},{"@type":"WebPage","@id":"https:\/\/luchonoticias.com\/editor\/la-transformacion-del-icbf-es-la-prioridad-de-la-nueva-directora-designada-de-la-entidad\/","url":"https:\/\/luchonoticias.com\/editor\/la-transformacion-del-icbf-es-la-prioridad-de-la-nueva-directora-designada-de-la-entidad\/","name":"La transformaci\u00f3n del ICBF es la prioridad de la nueva Directora designada de la entidad -","isPartOf":{"@id":"https:\/\/luchonoticias.com\/editor\/#website"},"datePublished":"2023-02-10T09:09:25+00:00","dateModified":"2023-02-10T09:09:26+00:00","breadcrumb":{"@id":"https:\/\/luchonoticias.com\/editor\/la-transformacion-del-icbf-es-la-prioridad-de-la-nueva-directora-designada-de-la-entidad\/#breadcrumb"},"inLanguage":"es","potentialAction":[{"@type":"ReadAction","target":["https:\/\/luchonoticias.com\/editor\/la-transformacion-del-icbf-es-la-prioridad-de-la-nueva-directora-designada-de-la-entidad\/"]}]},{"@type":"BreadcrumbList","@id":"https:\/\/luchonoticias.com\/editor\/la-transformacion-del-icbf-es-la-prioridad-de-la-nueva-directora-designada-de-la-entidad\/#breadcrumb","itemListElement":[{"@type":"ListItem","position":1,"name":"Portada","item":"https:\/\/luchonoticias.com\/editor\/"},{"@type":"ListItem","position":2,"name":"La transformaci\u00f3n del ICBF es la prioridad de la nueva Directora designada de la entidad"}]},{"@type":"WebSite","@id":"https:\/\/luchonoticias.com\/editor\/#website","url":"https:\/\/luchonoticias.com\/editor\/","name":"","description":"","publisher":{"@id":"https:\/\/luchonoticias.com\/editor\/#\/schema\/person\/7a7fd911f58561fd056dbac7b55af9cd"},"potentialAction":[{"@type":"SearchAction","target":{"@type":"EntryPoint","urlTemplate":"https:\/\/luchonoticias.com\/editor\/?s={search_term_string}"},"query-input":{"@type":"PropertyValueSpecification","valueRequired":true,"valueName":"search_term_string"}}],"inLanguage":"es"},{"@type":["Person","Organization"],"@id":"https:\/\/luchonoticias.com\/editor\/#\/schema\/person\/7a7fd911f58561fd056dbac7b55af9cd","name":"admin","image":{"@type":"ImageObject","inLanguage":"es","@id":"https:\/\/luchonoticias.com\/editor\/#\/schema\/person\/image\/","url":"https:\/\/luchonoticias.com\/editor\/wp-content\/uploads\/2024\/02\/cropped-cropped-logolu.webp","contentUrl":"https:\/\/luchonoticias.com\/editor\/wp-content\/uploads\/2024\/02\/cropped-cropped-logolu.webp","width":382,"height":170,"caption":"admin"},"logo":{"@id":"https:\/\/luchonoticias.com\/editor\/#\/schema\/person\/image\/"},"sameAs":["https:\/\/www.facebook.com\/luchonoticiasneiva"]},{"@type":"Person","@id":"https:\/\/luchonoticias.com\/editor\/#\/schema\/person\/29217990ddf6f14e35912b2866d591fb","name":"Editor General","image":{"@type":"ImageObject","inLanguage":"es","@id":"https:\/\/luchonoticias.com\/editor\/#\/schema\/person\/image\/","url":"https:\/\/luchonoticias.com\/editor\/wp-content\/uploads\/2024\/02\/cropped-cropped-logolu-150x150.webp","contentUrl":"https:\/\/luchonoticias.com\/editor\/wp-content\/uploads\/2024\/02\/cropped-cropped-logolu-150x150.webp","caption":"Editor General"},"sameAs":["https:\/\/luchonoticias.com\/"],"url":"https:\/\/luchonoticias.com\/editor\/author\/editor-general\/"}]}},"_links":{"self":[{"href":"https:\/\/luchonoticias.com\/editor\/wp-json\/wp\/v2\/posts\/45858","targetHints":{"allow":["GET"]}}],"collection":[{"href":"https:\/\/luchonoticias.com\/editor\/wp-json\/wp\/v2\/posts"}],"about":[{"href":"https:\/\/luchonoticias.com\/editor\/wp-json\/wp\/v2\/types\/post"}],"author":[{"embeddable":true,"href":"https:\/\/luchonoticias.com\/editor\/wp-json\/wp\/v2\/users\/2"}],"replies":[{"embeddable":true,"href":"https:\/\/luchonoticias.com\/editor\/wp-json\/wp\/v2\/comments?post=45858"}],"version-history":[{"count":0,"href":"https:\/\/luchonoticias.com\/editor\/wp-json\/wp\/v2\/posts\/45858\/revisions"}],"wp:attachment":[{"href":"https:\/\/luchonoticias.com\/editor\/wp-json\/wp\/v2\/media?parent=45858"}],"wp:term":[{"taxonomy":"category","embeddable":true,"href":"https:\/\/luchonoticias.com\/editor\/wp-json\/wp\/v2\/categories?post=45858"},{"taxonomy":"post_tag","embeddable":true,"href":"https:\/\/luchonoticias.com\/editor\/wp-json\/wp\/v2\/tags?post=45858"}],"curies":[{"name":"wp","href":"https:\/\/api.w.org\/{rel}","templated":true}]}}