{"id":45866,"date":"2023-02-10T04:21:12","date_gmt":"2023-02-10T09:21:12","guid":{"rendered":"https:\/\/luchonoticias.com\/?p=45866"},"modified":"2023-02-10T04:21:13","modified_gmt":"2023-02-10T09:21:13","slug":"ocupan-14-bienes-del-narcotraficante-extraditado-gustavo-adolfo-vega-archibold","status":"publish","type":"post","link":"https:\/\/luchonoticias.com\/editor\/ocupan-14-bienes-del-narcotraficante-extraditado-gustavo-adolfo-vega-archibold\/","title":{"rendered":"Ocupan 14 bienes del narcotraficante extraditado Gustavo Adolfo Vega Archibold"},"content":{"rendered":"\n<p>La Fiscal\u00eda General de la Naci\u00f3n, a trav\u00e9s de la Direcci\u00f3n Especializada de Extinci\u00f3n del Derecho<br>de Dominio, ocup\u00f3 11 predios urbanos y 3 rurales, avaluados en 5.000 millones de pesos, que<br>habr\u00edan sido adquiridos por el extraditado Gustavo Adolfo Vega Archibold.<\/p>\n\n\n\n<p>Los elementos de prueba indican que este hombre, al parecer, obtuvo los bienes entre 2006<br>y 2013, con dineros de origen il\u00edcito. En ese sentido, los activos fueron afectados con medidas<br>cautelares de suspensi\u00f3n del poder dispositivo, embargo, secuestro y toma de posesi\u00f3n.<br>Las diligencias de ocupaci\u00f3n fueron realizadas por investigadores del CTI de la Fiscal\u00eda en<br>Buenaventura, Dagua y Cali (Valle del Cauca); y en Medell\u00edn (Antioquia).<\/p>\n\n\n\n<figure class=\"wp-block-gallery has-nested-images columns-default is-cropped wp-block-gallery-1 is-layout-flex wp-block-gallery-is-layout-flex\">\n<figure class=\"wp-block-image size-large\"><img decoding=\"async\" data-id=\"45868\" src=\"https:\/\/luchonoticias.com\/wp-content\/uploads\/2023\/02\/WhatsApp-Image-2023-02-09-at-8.51.58-AM-1-1-1024x576.jpeg\" alt=\"\" class=\"wp-image-45868\"\/><\/figure>\n\n\n\n<figure class=\"wp-block-image size-large\"><img decoding=\"async\" data-id=\"45869\" src=\"https:\/\/luchonoticias.com\/wp-content\/uploads\/2023\/02\/WhatsApp-Image-2023-02-09-at-8.51.58-AM-1024x576.jpeg\" alt=\"\" class=\"wp-image-45869\"\/><\/figure>\n<\/figure>\n\n\n\n<p>Vega Archibold fue capturado en 2014, en Panam\u00e1. Posteriormente, fue extraditado a Estados<br>Unidos donde era requerido por delitos federales relacionados con el tr\u00e1fico de drogas.<br>La Sociedad de Activos Especiales (SAE) ser\u00e1 la encargada de su administraci\u00f3n.<\/p>\n","protected":false},"excerpt":{"rendered":"<p>La Fiscal\u00eda General de la Naci\u00f3n, a trav\u00e9s de la Direcci\u00f3n Especializada de Extinci\u00f3n del Derechode Dominio, ocup\u00f3 11 predios urbanos y 3 rurales, avaluados en 5.000 millones de pesos, quehabr\u00edan sido adquiridos por el extraditado Gustavo Adolfo Vega Archibold. Los elementos de prueba indican que este hombre, al parecer, obtuvo los bienes entre 2006y [&hellip;]<\/p>\n","protected":false},"author":2,"featured_media":0,"comment_status":"open","ping_status":"open","sticky":false,"template":"","format":"standard","meta":{"footnotes":""},"categories":[36,29],"tags":[],"class_list":["post-45866","post","type-post","status-publish","format-standard","hentry","category-destacado","category-judicial"],"yoast_head":"<!-- This site is optimized with the Yoast SEO plugin v26.6 - https:\/\/yoast.com\/wordpress\/plugins\/seo\/ -->\n<title>Ocupan 14 bienes del narcotraficante extraditado Gustavo Adolfo Vega Archibold -<\/title>\n<meta name=\"robots\" content=\"index, follow, max-snippet:-1, max-image-preview:large, max-video-preview:-1\" \/>\n<link rel=\"canonical\" href=\"https:\/\/luchonoticias.com\/editor\/ocupan-14-bienes-del-narcotraficante-extraditado-gustavo-adolfo-vega-archibold\/\" \/>\n<meta property=\"og:locale\" content=\"es_ES\" \/>\n<meta property=\"og:type\" content=\"article\" \/>\n<meta property=\"og:title\" content=\"Ocupan 14 bienes del narcotraficante extraditado Gustavo Adolfo Vega Archibold -\" \/>\n<meta property=\"og:url\" content=\"https:\/\/luchonoticias.com\/editor\/ocupan-14-bienes-del-narcotraficante-extraditado-gustavo-adolfo-vega-archibold\/\" \/>\n<meta property=\"article:publisher\" content=\"https:\/\/www.facebook.com\/luchonoticiasneiva\" \/>\n<meta property=\"article:published_time\" content=\"2023-02-10T09:21:12+00:00\" \/>\n<meta property=\"article:modified_time\" content=\"2023-02-10T09:21:13+00:00\" \/>\n<meta property=\"og:image\" content=\"https:\/\/luchonoticias.com\/wp-content\/uploads\/2023\/02\/WhatsApp-Image-2023-02-09-at-8.51.58-AM-1-1-1024x576.jpeg\" \/>\n<meta name=\"author\" content=\"Editor General\" \/>\n<meta name=\"twitter:card\" content=\"summary_large_image\" \/>\n<meta name=\"twitter:label1\" content=\"Escrito por\" \/>\n\t<meta name=\"twitter:data1\" content=\"Editor General\" \/>\n\t<meta name=\"twitter:label2\" content=\"Tiempo de lectura\" \/>\n\t<meta name=\"twitter:data2\" content=\"1 minuto\" \/>\n<script type=\"application\/ld+json\" class=\"yoast-schema-graph\">{\"@context\":\"https:\/\/schema.org\",\"@graph\":[{\"@type\":\"Article\",\"@id\":\"https:\/\/luchonoticias.com\/editor\/ocupan-14-bienes-del-narcotraficante-extraditado-gustavo-adolfo-vega-archibold\/#article\",\"isPartOf\":{\"@id\":\"https:\/\/luchonoticias.com\/editor\/ocupan-14-bienes-del-narcotraficante-extraditado-gustavo-adolfo-vega-archibold\/\"},\"author\":{\"name\":\"Editor General\",\"@id\":\"https:\/\/luchonoticias.com\/editor\/#\/schema\/person\/29217990ddf6f14e35912b2866d591fb\"},\"headline\":\"Ocupan 14 bienes del narcotraficante extraditado Gustavo Adolfo Vega Archibold\",\"datePublished\":\"2023-02-10T09:21:12+00:00\",\"dateModified\":\"2023-02-10T09:21:13+00:00\",\"mainEntityOfPage\":{\"@id\":\"https:\/\/luchonoticias.com\/editor\/ocupan-14-bienes-del-narcotraficante-extraditado-gustavo-adolfo-vega-archibold\/\"},\"wordCount\":160,\"commentCount\":0,\"publisher\":{\"@id\":\"https:\/\/luchonoticias.com\/editor\/#\/schema\/person\/7a7fd911f58561fd056dbac7b55af9cd\"},\"image\":{\"@id\":\"https:\/\/luchonoticias.com\/editor\/ocupan-14-bienes-del-narcotraficante-extraditado-gustavo-adolfo-vega-archibold\/#primaryimage\"},\"thumbnailUrl\":\"https:\/\/luchonoticias.com\/wp-content\/uploads\/2023\/02\/WhatsApp-Image-2023-02-09-at-8.51.58-AM-1-1-1024x576.jpeg\",\"articleSection\":[\"Destacado\",\"Judicial\"],\"inLanguage\":\"es\",\"potentialAction\":[{\"@type\":\"CommentAction\",\"name\":\"Comment\",\"target\":[\"https:\/\/luchonoticias.com\/editor\/ocupan-14-bienes-del-narcotraficante-extraditado-gustavo-adolfo-vega-archibold\/#respond\"]}]},{\"@type\":\"WebPage\",\"@id\":\"https:\/\/luchonoticias.com\/editor\/ocupan-14-bienes-del-narcotraficante-extraditado-gustavo-adolfo-vega-archibold\/\",\"url\":\"https:\/\/luchonoticias.com\/editor\/ocupan-14-bienes-del-narcotraficante-extraditado-gustavo-adolfo-vega-archibold\/\",\"name\":\"Ocupan 14 bienes del narcotraficante extraditado Gustavo Adolfo Vega Archibold -\",\"isPartOf\":{\"@id\":\"https:\/\/luchonoticias.com\/editor\/#website\"},\"primaryImageOfPage\":{\"@id\":\"https:\/\/luchonoticias.com\/editor\/ocupan-14-bienes-del-narcotraficante-extraditado-gustavo-adolfo-vega-archibold\/#primaryimage\"},\"image\":{\"@id\":\"https:\/\/luchonoticias.com\/editor\/ocupan-14-bienes-del-narcotraficante-extraditado-gustavo-adolfo-vega-archibold\/#primaryimage\"},\"thumbnailUrl\":\"https:\/\/luchonoticias.com\/wp-content\/uploads\/2023\/02\/WhatsApp-Image-2023-02-09-at-8.51.58-AM-1-1-1024x576.jpeg\",\"datePublished\":\"2023-02-10T09:21:12+00:00\",\"dateModified\":\"2023-02-10T09:21:13+00:00\",\"breadcrumb\":{\"@id\":\"https:\/\/luchonoticias.com\/editor\/ocupan-14-bienes-del-narcotraficante-extraditado-gustavo-adolfo-vega-archibold\/#breadcrumb\"},\"inLanguage\":\"es\",\"potentialAction\":[{\"@type\":\"ReadAction\",\"target\":[\"https:\/\/luchonoticias.com\/editor\/ocupan-14-bienes-del-narcotraficante-extraditado-gustavo-adolfo-vega-archibold\/\"]}]},{\"@type\":\"ImageObject\",\"inLanguage\":\"es\",\"@id\":\"https:\/\/luchonoticias.com\/editor\/ocupan-14-bienes-del-narcotraficante-extraditado-gustavo-adolfo-vega-archibold\/#primaryimage\",\"url\":\"https:\/\/luchonoticias.com\/wp-content\/uploads\/2023\/02\/WhatsApp-Image-2023-02-09-at-8.51.58-AM-1-1-1024x576.jpeg\",\"contentUrl\":\"https:\/\/luchonoticias.com\/wp-content\/uploads\/2023\/02\/WhatsApp-Image-2023-02-09-at-8.51.58-AM-1-1-1024x576.jpeg\"},{\"@type\":\"BreadcrumbList\",\"@id\":\"https:\/\/luchonoticias.com\/editor\/ocupan-14-bienes-del-narcotraficante-extraditado-gustavo-adolfo-vega-archibold\/#breadcrumb\",\"itemListElement\":[{\"@type\":\"ListItem\",\"position\":1,\"name\":\"Portada\",\"item\":\"https:\/\/luchonoticias.com\/editor\/\"},{\"@type\":\"ListItem\",\"position\":2,\"name\":\"Ocupan 14 bienes del narcotraficante extraditado Gustavo Adolfo Vega Archibold\"}]},{\"@type\":\"WebSite\",\"@id\":\"https:\/\/luchonoticias.com\/editor\/#website\",\"url\":\"https:\/\/luchonoticias.com\/editor\/\",\"name\":\"\",\"description\":\"\",\"publisher\":{\"@id\":\"https:\/\/luchonoticias.com\/editor\/#\/schema\/person\/7a7fd911f58561fd056dbac7b55af9cd\"},\"potentialAction\":[{\"@type\":\"SearchAction\",\"target\":{\"@type\":\"EntryPoint\",\"urlTemplate\":\"https:\/\/luchonoticias.com\/editor\/?s={search_term_string}\"},\"query-input\":{\"@type\":\"PropertyValueSpecification\",\"valueRequired\":true,\"valueName\":\"search_term_string\"}}],\"inLanguage\":\"es\"},{\"@type\":[\"Person\",\"Organization\"],\"@id\":\"https:\/\/luchonoticias.com\/editor\/#\/schema\/person\/7a7fd911f58561fd056dbac7b55af9cd\",\"name\":\"admin\",\"image\":{\"@type\":\"ImageObject\",\"inLanguage\":\"es\",\"@id\":\"https:\/\/luchonoticias.com\/editor\/#\/schema\/person\/image\/\",\"url\":\"https:\/\/luchonoticias.com\/editor\/wp-content\/uploads\/2024\/02\/cropped-cropped-logolu.webp\",\"contentUrl\":\"https:\/\/luchonoticias.com\/editor\/wp-content\/uploads\/2024\/02\/cropped-cropped-logolu.webp\",\"width\":382,\"height\":170,\"caption\":\"admin\"},\"logo\":{\"@id\":\"https:\/\/luchonoticias.com\/editor\/#\/schema\/person\/image\/\"},\"sameAs\":[\"https:\/\/www.facebook.com\/luchonoticiasneiva\"]},{\"@type\":\"Person\",\"@id\":\"https:\/\/luchonoticias.com\/editor\/#\/schema\/person\/29217990ddf6f14e35912b2866d591fb\",\"name\":\"Editor General\",\"image\":{\"@type\":\"ImageObject\",\"inLanguage\":\"es\",\"@id\":\"https:\/\/luchonoticias.com\/editor\/#\/schema\/person\/image\/\",\"url\":\"https:\/\/luchonoticias.com\/editor\/wp-content\/uploads\/2024\/02\/cropped-cropped-logolu-150x150.webp\",\"contentUrl\":\"https:\/\/luchonoticias.com\/editor\/wp-content\/uploads\/2024\/02\/cropped-cropped-logolu-150x150.webp\",\"caption\":\"Editor General\"},\"sameAs\":[\"https:\/\/luchonoticias.com\/\"],\"url\":\"https:\/\/luchonoticias.com\/editor\/author\/editor-general\/\"}]}<\/script>\n<!-- \/ Yoast SEO plugin. -->","yoast_head_json":{"title":"Ocupan 14 bienes del narcotraficante extraditado Gustavo Adolfo Vega Archibold -","robots":{"index":"index","follow":"follow","max-snippet":"max-snippet:-1","max-image-preview":"max-image-preview:large","max-video-preview":"max-video-preview:-1"},"canonical":"https:\/\/luchonoticias.com\/editor\/ocupan-14-bienes-del-narcotraficante-extraditado-gustavo-adolfo-vega-archibold\/","og_locale":"es_ES","og_type":"article","og_title":"Ocupan 14 bienes del narcotraficante extraditado Gustavo Adolfo Vega Archibold -","og_url":"https:\/\/luchonoticias.com\/editor\/ocupan-14-bienes-del-narcotraficante-extraditado-gustavo-adolfo-vega-archibold\/","article_publisher":"https:\/\/www.facebook.com\/luchonoticiasneiva","article_published_time":"2023-02-10T09:21:12+00:00","article_modified_time":"2023-02-10T09:21:13+00:00","og_image":[{"url":"https:\/\/luchonoticias.com\/wp-content\/uploads\/2023\/02\/WhatsApp-Image-2023-02-09-at-8.51.58-AM-1-1-1024x576.jpeg","type":"","width":"","height":""}],"author":"Editor General","twitter_card":"summary_large_image","twitter_misc":{"Escrito por":"Editor General","Tiempo de lectura":"1 minuto"},"schema":{"@context":"https:\/\/schema.org","@graph":[{"@type":"Article","@id":"https:\/\/luchonoticias.com\/editor\/ocupan-14-bienes-del-narcotraficante-extraditado-gustavo-adolfo-vega-archibold\/#article","isPartOf":{"@id":"https:\/\/luchonoticias.com\/editor\/ocupan-14-bienes-del-narcotraficante-extraditado-gustavo-adolfo-vega-archibold\/"},"author":{"name":"Editor General","@id":"https:\/\/luchonoticias.com\/editor\/#\/schema\/person\/29217990ddf6f14e35912b2866d591fb"},"headline":"Ocupan 14 bienes del narcotraficante extraditado Gustavo Adolfo Vega Archibold","datePublished":"2023-02-10T09:21:12+00:00","dateModified":"2023-02-10T09:21:13+00:00","mainEntityOfPage":{"@id":"https:\/\/luchonoticias.com\/editor\/ocupan-14-bienes-del-narcotraficante-extraditado-gustavo-adolfo-vega-archibold\/"},"wordCount":160,"commentCount":0,"publisher":{"@id":"https:\/\/luchonoticias.com\/editor\/#\/schema\/person\/7a7fd911f58561fd056dbac7b55af9cd"},"image":{"@id":"https:\/\/luchonoticias.com\/editor\/ocupan-14-bienes-del-narcotraficante-extraditado-gustavo-adolfo-vega-archibold\/#primaryimage"},"thumbnailUrl":"https:\/\/luchonoticias.com\/wp-content\/uploads\/2023\/02\/WhatsApp-Image-2023-02-09-at-8.51.58-AM-1-1-1024x576.jpeg","articleSection":["Destacado","Judicial"],"inLanguage":"es","potentialAction":[{"@type":"CommentAction","name":"Comment","target":["https:\/\/luchonoticias.com\/editor\/ocupan-14-bienes-del-narcotraficante-extraditado-gustavo-adolfo-vega-archibold\/#respond"]}]},{"@type":"WebPage","@id":"https:\/\/luchonoticias.com\/editor\/ocupan-14-bienes-del-narcotraficante-extraditado-gustavo-adolfo-vega-archibold\/","url":"https:\/\/luchonoticias.com\/editor\/ocupan-14-bienes-del-narcotraficante-extraditado-gustavo-adolfo-vega-archibold\/","name":"Ocupan 14 bienes del narcotraficante extraditado Gustavo Adolfo Vega Archibold -","isPartOf":{"@id":"https:\/\/luchonoticias.com\/editor\/#website"},"primaryImageOfPage":{"@id":"https:\/\/luchonoticias.com\/editor\/ocupan-14-bienes-del-narcotraficante-extraditado-gustavo-adolfo-vega-archibold\/#primaryimage"},"image":{"@id":"https:\/\/luchonoticias.com\/editor\/ocupan-14-bienes-del-narcotraficante-extraditado-gustavo-adolfo-vega-archibold\/#primaryimage"},"thumbnailUrl":"https:\/\/luchonoticias.com\/wp-content\/uploads\/2023\/02\/WhatsApp-Image-2023-02-09-at-8.51.58-AM-1-1-1024x576.jpeg","datePublished":"2023-02-10T09:21:12+00:00","dateModified":"2023-02-10T09:21:13+00:00","breadcrumb":{"@id":"https:\/\/luchonoticias.com\/editor\/ocupan-14-bienes-del-narcotraficante-extraditado-gustavo-adolfo-vega-archibold\/#breadcrumb"},"inLanguage":"es","potentialAction":[{"@type":"ReadAction","target":["https:\/\/luchonoticias.com\/editor\/ocupan-14-bienes-del-narcotraficante-extraditado-gustavo-adolfo-vega-archibold\/"]}]},{"@type":"ImageObject","inLanguage":"es","@id":"https:\/\/luchonoticias.com\/editor\/ocupan-14-bienes-del-narcotraficante-extraditado-gustavo-adolfo-vega-archibold\/#primaryimage","url":"https:\/\/luchonoticias.com\/wp-content\/uploads\/2023\/02\/WhatsApp-Image-2023-02-09-at-8.51.58-AM-1-1-1024x576.jpeg","contentUrl":"https:\/\/luchonoticias.com\/wp-content\/uploads\/2023\/02\/WhatsApp-Image-2023-02-09-at-8.51.58-AM-1-1-1024x576.jpeg"},{"@type":"BreadcrumbList","@id":"https:\/\/luchonoticias.com\/editor\/ocupan-14-bienes-del-narcotraficante-extraditado-gustavo-adolfo-vega-archibold\/#breadcrumb","itemListElement":[{"@type":"ListItem","position":1,"name":"Portada","item":"https:\/\/luchonoticias.com\/editor\/"},{"@type":"ListItem","position":2,"name":"Ocupan 14 bienes del narcotraficante extraditado Gustavo Adolfo Vega Archibold"}]},{"@type":"WebSite","@id":"https:\/\/luchonoticias.com\/editor\/#website","url":"https:\/\/luchonoticias.com\/editor\/","name":"","description":"","publisher":{"@id":"https:\/\/luchonoticias.com\/editor\/#\/schema\/person\/7a7fd911f58561fd056dbac7b55af9cd"},"potentialAction":[{"@type":"SearchAction","target":{"@type":"EntryPoint","urlTemplate":"https:\/\/luchonoticias.com\/editor\/?s={search_term_string}"},"query-input":{"@type":"PropertyValueSpecification","valueRequired":true,"valueName":"search_term_string"}}],"inLanguage":"es"},{"@type":["Person","Organization"],"@id":"https:\/\/luchonoticias.com\/editor\/#\/schema\/person\/7a7fd911f58561fd056dbac7b55af9cd","name":"admin","image":{"@type":"ImageObject","inLanguage":"es","@id":"https:\/\/luchonoticias.com\/editor\/#\/schema\/person\/image\/","url":"https:\/\/luchonoticias.com\/editor\/wp-content\/uploads\/2024\/02\/cropped-cropped-logolu.webp","contentUrl":"https:\/\/luchonoticias.com\/editor\/wp-content\/uploads\/2024\/02\/cropped-cropped-logolu.webp","width":382,"height":170,"caption":"admin"},"logo":{"@id":"https:\/\/luchonoticias.com\/editor\/#\/schema\/person\/image\/"},"sameAs":["https:\/\/www.facebook.com\/luchonoticiasneiva"]},{"@type":"Person","@id":"https:\/\/luchonoticias.com\/editor\/#\/schema\/person\/29217990ddf6f14e35912b2866d591fb","name":"Editor General","image":{"@type":"ImageObject","inLanguage":"es","@id":"https:\/\/luchonoticias.com\/editor\/#\/schema\/person\/image\/","url":"https:\/\/luchonoticias.com\/editor\/wp-content\/uploads\/2024\/02\/cropped-cropped-logolu-150x150.webp","contentUrl":"https:\/\/luchonoticias.com\/editor\/wp-content\/uploads\/2024\/02\/cropped-cropped-logolu-150x150.webp","caption":"Editor General"},"sameAs":["https:\/\/luchonoticias.com\/"],"url":"https:\/\/luchonoticias.com\/editor\/author\/editor-general\/"}]}},"_links":{"self":[{"href":"https:\/\/luchonoticias.com\/editor\/wp-json\/wp\/v2\/posts\/45866","targetHints":{"allow":["GET"]}}],"collection":[{"href":"https:\/\/luchonoticias.com\/editor\/wp-json\/wp\/v2\/posts"}],"about":[{"href":"https:\/\/luchonoticias.com\/editor\/wp-json\/wp\/v2\/types\/post"}],"author":[{"embeddable":true,"href":"https:\/\/luchonoticias.com\/editor\/wp-json\/wp\/v2\/users\/2"}],"replies":[{"embeddable":true,"href":"https:\/\/luchonoticias.com\/editor\/wp-json\/wp\/v2\/comments?post=45866"}],"version-history":[{"count":0,"href":"https:\/\/luchonoticias.com\/editor\/wp-json\/wp\/v2\/posts\/45866\/revisions"}],"wp:attachment":[{"href":"https:\/\/luchonoticias.com\/editor\/wp-json\/wp\/v2\/media?parent=45866"}],"wp:term":[{"taxonomy":"category","embeddable":true,"href":"https:\/\/luchonoticias.com\/editor\/wp-json\/wp\/v2\/categories?post=45866"},{"taxonomy":"post_tag","embeddable":true,"href":"https:\/\/luchonoticias.com\/editor\/wp-json\/wp\/v2\/tags?post=45866"}],"curies":[{"name":"wp","href":"https:\/\/api.w.org\/{rel}","templated":true}]}}