{"id":45871,"date":"2023-02-10T04:26:54","date_gmt":"2023-02-10T09:26:54","guid":{"rendered":"https:\/\/luchonoticias.com\/?p=45871"},"modified":"2023-02-10T04:26:55","modified_gmt":"2023-02-10T09:26:55","slug":"procuraduria-prende-alarmas-ante-disparada-de-contratos-de-alcaldia-de-neiva","status":"publish","type":"post","link":"https:\/\/luchonoticias.com\/editor\/procuraduria-prende-alarmas-ante-disparada-de-contratos-de-alcaldia-de-neiva\/","title":{"rendered":"Procuradur\u00eda prende alarmas ante disparada de contratos de alcald\u00eda de Neiva"},"content":{"rendered":"\n<p>Una lluvia de contratos desatada en los \u00faltimos 3 a\u00f1os en la Alcald\u00eda de Neiva por un valor superior a 1,2 billones de pesos puso a la Procuradur\u00eda encima de la administraci\u00f3n municipal.<\/p>\n\n\n\n<p>De acuerdo a las diligencias adelantadas por el Ministerio P\u00fablico, entre enero de 2020 y septiembre de 2022, el municipio celebr\u00f3 18.913 negocios jur\u00eddicos, la mayor\u00eda de ellos en la modalidad de contrataci\u00f3n directa y, al parecer, no ajustados a las exigencias que rigen la contrataci\u00f3n estatal.<\/p>\n\n\n\n<p>Esta situaci\u00f3n llev\u00f3 a que el \u00f3rgano de control, en sus pesquisas, evidenciara varios riesgos de gesti\u00f3n p\u00fablica, considerando que 4.338 contratos, por un valor de $ 641 mil millones de pesos, equivalentes al 52,7 del total de recursos del municipio, fueron contratos utilizando normas contractuales que no necesariamente garantizar el cumplimiento de los principios de la contrataci\u00f3n p\u00fablica.<\/p>\n\n\n\n<p>Adem\u00e1s, en las tareas cumplidas por la Procuradur\u00eda, tambi\u00e9n se encontraron sorpresas como por ejemplo que Anesmedic, sindicato del gremio de salud, firm\u00f3 7 contratos por un costo de $57.949.253.532, siendo de los valores m\u00e1s altos.<\/p>\n\n\n\n<p>Para el ente de control llam\u00f3 tambi\u00e9n la atenci\u00f3n que a un solo proveedor le firmaran 69 contratos para suministros de servicios inform\u00e1ticos y de mobiliario para distintas entidades como el Hospital Universitario Hernando Moncaleano; la Instituci\u00f3n Prestadora de Servicios Integrales de Salud Carmen Emilia Ospina, y Las Ceibas Empresas P\u00fablicas De Neiva E.S.P por un valor total de $ 10.114.356.549.<\/p>\n\n\n\n<p>Preocupa a la Procuradur\u00eda Primera Delegada para la Vigilancia de la Funci\u00f3n P\u00fablica la firma de 14.235 contratos de manera directa por valor de $426, 8 mil millones, modalidad que de acuerdo a lo preceptuado por la Ley 1150 de 2007 debe ser excepcional.<\/p>\n\n\n\n<p>Ante estos hechos, en ejercicio de sus funciones preventivas, el Ministerio P\u00fablico recomend\u00f3 a la administraci\u00f3n municipal evaluar el n\u00famero de trabajadores que se necesiten para prestar sus servicios en la entidad y en caso de requerir m\u00e1s personal adelantar las acciones pertinentes ante las autoridades competentes para el redise\u00f1o de la planta demandada.<\/p>\n\n\n\n<p>Por \u00faltimo, la Procuradur\u00eda indic\u00f3 que esta actuaci\u00f3n busca anticiparse o mitigar posibles circunstancias que puedan implicar una afectaci\u00f3n al ordenamiento jur\u00eddico y al patrimonio p\u00fablico.<\/p>\n","protected":false},"excerpt":{"rendered":"<p>Una lluvia de contratos desatada en los \u00faltimos 3 a\u00f1os en la Alcald\u00eda de Neiva por un valor superior a 1,2 billones de pesos puso a la Procuradur\u00eda encima de la administraci\u00f3n municipal. De acuerdo a las diligencias adelantadas por el Ministerio P\u00fablico, entre enero de 2020 y septiembre de 2022, el municipio celebr\u00f3 18.913 [&hellip;]<\/p>\n","protected":false},"author":2,"featured_media":0,"comment_status":"open","ping_status":"open","sticky":false,"template":"","format":"standard","meta":{"footnotes":""},"categories":[36,29],"tags":[],"class_list":["post-45871","post","type-post","status-publish","format-standard","hentry","category-destacado","category-judicial"],"yoast_head":"<!-- This site is optimized with the Yoast SEO plugin v26.6 - https:\/\/yoast.com\/wordpress\/plugins\/seo\/ -->\n<title>Procuradur\u00eda prende alarmas ante disparada de contratos de alcald\u00eda de Neiva -<\/title>\n<meta name=\"robots\" content=\"index, follow, max-snippet:-1, max-image-preview:large, max-video-preview:-1\" \/>\n<link rel=\"canonical\" href=\"https:\/\/luchonoticias.com\/editor\/procuraduria-prende-alarmas-ante-disparada-de-contratos-de-alcaldia-de-neiva\/\" \/>\n<meta property=\"og:locale\" content=\"es_ES\" \/>\n<meta property=\"og:type\" content=\"article\" \/>\n<meta property=\"og:title\" content=\"Procuradur\u00eda prende alarmas ante disparada de contratos de alcald\u00eda de Neiva -\" \/>\n<meta property=\"og:url\" content=\"https:\/\/luchonoticias.com\/editor\/procuraduria-prende-alarmas-ante-disparada-de-contratos-de-alcaldia-de-neiva\/\" \/>\n<meta property=\"article:publisher\" content=\"https:\/\/www.facebook.com\/luchonoticiasneiva\" \/>\n<meta property=\"article:published_time\" content=\"2023-02-10T09:26:54+00:00\" \/>\n<meta property=\"article:modified_time\" content=\"2023-02-10T09:26:55+00:00\" \/>\n<meta name=\"author\" content=\"Editor General\" \/>\n<meta name=\"twitter:card\" content=\"summary_large_image\" \/>\n<meta name=\"twitter:label1\" content=\"Escrito por\" \/>\n\t<meta name=\"twitter:data1\" content=\"Editor General\" \/>\n\t<meta name=\"twitter:label2\" content=\"Tiempo de lectura\" \/>\n\t<meta name=\"twitter:data2\" content=\"2 minutos\" \/>\n<script type=\"application\/ld+json\" class=\"yoast-schema-graph\">{\"@context\":\"https:\/\/schema.org\",\"@graph\":[{\"@type\":\"Article\",\"@id\":\"https:\/\/luchonoticias.com\/editor\/procuraduria-prende-alarmas-ante-disparada-de-contratos-de-alcaldia-de-neiva\/#article\",\"isPartOf\":{\"@id\":\"https:\/\/luchonoticias.com\/editor\/procuraduria-prende-alarmas-ante-disparada-de-contratos-de-alcaldia-de-neiva\/\"},\"author\":{\"name\":\"Editor General\",\"@id\":\"https:\/\/luchonoticias.com\/editor\/#\/schema\/person\/29217990ddf6f14e35912b2866d591fb\"},\"headline\":\"Procuradur\u00eda prende alarmas ante disparada de contratos de alcald\u00eda de Neiva\",\"datePublished\":\"2023-02-10T09:26:54+00:00\",\"dateModified\":\"2023-02-10T09:26:55+00:00\",\"mainEntityOfPage\":{\"@id\":\"https:\/\/luchonoticias.com\/editor\/procuraduria-prende-alarmas-ante-disparada-de-contratos-de-alcaldia-de-neiva\/\"},\"wordCount\":392,\"commentCount\":0,\"publisher\":{\"@id\":\"https:\/\/luchonoticias.com\/editor\/#\/schema\/person\/7a7fd911f58561fd056dbac7b55af9cd\"},\"articleSection\":[\"Destacado\",\"Judicial\"],\"inLanguage\":\"es\",\"potentialAction\":[{\"@type\":\"CommentAction\",\"name\":\"Comment\",\"target\":[\"https:\/\/luchonoticias.com\/editor\/procuraduria-prende-alarmas-ante-disparada-de-contratos-de-alcaldia-de-neiva\/#respond\"]}]},{\"@type\":\"WebPage\",\"@id\":\"https:\/\/luchonoticias.com\/editor\/procuraduria-prende-alarmas-ante-disparada-de-contratos-de-alcaldia-de-neiva\/\",\"url\":\"https:\/\/luchonoticias.com\/editor\/procuraduria-prende-alarmas-ante-disparada-de-contratos-de-alcaldia-de-neiva\/\",\"name\":\"Procuradur\u00eda prende alarmas ante disparada de contratos de alcald\u00eda de Neiva -\",\"isPartOf\":{\"@id\":\"https:\/\/luchonoticias.com\/editor\/#website\"},\"datePublished\":\"2023-02-10T09:26:54+00:00\",\"dateModified\":\"2023-02-10T09:26:55+00:00\",\"breadcrumb\":{\"@id\":\"https:\/\/luchonoticias.com\/editor\/procuraduria-prende-alarmas-ante-disparada-de-contratos-de-alcaldia-de-neiva\/#breadcrumb\"},\"inLanguage\":\"es\",\"potentialAction\":[{\"@type\":\"ReadAction\",\"target\":[\"https:\/\/luchonoticias.com\/editor\/procuraduria-prende-alarmas-ante-disparada-de-contratos-de-alcaldia-de-neiva\/\"]}]},{\"@type\":\"BreadcrumbList\",\"@id\":\"https:\/\/luchonoticias.com\/editor\/procuraduria-prende-alarmas-ante-disparada-de-contratos-de-alcaldia-de-neiva\/#breadcrumb\",\"itemListElement\":[{\"@type\":\"ListItem\",\"position\":1,\"name\":\"Portada\",\"item\":\"https:\/\/luchonoticias.com\/editor\/\"},{\"@type\":\"ListItem\",\"position\":2,\"name\":\"Procuradur\u00eda prende alarmas ante disparada de contratos de alcald\u00eda de Neiva\"}]},{\"@type\":\"WebSite\",\"@id\":\"https:\/\/luchonoticias.com\/editor\/#website\",\"url\":\"https:\/\/luchonoticias.com\/editor\/\",\"name\":\"\",\"description\":\"\",\"publisher\":{\"@id\":\"https:\/\/luchonoticias.com\/editor\/#\/schema\/person\/7a7fd911f58561fd056dbac7b55af9cd\"},\"potentialAction\":[{\"@type\":\"SearchAction\",\"target\":{\"@type\":\"EntryPoint\",\"urlTemplate\":\"https:\/\/luchonoticias.com\/editor\/?s={search_term_string}\"},\"query-input\":{\"@type\":\"PropertyValueSpecification\",\"valueRequired\":true,\"valueName\":\"search_term_string\"}}],\"inLanguage\":\"es\"},{\"@type\":[\"Person\",\"Organization\"],\"@id\":\"https:\/\/luchonoticias.com\/editor\/#\/schema\/person\/7a7fd911f58561fd056dbac7b55af9cd\",\"name\":\"admin\",\"image\":{\"@type\":\"ImageObject\",\"inLanguage\":\"es\",\"@id\":\"https:\/\/luchonoticias.com\/editor\/#\/schema\/person\/image\/\",\"url\":\"https:\/\/luchonoticias.com\/editor\/wp-content\/uploads\/2024\/02\/cropped-cropped-logolu.webp\",\"contentUrl\":\"https:\/\/luchonoticias.com\/editor\/wp-content\/uploads\/2024\/02\/cropped-cropped-logolu.webp\",\"width\":382,\"height\":170,\"caption\":\"admin\"},\"logo\":{\"@id\":\"https:\/\/luchonoticias.com\/editor\/#\/schema\/person\/image\/\"},\"sameAs\":[\"https:\/\/www.facebook.com\/luchonoticiasneiva\"]},{\"@type\":\"Person\",\"@id\":\"https:\/\/luchonoticias.com\/editor\/#\/schema\/person\/29217990ddf6f14e35912b2866d591fb\",\"name\":\"Editor General\",\"image\":{\"@type\":\"ImageObject\",\"inLanguage\":\"es\",\"@id\":\"https:\/\/luchonoticias.com\/editor\/#\/schema\/person\/image\/\",\"url\":\"https:\/\/luchonoticias.com\/editor\/wp-content\/uploads\/2024\/02\/cropped-cropped-logolu-150x150.webp\",\"contentUrl\":\"https:\/\/luchonoticias.com\/editor\/wp-content\/uploads\/2024\/02\/cropped-cropped-logolu-150x150.webp\",\"caption\":\"Editor General\"},\"sameAs\":[\"https:\/\/luchonoticias.com\/\"],\"url\":\"https:\/\/luchonoticias.com\/editor\/author\/editor-general\/\"}]}<\/script>\n<!-- \/ Yoast SEO plugin. -->","yoast_head_json":{"title":"Procuradur\u00eda prende alarmas ante disparada de contratos de alcald\u00eda de Neiva -","robots":{"index":"index","follow":"follow","max-snippet":"max-snippet:-1","max-image-preview":"max-image-preview:large","max-video-preview":"max-video-preview:-1"},"canonical":"https:\/\/luchonoticias.com\/editor\/procuraduria-prende-alarmas-ante-disparada-de-contratos-de-alcaldia-de-neiva\/","og_locale":"es_ES","og_type":"article","og_title":"Procuradur\u00eda prende alarmas ante disparada de contratos de alcald\u00eda de Neiva -","og_url":"https:\/\/luchonoticias.com\/editor\/procuraduria-prende-alarmas-ante-disparada-de-contratos-de-alcaldia-de-neiva\/","article_publisher":"https:\/\/www.facebook.com\/luchonoticiasneiva","article_published_time":"2023-02-10T09:26:54+00:00","article_modified_time":"2023-02-10T09:26:55+00:00","author":"Editor General","twitter_card":"summary_large_image","twitter_misc":{"Escrito por":"Editor General","Tiempo de lectura":"2 minutos"},"schema":{"@context":"https:\/\/schema.org","@graph":[{"@type":"Article","@id":"https:\/\/luchonoticias.com\/editor\/procuraduria-prende-alarmas-ante-disparada-de-contratos-de-alcaldia-de-neiva\/#article","isPartOf":{"@id":"https:\/\/luchonoticias.com\/editor\/procuraduria-prende-alarmas-ante-disparada-de-contratos-de-alcaldia-de-neiva\/"},"author":{"name":"Editor General","@id":"https:\/\/luchonoticias.com\/editor\/#\/schema\/person\/29217990ddf6f14e35912b2866d591fb"},"headline":"Procuradur\u00eda prende alarmas ante disparada de contratos de alcald\u00eda de Neiva","datePublished":"2023-02-10T09:26:54+00:00","dateModified":"2023-02-10T09:26:55+00:00","mainEntityOfPage":{"@id":"https:\/\/luchonoticias.com\/editor\/procuraduria-prende-alarmas-ante-disparada-de-contratos-de-alcaldia-de-neiva\/"},"wordCount":392,"commentCount":0,"publisher":{"@id":"https:\/\/luchonoticias.com\/editor\/#\/schema\/person\/7a7fd911f58561fd056dbac7b55af9cd"},"articleSection":["Destacado","Judicial"],"inLanguage":"es","potentialAction":[{"@type":"CommentAction","name":"Comment","target":["https:\/\/luchonoticias.com\/editor\/procuraduria-prende-alarmas-ante-disparada-de-contratos-de-alcaldia-de-neiva\/#respond"]}]},{"@type":"WebPage","@id":"https:\/\/luchonoticias.com\/editor\/procuraduria-prende-alarmas-ante-disparada-de-contratos-de-alcaldia-de-neiva\/","url":"https:\/\/luchonoticias.com\/editor\/procuraduria-prende-alarmas-ante-disparada-de-contratos-de-alcaldia-de-neiva\/","name":"Procuradur\u00eda prende alarmas ante disparada de contratos de alcald\u00eda de Neiva -","isPartOf":{"@id":"https:\/\/luchonoticias.com\/editor\/#website"},"datePublished":"2023-02-10T09:26:54+00:00","dateModified":"2023-02-10T09:26:55+00:00","breadcrumb":{"@id":"https:\/\/luchonoticias.com\/editor\/procuraduria-prende-alarmas-ante-disparada-de-contratos-de-alcaldia-de-neiva\/#breadcrumb"},"inLanguage":"es","potentialAction":[{"@type":"ReadAction","target":["https:\/\/luchonoticias.com\/editor\/procuraduria-prende-alarmas-ante-disparada-de-contratos-de-alcaldia-de-neiva\/"]}]},{"@type":"BreadcrumbList","@id":"https:\/\/luchonoticias.com\/editor\/procuraduria-prende-alarmas-ante-disparada-de-contratos-de-alcaldia-de-neiva\/#breadcrumb","itemListElement":[{"@type":"ListItem","position":1,"name":"Portada","item":"https:\/\/luchonoticias.com\/editor\/"},{"@type":"ListItem","position":2,"name":"Procuradur\u00eda prende alarmas ante disparada de contratos de alcald\u00eda de Neiva"}]},{"@type":"WebSite","@id":"https:\/\/luchonoticias.com\/editor\/#website","url":"https:\/\/luchonoticias.com\/editor\/","name":"","description":"","publisher":{"@id":"https:\/\/luchonoticias.com\/editor\/#\/schema\/person\/7a7fd911f58561fd056dbac7b55af9cd"},"potentialAction":[{"@type":"SearchAction","target":{"@type":"EntryPoint","urlTemplate":"https:\/\/luchonoticias.com\/editor\/?s={search_term_string}"},"query-input":{"@type":"PropertyValueSpecification","valueRequired":true,"valueName":"search_term_string"}}],"inLanguage":"es"},{"@type":["Person","Organization"],"@id":"https:\/\/luchonoticias.com\/editor\/#\/schema\/person\/7a7fd911f58561fd056dbac7b55af9cd","name":"admin","image":{"@type":"ImageObject","inLanguage":"es","@id":"https:\/\/luchonoticias.com\/editor\/#\/schema\/person\/image\/","url":"https:\/\/luchonoticias.com\/editor\/wp-content\/uploads\/2024\/02\/cropped-cropped-logolu.webp","contentUrl":"https:\/\/luchonoticias.com\/editor\/wp-content\/uploads\/2024\/02\/cropped-cropped-logolu.webp","width":382,"height":170,"caption":"admin"},"logo":{"@id":"https:\/\/luchonoticias.com\/editor\/#\/schema\/person\/image\/"},"sameAs":["https:\/\/www.facebook.com\/luchonoticiasneiva"]},{"@type":"Person","@id":"https:\/\/luchonoticias.com\/editor\/#\/schema\/person\/29217990ddf6f14e35912b2866d591fb","name":"Editor General","image":{"@type":"ImageObject","inLanguage":"es","@id":"https:\/\/luchonoticias.com\/editor\/#\/schema\/person\/image\/","url":"https:\/\/luchonoticias.com\/editor\/wp-content\/uploads\/2024\/02\/cropped-cropped-logolu-150x150.webp","contentUrl":"https:\/\/luchonoticias.com\/editor\/wp-content\/uploads\/2024\/02\/cropped-cropped-logolu-150x150.webp","caption":"Editor General"},"sameAs":["https:\/\/luchonoticias.com\/"],"url":"https:\/\/luchonoticias.com\/editor\/author\/editor-general\/"}]}},"_links":{"self":[{"href":"https:\/\/luchonoticias.com\/editor\/wp-json\/wp\/v2\/posts\/45871","targetHints":{"allow":["GET"]}}],"collection":[{"href":"https:\/\/luchonoticias.com\/editor\/wp-json\/wp\/v2\/posts"}],"about":[{"href":"https:\/\/luchonoticias.com\/editor\/wp-json\/wp\/v2\/types\/post"}],"author":[{"embeddable":true,"href":"https:\/\/luchonoticias.com\/editor\/wp-json\/wp\/v2\/users\/2"}],"replies":[{"embeddable":true,"href":"https:\/\/luchonoticias.com\/editor\/wp-json\/wp\/v2\/comments?post=45871"}],"version-history":[{"count":0,"href":"https:\/\/luchonoticias.com\/editor\/wp-json\/wp\/v2\/posts\/45871\/revisions"}],"wp:attachment":[{"href":"https:\/\/luchonoticias.com\/editor\/wp-json\/wp\/v2\/media?parent=45871"}],"wp:term":[{"taxonomy":"category","embeddable":true,"href":"https:\/\/luchonoticias.com\/editor\/wp-json\/wp\/v2\/categories?post=45871"},{"taxonomy":"post_tag","embeddable":true,"href":"https:\/\/luchonoticias.com\/editor\/wp-json\/wp\/v2\/tags?post=45871"}],"curies":[{"name":"wp","href":"https:\/\/api.w.org\/{rel}","templated":true}]}}