{"id":45881,"date":"2023-02-10T04:45:41","date_gmt":"2023-02-10T09:45:41","guid":{"rendered":"https:\/\/luchonoticias.com\/?p=45881"},"modified":"2023-02-10T04:45:41","modified_gmt":"2023-02-10T09:45:41","slug":"abierta-convocatoria-para-reconocer-el-monumento-natural-2023","status":"publish","type":"post","link":"https:\/\/luchonoticias.com\/editor\/abierta-convocatoria-para-reconocer-el-monumento-natural-2023\/","title":{"rendered":"Abierta convocatoria para reconocer el Monumento Natural\u00a0 2023"},"content":{"rendered":"\n<p>Ya se encuentra abierta la convocatoria para la Segunda versi\u00f3n de la estrategia Reconocimiento Ambiental Monumento Natural 2023, mediante el cual los huilenses podr\u00e1n postular aquellas especies forestales que por sus caracter\u00edsticas deban ser declaradas como patrimonio natural.<\/p>\n\n\n\n<p>\u201cEn esta nueva versi\u00f3n de la estrategia de Reconocimiento Ambiental \u2018Monumento Natural\u2019 a los individuos de flora patrimonial en el departamento del Huila, la CAM busca visibilizar el legado e historia natural de las especies flor\u00edsticas, la importancia de \u00e9stas y la necesidad de preservarlas como Monumentos Naturales\u201d, indic\u00f3 Adriana Arias, profesional del programa de Educaci\u00f3n Ambiental.<\/p>\n\n\n\n<p>Arias agreg\u00f3 adem\u00e1s que este reconocimiento busca igualmente motivar y estimular a la comunidad del departamento del Huila as\u00ed como a que todos conozcan las especies de flora patrimonial que existen en la regi\u00f3n.<\/p>\n\n\n\n<p>\u201cQueremos con el ciudadano, l\u00edder comunitario, comunidades y organizaciones ambientales conservar la biodiversidad y la gen\u00e9tica forestal presente en el departamento\u201d, explic\u00f3 la profesional.<\/p>\n\n\n\n<p><strong>Inscripciones<\/strong><\/p>\n\n\n\n<p>Las inscripciones ir\u00e1n hasta el pr\u00f3ximo 21 de marzo y los pobladores podr\u00e1n postular sus \u00e1rboles en las siguientes categor\u00edas:<\/p>\n\n\n\n<p>La primera es Conservaci\u00f3n de Especie Amenazada, aqu\u00ed se encuentran \u00e1rboles con alguna categor\u00eda de amenaza declarada por la Uni\u00f3n Internacional para la Conservaci\u00f3n de la Naturaleza &#8211; UIC y\/o el Ministerio de Ambiente y Desarrollo sostenible, Igualmente las especies en peligro cr\u00edtico, en peligro y vulnerables.<\/p>\n\n\n\n<p>La segunda categor\u00eda es Especie End\u00e9mica, es decir \u00e1rboles con distribuci\u00f3n restringida para Colombia o el departamento del Huila. La tercera categor\u00eda habla de la altura y\/o di\u00e1metro participando aqu\u00ed los individuos vegetales con mayor tallaje de altura y\/o mayor Di\u00e1metro a la Altura del Pecho &#8211; DAP, dentro de su especie en el departamento del Huila.<\/p>\n\n\n\n<p>La cuarta categor\u00eda es Valor Ecol\u00f3gico, en la que participan \u00e1rboles de significaci\u00f3n ambiental, ecol\u00f3gica, longevidad y paisaj\u00edstica, que se encuentre en las categor\u00edas \u201cMuy especial, especial y otras especies\u201d, de acuerdo con el Decreto 1390 de 2018 expedido por Ministerio de Ambiente y Desarrollo Sostenible&nbsp; &#8211; MADS.<\/p>\n\n\n\n<p>Y por \u00faltima y quinta categor\u00eda encontramos a los \u00e1rboles con Valor Social, Cultural e Hist\u00f3rico, siendo estos los individuos vegetales que por su especie o localizaci\u00f3n tienen alguna importancia y\/o connotaci\u00f3n hist\u00f3rica. Los criterios para su evaluaci\u00f3n, se basan en las caracter\u00edsticas de la especie y lo que representa cultural y paisaj\u00edsticamente dentro de su localizaci\u00f3n.<\/p>\n\n\n\n<p><strong>Elegibilidad<\/strong><\/p>\n\n\n\n<p>Esta convocatoria busca especies forestales en condiciones sanitarias estables y \u00e1rboles localizados en el territorio departamental del Huila.<\/p>\n\n\n\n<p>Vale se\u00f1alar que no se tendr\u00e1n en cuenta especies forestales catalogadas como invasoras tanto en el departamento como a nivel nacional. Adem\u00e1s aquellas especies forestales que se localicen en predios del Estado en cualquiera de sus categor\u00edas, tendr\u00e1n derecho a su reconocimiento con el fin de salvaguardarlos.<\/p>\n\n\n\n<p>Se debe tener en cuenta que los individuos vegetales que se localicen en predios de car\u00e1cter privado, deber\u00e1n contar con el consentimiento de sus propietarios, para ser reconocidos como \u2018Monumento Natural\u2019.<\/p>\n\n\n\n<p><strong>Postulaci\u00f3n<\/strong><\/p>\n\n\n\n<p>Las personas, organizaciones y comunidades interesadas en participar de la estrategia y que su especie forestal cumpla con uno o varios de los criterios de las cinco categor\u00edas a evaluar, deber\u00e1n ingresar al portal www.cam.gov.co, donde encontrar\u00e1n el siguiente enlace https:\/\/docs.google.com\/forms\/d\/e\/1FAIpQLSeD9c2_YAi1RbethfKDMYpYLl246kW4Rmkbbk2AoS0fsF-ssw\/viewform?vc=0&amp;c=0&amp;w=1&amp;flr=0 para su postulaci\u00f3n.<\/p>\n\n\n\n<p>El siguiente paso consiste en la visita para valorar los individuos forestales postulados. Hasta el lugar llegar\u00e1 un comit\u00e9&nbsp; evaluador, el cual estar\u00e1 integrado por profesionales en ingenier\u00eda forestal y\/o agroforestal, biolog\u00eda y agroecolog\u00eda. La visita de verificaci\u00f3n se realizar\u00e1 del 22 de marzo al 14 de abril de 2023.<\/p>\n\n\n\n<p><strong>Ganadores y reconocimiento<\/strong><\/p>\n\n\n\n<p>Los \u00e1rboles elegidos recibir\u00e1n, a trav\u00e9s de resoluci\u00f3n emanada por la CAM, una declaraci\u00f3n en nota de estilo que les acredite como \u2018Monumento Natural\u2019 y el desarrollo de una estrategia comunicacional que permita la visualizaci\u00f3n y el reconocimiento de la importancia de dichos \u00e1rboles para la comunidad huilense.<\/p>\n\n\n\n<p>Para esto, los ganadores ser\u00e1n notificados mediante correo electr\u00f3nico o v\u00eda telef\u00f3nica y el reconocimiento se entregar\u00e1 en ceremonia especial el d\u00eda 29 de abril de 2023, D\u00eda Nacional del \u00c1rbol.<\/p>\n","protected":false},"excerpt":{"rendered":"<p>Ya se encuentra abierta la convocatoria para la Segunda versi\u00f3n de la estrategia Reconocimiento Ambiental Monumento Natural 2023, mediante el cual los huilenses podr\u00e1n postular aquellas especies forestales que por sus caracter\u00edsticas deban ser declaradas como patrimonio natural. \u201cEn esta nueva versi\u00f3n de la estrategia de Reconocimiento Ambiental \u2018Monumento Natural\u2019 a los individuos de flora [&hellip;]<\/p>\n","protected":false},"author":2,"featured_media":0,"comment_status":"open","ping_status":"open","sticky":false,"template":"","format":"standard","meta":{"footnotes":""},"categories":[3961,36],"tags":[],"class_list":["post-45881","post","type-post","status-publish","format-standard","hentry","category-comunidad","category-destacado"],"yoast_head":"<!-- This site is optimized with the Yoast SEO plugin v26.6 - https:\/\/yoast.com\/wordpress\/plugins\/seo\/ -->\n<title>Abierta convocatoria para reconocer el Monumento Natural\u00a0 2023 -<\/title>\n<meta name=\"robots\" content=\"index, follow, max-snippet:-1, max-image-preview:large, max-video-preview:-1\" \/>\n<link rel=\"canonical\" href=\"https:\/\/luchonoticias.com\/editor\/abierta-convocatoria-para-reconocer-el-monumento-natural-2023\/\" \/>\n<meta property=\"og:locale\" content=\"es_ES\" \/>\n<meta property=\"og:type\" content=\"article\" \/>\n<meta property=\"og:title\" content=\"Abierta convocatoria para reconocer el Monumento Natural\u00a0 2023 -\" \/>\n<meta property=\"og:url\" content=\"https:\/\/luchonoticias.com\/editor\/abierta-convocatoria-para-reconocer-el-monumento-natural-2023\/\" \/>\n<meta property=\"article:publisher\" content=\"https:\/\/www.facebook.com\/luchonoticiasneiva\" \/>\n<meta property=\"article:published_time\" content=\"2023-02-10T09:45:41+00:00\" \/>\n<meta name=\"author\" content=\"Editor General\" \/>\n<meta name=\"twitter:card\" content=\"summary_large_image\" \/>\n<meta name=\"twitter:label1\" content=\"Escrito por\" \/>\n\t<meta name=\"twitter:data1\" content=\"Editor General\" \/>\n\t<meta name=\"twitter:label2\" content=\"Tiempo de lectura\" \/>\n\t<meta name=\"twitter:data2\" content=\"4 minutos\" \/>\n<script type=\"application\/ld+json\" class=\"yoast-schema-graph\">{\"@context\":\"https:\/\/schema.org\",\"@graph\":[{\"@type\":\"Article\",\"@id\":\"https:\/\/luchonoticias.com\/editor\/abierta-convocatoria-para-reconocer-el-monumento-natural-2023\/#article\",\"isPartOf\":{\"@id\":\"https:\/\/luchonoticias.com\/editor\/abierta-convocatoria-para-reconocer-el-monumento-natural-2023\/\"},\"author\":{\"name\":\"Editor General\",\"@id\":\"https:\/\/luchonoticias.com\/editor\/#\/schema\/person\/29217990ddf6f14e35912b2866d591fb\"},\"headline\":\"Abierta convocatoria para reconocer el Monumento Natural\u00a0 2023\",\"datePublished\":\"2023-02-10T09:45:41+00:00\",\"mainEntityOfPage\":{\"@id\":\"https:\/\/luchonoticias.com\/editor\/abierta-convocatoria-para-reconocer-el-monumento-natural-2023\/\"},\"wordCount\":754,\"commentCount\":0,\"publisher\":{\"@id\":\"https:\/\/luchonoticias.com\/editor\/#\/schema\/person\/7a7fd911f58561fd056dbac7b55af9cd\"},\"articleSection\":[\"Comunidad\",\"Destacado\"],\"inLanguage\":\"es\",\"potentialAction\":[{\"@type\":\"CommentAction\",\"name\":\"Comment\",\"target\":[\"https:\/\/luchonoticias.com\/editor\/abierta-convocatoria-para-reconocer-el-monumento-natural-2023\/#respond\"]}]},{\"@type\":\"WebPage\",\"@id\":\"https:\/\/luchonoticias.com\/editor\/abierta-convocatoria-para-reconocer-el-monumento-natural-2023\/\",\"url\":\"https:\/\/luchonoticias.com\/editor\/abierta-convocatoria-para-reconocer-el-monumento-natural-2023\/\",\"name\":\"Abierta convocatoria para reconocer el Monumento Natural\u00a0 2023 -\",\"isPartOf\":{\"@id\":\"https:\/\/luchonoticias.com\/editor\/#website\"},\"datePublished\":\"2023-02-10T09:45:41+00:00\",\"breadcrumb\":{\"@id\":\"https:\/\/luchonoticias.com\/editor\/abierta-convocatoria-para-reconocer-el-monumento-natural-2023\/#breadcrumb\"},\"inLanguage\":\"es\",\"potentialAction\":[{\"@type\":\"ReadAction\",\"target\":[\"https:\/\/luchonoticias.com\/editor\/abierta-convocatoria-para-reconocer-el-monumento-natural-2023\/\"]}]},{\"@type\":\"BreadcrumbList\",\"@id\":\"https:\/\/luchonoticias.com\/editor\/abierta-convocatoria-para-reconocer-el-monumento-natural-2023\/#breadcrumb\",\"itemListElement\":[{\"@type\":\"ListItem\",\"position\":1,\"name\":\"Portada\",\"item\":\"https:\/\/luchonoticias.com\/editor\/\"},{\"@type\":\"ListItem\",\"position\":2,\"name\":\"Abierta convocatoria para reconocer el Monumento Natural\u00a0 2023\"}]},{\"@type\":\"WebSite\",\"@id\":\"https:\/\/luchonoticias.com\/editor\/#website\",\"url\":\"https:\/\/luchonoticias.com\/editor\/\",\"name\":\"\",\"description\":\"\",\"publisher\":{\"@id\":\"https:\/\/luchonoticias.com\/editor\/#\/schema\/person\/7a7fd911f58561fd056dbac7b55af9cd\"},\"potentialAction\":[{\"@type\":\"SearchAction\",\"target\":{\"@type\":\"EntryPoint\",\"urlTemplate\":\"https:\/\/luchonoticias.com\/editor\/?s={search_term_string}\"},\"query-input\":{\"@type\":\"PropertyValueSpecification\",\"valueRequired\":true,\"valueName\":\"search_term_string\"}}],\"inLanguage\":\"es\"},{\"@type\":[\"Person\",\"Organization\"],\"@id\":\"https:\/\/luchonoticias.com\/editor\/#\/schema\/person\/7a7fd911f58561fd056dbac7b55af9cd\",\"name\":\"admin\",\"image\":{\"@type\":\"ImageObject\",\"inLanguage\":\"es\",\"@id\":\"https:\/\/luchonoticias.com\/editor\/#\/schema\/person\/image\/\",\"url\":\"https:\/\/luchonoticias.com\/editor\/wp-content\/uploads\/2024\/02\/cropped-cropped-logolu.webp\",\"contentUrl\":\"https:\/\/luchonoticias.com\/editor\/wp-content\/uploads\/2024\/02\/cropped-cropped-logolu.webp\",\"width\":382,\"height\":170,\"caption\":\"admin\"},\"logo\":{\"@id\":\"https:\/\/luchonoticias.com\/editor\/#\/schema\/person\/image\/\"},\"sameAs\":[\"https:\/\/www.facebook.com\/luchonoticiasneiva\"]},{\"@type\":\"Person\",\"@id\":\"https:\/\/luchonoticias.com\/editor\/#\/schema\/person\/29217990ddf6f14e35912b2866d591fb\",\"name\":\"Editor General\",\"image\":{\"@type\":\"ImageObject\",\"inLanguage\":\"es\",\"@id\":\"https:\/\/luchonoticias.com\/editor\/#\/schema\/person\/image\/\",\"url\":\"https:\/\/luchonoticias.com\/editor\/wp-content\/uploads\/2024\/02\/cropped-cropped-logolu-150x150.webp\",\"contentUrl\":\"https:\/\/luchonoticias.com\/editor\/wp-content\/uploads\/2024\/02\/cropped-cropped-logolu-150x150.webp\",\"caption\":\"Editor General\"},\"sameAs\":[\"https:\/\/luchonoticias.com\/\"],\"url\":\"https:\/\/luchonoticias.com\/editor\/author\/editor-general\/\"}]}<\/script>\n<!-- \/ Yoast SEO plugin. -->","yoast_head_json":{"title":"Abierta convocatoria para reconocer el Monumento Natural\u00a0 2023 -","robots":{"index":"index","follow":"follow","max-snippet":"max-snippet:-1","max-image-preview":"max-image-preview:large","max-video-preview":"max-video-preview:-1"},"canonical":"https:\/\/luchonoticias.com\/editor\/abierta-convocatoria-para-reconocer-el-monumento-natural-2023\/","og_locale":"es_ES","og_type":"article","og_title":"Abierta convocatoria para reconocer el Monumento Natural\u00a0 2023 -","og_url":"https:\/\/luchonoticias.com\/editor\/abierta-convocatoria-para-reconocer-el-monumento-natural-2023\/","article_publisher":"https:\/\/www.facebook.com\/luchonoticiasneiva","article_published_time":"2023-02-10T09:45:41+00:00","author":"Editor General","twitter_card":"summary_large_image","twitter_misc":{"Escrito por":"Editor General","Tiempo de lectura":"4 minutos"},"schema":{"@context":"https:\/\/schema.org","@graph":[{"@type":"Article","@id":"https:\/\/luchonoticias.com\/editor\/abierta-convocatoria-para-reconocer-el-monumento-natural-2023\/#article","isPartOf":{"@id":"https:\/\/luchonoticias.com\/editor\/abierta-convocatoria-para-reconocer-el-monumento-natural-2023\/"},"author":{"name":"Editor General","@id":"https:\/\/luchonoticias.com\/editor\/#\/schema\/person\/29217990ddf6f14e35912b2866d591fb"},"headline":"Abierta convocatoria para reconocer el Monumento Natural\u00a0 2023","datePublished":"2023-02-10T09:45:41+00:00","mainEntityOfPage":{"@id":"https:\/\/luchonoticias.com\/editor\/abierta-convocatoria-para-reconocer-el-monumento-natural-2023\/"},"wordCount":754,"commentCount":0,"publisher":{"@id":"https:\/\/luchonoticias.com\/editor\/#\/schema\/person\/7a7fd911f58561fd056dbac7b55af9cd"},"articleSection":["Comunidad","Destacado"],"inLanguage":"es","potentialAction":[{"@type":"CommentAction","name":"Comment","target":["https:\/\/luchonoticias.com\/editor\/abierta-convocatoria-para-reconocer-el-monumento-natural-2023\/#respond"]}]},{"@type":"WebPage","@id":"https:\/\/luchonoticias.com\/editor\/abierta-convocatoria-para-reconocer-el-monumento-natural-2023\/","url":"https:\/\/luchonoticias.com\/editor\/abierta-convocatoria-para-reconocer-el-monumento-natural-2023\/","name":"Abierta convocatoria para reconocer el Monumento Natural\u00a0 2023 -","isPartOf":{"@id":"https:\/\/luchonoticias.com\/editor\/#website"},"datePublished":"2023-02-10T09:45:41+00:00","breadcrumb":{"@id":"https:\/\/luchonoticias.com\/editor\/abierta-convocatoria-para-reconocer-el-monumento-natural-2023\/#breadcrumb"},"inLanguage":"es","potentialAction":[{"@type":"ReadAction","target":["https:\/\/luchonoticias.com\/editor\/abierta-convocatoria-para-reconocer-el-monumento-natural-2023\/"]}]},{"@type":"BreadcrumbList","@id":"https:\/\/luchonoticias.com\/editor\/abierta-convocatoria-para-reconocer-el-monumento-natural-2023\/#breadcrumb","itemListElement":[{"@type":"ListItem","position":1,"name":"Portada","item":"https:\/\/luchonoticias.com\/editor\/"},{"@type":"ListItem","position":2,"name":"Abierta convocatoria para reconocer el Monumento Natural\u00a0 2023"}]},{"@type":"WebSite","@id":"https:\/\/luchonoticias.com\/editor\/#website","url":"https:\/\/luchonoticias.com\/editor\/","name":"","description":"","publisher":{"@id":"https:\/\/luchonoticias.com\/editor\/#\/schema\/person\/7a7fd911f58561fd056dbac7b55af9cd"},"potentialAction":[{"@type":"SearchAction","target":{"@type":"EntryPoint","urlTemplate":"https:\/\/luchonoticias.com\/editor\/?s={search_term_string}"},"query-input":{"@type":"PropertyValueSpecification","valueRequired":true,"valueName":"search_term_string"}}],"inLanguage":"es"},{"@type":["Person","Organization"],"@id":"https:\/\/luchonoticias.com\/editor\/#\/schema\/person\/7a7fd911f58561fd056dbac7b55af9cd","name":"admin","image":{"@type":"ImageObject","inLanguage":"es","@id":"https:\/\/luchonoticias.com\/editor\/#\/schema\/person\/image\/","url":"https:\/\/luchonoticias.com\/editor\/wp-content\/uploads\/2024\/02\/cropped-cropped-logolu.webp","contentUrl":"https:\/\/luchonoticias.com\/editor\/wp-content\/uploads\/2024\/02\/cropped-cropped-logolu.webp","width":382,"height":170,"caption":"admin"},"logo":{"@id":"https:\/\/luchonoticias.com\/editor\/#\/schema\/person\/image\/"},"sameAs":["https:\/\/www.facebook.com\/luchonoticiasneiva"]},{"@type":"Person","@id":"https:\/\/luchonoticias.com\/editor\/#\/schema\/person\/29217990ddf6f14e35912b2866d591fb","name":"Editor General","image":{"@type":"ImageObject","inLanguage":"es","@id":"https:\/\/luchonoticias.com\/editor\/#\/schema\/person\/image\/","url":"https:\/\/luchonoticias.com\/editor\/wp-content\/uploads\/2024\/02\/cropped-cropped-logolu-150x150.webp","contentUrl":"https:\/\/luchonoticias.com\/editor\/wp-content\/uploads\/2024\/02\/cropped-cropped-logolu-150x150.webp","caption":"Editor General"},"sameAs":["https:\/\/luchonoticias.com\/"],"url":"https:\/\/luchonoticias.com\/editor\/author\/editor-general\/"}]}},"_links":{"self":[{"href":"https:\/\/luchonoticias.com\/editor\/wp-json\/wp\/v2\/posts\/45881","targetHints":{"allow":["GET"]}}],"collection":[{"href":"https:\/\/luchonoticias.com\/editor\/wp-json\/wp\/v2\/posts"}],"about":[{"href":"https:\/\/luchonoticias.com\/editor\/wp-json\/wp\/v2\/types\/post"}],"author":[{"embeddable":true,"href":"https:\/\/luchonoticias.com\/editor\/wp-json\/wp\/v2\/users\/2"}],"replies":[{"embeddable":true,"href":"https:\/\/luchonoticias.com\/editor\/wp-json\/wp\/v2\/comments?post=45881"}],"version-history":[{"count":0,"href":"https:\/\/luchonoticias.com\/editor\/wp-json\/wp\/v2\/posts\/45881\/revisions"}],"wp:attachment":[{"href":"https:\/\/luchonoticias.com\/editor\/wp-json\/wp\/v2\/media?parent=45881"}],"wp:term":[{"taxonomy":"category","embeddable":true,"href":"https:\/\/luchonoticias.com\/editor\/wp-json\/wp\/v2\/categories?post=45881"},{"taxonomy":"post_tag","embeddable":true,"href":"https:\/\/luchonoticias.com\/editor\/wp-json\/wp\/v2\/tags?post=45881"}],"curies":[{"name":"wp","href":"https:\/\/api.w.org\/{rel}","templated":true}]}}